{"id":82396,"date":"2024-05-02T11:39:03","date_gmt":"2024-05-02T15:39:03","guid":{"rendered":"https:\/\/lasprimeras.com.do\/?p=82396"},"modified":"2024-05-02T11:39:05","modified_gmt":"2024-05-02T15:39:05","slug":"francisco-fernandez-fue-el-alcalde-que-mas-endeudo-a-santo-domingo-norte-hasta-los-rd700-millones","status":"publish","type":"post","link":"https:\/\/lasprimeras.com.do\/index.php\/2024\/05\/02\/francisco-fernandez-fue-el-alcalde-que-mas-endeudo-a-santo-domingo-norte-hasta-los-rd700-millones\/","title":{"rendered":"Francisco Fern\u00e1ndez fue el alcalde que m\u00e1s endeud\u00f3 a Santo Domingo Norte, hasta los RD$700 millones"},"content":{"rendered":"\n<p><em>Exalcalde Carlos Guzm\u00e1n redujo la deuda del ASDN en m\u00e1s de un 80%, hasta los RD$278 millones; adem\u00e1s afili\u00f3 a los colaboradores a la TSS y puso al d\u00eda el pago a la DGII.<\/em><\/p>\n\n\n\n<p><em>La deuda de la Alcald\u00eda de Santo Domingo Norte es heredada de exalcalde Francisco Fern\u00e1ndez, esposo de la actual alcaldesa Betty Ger\u00f3nimo.<\/em><\/p>\n\n\n\n<p><em>Aqu\u00ed una tabla estad\u00edstica del informe entregado de parte de la gesti\u00f3n saliente a la gesti\u00f3n entrante<\/em><\/p>\n","protected":false},"excerpt":{"rendered":"<p>Exalcalde Carlos Guzm\u00e1n redujo la deuda del ASDN en m\u00e1s de un 80%, hasta los RD$278 millones; adem\u00e1s afili\u00f3 a los colaboradores a la TSS y puso al d\u00eda el&hellip;<\/p>\n","protected":false},"author":3,"featured_media":82397,"comment_status":"open","ping_status":"open","sticky":false,"template":"","format":"standard","meta":{"content-type":"","jetpack_post_was_ever_published":false,"_jetpack_newsletter_access":"","_jetpack_dont_email_post_to_subs":false,"_jetpack_newsletter_tier_id":0,"_jetpack_memberships_contains_paywalled_content":false,"_jetpack_memberships_contains_paid_content":false,"footnotes":""},"categories":[35],"tags":[1016],"class_list":["post-82396","post","type-post","status-publish","format-standard","has-post-thumbnail","hentry","category-nacionales","tag-sde"],"jetpack_featured_media_url":"https:\/\/lasprimeras.com.do\/wp-content\/uploads\/2024\/05\/IMG-20240502-WA0025-1.jpg","jetpack-related-posts":[{"id":48904,"url":"https:\/\/lasprimeras.com.do\/index.php\/2023\/05\/05\/francisco-fernandez-carlos-guzman-es-un-alcalde-de-redes-no-de-realidades\/","url_meta":{"origin":82396,"position":0},"title":"Francisco Fern\u00e1ndez: Carlos Guzm\u00e1n es un alcalde de redes, no de realidades","author":"prenxa100","date":"5 de mayo de 2023","format":false,"excerpt":"Santo Domingo.- El exalcalde de Santo Domingo Norte, Francisco Fern\u00e1ndez, acus\u00f3 este jueves alcalde de ese municipio, Carlos Guzm\u00e1n, de incumplir con el Presupuesto Participativo, por lo que entiende ha sido un fracaso esta gesti\u00f3n, ya que las obras que se pueden ejecutar con estos recursos no han sido construidas.\u2026","rel":"","context":"En \u00abSin categor\u00eda\u00bb","block_context":{"text":"Sin categor\u00eda","link":"https:\/\/lasprimeras.com.do\/index.php\/category\/sin-categoria\/"},"img":{"alt_text":"","src":"","width":0,"height":0},"classes":[]},{"id":88857,"url":"https:\/\/lasprimeras.com.do\/index.php\/2024\/09\/08\/el-regidor-bienvenido-cabral-destapa-corrupcion-por-mas-12-millones-en-el-ayunt-de-san-luis\/","url_meta":{"origin":82396,"position":1},"title":"El regidor Bienvenido Cabral destapa corrupci\u00f3n por mas 12 millones en el Ayunt. de San Luis","author":"Nelson Feliz","date":"8 de septiembre de 2024","format":false,"excerpt":"El regidor del Movimiento Rebelde, Bienvenido Cabral, desenmascar\u00f3 hoy p\u00fablicamente a la alcaldesa de la Junta Municipal San Luis, Wendy Cepeda, qui\u00e9n supuestamente ha malvezado o mal utilizado unos doce millones de pesos (RD$12,000,000.00), desde que asumi\u00f3 el pasado mes de Mayo a la fecha. Cabral, aclar\u00f3 que la pasada\u2026","rel":"","context":"En \u00abECONOM\u00cdA\u00bb","block_context":{"text":"ECONOM\u00cdA","link":"https:\/\/lasprimeras.com.do\/index.php\/category\/economia\/"},"img":{"alt_text":"Bienvenido Cabral","src":"https:\/\/i0.wp.com\/lasprimeras.com.do\/wp-content\/uploads\/2024\/09\/Bienvenido-Cabral.jpg?resize=350%2C200&ssl=1","width":350,"height":200},"classes":[]},{"id":76843,"url":"https:\/\/lasprimeras.com.do\/index.php\/2024\/02\/14\/leonel-a-carlos-guzman-es-reconocido-como-el-mejor-alcalde-de-rd\/","url_meta":{"origin":82396,"position":2},"title":"Leonel: A Carlos Guzm\u00e1n es reconocido como el mejor alcalde de RD","author":"Nelson Feliz","date":"14 de febrero de 2024","format":false,"excerpt":"Cristina Lizardo, Ren\u00e9 Polanco, Jes\u00fas Feliz y otros acuden a multitudinario acto de cierre de campa\u00f1a en apoyo a Carlos Guzm\u00e1n. El presidente del partido Fuerza del Pueblo, Leonel Fern\u00e1ndez, asegur\u00f3 que por su excelente gesti\u00f3n municipal, Carlos Guzm\u00e1n es reconocido como el mejor alcalde de la Rep\u00fablica Dominicana. Fern\u00e1ndez\u2026","rel":"","context":"En \u00abPORTADA\u00bb","block_context":{"text":"PORTADA","link":"https:\/\/lasprimeras.com.do\/index.php\/category\/portada\/"},"img":{"alt_text":"Carlos Guzm\u00e1n","src":"https:\/\/i0.wp.com\/lasprimeras.com.do\/wp-content\/uploads\/2024\/02\/Carlos-Guzman-1-1.jpg?resize=350%2C200&ssl=1","width":350,"height":200,"srcset":"https:\/\/i0.wp.com\/lasprimeras.com.do\/wp-content\/uploads\/2024\/02\/Carlos-Guzman-1-1.jpg?resize=350%2C200&ssl=1 1x, https:\/\/i0.wp.com\/lasprimeras.com.do\/wp-content\/uploads\/2024\/02\/Carlos-Guzman-1-1.jpg?resize=525%2C300&ssl=1 1.5x, https:\/\/i0.wp.com\/lasprimeras.com.do\/wp-content\/uploads\/2024\/02\/Carlos-Guzman-1-1.jpg?resize=700%2C400&ssl=1 2x"},"classes":[]},{"id":123205,"url":"https:\/\/lasprimeras.com.do\/index.php\/2026\/02\/26\/marcial-reyes-critica-gestion-actual-en-la-caleta\/","url_meta":{"origin":82396,"position":3},"title":"Marcial Reyes critica gesti\u00f3n actual en La Caleta","author":"Nelson Feliz","date":"26 de febrero de 2026","format":false,"excerpt":"Asegura que se han recibido RD$40 millones adicionales sin que se reflejen obras visibles en aceras y contenes El exalcalde del municipio La Caleta, Marcial Reyes Suberv\u00ed, cuestion\u00f3 p\u00fablicamente la gesti\u00f3n del actual alcalde, M\u00e1ximo Soriano de los Santos, al se\u00f1alar que, pese a haber recibido aproximadamente 40 millones de\u2026","rel":"","context":"En \u00abPOLITICA\u00bb","block_context":{"text":"POLITICA","link":"https:\/\/lasprimeras.com.do\/index.php\/category\/politica\/"},"img":{"alt_text":"Marcial Reyes Suberv\u00ed","src":"https:\/\/i0.wp.com\/lasprimeras.com.do\/wp-content\/uploads\/2026\/02\/Marcial-Reyes-Subervi.jpg?resize=350%2C200&ssl=1","width":350,"height":200,"srcset":"https:\/\/i0.wp.com\/lasprimeras.com.do\/wp-content\/uploads\/2026\/02\/Marcial-Reyes-Subervi.jpg?resize=350%2C200&ssl=1 1x, https:\/\/i0.wp.com\/lasprimeras.com.do\/wp-content\/uploads\/2026\/02\/Marcial-Reyes-Subervi.jpg?resize=525%2C300&ssl=1 1.5x"},"classes":[]},{"id":82525,"url":"https:\/\/lasprimeras.com.do\/index.php\/2024\/05\/04\/alcaldesa-betty-geronimo-encuentra-deuda-superior-a-los-rd400-millones-en-asdn\/","url_meta":{"origin":82396,"position":4},"title":"Alcaldesa Betty Ger\u00f3nimo encuentra deuda superior a los RD$400 millones en ASDN","author":"Esteffany Vargas","date":"4 de mayo de 2024","format":false,"excerpt":"Solicita auditor\u00edas ante la Contralor\u00eda General de la Rep\u00fablica y C\u00e1mara de Cuentas A una semana de asumir como nueva alcaldesa de Santo Domingo Norte y tras hacer una revisi\u00f3n de las cuentas de la Alcald\u00eda, Betty Ger\u00f3nimo ha encontrado una deuda superior a los RD$400 millones de pesos, dejada\u2026","rel":"","context":"En \u00abECONOM\u00cdA\u00bb","block_context":{"text":"ECONOM\u00cdA","link":"https:\/\/lasprimeras.com.do\/index.php\/category\/economia\/"},"img":{"alt_text":"ASDN","src":"https:\/\/i0.wp.com\/lasprimeras.com.do\/wp-content\/uploads\/2024\/05\/ASDN-1.jpg?resize=350%2C200&ssl=1","width":350,"height":200,"srcset":"https:\/\/i0.wp.com\/lasprimeras.com.do\/wp-content\/uploads\/2024\/05\/ASDN-1.jpg?resize=350%2C200&ssl=1 1x, https:\/\/i0.wp.com\/lasprimeras.com.do\/wp-content\/uploads\/2024\/05\/ASDN-1.jpg?resize=525%2C300&ssl=1 1.5x"},"classes":[]},{"id":128561,"url":"https:\/\/lasprimeras.com.do\/index.php\/2026\/04\/24\/pld-juramenta-equipo-de-contadores-de-santo-domingo-norte-y-la-victoria\/","url_meta":{"origin":82396,"position":5},"title":"PLD juramenta Equipo de Contadores de Santo Domingo Norte y La Victoria","author":"Nelson Feliz","date":"24 de abril de 2026","format":false,"excerpt":"La Secretar\u00eda de Asuntos Gremiales y Profesionales (SAGP) del Partido de la Liberaci\u00f3n Dominicana (PLD) dej\u00f3 constituida la direcci\u00f3n de la corriente gremial de Contadores en el municipio Santo Domingo Norte. El titular de la SAGP, Francisco Mosquea, tom\u00f3 el juramento al equipo directivo de los profesionales de la contadur\u00eda,\u2026","rel":"","context":"En \u00abPOLITICA\u00bb","block_context":{"text":"POLITICA","link":"https:\/\/lasprimeras.com.do\/index.php\/category\/politica\/"},"img":{"alt_text":"","src":"https:\/\/i0.wp.com\/lasprimeras.com.do\/wp-content\/uploads\/2026\/04\/Corriente-gremial-de-Contadores-1.jpeg?resize=350%2C200&ssl=1","width":350,"height":200,"srcset":"https:\/\/i0.wp.com\/lasprimeras.com.do\/wp-content\/uploads\/2026\/04\/Corriente-gremial-de-Contadores-1.jpeg?resize=350%2C200&ssl=1 1x, https:\/\/i0.wp.com\/lasprimeras.com.do\/wp-content\/uploads\/2026\/04\/Corriente-gremial-de-Contadores-1.jpeg?resize=525%2C300&ssl=1 1.5x, https:\/\/i0.wp.com\/lasprimeras.com.do\/wp-content\/uploads\/2026\/04\/Corriente-gremial-de-Contadores-1.jpeg?resize=700%2C400&ssl=1 2x"},"classes":[]}],"jetpack_sharing_enabled":true,"_links":{"self":[{"href":"https:\/\/lasprimeras.com.do\/index.php\/wp-json\/wp\/v2\/posts\/82396","targetHints":{"allow":["GET"]}}],"collection":[{"href":"https:\/\/lasprimeras.com.do\/index.php\/wp-json\/wp\/v2\/posts"}],"about":[{"href":"https:\/\/lasprimeras.com.do\/index.php\/wp-json\/wp\/v2\/types\/post"}],"author":[{"embeddable":true,"href":"https:\/\/lasprimeras.com.do\/index.php\/wp-json\/wp\/v2\/users\/3"}],"replies":[{"embeddable":true,"href":"https:\/\/lasprimeras.com.do\/index.php\/wp-json\/wp\/v2\/comments?post=82396"}],"version-history":[{"count":1,"href":"https:\/\/lasprimeras.com.do\/index.php\/wp-json\/wp\/v2\/posts\/82396\/revisions"}],"predecessor-version":[{"id":82398,"href":"https:\/\/lasprimeras.com.do\/index.php\/wp-json\/wp\/v2\/posts\/82396\/revisions\/82398"}],"wp:featuredmedia":[{"embeddable":true,"href":"https:\/\/lasprimeras.com.do\/index.php\/wp-json\/wp\/v2\/media\/82397"}],"wp:attachment":[{"href":"https:\/\/lasprimeras.com.do\/index.php\/wp-json\/wp\/v2\/media?parent=82396"}],"wp:term":[{"taxonomy":"category","embeddable":true,"href":"https:\/\/lasprimeras.com.do\/index.php\/wp-json\/wp\/v2\/categories?post=82396"},{"taxonomy":"post_tag","embeddable":true,"href":"https:\/\/lasprimeras.com.do\/index.php\/wp-json\/wp\/v2\/tags?post=82396"}],"curies":[{"name":"wp","href":"https:\/\/api.w.org\/{rel}","templated":true}]}}