{"id":82402,"date":"2024-05-02T14:00:31","date_gmt":"2024-05-02T18:00:31","guid":{"rendered":"https:\/\/lasprimeras.com.do\/?p=82402"},"modified":"2024-05-02T14:00:34","modified_gmt":"2024-05-02T18:00:34","slug":"presidencia-de-estados-unidos-incluye-a-rd-en-iniciativa-gobierno-neto-cero","status":"publish","type":"post","link":"https:\/\/lasprimeras.com.do\/index.php\/2024\/05\/02\/presidencia-de-estados-unidos-incluye-a-rd-en-iniciativa-gobierno-neto-cero\/","title":{"rendered":"Presidencia de Estados Unidos incluye a RD en iniciativa Gobierno Neto Cero"},"content":{"rendered":"\n<p>Washington DC. La Presidencia de los Estados Unidos incluy\u00f3 a la Rep\u00fablica Dominicana en la Iniciativa Gobierno Neto Cero (NZGI), durante una ceremonia en la Casa Blanca en la que particip\u00f3 la embajadora Sonia Guzm\u00e1n, en representaci\u00f3n del Gobierno dominicano y del ministro de Medio Ambiente y Recursos Naturales, Miguel Ceara Hatton.<\/p>\n\n\n\n<p>La Iniciativa Gobierno Neto Cero tiene como prop\u00f3sito lograr que los gobiernos puedan alcanzar la meta de cero emisiones de gases de efectos de invernaderos (DEI) en sus operaciones para el a\u00f1o 2050.<\/p>\n\n\n\n<p>Sonia Guzm\u00e1n explic\u00f3 que los gases de efectos invernaderos son aquellos como el di\u00f3xido de carbono, el metano (CH4), el \u00f3xido nitroso (N2O), el ozono y otros, que est\u00e1n presentes en la atm\u00f3sfera de manera natural, pero que son tambi\u00e9n generados por las actividades humanas, que provocan da\u00f1os a la atm\u00f3sfera, al medio ambiente y contribuyen al calentamiento global.<\/p>\n\n\n\n<p>Guzm\u00e1n expres\u00f3 que \u201cla Rep\u00fablica Dominicana se enorgullece de anunciar su alineamiento con la Iniciativa de Gobierno Neto Cero. <\/p>\n\n\n\n<p>La protecci\u00f3n del medio ambiente ha sido una prioridad para nuestro presidente Luis Abinader, lo que demuestra su fuerte compromiso con la lucha contra el cambio clim\u00e1tico\u201d.<\/p>\n\n\n\n<p>La diplom\u00e1tica expres\u00f3 que la participaci\u00f3n del pa\u00eds es parte del trabajo conjunto que ha realizado el Ministerio de Medio Ambiente, el cual desarroll\u00f3 la Pol\u00edtica Transversal de Sostenibilidad. <\/p>\n\n\n\n<p>Esta insta a las instituciones del sector p\u00fablico a alinear sus pr\u00e1cticas al compromiso de Rep\u00fablica Dominicana de alcanzar la neutralidad de carbono para el a\u00f1o 2050.<\/p>\n\n\n\n<p>Destac\u00f3 que adicionalmente, como parte de este importante programa y en conjunto con la Direcci\u00f3n Nacional de Contrataciones P\u00fablicas, en 2023 se lanz\u00f3 la Pol\u00edtica de Contrataci\u00f3n de Compras Verdes.<\/p>\n\n\n\n<p>Indic\u00f3 que la adici\u00f3n de la Rep\u00fablica Dominicana a esta iniciativa coloca al pa\u00eds en un papel de liderazgo en la regi\u00f3n, ya que se ha convertido en el tercer pa\u00eds de Latinoam\u00e9rica en adherirse, junto a Chile y Costa Rica.<\/p>\n\n\n\n<p>Sonia Guzm\u00e1n recalc\u00f3 que este es un importante paso para la protecci\u00f3n del medio ambiente y la sostenibilidad gubernamental para el Caribe y Centro Am\u00e9rica.<\/p>\n\n\n\n<p> Acompa\u00f1\u00f3 a la embajadora Guzm\u00e1n durante la ceremonia el consejero Samuel Catrain.<\/p>\n","protected":false},"excerpt":{"rendered":"<p>Washington DC. La Presidencia de los Estados Unidos incluy\u00f3 a la Rep\u00fablica Dominicana en la Iniciativa Gobierno Neto Cero (NZGI), durante una ceremonia en la Casa Blanca en la que&hellip;<\/p>\n","protected":false},"author":3,"featured_media":82403,"comment_status":"open","ping_status":"open","sticky":false,"template":"","format":"standard","meta":{"content-type":"","jetpack_post_was_ever_published":false,"_jetpack_newsletter_access":"","_jetpack_dont_email_post_to_subs":false,"_jetpack_newsletter_tier_id":0,"_jetpack_memberships_contains_paywalled_content":false,"_jetpack_memberships_contains_paid_content":false,"footnotes":""},"categories":[1],"tags":[2768],"class_list":["post-82402","post","type-post","status-publish","format-standard","has-post-thumbnail","hentry","category-sin-categoria","tag-ee-uu-3"],"jetpack_featured_media_url":"https:\/\/lasprimeras.com.do\/wp-content\/uploads\/2024\/05\/IMG-20240502-WA0031.jpg","jetpack-related-posts":[{"id":81596,"url":"https:\/\/lasprimeras.com.do\/index.php\/2024\/04\/22\/marriott-international-logra-alcanzar-cero-emisiones-netas-de-carbono\/","url_meta":{"origin":82402,"position":0},"title":"Marriott International logra alcanzar cero emisiones netas de carbono","author":"Nelson Feliz","date":"22 de abril de 2024","format":false,"excerpt":"Bethesda, MD,- Marriott International ratifica sus objetivos de reducci\u00f3n de emisiones a corto y largo plazo con enfoque cient\u00edfico al unirse a la iniciativa Science Based Targets (SBTi). SBTi, una organizaci\u00f3n internacional dedicada a la acci\u00f3n clim\u00e1tica, desarrolla herramientas para que las empresas establezcan metas de reducci\u00f3n de gases de\u2026","rel":"","context":"En \u00abPORTADA\u00bb","block_context":{"text":"PORTADA","link":"https:\/\/lasprimeras.com.do\/index.php\/category\/portada\/"},"img":{"alt_text":"Marriott International","src":"https:\/\/i0.wp.com\/lasprimeras.com.do\/wp-content\/uploads\/2024\/04\/Marriott-International.jpg?resize=350%2C200&ssl=1","width":350,"height":200,"srcset":"https:\/\/i0.wp.com\/lasprimeras.com.do\/wp-content\/uploads\/2024\/04\/Marriott-International.jpg?resize=350%2C200&ssl=1 1x, https:\/\/i0.wp.com\/lasprimeras.com.do\/wp-content\/uploads\/2024\/04\/Marriott-International.jpg?resize=525%2C300&ssl=1 1.5x, https:\/\/i0.wp.com\/lasprimeras.com.do\/wp-content\/uploads\/2024\/04\/Marriott-International.jpg?resize=700%2C400&ssl=1 2x"},"classes":[]},{"id":122031,"url":"https:\/\/lasprimeras.com.do\/index.php\/2026\/02\/12\/gobierno-de-trump-da-importante-paso-para-desmantelar-regulaciones-climaticas\/","url_meta":{"origin":82402,"position":1},"title":"Gobierno de Trump da importante paso para desmantelar regulaciones clim\u00e1ticas","author":"Nelson Feliz","date":"12 de febrero de 2026","format":false,"excerpt":"POR MATTHEW DALY WASHINGTON (AP) \u2014 La administraci\u00f3n Trump revoc\u00f3 el jueves una conclusi\u00f3n cient\u00edfica que durante mucho tiempo ha sido la base central de la acci\u00f3n de Estados Unidos para regular las emisiones de gases de efecto invernadero y combatir el cambio clim\u00e1tico, la medida m\u00e1s agresiva del presidente\u2026","rel":"","context":"En \u00abINTERNACIONALES\u00bb","block_context":{"text":"INTERNACIONALES","link":"https:\/\/lasprimeras.com.do\/index.php\/category\/sin-categoria\/internacionales\/"},"img":{"alt_text":"Donald Trump","src":"https:\/\/i0.wp.com\/lasprimeras.com.do\/wp-content\/uploads\/2026\/02\/Donald-Trump-2.jpg?resize=350%2C200&ssl=1","width":350,"height":200,"srcset":"https:\/\/i0.wp.com\/lasprimeras.com.do\/wp-content\/uploads\/2026\/02\/Donald-Trump-2.jpg?resize=350%2C200&ssl=1 1x, https:\/\/i0.wp.com\/lasprimeras.com.do\/wp-content\/uploads\/2026\/02\/Donald-Trump-2.jpg?resize=525%2C300&ssl=1 1.5x, https:\/\/i0.wp.com\/lasprimeras.com.do\/wp-content\/uploads\/2026\/02\/Donald-Trump-2.jpg?resize=700%2C400&ssl=1 2x"},"classes":[]},{"id":49656,"url":"https:\/\/lasprimeras.com.do\/index.php\/2023\/05\/13\/scotiabank-anuncia-propuestas-de-2023-en-la-celebracion-del-dia-de-la-tierra\/","url_meta":{"origin":82402,"position":2},"title":"Scotiabank anuncia \u00a0propuestas de 2023 en la celebraci\u00f3n del \u201cD\u00eda de la Tierra\u201d","author":"prenxa100","date":"13 de mayo de 2023","format":false,"excerpt":"Los postulantes deben estar registrados como organismos ben\u00e9ficos o sin fines de lucro para poder recibir subvenciones. Santo Domingo, DN- The Bank of Nova Scotia, casa matriz de Scotiabank Rep\u00fablica Dominicana, S.A., Banco M\u00faltiple, anunci\u00f3 que ha abierto la convocatoria de subvenciones del fondo Net Zero Research Fund. Las organizaciones\u2026","rel":"","context":"En \u00abNACIONALES\u00bb","block_context":{"text":"NACIONALES","link":"https:\/\/lasprimeras.com.do\/index.php\/category\/nacionales\/"},"img":{"alt_text":"","src":"","width":0,"height":0},"classes":[]},{"id":101021,"url":"https:\/\/lasprimeras.com.do\/index.php\/2025\/06\/14\/cntu-destaca-avance-del-plan-cero-chatarra\/","url_meta":{"origin":82402,"position":3},"title":"CNTU destaca avance del &#8220;Plan Cero Chatarra&#8221;","author":"Nelson Feliz","date":"14 de junio de 2025","format":false,"excerpt":"La Central Nacional de Transportistas Unificados (CNTU), calific\u00f3 como altamente positivo el \"Plan Cero Chatarra 2025\" que ha venido implementando la entidad, a trav\u00e9s del cual a seis meses de ejecuci\u00f3n, se han triturado m\u00e1s de 600 unidades inservibles. El presidente de la CNTU, Williams P\u00e9rez Figuereo, indic\u00f3 que esta\u2026","rel":"","context":"En \u00abNACIONALES\u00bb","block_context":{"text":"NACIONALES","link":"https:\/\/lasprimeras.com.do\/index.php\/category\/nacionales\/"},"img":{"alt_text":"","src":"https:\/\/i0.wp.com\/lasprimeras.com.do\/wp-content\/uploads\/2025\/06\/CNTU.jpg?resize=350%2C200&ssl=1","width":350,"height":200,"srcset":"https:\/\/i0.wp.com\/lasprimeras.com.do\/wp-content\/uploads\/2025\/06\/CNTU.jpg?resize=350%2C200&ssl=1 1x, https:\/\/i0.wp.com\/lasprimeras.com.do\/wp-content\/uploads\/2025\/06\/CNTU.jpg?resize=525%2C300&ssl=1 1.5x, https:\/\/i0.wp.com\/lasprimeras.com.do\/wp-content\/uploads\/2025\/06\/CNTU.jpg?resize=700%2C400&ssl=1 2x"},"classes":[]},{"id":117651,"url":"https:\/\/lasprimeras.com.do\/index.php\/2025\/12\/12\/republica-dominicana-recibe-premio-novagob-por-el-programa-burocracia-cero\/","url_meta":{"origin":82402,"position":4},"title":"Rep\u00fablica Dominicana recibe premio NovaGob por el programa Burocracia Cero","author":"Nelson Feliz","date":"12 de diciembre de 2025","format":false,"excerpt":"El premio fue entregado a Edgar Batista, director general de la OGTIC, durante una gala de premiaci\u00f3n celebrada en Madrid, Espa\u00f1a. Madrid, Espa\u00f1a. \u2013 La Rep\u00fablica Dominicana fue reconocida en los Premios NovaGob Excelencia 2025, en la categor\u00eda Transformaci\u00f3n Digital, gracias a la iniciativa Burocracia Cero, que impulsa la eficiencia\u2026","rel":"","context":"En \u00abINTERNACIONALES\u00bb","block_context":{"text":"INTERNACIONALES","link":"https:\/\/lasprimeras.com.do\/index.php\/category\/sin-categoria\/internacionales\/"},"img":{"alt_text":"premio NovaGob","src":"https:\/\/i0.wp.com\/lasprimeras.com.do\/wp-content\/uploads\/2025\/12\/premio-NovaGob.jpg?resize=350%2C200&ssl=1","width":350,"height":200,"srcset":"https:\/\/i0.wp.com\/lasprimeras.com.do\/wp-content\/uploads\/2025\/12\/premio-NovaGob.jpg?resize=350%2C200&ssl=1 1x, https:\/\/i0.wp.com\/lasprimeras.com.do\/wp-content\/uploads\/2025\/12\/premio-NovaGob.jpg?resize=525%2C300&ssl=1 1.5x, https:\/\/i0.wp.com\/lasprimeras.com.do\/wp-content\/uploads\/2025\/12\/premio-NovaGob.jpg?resize=700%2C400&ssl=1 2x"},"classes":[]},{"id":68252,"url":"https:\/\/lasprimeras.com.do\/index.php\/2023\/11\/22\/presidente-del-senado-exhorta-a-no-construir-viviendas-cerca-de-rios-y-canadas\/","url_meta":{"origin":82402,"position":5},"title":"Presidente del Senado exhorta a no construir viviendas cerca de r\u00edos y ca\u00f1adas","author":"Nelson Feliz","date":"22 de noviembre de 2023","format":false,"excerpt":"El presidente del Senado, Ricardo de los Santos, se mostr\u00f3 preocupado por los efectos del cambio clim\u00e1tico y la emisiones de gases de efecto invernadero que est\u00e1n generando diluvios sobre la Rep\u00fablica Dominicana, que a su vez, causan muertes y destrucci\u00f3n. De los Santos habl\u00f3 en la sesi\u00f3n ante el\u2026","rel":"","context":"En \u00abNACIONALES\u00bb","block_context":{"text":"NACIONALES","link":"https:\/\/lasprimeras.com.do\/index.php\/category\/nacionales\/"},"img":{"alt_text":"Ricardo de los Santos","src":"https:\/\/i0.wp.com\/lasprimeras.com.do\/wp-content\/uploads\/2023\/11\/Ricardo-de-los-Santos-3-2.jpg?resize=350%2C200&ssl=1","width":350,"height":200,"srcset":"https:\/\/i0.wp.com\/lasprimeras.com.do\/wp-content\/uploads\/2023\/11\/Ricardo-de-los-Santos-3-2.jpg?resize=350%2C200&ssl=1 1x, https:\/\/i0.wp.com\/lasprimeras.com.do\/wp-content\/uploads\/2023\/11\/Ricardo-de-los-Santos-3-2.jpg?resize=525%2C300&ssl=1 1.5x, https:\/\/i0.wp.com\/lasprimeras.com.do\/wp-content\/uploads\/2023\/11\/Ricardo-de-los-Santos-3-2.jpg?resize=700%2C400&ssl=1 2x"},"classes":[]}],"jetpack_sharing_enabled":true,"_links":{"self":[{"href":"https:\/\/lasprimeras.com.do\/index.php\/wp-json\/wp\/v2\/posts\/82402","targetHints":{"allow":["GET"]}}],"collection":[{"href":"https:\/\/lasprimeras.com.do\/index.php\/wp-json\/wp\/v2\/posts"}],"about":[{"href":"https:\/\/lasprimeras.com.do\/index.php\/wp-json\/wp\/v2\/types\/post"}],"author":[{"embeddable":true,"href":"https:\/\/lasprimeras.com.do\/index.php\/wp-json\/wp\/v2\/users\/3"}],"replies":[{"embeddable":true,"href":"https:\/\/lasprimeras.com.do\/index.php\/wp-json\/wp\/v2\/comments?post=82402"}],"version-history":[{"count":1,"href":"https:\/\/lasprimeras.com.do\/index.php\/wp-json\/wp\/v2\/posts\/82402\/revisions"}],"predecessor-version":[{"id":82404,"href":"https:\/\/lasprimeras.com.do\/index.php\/wp-json\/wp\/v2\/posts\/82402\/revisions\/82404"}],"wp:featuredmedia":[{"embeddable":true,"href":"https:\/\/lasprimeras.com.do\/index.php\/wp-json\/wp\/v2\/media\/82403"}],"wp:attachment":[{"href":"https:\/\/lasprimeras.com.do\/index.php\/wp-json\/wp\/v2\/media?parent=82402"}],"wp:term":[{"taxonomy":"category","embeddable":true,"href":"https:\/\/lasprimeras.com.do\/index.php\/wp-json\/wp\/v2\/categories?post=82402"},{"taxonomy":"post_tag","embeddable":true,"href":"https:\/\/lasprimeras.com.do\/index.php\/wp-json\/wp\/v2\/tags?post=82402"}],"curies":[{"name":"wp","href":"https:\/\/api.w.org\/{rel}","templated":true}]}}