{"id":82405,"date":"2024-05-02T14:57:24","date_gmt":"2024-05-02T18:57:24","guid":{"rendered":"https:\/\/lasprimeras.com.do\/?p=82405"},"modified":"2024-05-02T14:57:27","modified_gmt":"2024-05-02T18:57:27","slug":"randolfo-rijo-muestra-nuevo-modelo-operacional-del-911-en-conferencia-europea-de-numeros-de-emergencias-eena","status":"publish","type":"post","link":"https:\/\/lasprimeras.com.do\/index.php\/2024\/05\/02\/randolfo-rijo-muestra-nuevo-modelo-operacional-del-911-en-conferencia-europea-de-numeros-de-emergencias-eena\/","title":{"rendered":"Randolfo Rijo muestra nuevo modelo operacional del 911 en Conferencia Europea de N\u00fameros de Emergencias (EENA)"},"content":{"rendered":"\n<p>Valencia, Espa\u00f1a. &#8211; El director ejecutivo del Sistema Nacional de Atenci\u00f3n a Emergencias y Seguridad 911, coronel piloto, Randolfo Rijo G\u00f3mez, ERD, present\u00f3 las innovaciones tecnol\u00f3gicas implementadas en la entidad en los recientes a\u00f1os, en el marco de la Conferencia de EENA 2024, efectuada en Valencia, Espa\u00f1a, bajo la organizaci\u00f3n de la Asociaci\u00f3n Europea de N\u00fameros de Emergencia (EENA por sus siglas en ingl\u00e9s).<\/p>\n\n\n\n<p>Rijo G\u00f3mez revel\u00f3 en su ponencia que el 911 adapt\u00f3 e implement\u00f3 tecnolog\u00edas enfocadas en aumentar el nivel de eficiencia de las operaciones de gesti\u00f3n y atenci\u00f3n de las emergencias.<\/p>\n\n\n\n<p>\u201cEl Sistema 911 atraviesa un din\u00e1mico proceso de modernizaci\u00f3n que contempla la implementaci\u00f3n de tecnolog\u00edas de vanguardia capaces de adaptarse a las cambiantes circunstancias, mostrando resultados tangibles en la eficientizaci\u00f3n de la atenci\u00f3n a emergencias y seguridad, en lineamiento con la visi\u00f3n del Estado de brindar servicios p\u00fablicos de excelencia\u201d, resalt\u00f3.<\/p>\n\n\n\n<p>Enfatiz\u00f3 Rijo que \u201cel Sistema 911 administra la red de radio estrat\u00e9gica de la Rep\u00fablica Dominicana, la cual mantiene y fomenta la interoperabilidad entre todas las agencias de respuesta e instituciones del Estado. Adem\u00e1s, administra y opera la Red de Videovigilancia Urbana del pa\u00eds, una herramienta especialmente \u00fatil para el despacho oportuno de unidades de emergencias a\u00fan sin que se reciban llamadas\u201d.<\/p>\n\n\n\n<p>El 911 muestra en los recientes cuatro a\u00f1os una favorable evoluci\u00f3n tecnol\u00f3gica, que le ha permitido afrontar y responder a los desafiantes retos operativos, entre estos la creciente demanda de atenci\u00f3n a respuesta.<\/p>\n\n\n\n<p>Rijo present\u00f3 la ponencia titulada \u201cRep\u00fablica Dominicana ante el desaf\u00edo de la Nueva Generaci\u00f3n de Sistemas de Emergencias\u201d, durante el panel \u201cRespuestas a los desaf\u00edos en los PSAPs de Am\u00e9rica Latina&#8221;, bajo la moderaci\u00f3n de la Organizaci\u00f3n de Estados Americanos (OEA), integrado por funcionarios representantes de instituciones de atenci\u00f3n a emergencias de tres pa\u00edses pertenecientes a la regi\u00f3n. Mientras, integraron la delegaci\u00f3n dominicana en el foro internacional, el coronel piloto, Harold Jim\u00e9nez, ERD, subdirector, y Mart\u00edn Santana, director de Tecnolog\u00eda de la Informaci\u00f3n.<\/p>\n\n\n\n<p><\/p>\n","protected":false},"excerpt":{"rendered":"<p>Valencia, Espa\u00f1a. &#8211; El director ejecutivo del Sistema Nacional de Atenci\u00f3n a Emergencias y Seguridad 911, coronel piloto, Randolfo Rijo G\u00f3mez, ERD, present\u00f3 las innovaciones tecnol\u00f3gicas implementadas en la entidad&hellip;<\/p>\n","protected":false},"author":3,"featured_media":82406,"comment_status":"open","ping_status":"open","sticky":false,"template":"","format":"standard","meta":{"content-type":"","jetpack_post_was_ever_published":false,"_jetpack_newsletter_access":"","_jetpack_dont_email_post_to_subs":false,"_jetpack_newsletter_tier_id":0,"_jetpack_memberships_contains_paywalled_content":false,"_jetpack_memberships_contains_paid_content":false,"footnotes":""},"categories":[1],"tags":[11641],"class_list":["post-82405","post","type-post","status-publish","format-standard","has-post-thumbnail","hentry","category-sin-categoria","tag-11641"],"jetpack_featured_media_url":"https:\/\/lasprimeras.com.do\/wp-content\/uploads\/2024\/05\/IMG-20240502-WA0033.jpg","jetpack-related-posts":[{"id":83693,"url":"https:\/\/lasprimeras.com.do\/index.php\/2024\/05\/23\/randolfo-rijo-activa-comite-de-contingencia-ante-incidencia-de-vaguada\/","url_meta":{"origin":82405,"position":0},"title":"Randolfo Rijo activa comit\u00e9 de contingencia ante incidencia de vaguada","author":"Nelson Feliz","date":"23 de mayo de 2024","format":false,"excerpt":"Se dej\u00f3 implementado el Plan de Contingencia ante eventos hidrometeorol\u00f3gicos. El director ejecutivo del Sistema Nacional de Atenci\u00f3n a Emergencias y Seguridad 911, coronel piloto Randolfo Rijo G\u00f3mez, ERD, presidi\u00f3 la activaci\u00f3n del \u201cComit\u00e9 de Preparaci\u00f3n ante Eventos Clim\u00e1ticos y Evacuaci\u00f3n de Emergencias\u201d con el prop\u00f3sito de poner en marcha\u2026","rel":"","context":"En \u00abNACIONALES\u00bb","block_context":{"text":"NACIONALES","link":"https:\/\/lasprimeras.com.do\/index.php\/category\/nacionales\/"},"img":{"alt_text":"","src":"https:\/\/i0.wp.com\/lasprimeras.com.do\/wp-content\/uploads\/2024\/05\/911.jpg?resize=350%2C200&ssl=1","width":350,"height":200,"srcset":"https:\/\/i0.wp.com\/lasprimeras.com.do\/wp-content\/uploads\/2024\/05\/911.jpg?resize=350%2C200&ssl=1 1x, https:\/\/i0.wp.com\/lasprimeras.com.do\/wp-content\/uploads\/2024\/05\/911.jpg?resize=525%2C300&ssl=1 1.5x"},"classes":[]},{"id":84219,"url":"https:\/\/lasprimeras.com.do\/index.php\/2024\/06\/03\/el-911-ha-gestionado-mas-de-5-millones-de-asistencias-en-diez-anos-de-servicio\/","url_meta":{"origin":82405,"position":1},"title":"El 911 ha gestionado m\u00e1s de 5 millones de asistencias en diez a\u00f1os de servicio","author":"Nelson Feliz","date":"3 de junio de 2024","format":false,"excerpt":"El Sistema Nacional de Atenci\u00f3n a Emergencias y Seguridad 911, celebr\u00f3 su d\u00e9cimo aniversario con una misa de acci\u00f3n de gracias en la Parroquia Nuestra Se\u00f1ora de la Altagracia del Ministerio de Defensa. La eucarist\u00eda oficiada por el general de brigada, Gerardo Ram\u00edrez Paniagua, capell\u00e1n castrense del MIDE, cont\u00f3 con\u2026","rel":"","context":"En \u00abNACIONALES\u00bb","block_context":{"text":"NACIONALES","link":"https:\/\/lasprimeras.com.do\/index.php\/category\/nacionales\/"},"img":{"alt_text":"Randolfo Rijo G\u00f3mez","src":"https:\/\/i0.wp.com\/lasprimeras.com.do\/wp-content\/uploads\/2024\/06\/Randolfo-Rijo-Gomez.jpg?resize=350%2C200&ssl=1","width":350,"height":200,"srcset":"https:\/\/i0.wp.com\/lasprimeras.com.do\/wp-content\/uploads\/2024\/06\/Randolfo-Rijo-Gomez.jpg?resize=350%2C200&ssl=1 1x, https:\/\/i0.wp.com\/lasprimeras.com.do\/wp-content\/uploads\/2024\/06\/Randolfo-Rijo-Gomez.jpg?resize=525%2C300&ssl=1 1.5x, https:\/\/i0.wp.com\/lasprimeras.com.do\/wp-content\/uploads\/2024\/06\/Randolfo-Rijo-Gomez.jpg?resize=700%2C400&ssl=1 2x"},"classes":[]},{"id":84891,"url":"https:\/\/lasprimeras.com.do\/index.php\/2024\/06\/17\/sistema-911-y-embajada-de-ee-uu-fortalecen-programa-de-capacitacion-tecnologica\/","url_meta":{"origin":82405,"position":2},"title":"Sistema 911 y Embajada de EE.UU. fortalecen programa de capacitaci\u00f3n tecnol\u00f3gica","author":"Nelson Feliz","date":"17 de junio de 2024","format":false,"excerpt":"El gobierno de los Estados Unidos de Am\u00e9rica (EUA), a trav\u00e9s del programa INL de su embajada en la Rep\u00fablica Dominicana, gestion\u00f3 la participaci\u00f3n de 14 colaboradores del Sistema Nacional de Atenci\u00f3n a Emergencias y Seguridad 911 en las pr\u00f3ximas conferencias ESRI, HPE, Discover, Cascadia y NENA para fortalecer el\u2026","rel":"","context":"En \u00abNACIONALES\u00bb","block_context":{"text":"NACIONALES","link":"https:\/\/lasprimeras.com.do\/index.php\/category\/nacionales\/"},"img":{"alt_text":"Sistema 911 y Embajada de EE.UU. fortalecen programa de capacitaci\u00f3n tec...","src":"https:\/\/i0.wp.com\/lasprimeras.com.do\/wp-content\/uploads\/2024\/06\/Sistema-911-y-Embajada-de-EE.UU_.-fortalecen-programa-de-capacitacion-tec.-1.jpg?resize=350%2C200&ssl=1","width":350,"height":200,"srcset":"https:\/\/i0.wp.com\/lasprimeras.com.do\/wp-content\/uploads\/2024\/06\/Sistema-911-y-Embajada-de-EE.UU_.-fortalecen-programa-de-capacitacion-tec.-1.jpg?resize=350%2C200&ssl=1 1x, https:\/\/i0.wp.com\/lasprimeras.com.do\/wp-content\/uploads\/2024\/06\/Sistema-911-y-Embajada-de-EE.UU_.-fortalecen-programa-de-capacitacion-tec.-1.jpg?resize=525%2C300&ssl=1 1.5x"},"classes":[]},{"id":81123,"url":"https:\/\/lasprimeras.com.do\/index.php\/2024\/04\/17\/sistema-nacional-de-atencion-a-emergencias-911-instala-267-camaras-en-4-provincias-del-pais\/","url_meta":{"origin":82405,"position":3},"title":"Sistema Nacional de Atenci\u00f3n a Emergencias 911 instala 267 c\u00e1maras en 4 provincias del pa\u00eds","author":"BIMARY DE JES\u00daS Matos","date":"17 de abril de 2024","format":false,"excerpt":"Santo Domingo.\u2013 El Sistema Nacional de Atenci\u00f3n a Emergencias y Seguridad 911 instal\u00f3 267 c\u00e1maras de videovigilancia en las provincias Monte Cristi, Dajab\u00f3n, Valverde y Santiago Rodr\u00edguez, en atenci\u00f3n a la visi\u00f3n del presidente de la Rep\u00fablica, Luis Abinader, de fortalecer de manera continua la seguridad ciudadana. Durante el acto\u2026","rel":"","context":"En \u00abNACIONALES\u00bb","block_context":{"text":"NACIONALES","link":"https:\/\/lasprimeras.com.do\/index.php\/category\/nacionales\/"},"img":{"alt_text":"","src":"https:\/\/i0.wp.com\/lasprimeras.com.do\/wp-content\/uploads\/2024\/04\/WhatsApp-Image-2024-04-17-at-11.03.53-AM-1.jpeg?resize=350%2C200&ssl=1","width":350,"height":200,"srcset":"https:\/\/i0.wp.com\/lasprimeras.com.do\/wp-content\/uploads\/2024\/04\/WhatsApp-Image-2024-04-17-at-11.03.53-AM-1.jpeg?resize=350%2C200&ssl=1 1x, https:\/\/i0.wp.com\/lasprimeras.com.do\/wp-content\/uploads\/2024\/04\/WhatsApp-Image-2024-04-17-at-11.03.53-AM-1.jpeg?resize=525%2C300&ssl=1 1.5x, https:\/\/i0.wp.com\/lasprimeras.com.do\/wp-content\/uploads\/2024\/04\/WhatsApp-Image-2024-04-17-at-11.03.53-AM-1.jpeg?resize=700%2C400&ssl=1 2x, https:\/\/i0.wp.com\/lasprimeras.com.do\/wp-content\/uploads\/2024\/04\/WhatsApp-Image-2024-04-17-at-11.03.53-AM-1.jpeg?resize=1050%2C600&ssl=1 3x, https:\/\/i0.wp.com\/lasprimeras.com.do\/wp-content\/uploads\/2024\/04\/WhatsApp-Image-2024-04-17-at-11.03.53-AM-1.jpeg?resize=1400%2C800&ssl=1 4x"},"classes":[]},{"id":99118,"url":"https:\/\/lasprimeras.com.do\/index.php\/2025\/05\/18\/sistema-911-y-policia-nacional-sostienen-reunion-tecnica-en-el-marco-de-la-reforma-policial\/","url_meta":{"origin":82405,"position":4},"title":"Sistema 911 y Polic\u00eda Nacional sostienen reuni\u00f3n t\u00e9cnica en el marco de la reforma policial","author":"Nelson Feliz","date":"18 de mayo de 2025","format":false,"excerpt":"La sesi\u00f3n t\u00e9cnica se desarroll\u00f3 en la sede del 911 en Santo Domingo y forma parte de los esfuerzos para consolidar la interoperabilidad entre las instituciones responsables de la seguridad ciudadana. El Sistema Nacional de Atenci\u00f3n a Emergencias y Seguridad 911 sostuvo una reuni\u00f3n t\u00e9cnica de coordinaci\u00f3n con la Polic\u00eda\u2026","rel":"","context":"En \u00abNACIONALES\u00bb","block_context":{"text":"NACIONALES","link":"https:\/\/lasprimeras.com.do\/index.php\/category\/nacionales\/"},"img":{"alt_text":"911","src":"https:\/\/i0.wp.com\/lasprimeras.com.do\/wp-content\/uploads\/2025\/05\/911-b.jpg?resize=350%2C200&ssl=1","width":350,"height":200,"srcset":"https:\/\/i0.wp.com\/lasprimeras.com.do\/wp-content\/uploads\/2025\/05\/911-b.jpg?resize=350%2C200&ssl=1 1x, https:\/\/i0.wp.com\/lasprimeras.com.do\/wp-content\/uploads\/2025\/05\/911-b.jpg?resize=525%2C300&ssl=1 1.5x, https:\/\/i0.wp.com\/lasprimeras.com.do\/wp-content\/uploads\/2025\/05\/911-b.jpg?resize=700%2C400&ssl=1 2x"},"classes":[]},{"id":126014,"url":"https:\/\/lasprimeras.com.do\/index.php\/2026\/03\/29\/embajada-de-los-eeuu-y-sistema-911-impulsan-cooperacion-tecnologica-en-conferencia-nvidia\/","url_meta":{"origin":82405,"position":5},"title":"Embajada de los EEUU y Sistema 911 impulsan cooperaci\u00f3n tecnol\u00f3gica en conferencia NVIDIA","author":"Nelson Feliz","date":"29 de marzo de 2026","format":false,"excerpt":"Acuerdo entre el Gobierno dominicano y NVIDIA impulsa acceso a mayor capacidad de procesamiento de datos y posiciona al pa\u00eds como referente regional en inteligencia artificial orientada a la gesti\u00f3n de emergencias. Con el respaldo de la Embajada de los Estados Unidos en la Rep\u00fablica Dominicana, el Sistema Nacional de\u2026","rel":"","context":"En \u00abPORTADA\u00bb","block_context":{"text":"PORTADA","link":"https:\/\/lasprimeras.com.do\/index.php\/category\/portada\/"},"img":{"alt_text":"","src":"https:\/\/i0.wp.com\/lasprimeras.com.do\/wp-content\/uploads\/2026\/03\/UNA-1.jpg?resize=350%2C200&ssl=1","width":350,"height":200,"srcset":"https:\/\/i0.wp.com\/lasprimeras.com.do\/wp-content\/uploads\/2026\/03\/UNA-1.jpg?resize=350%2C200&ssl=1 1x, https:\/\/i0.wp.com\/lasprimeras.com.do\/wp-content\/uploads\/2026\/03\/UNA-1.jpg?resize=525%2C300&ssl=1 1.5x, https:\/\/i0.wp.com\/lasprimeras.com.do\/wp-content\/uploads\/2026\/03\/UNA-1.jpg?resize=700%2C400&ssl=1 2x"},"classes":[]}],"jetpack_sharing_enabled":true,"_links":{"self":[{"href":"https:\/\/lasprimeras.com.do\/index.php\/wp-json\/wp\/v2\/posts\/82405","targetHints":{"allow":["GET"]}}],"collection":[{"href":"https:\/\/lasprimeras.com.do\/index.php\/wp-json\/wp\/v2\/posts"}],"about":[{"href":"https:\/\/lasprimeras.com.do\/index.php\/wp-json\/wp\/v2\/types\/post"}],"author":[{"embeddable":true,"href":"https:\/\/lasprimeras.com.do\/index.php\/wp-json\/wp\/v2\/users\/3"}],"replies":[{"embeddable":true,"href":"https:\/\/lasprimeras.com.do\/index.php\/wp-json\/wp\/v2\/comments?post=82405"}],"version-history":[{"count":1,"href":"https:\/\/lasprimeras.com.do\/index.php\/wp-json\/wp\/v2\/posts\/82405\/revisions"}],"predecessor-version":[{"id":82407,"href":"https:\/\/lasprimeras.com.do\/index.php\/wp-json\/wp\/v2\/posts\/82405\/revisions\/82407"}],"wp:featuredmedia":[{"embeddable":true,"href":"https:\/\/lasprimeras.com.do\/index.php\/wp-json\/wp\/v2\/media\/82406"}],"wp:attachment":[{"href":"https:\/\/lasprimeras.com.do\/index.php\/wp-json\/wp\/v2\/media?parent=82405"}],"wp:term":[{"taxonomy":"category","embeddable":true,"href":"https:\/\/lasprimeras.com.do\/index.php\/wp-json\/wp\/v2\/categories?post=82405"},{"taxonomy":"post_tag","embeddable":true,"href":"https:\/\/lasprimeras.com.do\/index.php\/wp-json\/wp\/v2\/tags?post=82405"}],"curies":[{"name":"wp","href":"https:\/\/api.w.org\/{rel}","templated":true}]}}