{"id":82427,"date":"2024-05-02T22:17:13","date_gmt":"2024-05-03T02:17:13","guid":{"rendered":"https:\/\/lasprimeras.com.do\/?p=82427"},"modified":"2024-05-02T22:17:15","modified_gmt":"2024-05-03T02:17:15","slug":"restos-de-carlos-vargas-seran-sepultados-en-villa-tapia","status":"publish","type":"post","link":"https:\/\/lasprimeras.com.do\/index.php\/2024\/05\/02\/restos-de-carlos-vargas-seran-sepultados-en-villa-tapia\/","title":{"rendered":"Restos de Carlos Vargas ser\u00e1n sepultados en Villa Tapia"},"content":{"rendered":"\n<p>Santo Domingo.-El despacho de prensa del Partido de la Liberaci\u00f3n Dominicana (PLD) inform\u00f3 que los restos del comunicador Carlos Vargas ser\u00e1n sepultados el viernes en el municipio de Villa Tapia, provincia Hermanas Mirabal, luego de su velatorio durante el d\u00eda de hoy en la Funeraria Blandino de la avenida Abraham Lincoln, en Santo Domingo.<\/p>\n\n\n\n<p>Vargas, quien fue miembro del Comit\u00e9 Central del PLD, muri\u00f3 a causa de un &#8220;repentino fallo cardiaco&#8221; tras ser &#8220;tratado a\u00f1os atr\u00e1s por una lesi\u00f3n del coraz\u00f3n, padecimiento que hab\u00eda superado&#8221;, seg\u00fan detall\u00f3 la organizaci\u00f3n.<\/p>\n\n\n\n<p>La noticia la dio a conocer el pol\u00edtico Rafael Paz a trav\u00e9s de X (Twitter), donde lo describi\u00f3 como &#8220;ejemplo de coraje, gallard\u00eda y defensa vehemente de sus causas&#8221;.<\/p>\n\n\n\n<p>La presentadora Rosal\u00eda Rosa (Shanty) se uni\u00f3 a los mensajes de solidaridad y condolencias, recordando el momento que comparti\u00f3 el martes con Vargas en los estudios de &#8220;El Show del Mediod\u00eda&#8221;.<\/p>\n\n\n\n<p>&#8220;Si antes de ayer cuando me saludaste, hubiese sabido que era la \u00faltima vez que te iba a ver. Te hubiese dando un abrazo grande, mi gran amigo Carlos Vargas. Antes de ayer te defend\u00ed, siempre sal\u00eda en tu defensa para ayudar al equilibrio. A\u00fan no lo creo, me duele el pecho. Un ser humano que empatic\u00e9, por su valor. Se\u00f1ores esta vida es un rato&#8221;, dijo en una publicaci\u00f3n.<\/p>\n\n\n\n<p>Por su lado, Iv\u00e1n Ruiz, productor del programa diario de entretenimiento, expres\u00f3 su pesar por el deceso de su compa\u00f1ero e hizo un llamado a la reflexi\u00f3n sobre la vida y el accionar diario ante circunstancias que puedan repercutir en la salud.<\/p>\n","protected":false},"excerpt":{"rendered":"<p>Santo Domingo.-El despacho de prensa del Partido de la Liberaci\u00f3n Dominicana (PLD) inform\u00f3 que los restos del comunicador Carlos Vargas ser\u00e1n sepultados el viernes en el municipio de Villa Tapia,&hellip;<\/p>\n","protected":false},"author":3,"featured_media":82428,"comment_status":"open","ping_status":"open","sticky":false,"template":"","format":"standard","meta":{"content-type":"","jetpack_post_was_ever_published":false,"_jetpack_newsletter_access":"","_jetpack_dont_email_post_to_subs":false,"_jetpack_newsletter_tier_id":0,"_jetpack_memberships_contains_paywalled_content":false,"_jetpack_memberships_contains_paid_content":false,"footnotes":""},"categories":[84],"tags":[604],"class_list":["post-82427","post","type-post","status-publish","format-standard","has-post-thumbnail","hentry","category-entretenimiento","tag-periodista"],"jetpack_featured_media_url":"https:\/\/lasprimeras.com.do\/wp-content\/uploads\/2024\/05\/WhatsApp-Image-2024-05-02-at-9.30.36-AM.webp","jetpack-related-posts":[{"id":75633,"url":"https:\/\/lasprimeras.com.do\/index.php\/2024\/02\/02\/miguel-vargas-asegura-carlos-guzman-ganara-arrolladoramente-en-sdn\/","url_meta":{"origin":82427,"position":0},"title":"Miguel Vargas asegura Carlos Guzm\u00e1n ganar\u00e1 arrolladoramente en SDN","author":"Nelson Feliz","date":"2 de febrero de 2024","format":false,"excerpt":"El presidente del Partido Revolucionario Dominicano (PRD), Miguel Vargas Maldonado, asegur\u00f3 que el alcalde de Santo Domingo Norte (SDN) y candidato a la misma posici\u00f3n por la Alianza Opositora Rescate RD, Carlos Guzm\u00e1n, ganar\u00e1 de manera arrolladora las elecciones municipales del 18 de febrero, indicando que los ciudadanos no dejar\u00e1n\u2026","rel":"","context":"En \u00abPORTADA\u00bb","block_context":{"text":"PORTADA","link":"https:\/\/lasprimeras.com.do\/index.php\/category\/portada\/"},"img":{"alt_text":"Miguel Vargas Maldonado","src":"https:\/\/i0.wp.com\/lasprimeras.com.do\/wp-content\/uploads\/2024\/02\/Miguel-Vargas-Maldonado-1.jpg?resize=350%2C200&ssl=1","width":350,"height":200,"srcset":"https:\/\/i0.wp.com\/lasprimeras.com.do\/wp-content\/uploads\/2024\/02\/Miguel-Vargas-Maldonado-1.jpg?resize=350%2C200&ssl=1 1x, https:\/\/i0.wp.com\/lasprimeras.com.do\/wp-content\/uploads\/2024\/02\/Miguel-Vargas-Maldonado-1.jpg?resize=525%2C300&ssl=1 1.5x, https:\/\/i0.wp.com\/lasprimeras.com.do\/wp-content\/uploads\/2024\/02\/Miguel-Vargas-Maldonado-1.jpg?resize=700%2C400&ssl=1 2x"},"classes":[]},{"id":77244,"url":"https:\/\/lasprimeras.com.do\/index.php\/2024\/02\/19\/restos-de-madre-de-la-periodista-alicia-ortega-seran-sepultados-este-martes\/","url_meta":{"origin":82427,"position":1},"title":"Restos de madre de la periodista Alicia Ortega ser\u00e1n sepultados este martes","author":"BIMARY DE JES\u00daS Matos","date":"19 de febrero de 2024","format":false,"excerpt":"Santo Domingo.-Son velados en la Funeraria Blandino de la Avenida Abraham Lincoln, los restos de Rosemery Ram\u00edrez Ortega, madre de la veterana periodista Alicia Ortega. Ram\u00edrez Ortega ser\u00e1 sepultada en el Parque Cementerio Puerta del Cielo, ubicado en el kil\u00f3metro 20 de la autopista Duarte, a las 11: 00 de\u2026","rel":"","context":"En \u00abENTRETENIMIENTO\u00bb","block_context":{"text":"ENTRETENIMIENTO","link":"https:\/\/lasprimeras.com.do\/index.php\/category\/entretenimiento\/"},"img":{"alt_text":"","src":"https:\/\/i0.wp.com\/lasprimeras.com.do\/wp-content\/uploads\/2024\/02\/dsc05692b-728x410-1.webp?resize=350%2C200&ssl=1","width":350,"height":200,"srcset":"https:\/\/i0.wp.com\/lasprimeras.com.do\/wp-content\/uploads\/2024\/02\/dsc05692b-728x410-1.webp?resize=350%2C200&ssl=1 1x, https:\/\/i0.wp.com\/lasprimeras.com.do\/wp-content\/uploads\/2024\/02\/dsc05692b-728x410-1.webp?resize=525%2C300&ssl=1 1.5x"},"classes":[]},{"id":82399,"url":"https:\/\/lasprimeras.com.do\/index.php\/2024\/05\/02\/fallece-panelista-del-show-del-mediodia-carlos-vargas\/","url_meta":{"origin":82427,"position":2},"title":"Fallece panelista del Show del Mediod\u00eda Carlos Vargas","author":"BIMARY DE JES\u00daS Matos","date":"2 de mayo de 2024","format":false,"excerpt":"Santo Domingo.- La noche del mi\u00e9rcoles, el mundo de la comunicaci\u00f3n dominicana se visti\u00f3 de luto con el fallecimiento del periodista y panelista del programa El Show del Mediod\u00eda, Carlos Vargas. La noticia fue confirmada por el dirigente pol\u00edtico Rafael Paz a trav\u00e9s de sus redes sociales. Paz expres\u00f3 su\u2026","rel":"","context":"En \u00abENTRETENIMIENTO\u00bb","block_context":{"text":"ENTRETENIMIENTO","link":"https:\/\/lasprimeras.com.do\/index.php\/category\/entretenimiento\/"},"img":{"alt_text":"","src":"https:\/\/i0.wp.com\/lasprimeras.com.do\/wp-content\/uploads\/2024\/05\/65f3a7703e1eb_jce2-1.jpg?resize=350%2C200&ssl=1","width":350,"height":200,"srcset":"https:\/\/i0.wp.com\/lasprimeras.com.do\/wp-content\/uploads\/2024\/05\/65f3a7703e1eb_jce2-1.jpg?resize=350%2C200&ssl=1 1x, https:\/\/i0.wp.com\/lasprimeras.com.do\/wp-content\/uploads\/2024\/05\/65f3a7703e1eb_jce2-1.jpg?resize=525%2C300&ssl=1 1.5x, https:\/\/i0.wp.com\/lasprimeras.com.do\/wp-content\/uploads\/2024\/05\/65f3a7703e1eb_jce2-1.jpg?resize=700%2C400&ssl=1 2x, https:\/\/i0.wp.com\/lasprimeras.com.do\/wp-content\/uploads\/2024\/05\/65f3a7703e1eb_jce2-1.jpg?resize=1050%2C600&ssl=1 3x"},"classes":[]},{"id":129332,"url":"https:\/\/lasprimeras.com.do\/index.php\/2026\/05\/01\/pedro-perez-vargas-recordado-por-tener-la-voz-mas-potentes-de-la-radiodifusion-nacional\/","url_meta":{"origin":82427,"position":3},"title":"Pedro P\u00e9rez Vargas recordado por tener la voz m\u00e1s potentes de la radiodifusi\u00f3n nacional","author":"Nelson Feliz","date":"1 de mayo de 2026","format":false,"excerpt":"Jhon Garcia \"El locutor que Trujillo oblig\u00f3 a cambiarse el nombre,La historia de Pedro P\u00e9rez Vargas.\"Pedro P\u00e9rez Vargas (1936\u20131990) fue uno de los locutores m\u00e1s destacados y emblem\u00e1ticos de la Rep\u00fablica Dominicana, recordado por tener una de las voces m\u00e1s potentes y profesionales en la historia de la radiodifusi\u00f3n nacional.\u2026","rel":"","context":"En \u00abHISTORIA\u00bb","block_context":{"text":"HISTORIA","link":"https:\/\/lasprimeras.com.do\/index.php\/category\/historia\/"},"img":{"alt_text":"","src":"https:\/\/i0.wp.com\/lasprimeras.com.do\/wp-content\/uploads\/2026\/05\/perez-vargas.jpg?resize=350%2C200&ssl=1","width":350,"height":200,"srcset":"https:\/\/i0.wp.com\/lasprimeras.com.do\/wp-content\/uploads\/2026\/05\/perez-vargas.jpg?resize=350%2C200&ssl=1 1x, https:\/\/i0.wp.com\/lasprimeras.com.do\/wp-content\/uploads\/2026\/05\/perez-vargas.jpg?resize=525%2C300&ssl=1 1.5x"},"classes":[]},{"id":103093,"url":"https:\/\/lasprimeras.com.do\/index.php\/2025\/07\/11\/cdp-santiago-lamenta-el-fallecimiento-del-destacado-periodista-arcadio-vargas\/","url_meta":{"origin":82427,"position":4},"title":"CDP-Santiago lamenta el fallecimiento del destacado periodista Arcadio Vargas","author":"Nelson Feliz","date":"11 de julio de 2025","format":false,"excerpt":"El Colegio Dominicano de Periodistas (CDP), seccional Santiago, informa con profundo pesar el fallecimiento del reconocido periodista y gremialista Arcadio Vargas Evertz, ocurrido la noche del jueves 10 de julio, a las 10:58 p.m. Arcadio Vargas, quien dedic\u00f3 su vida al ejercicio del periodismo con \u00e9tica, compromiso social y amor\u2026","rel":"","context":"En \u00abNACIONALES\u00bb","block_context":{"text":"NACIONALES","link":"https:\/\/lasprimeras.com.do\/index.php\/category\/nacionales\/"},"img":{"alt_text":"","src":"https:\/\/i0.wp.com\/lasprimeras.com.do\/wp-content\/uploads\/2025\/07\/Arcadio-Vargas-Evertz.jpeg?resize=350%2C200&ssl=1","width":350,"height":200,"srcset":"https:\/\/i0.wp.com\/lasprimeras.com.do\/wp-content\/uploads\/2025\/07\/Arcadio-Vargas-Evertz.jpeg?resize=350%2C200&ssl=1 1x, https:\/\/i0.wp.com\/lasprimeras.com.do\/wp-content\/uploads\/2025\/07\/Arcadio-Vargas-Evertz.jpeg?resize=525%2C300&ssl=1 1.5x, https:\/\/i0.wp.com\/lasprimeras.com.do\/wp-content\/uploads\/2025\/07\/Arcadio-Vargas-Evertz.jpeg?resize=700%2C400&ssl=1 2x"},"classes":[]},{"id":85216,"url":"https:\/\/lasprimeras.com.do\/index.php\/2024\/06\/25\/sepultaran-a-las-300pm-restos-de-alfredo-pulinario-en-el-cementerio-jardin-memorial\/","url_meta":{"origin":82427,"position":5},"title":"Sepultaran a las 3:00PM, restos de Alfredo Pulinario en el Cementerio Jard\u00edn Memorial","author":"Nelson Feliz","date":"25 de junio de 2024","format":false,"excerpt":"El Grupo de Empresas de Transporte (MOCHOTRAN) informo este martes que el cad\u00e1ver del fenecido empresario choferil Alfredo Pulinario, (Cambita), ser\u00e1 trasladado a la Terminal de Autobuses Mochotran, de la avenida Jacobo Majluta, a partir de la 1:00 P.M. All\u00ed se efectuar\u00e1 una misa de cuerpo presente, para luego darle\u2026","rel":"","context":"En \u00abNACIONALES\u00bb","block_context":{"text":"NACIONALES","link":"https:\/\/lasprimeras.com.do\/index.php\/category\/nacionales\/"},"img":{"alt_text":"Alfredo Pulinario","src":"https:\/\/i0.wp.com\/lasprimeras.com.do\/wp-content\/uploads\/2023\/11\/Alfredo-Pulinario.jpg?resize=350%2C200&ssl=1","width":350,"height":200,"srcset":"https:\/\/i0.wp.com\/lasprimeras.com.do\/wp-content\/uploads\/2023\/11\/Alfredo-Pulinario.jpg?resize=350%2C200&ssl=1 1x, https:\/\/i0.wp.com\/lasprimeras.com.do\/wp-content\/uploads\/2023\/11\/Alfredo-Pulinario.jpg?resize=525%2C300&ssl=1 1.5x, https:\/\/i0.wp.com\/lasprimeras.com.do\/wp-content\/uploads\/2023\/11\/Alfredo-Pulinario.jpg?resize=700%2C400&ssl=1 2x"},"classes":[]}],"jetpack_sharing_enabled":true,"_links":{"self":[{"href":"https:\/\/lasprimeras.com.do\/index.php\/wp-json\/wp\/v2\/posts\/82427","targetHints":{"allow":["GET"]}}],"collection":[{"href":"https:\/\/lasprimeras.com.do\/index.php\/wp-json\/wp\/v2\/posts"}],"about":[{"href":"https:\/\/lasprimeras.com.do\/index.php\/wp-json\/wp\/v2\/types\/post"}],"author":[{"embeddable":true,"href":"https:\/\/lasprimeras.com.do\/index.php\/wp-json\/wp\/v2\/users\/3"}],"replies":[{"embeddable":true,"href":"https:\/\/lasprimeras.com.do\/index.php\/wp-json\/wp\/v2\/comments?post=82427"}],"version-history":[{"count":1,"href":"https:\/\/lasprimeras.com.do\/index.php\/wp-json\/wp\/v2\/posts\/82427\/revisions"}],"predecessor-version":[{"id":82429,"href":"https:\/\/lasprimeras.com.do\/index.php\/wp-json\/wp\/v2\/posts\/82427\/revisions\/82429"}],"wp:featuredmedia":[{"embeddable":true,"href":"https:\/\/lasprimeras.com.do\/index.php\/wp-json\/wp\/v2\/media\/82428"}],"wp:attachment":[{"href":"https:\/\/lasprimeras.com.do\/index.php\/wp-json\/wp\/v2\/media?parent=82427"}],"wp:term":[{"taxonomy":"category","embeddable":true,"href":"https:\/\/lasprimeras.com.do\/index.php\/wp-json\/wp\/v2\/categories?post=82427"},{"taxonomy":"post_tag","embeddable":true,"href":"https:\/\/lasprimeras.com.do\/index.php\/wp-json\/wp\/v2\/tags?post=82427"}],"curies":[{"name":"wp","href":"https:\/\/api.w.org\/{rel}","templated":true}]}}