{"id":82433,"date":"2024-05-02T22:34:44","date_gmt":"2024-05-03T02:34:44","guid":{"rendered":"https:\/\/lasprimeras.com.do\/?p=82433"},"modified":"2024-05-02T22:58:31","modified_gmt":"2024-05-03T02:58:31","slug":"abinader-barriria","status":"publish","type":"post","link":"https:\/\/lasprimeras.com.do\/index.php\/2024\/05\/02\/abinader-barriria\/","title":{"rendered":"Abinader barrer\u00eda"},"content":{"rendered":"\n<p>Danilo Cruz Pichardo<\/p>\n\n\n\n<p>El d\u00eda 19 del presente mes se celebran en el pa\u00eds las elecciones presidenciales y legislativas y en lo que concierne a las primeras he sostenido, con&nbsp; mucha anticipaci\u00f3n, que el candidato del Partido Revolucionario Moderno es favorito y por un margen que podr\u00eda romper el r\u00e9cord porcentual hist\u00f3rico de los cert\u00e1menes comiciales registrados a ra\u00edz de mayo de 1978, que es cuando inicia la etapa de democracia, con sus defectos y virtudes.<\/p>\n\n\n\n<p>Por las estad\u00edsticas que ofrecen ciertas firmas encuestadoras, Luis Abinader podr\u00eda estar obteniendo un 63%, mientras que Leonel Fern\u00e1ndez, consolidado en segundo lugar durante m\u00e1s de tres a\u00f1os, alcanzar\u00eda un 25%, lo que equivale a una diferencia de 38 puntos, superior a la que le sac\u00f3 Hip\u00f3lito Mej\u00eda a Danilo Medina en el a\u00f1o 2000, que ascendi\u00f3 a 25%.<\/p>\n\n\n\n<p>&nbsp;(Soslayo adrede los resultados emitidos por la Junta Central Electoral del torneo del a\u00f1o 2016, por la sencilla raz\u00f3n de que no me merecen el menor cr\u00e9dito, aunque admito que el presidente Medina gan\u00f3 el proceso).<\/p>\n\n\n\n<p>En m\u00e1s de una entrega he venido levantando como argumento el eficiente trabajo publicitario implementado desde palacio, que, para sus fines, ha dado resultados positivos.<\/p>\n\n\n\n<p>Es cierto que por m\u00e1s de dos a\u00f1os Luis Abinader tuvo una intenci\u00f3n de votos que oscil\u00f3 entre el 40 y el 45%, pero el astron\u00f3mico n\u00famero recibido en las primarias del PRM&nbsp; &#8211;un 91 por ciento\u2014&nbsp; tuvo un enorme impacto electoral en toda la poblaci\u00f3n.<\/p>\n\n\n\n<p>Adem\u00e1s, el jefe de Estado tuvo la acertada visi\u00f3n de compactar a su partido, al lograr un entendimiento con aquellos l\u00edderes que fueron su competencia en las internas.<\/p>\n\n\n\n<p>De forma adicional, el primer mandatario supo adherirse unas 25 organizaciones minoritarias, por lo que su cara aparecer\u00eda en casi todos los recuadros de la boleta electoral. Con los resultados de las municipales de febrero la percepci\u00f3n de triunfo amplio, con miras al presente mes de mayo, se dispar\u00f3, dato que confirman todas las investigaciones de opini\u00f3n de firmas cre\u00edbles.<\/p>\n\n\n\n<p>Al pasar el evento electoral del 2020 la \u00fanica entidad pol\u00edtica que mostraba crecimiento era la Fuerza del Pueblo, pero no pudo reducir al PLD a su m\u00ednima expresi\u00f3n, como supo hacerlo el PRM con el PRD.<\/p>\n\n\n\n<p>Y es que si bien la Fuerza del Pueblo se benefici\u00f3 pol\u00edticamente de los procesos judiciales implementados por el Ministerio P\u00fablico contra figuras del PLD, ese crecimiento tuvo su techo. Despu\u00e9s fue el PRM que supo alzarse con una amplia franja de pelede\u00edstas de todo el pa\u00eds, empezando por legisladores, alcaldes y exalcaldes, as\u00ed como regidores.<\/p>\n\n\n\n<p>Esa fue una verdadera hemorragia sufrida por el PLD. Casi todos corrieron detr\u00e1s del presupuesto de la naci\u00f3n.<\/p>\n\n\n\n<p>Despu\u00e9s que una organizaci\u00f3n pol\u00edtica oferta una percepci\u00f3n de triunfo tan s\u00f3lida, como lo hace el PRM, los resultados finales se tornan irreversibles, m\u00e1xime ante una oposici\u00f3n fragmentada.<\/p>\n\n\n\n<p>Originalmente, se sabe, los porcentajes de la Fuerza del Pueblo y los del PLD no eran malos, pues el primero se vio coqueteando durante largo tiempo con el 30%, alcanzando un pico de un 34%.<\/p>\n\n\n\n<p>Y Abel Mart\u00ednez se lleg\u00f3 a juntar hasta con un 18%, lo que indica que si esas fuerzas se hubieran unidos oportunamente pudo haber competencia cerrada el d\u00eda 19, porque muchos de los pelede\u00edstas que se fueron pudieron haber retornado a su vieja casa.<\/p>\n\n\n\n<p>Al no formar una coalici\u00f3n, que acuda unificada a todos los niveles, no pudieron mantener esos n\u00fameros de forma separada y lo que han hecho es debilitarse.<\/p>\n\n\n\n<p>Hasta el propio PRD, que en las elecciones de 2016 y 2020 fue favorecido con m\u00e1s del 5% de los votos emitidos, anda rozando el piso, de conformidad a las encuestas.<\/p>\n\n\n\n<p>Pese a estad\u00edsticas que son evidentes, los candidatos de la Fuerza del Pueblo y del PLD mantienen discursos de campa\u00f1a en los que hablan de segunda vuelta. Es l\u00f3gico: si dicen la verdad a sus seguidores el \u00e1nimo se va al piso y muchos ni siquiera acudir\u00edan a sufragar el d\u00eda 19.<\/p>\n\n\n\n<p>Pero la verdad es que en nuestro pa\u00eds no hay cultura de segunda ronda, todas, exceptuando las elecciones de 1996, se han definido en la primera.<\/p>\n\n\n\n<p>E indistintamente de los datos que revelen las encuestas, el que no es fan\u00e1tico sabe hacer sus propias mediciones y tomar lo que se denomina el pulso pol\u00edtico electoral.<\/p>\n\n\n\n<p>En la campa\u00f1a del a\u00f1o 2004, en un art\u00edculo que publiqu\u00e9, dije que Leonel Fern\u00e1ndez ganar\u00eda ampliamente a Hip\u00f3lito Mej\u00eda. Adelant\u00e9 que el candidato del PLD obtendr\u00eda por primera vez m\u00e1s de dos millones de votos, cifra que nadie hab\u00eda obtenido hasta el momento. Los resultados fueron 57% contra 34%.<\/p>\n","protected":false},"excerpt":{"rendered":"<p>Danilo Cruz Pichardo El d\u00eda 19 del presente mes se celebran en el pa\u00eds las elecciones presidenciales y legislativas y en lo que concierne a las primeras he sostenido, con&nbsp;&hellip;<\/p>\n","protected":false},"author":2,"featured_media":78561,"comment_status":"open","ping_status":"open","sticky":false,"template":"","format":"standard","meta":{"content-type":"","jetpack_post_was_ever_published":false,"_jetpack_newsletter_access":"","_jetpack_dont_email_post_to_subs":false,"_jetpack_newsletter_tier_id":0,"_jetpack_memberships_contains_paywalled_content":false,"_jetpack_memberships_contains_paid_content":false,"footnotes":""},"categories":[95],"tags":[12762],"class_list":["post-82433","post","type-post","status-publish","format-standard","has-post-thumbnail","hentry","category-opinion","tag-abinader-barriria"],"jetpack_featured_media_url":"https:\/\/lasprimeras.com.do\/wp-content\/uploads\/2024\/03\/Luis-Abinader-5-e1710726563339.jpg","jetpack-related-posts":[{"id":101867,"url":"https:\/\/lasprimeras.com.do\/index.php\/2025\/06\/26\/abinader-se-reune-con-el-expresidente-danilo-medina-para-fortalecer-posicion-unificada-ante-crisis-haitiana\/","url_meta":{"origin":82433,"position":0},"title":"Abinader se re\u00fane con el expresidente Danilo Medina para fortalecer posici\u00f3n unificada ante crisis haitiana","author":"Nelson Feliz","date":"26 de junio de 2025","format":false,"excerpt":"El presidente de la Rep\u00fablica, Luis Abinader, sostuvo este jueves una reuni\u00f3n de alto nivel con el expresidente Danilo Medina, en la Casa Presidencial del Partido de la Liberaci\u00f3n Dominicana (PLD), con el objetivo de continuar el di\u00e1logo nacional en torno a la crisis que atraviesa Hait\u00ed y avanzar hacia\u2026","rel":"","context":"En \u00abPOLITICA\u00bb","block_context":{"text":"POLITICA","link":"https:\/\/lasprimeras.com.do\/index.php\/category\/politica\/"},"img":{"alt_text":"","src":"https:\/\/i0.wp.com\/lasprimeras.com.do\/wp-content\/uploads\/2025\/06\/Luis-Abinader-y-Danilo-Medina.jpg?resize=350%2C200&ssl=1","width":350,"height":200,"srcset":"https:\/\/i0.wp.com\/lasprimeras.com.do\/wp-content\/uploads\/2025\/06\/Luis-Abinader-y-Danilo-Medina.jpg?resize=350%2C200&ssl=1 1x, https:\/\/i0.wp.com\/lasprimeras.com.do\/wp-content\/uploads\/2025\/06\/Luis-Abinader-y-Danilo-Medina.jpg?resize=525%2C300&ssl=1 1.5x, https:\/\/i0.wp.com\/lasprimeras.com.do\/wp-content\/uploads\/2025\/06\/Luis-Abinader-y-Danilo-Medina.jpg?resize=700%2C400&ssl=1 2x"},"classes":[]},{"id":103965,"url":"https:\/\/lasprimeras.com.do\/index.php\/2025\/07\/20\/crece-corrupcion\/","url_meta":{"origin":82433,"position":1},"title":"Crece corrupci\u00f3n","author":"Nelson Feliz","date":"20 de julio de 2025","format":false,"excerpt":"Por Danilo Cruz Pichardo En pocos meses la vice podr\u00eda tener una poderosa estructura nacional, porque los propios funcionarios se sumar\u00edan, interpretando la se\u00f1a de forma oportuna e inteligente. En un r\u00e1pido ejercicio contable se juntaron hace unos d\u00edas 13 esc\u00e1ndalos de corrupci\u00f3n p\u00fablica en diferentes \u00f3rganos estatales, que incluyen\u2026","rel":"","context":"En \u00abOPINI\u00d3N\u00bb","block_context":{"text":"OPINI\u00d3N","link":"https:\/\/lasprimeras.com.do\/index.php\/category\/opinion\/"},"img":{"alt_text":"","src":"https:\/\/i0.wp.com\/lasprimeras.com.do\/wp-content\/uploads\/2024\/03\/danilo-cruz-pichardo-casa-800x444-1.jpg?resize=350%2C200&ssl=1","width":350,"height":200,"srcset":"https:\/\/i0.wp.com\/lasprimeras.com.do\/wp-content\/uploads\/2024\/03\/danilo-cruz-pichardo-casa-800x444-1.jpg?resize=350%2C200&ssl=1 1x, https:\/\/i0.wp.com\/lasprimeras.com.do\/wp-content\/uploads\/2024\/03\/danilo-cruz-pichardo-casa-800x444-1.jpg?resize=525%2C300&ssl=1 1.5x, https:\/\/i0.wp.com\/lasprimeras.com.do\/wp-content\/uploads\/2024\/03\/danilo-cruz-pichardo-casa-800x444-1.jpg?resize=700%2C400&ssl=1 2x"},"classes":[]},{"id":106648,"url":"https:\/\/lasprimeras.com.do\/index.php\/2025\/08\/17\/danilo-medina-no-hay-punto-de-comparacion-entre-la-gestion-de-abinader-y-la-del-pld\/","url_meta":{"origin":82433,"position":2},"title":"Danilo Medina: \u201cNo hay punto de comparaci\u00f3n entre la gesti\u00f3n de Abinader y la del PLD\u201d","author":"Nelson Feliz","date":"17 de agosto de 2025","format":false,"excerpt":"Los apagones se deben al descuido del gobierno, porque no siguieron el plan indicador que dej\u00f3 el PLD para seguir construyendo plantas para suplir la demanda adicional que surge cada a\u00f1o, afirm\u00f3 Danilo Medina. El expresidente de la Rep\u00fablica y actual presidente del Partido de la Liberaci\u00f3n Dominicana (PLD), Danilo\u2026","rel":"","context":"En \u00abPOLITICA\u00bb","block_context":{"text":"POLITICA","link":"https:\/\/lasprimeras.com.do\/index.php\/category\/politica\/"},"img":{"alt_text":"","src":"https:\/\/i0.wp.com\/lasprimeras.com.do\/wp-content\/uploads\/2025\/08\/Danilo-V.1.jpg?resize=350%2C200&ssl=1","width":350,"height":200,"srcset":"https:\/\/i0.wp.com\/lasprimeras.com.do\/wp-content\/uploads\/2025\/08\/Danilo-V.1.jpg?resize=350%2C200&ssl=1 1x, https:\/\/i0.wp.com\/lasprimeras.com.do\/wp-content\/uploads\/2025\/08\/Danilo-V.1.jpg?resize=525%2C300&ssl=1 1.5x, https:\/\/i0.wp.com\/lasprimeras.com.do\/wp-content\/uploads\/2025\/08\/Danilo-V.1.jpg?resize=700%2C400&ssl=1 2x"},"classes":[]},{"id":104110,"url":"https:\/\/lasprimeras.com.do\/index.php\/2025\/07\/21\/abinader-defiende-designacion-de-magin-diaz-en-hacienda-y-dice-no-hay-planes-especiales\/","url_meta":{"origin":82433,"position":3},"title":"Abinader defiende designaci\u00f3n de Mag\u00edn D\u00edaz en Hacienda y dice no hay &#8220;planes especiales&#8221;","author":"Nelson Feliz","date":"21 de julio de 2025","format":false,"excerpt":"El presidente Luis Abinader defendi\u00f3 este lunes la designaci\u00f3n de Mag\u00edn D\u00edaz como nuevo ministro de Hacienda, resaltando su perfil t\u00e9cnico y su trayectoria al servicio de distintos gobiernos desde el a\u00f1o 2000. \"Mag\u00edn fue subsecretario en el gobierno de Hip\u00f3lito Mej\u00eda, subsecretario de Finanzas en ese momento. Y ha\u2026","rel":"","context":"En \u00abPOLITICA\u00bb","block_context":{"text":"POLITICA","link":"https:\/\/lasprimeras.com.do\/index.php\/category\/politica\/"},"img":{"alt_text":"","src":"https:\/\/i0.wp.com\/lasprimeras.com.do\/wp-content\/uploads\/2025\/07\/Luis-Abinader-5.jpg?resize=350%2C200&ssl=1","width":350,"height":200,"srcset":"https:\/\/i0.wp.com\/lasprimeras.com.do\/wp-content\/uploads\/2025\/07\/Luis-Abinader-5.jpg?resize=350%2C200&ssl=1 1x, https:\/\/i0.wp.com\/lasprimeras.com.do\/wp-content\/uploads\/2025\/07\/Luis-Abinader-5.jpg?resize=525%2C300&ssl=1 1.5x, https:\/\/i0.wp.com\/lasprimeras.com.do\/wp-content\/uploads\/2025\/07\/Luis-Abinader-5.jpg?resize=700%2C400&ssl=1 2x"},"classes":[]},{"id":107340,"url":"https:\/\/lasprimeras.com.do\/index.php\/2025\/08\/26\/centro-agroforestal-fue-inaugurado-en-gestion-de-danilo-medina\/","url_meta":{"origin":82433,"position":4},"title":"Centro Agroforestal fue inaugurado en gesti\u00f3n de Danilo Medina","author":"Nelson Feliz","date":"26 de agosto de 2025","format":false,"excerpt":"El PLD le responde al Presidente Abinader. Ratifica el Centro de Capacitaci\u00f3n Agroforestal en Bohech\u00edo fue entregado por Danilo Medina en 2018 El Partido de la Liberaci\u00f3n Dominicana (PLD) ratific\u00f3 las declaraciones del pasado domingo de su Presidente, Danilo Medina, quien aclar\u00f3 que el Centro Regional de Capacitaci\u00f3n Agroforestal en\u2026","rel":"","context":"En \u00abPOLITICA\u00bb","block_context":{"text":"POLITICA","link":"https:\/\/lasprimeras.com.do\/index.php\/category\/politica\/"},"img":{"alt_text":"","src":"https:\/\/i0.wp.com\/lasprimeras.com.do\/wp-content\/uploads\/2025\/08\/Danilo-Medina-1.jpg?resize=350%2C200&ssl=1","width":350,"height":200,"srcset":"https:\/\/i0.wp.com\/lasprimeras.com.do\/wp-content\/uploads\/2025\/08\/Danilo-Medina-1.jpg?resize=350%2C200&ssl=1 1x, https:\/\/i0.wp.com\/lasprimeras.com.do\/wp-content\/uploads\/2025\/08\/Danilo-Medina-1.jpg?resize=525%2C300&ssl=1 1.5x, https:\/\/i0.wp.com\/lasprimeras.com.do\/wp-content\/uploads\/2025\/08\/Danilo-Medina-1.jpg?resize=700%2C400&ssl=1 2x"},"classes":[]},{"id":102268,"url":"https:\/\/lasprimeras.com.do\/index.php\/2025\/07\/02\/abinader-visitara-este-jueves-al-expresidente-leonel-fernandez-para-continuar-dialogo-sobre-crisis-haitiana\/","url_meta":{"origin":82433,"position":5},"title":"Abinader visitar\u00e1 este jueves al expresidente Leonel Fern\u00e1ndez para continuar di\u00e1logo sobre crisis haitiana","author":"Nelson Feliz","date":"2 de julio de 2025","format":false,"excerpt":"La visita se realizar\u00e1 a las 11:00 a.m. en la Fundaci\u00f3n Global Democracia y Desarrollo (FUNGLODE) El presidente Luis Abinader visitar\u00e1 este jueves al exmandatario Leonel Fern\u00e1ndez para continuar el proceso de di\u00e1logo con el fin de abordar de manera conjunta y responsable la crisis haitiana y sus implicaciones para\u2026","rel":"","context":"En \u00abNACIONALES\u00bb","block_context":{"text":"NACIONALES","link":"https:\/\/lasprimeras.com.do\/index.php\/category\/nacionales\/"},"img":{"alt_text":"","src":"https:\/\/i0.wp.com\/lasprimeras.com.do\/wp-content\/uploads\/2025\/07\/Luis-Abinader-7.jpg?resize=350%2C200&ssl=1","width":350,"height":200,"srcset":"https:\/\/i0.wp.com\/lasprimeras.com.do\/wp-content\/uploads\/2025\/07\/Luis-Abinader-7.jpg?resize=350%2C200&ssl=1 1x, https:\/\/i0.wp.com\/lasprimeras.com.do\/wp-content\/uploads\/2025\/07\/Luis-Abinader-7.jpg?resize=525%2C300&ssl=1 1.5x, https:\/\/i0.wp.com\/lasprimeras.com.do\/wp-content\/uploads\/2025\/07\/Luis-Abinader-7.jpg?resize=700%2C400&ssl=1 2x"},"classes":[]}],"jetpack_sharing_enabled":true,"_links":{"self":[{"href":"https:\/\/lasprimeras.com.do\/index.php\/wp-json\/wp\/v2\/posts\/82433","targetHints":{"allow":["GET"]}}],"collection":[{"href":"https:\/\/lasprimeras.com.do\/index.php\/wp-json\/wp\/v2\/posts"}],"about":[{"href":"https:\/\/lasprimeras.com.do\/index.php\/wp-json\/wp\/v2\/types\/post"}],"author":[{"embeddable":true,"href":"https:\/\/lasprimeras.com.do\/index.php\/wp-json\/wp\/v2\/users\/2"}],"replies":[{"embeddable":true,"href":"https:\/\/lasprimeras.com.do\/index.php\/wp-json\/wp\/v2\/comments?post=82433"}],"version-history":[{"count":2,"href":"https:\/\/lasprimeras.com.do\/index.php\/wp-json\/wp\/v2\/posts\/82433\/revisions"}],"predecessor-version":[{"id":82438,"href":"https:\/\/lasprimeras.com.do\/index.php\/wp-json\/wp\/v2\/posts\/82433\/revisions\/82438"}],"wp:featuredmedia":[{"embeddable":true,"href":"https:\/\/lasprimeras.com.do\/index.php\/wp-json\/wp\/v2\/media\/78561"}],"wp:attachment":[{"href":"https:\/\/lasprimeras.com.do\/index.php\/wp-json\/wp\/v2\/media?parent=82433"}],"wp:term":[{"taxonomy":"category","embeddable":true,"href":"https:\/\/lasprimeras.com.do\/index.php\/wp-json\/wp\/v2\/categories?post=82433"},{"taxonomy":"post_tag","embeddable":true,"href":"https:\/\/lasprimeras.com.do\/index.php\/wp-json\/wp\/v2\/tags?post=82433"}],"curies":[{"name":"wp","href":"https:\/\/api.w.org\/{rel}","templated":true}]}}