{"id":82445,"date":"2024-05-03T07:38:18","date_gmt":"2024-05-03T11:38:18","guid":{"rendered":"https:\/\/lasprimeras.com.do\/?p=82445"},"modified":"2024-05-03T07:38:19","modified_gmt":"2024-05-03T11:38:19","slug":"muere-pareja-de-maria-celeste-arraras","status":"publish","type":"post","link":"https:\/\/lasprimeras.com.do\/index.php\/2024\/05\/03\/muere-pareja-de-maria-celeste-arraras\/","title":{"rendered":"Muere pareja de Mar\u00eda Celeste Arrar\u00e1s"},"content":{"rendered":"\n<p>La comunicadora puertorrique\u00f1a Mar\u00eda Celeste Arrar\u00e1s revel\u00f3 este jueves que su pareja muri\u00f3 repentinamente de un infarto fulminante, mientras hac\u00eda ejercicios.<\/p>\n\n\n\n<p>La periodista dio a conocer la informaci\u00f3n en una publicaci\u00f3n en su Instagram, donde comparti\u00f3 im\u00e1genes junto a su novio.<\/p>\n\n\n\n<p>&#8220;Con profunda tristeza comparto la repentina muerte de mi pareja, Ra\u00fal, quien falleci\u00f3 de un infarto fulminante mientras se ejercitaba&#8221;, escribi\u00f3 Arrar\u00e1s.<\/p>\n\n\n\n<p>&#8220;Es incre\u00edble como una persona tan positiva y llena de vida, una persona que nos dio tanto\u2026se haya ido de un momento para otro. Es dif\u00edcil de asimilar. Este es, sin duda, mi post m\u00e1s doloroso. \u00a1Ya lo extra\u00f1amos!&#8221;, afirm\u00f3.<\/p>\n\n\n\n<p>Una de las escasas declaraciones de Arrar\u00e1s sobre su vida sentimental fue en abril de 2004, cuando anunci\u00f3, a trav\u00e9s de la revista People en Espa\u00f1ol, su separaci\u00f3n del abogado Manny Arves\u00fa, con quien se cas\u00f3 en 1996 y procre\u00f3 dos hijos y adopt\u00f3 uno en Mosc\u00fa, Rusia.<\/p>\n\n\n\n<p>El a\u00f1o pasado, tambi\u00e9n confes\u00f3 ser &#8220;muy afortunada en el amor&#8221; y que su coraz\u00f3n ten\u00eda due\u00f1o tras su divorcio.<\/p>\n","protected":false},"excerpt":{"rendered":"<p>La comunicadora puertorrique\u00f1a Mar\u00eda Celeste Arrar\u00e1s revel\u00f3 este jueves que su pareja muri\u00f3 repentinamente de un infarto fulminante, mientras hac\u00eda ejercicios. La periodista dio a conocer la informaci\u00f3n en una&hellip;<\/p>\n","protected":false},"author":3,"featured_media":82446,"comment_status":"open","ping_status":"open","sticky":false,"template":"","format":"standard","meta":{"content-type":"","jetpack_post_was_ever_published":false,"_jetpack_newsletter_access":"","_jetpack_dont_email_post_to_subs":false,"_jetpack_newsletter_tier_id":0,"_jetpack_memberships_contains_paywalled_content":false,"_jetpack_memberships_contains_paid_content":false,"footnotes":""},"categories":[84],"tags":[1311],"class_list":["post-82445","post","type-post","status-publish","format-standard","has-post-thumbnail","hentry","category-entretenimiento","tag-pareja"],"jetpack_featured_media_url":"https:\/\/lasprimeras.com.do\/wp-content\/uploads\/2024\/05\/Diseno-sin-titulo-2.jpg","jetpack-related-posts":[{"id":49450,"url":"https:\/\/lasprimeras.com.do\/index.php\/2023\/05\/11\/muere-de-un-infarto-fulminante-sargento-policial-adscripta-a-digesett\/","url_meta":{"origin":82445,"position":0},"title":"Muere de un infarto fulminante sargento policial adscripta a DIGESETT","author":"prenxa100","date":"11 de mayo de 2023","format":false,"excerpt":"LA ROMANA, RD.- Una sargento policial adscripta a la Direcci\u00f3n General de Seguridad de Tr\u00e1nsito y Transporte Terrestre (DIGESETT), muere de infarto fulminante mientras le\u00eda un libro. Se trata de Patricia Griffith, de 33 a\u00f1os, qui\u00e9n fue sorprendida de forma repentina por un aparente paro card\u00edaco. La f\u00e9mina estuvo en\u2026","rel":"","context":"En \u00abNACIONALES\u00bb","block_context":{"text":"NACIONALES","link":"https:\/\/lasprimeras.com.do\/index.php\/category\/nacionales\/"},"img":{"alt_text":"","src":"","width":0,"height":0},"classes":[]},{"id":64141,"url":"https:\/\/lasprimeras.com.do\/index.php\/2023\/10\/18\/fallecio-de-un-infarto-fulminante-el-locutor-y-periodista-thomas-guerrero\/","url_meta":{"origin":82445,"position":1},"title":"Falleci\u00f3 de un infarto fulminante el locutor y periodista Thomas Guerrero","author":"Nelson Feliz","date":"18 de octubre de 2023","format":false,"excerpt":"Falleci\u00f3 a causa de un infarto fulminante la ma\u00f1ana de este mi\u00e9rcoles el destacado periodista y locutor Thomas Guerrero, en su resudencia en la provincia Sama\u00f1\u00e1. Guerrero, fue encontrado muerto por sus familiares, quienes dieron la voz de alerta. El comunicador labor\u00f3 por mucho tiempo, en Radio Comercial, La Voz\u2026","rel":"","context":"En \u00abNACIONALES\u00bb","block_context":{"text":"NACIONALES","link":"https:\/\/lasprimeras.com.do\/index.php\/category\/nacionales\/"},"img":{"alt_text":"Thomas Guerrero","src":"https:\/\/i0.wp.com\/lasprimeras.com.do\/wp-content\/uploads\/2023\/10\/WhatsApp-Image-2023-10-18-at-8.04.26-AM.jpeg?resize=350%2C200&ssl=1","width":350,"height":200,"srcset":"https:\/\/i0.wp.com\/lasprimeras.com.do\/wp-content\/uploads\/2023\/10\/WhatsApp-Image-2023-10-18-at-8.04.26-AM.jpeg?resize=350%2C200&ssl=1 1x, https:\/\/i0.wp.com\/lasprimeras.com.do\/wp-content\/uploads\/2023\/10\/WhatsApp-Image-2023-10-18-at-8.04.26-AM.jpeg?resize=525%2C300&ssl=1 1.5x, https:\/\/i0.wp.com\/lasprimeras.com.do\/wp-content\/uploads\/2023\/10\/WhatsApp-Image-2023-10-18-at-8.04.26-AM.jpeg?resize=700%2C400&ssl=1 2x, https:\/\/i0.wp.com\/lasprimeras.com.do\/wp-content\/uploads\/2023\/10\/WhatsApp-Image-2023-10-18-at-8.04.26-AM.jpeg?resize=1050%2C600&ssl=1 3x"},"classes":[]},{"id":59330,"url":"https:\/\/lasprimeras.com.do\/index.php\/2023\/09\/02\/un-hombre-muere-de-infarto-fulminante-en-un-consultorio-de-veragua\/","url_meta":{"origin":82445,"position":2},"title":"Un hombre muere de infarto fulminante en un consultorio de Veragua","author":"Nelson Feliz","date":"2 de septiembre de 2023","format":false,"excerpt":"Por: Wellington de Jes\u00fas Mart\u00ednez Falleci\u00f3 un hombre en el consultorio del Dr. G\u00f3mez \u00a0en Veragua, municipio Gaspar Hern\u00e1ndez, cuando este presentaba s\u00edntomas de la asfixia, que resultaron ser de una falla cardiaca. El caso se report\u00f3 hoy en la zona de Veragua, seg\u00fan indicaron las autoridades. El reporte, el\u2026","rel":"","context":"En \u00abNACIONALES\u00bb","block_context":{"text":"NACIONALES","link":"https:\/\/lasprimeras.com.do\/index.php\/category\/nacionales\/"},"img":{"alt_text":"Efrain Pe\u00f1a","src":"https:\/\/i0.wp.com\/lasprimeras.com.do\/wp-content\/uploads\/2023\/09\/Efrain-Pena.jpg?resize=350%2C200&ssl=1","width":350,"height":200,"srcset":"https:\/\/i0.wp.com\/lasprimeras.com.do\/wp-content\/uploads\/2023\/09\/Efrain-Pena.jpg?resize=350%2C200&ssl=1 1x, https:\/\/i0.wp.com\/lasprimeras.com.do\/wp-content\/uploads\/2023\/09\/Efrain-Pena.jpg?resize=525%2C300&ssl=1 1.5x, https:\/\/i0.wp.com\/lasprimeras.com.do\/wp-content\/uploads\/2023\/09\/Efrain-Pena.jpg?resize=700%2C400&ssl=1 2x"},"classes":[]},{"id":59390,"url":"https:\/\/lasprimeras.com.do\/index.php\/2023\/09\/03\/muere-de-un-infarto-la-hija-del-ex-senador-amilcar-romero\/","url_meta":{"origin":82445,"position":3},"title":"Muere de un infarto la hija del ex senador Am\u00edlcar Romero","author":"Nelson Feliz","date":"3 de septiembre de 2023","format":false,"excerpt":"Fallece la hija del exsenador Amilcar Romero y la comunicadora Saskia Jorge, Shaira Romero Jorge, de un infarto fulminante. Seg\u00fan informan, Romero Jorge, de 42 a\u00f1os, dej\u00f3 dos ni\u00f1os en la orfandad.Esta muri\u00f3 en un Aeropuerto de Per\u00fa, donde se encontraba de vacaciones con su pareja. Asimismo, reportan que su\u2026","rel":"","context":"En \u00abNACIONALES\u00bb","block_context":{"text":"NACIONALES","link":"https:\/\/lasprimeras.com.do\/index.php\/category\/nacionales\/"},"img":{"alt_text":"Shaira Romero Jorge","src":"https:\/\/i0.wp.com\/lasprimeras.com.do\/wp-content\/uploads\/2023\/09\/Shaira-Romero-Jorge.jpeg?resize=350%2C200&ssl=1","width":350,"height":200,"srcset":"https:\/\/i0.wp.com\/lasprimeras.com.do\/wp-content\/uploads\/2023\/09\/Shaira-Romero-Jorge.jpeg?resize=350%2C200&ssl=1 1x, https:\/\/i0.wp.com\/lasprimeras.com.do\/wp-content\/uploads\/2023\/09\/Shaira-Romero-Jorge.jpeg?resize=525%2C300&ssl=1 1.5x, https:\/\/i0.wp.com\/lasprimeras.com.do\/wp-content\/uploads\/2023\/09\/Shaira-Romero-Jorge.jpeg?resize=700%2C400&ssl=1 2x"},"classes":[]},{"id":123512,"url":"https:\/\/lasprimeras.com.do\/index.php\/2026\/03\/01\/hombre-muere-al-sufrir-un-infarto-fulminante-en-barahona\/","url_meta":{"origin":82445,"position":4},"title":"Hombre muere al sufrir un infarto fulminante en Barahona","author":"Nelson Feliz","date":"1 de marzo de 2026","format":false,"excerpt":"Un hombre de avanzada edad conocido como \u201cF\u00e9lix\u201d, murio la ma\u00f1ana de hoy al sufrir un infarto furminante en la calle El\u00edas Gonz\u00e1lez del barrio Juan Pablo Duarte, en Barahona. Personas que se encontraban en las inmediaciones alertaron a las autoridades tras percatarse de la situaci\u00f3n. El hecho caus\u00f3 consternaci\u00f3n\u2026","rel":"","context":"En \u00abNACIONALES\u00bb","block_context":{"text":"NACIONALES","link":"https:\/\/lasprimeras.com.do\/index.php\/category\/nacionales\/"},"img":{"alt_text":"","src":"https:\/\/i0.wp.com\/lasprimeras.com.do\/wp-content\/uploads\/2026\/03\/muere.jpg?resize=350%2C200&ssl=1","width":350,"height":200},"classes":[]},{"id":59686,"url":"https:\/\/lasprimeras.com.do\/index.php\/2023\/09\/06\/muere-de-infarto-un-hermano-de-el-viejo-liopo-a-pocas-horas-del-sepelio-de-este\/","url_meta":{"origin":82445,"position":5},"title":"Muere de infarto un hermano de \u201cEl Viejo Liopo\u201d a pocas horas del sepelio de \u00e9ste","author":"Nelson Feliz","date":"6 de septiembre de 2023","format":false,"excerpt":"Los restos de Miguel Severino, ser\u00e1n velados este mi\u00e9rcoles en la \u201cFuneraria del Pueblo 2\u201d, en San Pedro de Macor\u00eds A pocas horas de haber sido sepultado Leopoldo Severino \u201cEl Viejo Liopo\u201d, su hermano Miguel Severino falleci\u00f3 tras supuestamente sufrir un infarto fulminante en San Pedro de Macor\u00eds (SPM). Seg\u00fan\u2026","rel":"","context":"En \u00abNACIONALES\u00bb","block_context":{"text":"NACIONALES","link":"https:\/\/lasprimeras.com.do\/index.php\/category\/nacionales\/"},"img":{"alt_text":"Miguel Severino, hermano de El Viejo Liopo","src":"https:\/\/i0.wp.com\/lasprimeras.com.do\/wp-content\/uploads\/2023\/09\/Miguel-Severino-hermano-de-El-Viejo-Liopo.jpeg?resize=350%2C200&ssl=1","width":350,"height":200,"srcset":"https:\/\/i0.wp.com\/lasprimeras.com.do\/wp-content\/uploads\/2023\/09\/Miguel-Severino-hermano-de-El-Viejo-Liopo.jpeg?resize=350%2C200&ssl=1 1x, https:\/\/i0.wp.com\/lasprimeras.com.do\/wp-content\/uploads\/2023\/09\/Miguel-Severino-hermano-de-El-Viejo-Liopo.jpeg?resize=525%2C300&ssl=1 1.5x, https:\/\/i0.wp.com\/lasprimeras.com.do\/wp-content\/uploads\/2023\/09\/Miguel-Severino-hermano-de-El-Viejo-Liopo.jpeg?resize=700%2C400&ssl=1 2x"},"classes":[]}],"jetpack_sharing_enabled":true,"_links":{"self":[{"href":"https:\/\/lasprimeras.com.do\/index.php\/wp-json\/wp\/v2\/posts\/82445","targetHints":{"allow":["GET"]}}],"collection":[{"href":"https:\/\/lasprimeras.com.do\/index.php\/wp-json\/wp\/v2\/posts"}],"about":[{"href":"https:\/\/lasprimeras.com.do\/index.php\/wp-json\/wp\/v2\/types\/post"}],"author":[{"embeddable":true,"href":"https:\/\/lasprimeras.com.do\/index.php\/wp-json\/wp\/v2\/users\/3"}],"replies":[{"embeddable":true,"href":"https:\/\/lasprimeras.com.do\/index.php\/wp-json\/wp\/v2\/comments?post=82445"}],"version-history":[{"count":1,"href":"https:\/\/lasprimeras.com.do\/index.php\/wp-json\/wp\/v2\/posts\/82445\/revisions"}],"predecessor-version":[{"id":82447,"href":"https:\/\/lasprimeras.com.do\/index.php\/wp-json\/wp\/v2\/posts\/82445\/revisions\/82447"}],"wp:featuredmedia":[{"embeddable":true,"href":"https:\/\/lasprimeras.com.do\/index.php\/wp-json\/wp\/v2\/media\/82446"}],"wp:attachment":[{"href":"https:\/\/lasprimeras.com.do\/index.php\/wp-json\/wp\/v2\/media?parent=82445"}],"wp:term":[{"taxonomy":"category","embeddable":true,"href":"https:\/\/lasprimeras.com.do\/index.php\/wp-json\/wp\/v2\/categories?post=82445"},{"taxonomy":"post_tag","embeddable":true,"href":"https:\/\/lasprimeras.com.do\/index.php\/wp-json\/wp\/v2\/tags?post=82445"}],"curies":[{"name":"wp","href":"https:\/\/api.w.org\/{rel}","templated":true}]}}