{"id":82454,"date":"2024-05-03T07:43:16","date_gmt":"2024-05-03T11:43:16","guid":{"rendered":"https:\/\/lasprimeras.com.do\/?p=82454"},"modified":"2024-05-03T07:43:18","modified_gmt":"2024-05-03T11:43:18","slug":"leonel-propone-un-modelo-economico-incluyente-para-eliminar-la-desigualdad-social","status":"publish","type":"post","link":"https:\/\/lasprimeras.com.do\/index.php\/2024\/05\/03\/leonel-propone-un-modelo-economico-incluyente-para-eliminar-la-desigualdad-social\/","title":{"rendered":"Leonel propone un modelo econ\u00f3mico incluyente para eliminar la desigualdad social"},"content":{"rendered":"\n<p>SANTO DOMINGO.- El candidato presidencial por el partido Fuerza del Pueblo, Leonel Fern\u00e1ndez, propuso esta noche un modelo econ\u00f3mico incluyente que permita eliminar la desigualdad social que, consider\u00f3, se ha instalado en el pa\u00eds.<\/p>\n\n\n\n<p>Indic\u00f3 que la Rep\u00fablica Dominicana est\u00e1 obligada a hacer el tr\u00e1nsito de un modelo econ\u00f3mico en que prevalezca la informalidad en el mercado laboral hacia uno formal.<\/p>\n\n\n\n<p>Se\u00f1al\u00f3 que si bien es cierto que durante los \u00faltimos 50 a\u00f1os la Rep\u00fablica Dominicana a progresado en base el modelo econ\u00f3mico que tiene, sin embargo \u00abhay un factor que vamos viendo y es que la desigualdad social se ha instalado en la Rep\u00fablica Dominicana, y parte de esa desigualdad social tiene que ver con el empleo informal, por tanto, adem\u00e1s de seguir creciendo, el modelo econ\u00f3mico tiene que ser socialmente incluyente, es la din\u00e1mica que faltaba y que tenemos que mirar hacia adelante como lo incluimos\u201d.<\/p>\n\n\n\n<p>En ese sentido, precis\u00f3 que para hacer la transici\u00f3n hacia la formalidad se requiere la intervenci\u00f3n del Estado, creando las condiciones adecuadas con capacitaci\u00f3n, permitir el acceso al cr\u00e9dito blando, exonerar el pago del impuesto durante un periodo prudente, que pueden ser cinco a\u00f1os, eliminar el anticipo a las micro, peque\u00f1as y medianas empresas, crear mercados en el exterior, tecnolog\u00eda, entre otros.<\/p>\n\n\n\n<p>Al participar en \u201cLa Propuesta de los Candidatos\u201d, del Grupo de Comunicaciones Corripio, Fern\u00e1ndez tambi\u00e9n se refiri\u00f3 a la inflaci\u00f3n y dijo que la mejor manera de enfrentarla es aumentado la producci\u00f3n.<\/p>\n\n\n\n<p>\u00abEn la medida en que usted logra aumentar la producci\u00f3n, aumenta la oferta y como consecuencia bajan los precios\u00bb, se\u00f1al\u00f3.<\/p>\n\n\n\n<p>Critic\u00f3 las medidas que ha implementado el Gobierno para enfrentar la inflaci\u00f3n, las cuales calific\u00f3 de err\u00f3neas.<\/p>\n\n\n\n<p>\u00abEl Gobierno primero quiso resolver el tema de la inflaci\u00f3n estableciendo acuerdos o pactos con el sector comercial, no dio resultados; los programas del gobierno no funcionaron y autorizaron importaci\u00f3n exentos de aranceles lo que afectaba al sector productivo nacional\u00bb, agreg\u00f3.<\/p>\n","protected":false},"excerpt":{"rendered":"<p>SANTO DOMINGO.- El candidato presidencial por el partido Fuerza del Pueblo, Leonel Fern\u00e1ndez, propuso esta noche un modelo econ\u00f3mico incluyente que permita eliminar la desigualdad social que, consider\u00f3, se ha&hellip;<\/p>\n","protected":false},"author":3,"featured_media":82455,"comment_status":"open","ping_status":"open","sticky":false,"template":"","format":"standard","meta":{"content-type":"","jetpack_post_was_ever_published":false,"_jetpack_newsletter_access":"","_jetpack_dont_email_post_to_subs":false,"_jetpack_newsletter_tier_id":0,"_jetpack_memberships_contains_paywalled_content":false,"_jetpack_memberships_contains_paid_content":false,"footnotes":""},"categories":[1],"tags":[51],"class_list":["post-82454","post","type-post","status-publish","format-standard","has-post-thumbnail","hentry","category-sin-categoria","tag-leonel-fernandez"],"jetpack_featured_media_url":"https:\/\/lasprimeras.com.do\/wp-content\/uploads\/2024\/05\/Diseno-sin-titulo-2-1.jpg","jetpack-related-posts":[{"id":118801,"url":"https:\/\/lasprimeras.com.do\/index.php\/2026\/01\/03\/la-desigualdad-en-el-mundo\/","url_meta":{"origin":82454,"position":0},"title":"La Desigualdad en el Mundo","author":"Nelson Feliz","date":"3 de enero de 2026","format":false,"excerpt":"Por: Luis Fern\u00e1ndez La desigualdad en el mundo se ha intensificado, lo que revela una brecha cada vez mayor y profunda en la distribuci\u00f3n del ingreso y la riqueza en el mundo, lo que es fruto de una concentraci\u00f3n extrema de poder econ\u00f3mico en las elites globales, donde el 10%\u2026","rel":"","context":"En \u00abOPINI\u00d3N\u00bb","block_context":{"text":"OPINI\u00d3N","link":"https:\/\/lasprimeras.com.do\/index.php\/category\/opinion\/"},"img":{"alt_text":"Luis Fern\u00e1ndez","src":"https:\/\/i0.wp.com\/lasprimeras.com.do\/wp-content\/uploads\/2024\/03\/Luis-Fernandez.jpg?resize=350%2C200&ssl=1","width":350,"height":200,"srcset":"https:\/\/i0.wp.com\/lasprimeras.com.do\/wp-content\/uploads\/2024\/03\/Luis-Fernandez.jpg?resize=350%2C200&ssl=1 1x, https:\/\/i0.wp.com\/lasprimeras.com.do\/wp-content\/uploads\/2024\/03\/Luis-Fernandez.jpg?resize=525%2C300&ssl=1 1.5x"},"classes":[]},{"id":116325,"url":"https:\/\/lasprimeras.com.do\/index.php\/2025\/11\/29\/leonel-fernandez-denuncia-crisis-social-y-economica-en-republica-dominicana\/","url_meta":{"origin":82454,"position":1},"title":"Leonel Fern\u00e1ndez denuncia crisis social y econ\u00f3mica en Rep\u00fablica Dominicana","author":"Nelson Feliz","date":"29 de noviembre de 2025","format":false,"excerpt":"El expresidente Leonel Fern\u00e1ndez afirm\u00f3 este s\u00e1bado que el pa\u00eds atraviesa una dif\u00edcil situaci\u00f3n, debido a la volatilidad de la tasa de cambio, la inseguridad ciudadana, los apagones, la disminuci\u00f3n del poder adquisitivo, la falta de agua y la desaceleraci\u00f3n y decrecimiento de la econom\u00eda. En v\u00edspera de la marcha\u2026","rel":"","context":"En \u00abPOLITICA\u00bb","block_context":{"text":"POLITICA","link":"https:\/\/lasprimeras.com.do\/index.php\/category\/politica\/"},"img":{"alt_text":"Leonel Fern\u00e1ndez","src":"https:\/\/i0.wp.com\/lasprimeras.com.do\/wp-content\/uploads\/2025\/09\/Leonel-Fernandez.jpeg?resize=350%2C200&ssl=1","width":350,"height":200,"srcset":"https:\/\/i0.wp.com\/lasprimeras.com.do\/wp-content\/uploads\/2025\/09\/Leonel-Fernandez.jpeg?resize=350%2C200&ssl=1 1x, https:\/\/i0.wp.com\/lasprimeras.com.do\/wp-content\/uploads\/2025\/09\/Leonel-Fernandez.jpeg?resize=525%2C300&ssl=1 1.5x, https:\/\/i0.wp.com\/lasprimeras.com.do\/wp-content\/uploads\/2025\/09\/Leonel-Fernandez.jpeg?resize=700%2C400&ssl=1 2x"},"classes":[]},{"id":122604,"url":"https:\/\/lasprimeras.com.do\/index.php\/2026\/02\/19\/leonel-fernandez-participa-como-orador-principal-en-el-montessori-model-un-en-la-sede-de-las-naciones-unidas\/","url_meta":{"origin":82454,"position":2},"title":"Leonel Fern\u00e1ndez participa como orador principal en el Montessori Model UN en la sede de las Naciones Unidas","author":"Nelson Feliz","date":"19 de febrero de 2026","format":false,"excerpt":"Nueva York.- El expresidente de la Rep\u00fablica Dominicana, Leonel Fern\u00e1ndez, particip\u00f3 como orador principal en el Montessori Model United Nations (MMUN), celebrado en el Sal\u00f3n de la Asamblea General de la sede de las Naciones Unidas, en la ciudad de Nueva York. Fern\u00e1ndez fue invitado en su calidad de presidente\u2026","rel":"","context":"En \u00abPOLITICA\u00bb","block_context":{"text":"POLITICA","link":"https:\/\/lasprimeras.com.do\/index.php\/category\/politica\/"},"img":{"alt_text":"Leonel Fern\u00e1ndez","src":"https:\/\/i0.wp.com\/lasprimeras.com.do\/wp-content\/uploads\/2026\/02\/Leonel-Fernandez-3-2.jpg?resize=350%2C200&ssl=1","width":350,"height":200,"srcset":"https:\/\/i0.wp.com\/lasprimeras.com.do\/wp-content\/uploads\/2026\/02\/Leonel-Fernandez-3-2.jpg?resize=350%2C200&ssl=1 1x, https:\/\/i0.wp.com\/lasprimeras.com.do\/wp-content\/uploads\/2026\/02\/Leonel-Fernandez-3-2.jpg?resize=525%2C300&ssl=1 1.5x, https:\/\/i0.wp.com\/lasprimeras.com.do\/wp-content\/uploads\/2026\/02\/Leonel-Fernandez-3-2.jpg?resize=700%2C400&ssl=1 2x"},"classes":[]},{"id":118270,"url":"https:\/\/lasprimeras.com.do\/index.php\/2025\/12\/26\/garcia-fermin-califica-de-infundados-vaticinios-de-leonel-fernandez\/","url_meta":{"origin":82454,"position":3},"title":"Garc\u00eda Ferm\u00edn califica de infundados vaticinios de Leonel Fern\u00e1ndez","author":"Nelson Feliz","date":"26 de diciembre de 2025","format":false,"excerpt":"Miembro de la Direcci\u00f3n Ejecutiva del Partido Revolucionario Moderno (PRM), destaca solidez de RD Las recientes declaraciones del presidente del partido Fuerza del Pueblo, Leonel Fern\u00e1ndez, describiendo a la Rep\u00fablica Dominicana como un pa\u00eds en \u201cruinas\u201d y sumido en una supuesta par\u00e1lisis econ\u00f3mica, no solo son infundadas, sino que distorsionan\u2026","rel":"","context":"En \u00abPOLITICA\u00bb","block_context":{"text":"POLITICA","link":"https:\/\/lasprimeras.com.do\/index.php\/category\/politica\/"},"img":{"alt_text":"","src":"https:\/\/i0.wp.com\/lasprimeras.com.do\/wp-content\/uploads\/2025\/09\/Franklin-Garcia-Fermin.jpg?resize=350%2C200&ssl=1","width":350,"height":200,"srcset":"https:\/\/i0.wp.com\/lasprimeras.com.do\/wp-content\/uploads\/2025\/09\/Franklin-Garcia-Fermin.jpg?resize=350%2C200&ssl=1 1x, https:\/\/i0.wp.com\/lasprimeras.com.do\/wp-content\/uploads\/2025\/09\/Franklin-Garcia-Fermin.jpg?resize=525%2C300&ssl=1 1.5x, https:\/\/i0.wp.com\/lasprimeras.com.do\/wp-content\/uploads\/2025\/09\/Franklin-Garcia-Fermin.jpg?resize=700%2C400&ssl=1 2x"},"classes":[]},{"id":102805,"url":"https:\/\/lasprimeras.com.do\/index.php\/2025\/07\/08\/leonel-fernandez-la-humanidad-necesita-una-ia-mas-incluyente-que-empodere-a-las-personas\/","url_meta":{"origin":82454,"position":4},"title":"Leonel Fern\u00e1ndez: La humanidad necesita una IA m\u00e1s incluyente, \u201cque empodere a las personas\u201d","author":"Nelson Feliz","date":"8 de julio de 2025","format":false,"excerpt":"Durante la apertura del V Foro Global @ Casa de Campo, el expresidente dominicano hizo un recorrido hist\u00f3rico sobre el desarrollo de la IA y alert\u00f3 sobre sus retos \u00e9ticos, geopol\u00edticos y sociales. El expresidente de la Rep\u00fablica, Leonel Fern\u00e1ndez, afirm\u00f3 que la humanidad necesita una inteligencia artificial \u201cm\u00e1s incluyente,\u2026","rel":"","context":"En \u00abNACIONALES\u00bb","block_context":{"text":"NACIONALES","link":"https:\/\/lasprimeras.com.do\/index.php\/category\/nacionales\/"},"img":{"alt_text":"Leonel Fern\u00e1ndez","src":"https:\/\/i0.wp.com\/lasprimeras.com.do\/wp-content\/uploads\/2025\/07\/Leonel-Fernandez-1.jpg?resize=350%2C200&ssl=1","width":350,"height":200,"srcset":"https:\/\/i0.wp.com\/lasprimeras.com.do\/wp-content\/uploads\/2025\/07\/Leonel-Fernandez-1.jpg?resize=350%2C200&ssl=1 1x, https:\/\/i0.wp.com\/lasprimeras.com.do\/wp-content\/uploads\/2025\/07\/Leonel-Fernandez-1.jpg?resize=525%2C300&ssl=1 1.5x, https:\/\/i0.wp.com\/lasprimeras.com.do\/wp-content\/uploads\/2025\/07\/Leonel-Fernandez-1.jpg?resize=700%2C400&ssl=1 2x"},"classes":[]},{"id":118117,"url":"https:\/\/lasprimeras.com.do\/index.php\/2025\/12\/22\/leonel-la-gran-estafa-a-los-pobres-con-senasa-marca-un-ano-horrible-para-la-republica-dominicana\/","url_meta":{"origin":82454,"position":5},"title":"Leonel: \u201cLa gran estafa a los pobres con SeNaSa marca un a\u00f1o horrible para la Rep\u00fablica Dominicana\u201d","author":"Nelson Feliz","date":"22 de diciembre de 2025","format":false,"excerpt":"LF afirma que el gobierno del PRM \u201cno tiene forma de recuperar la confianza de la gente\u201d. El presidente del partido Fuerza del Pueblo (FP) y expresidente de la Rep\u00fablica, Leonel Fern\u00e1ndez, calific\u00f3 el a\u00f1o 2025 como \u201cun a\u00f1o horrible para la Rep\u00fablica Dominicana\u201d, al presentar un balance cr\u00edtico de\u2026","rel":"","context":"En \u00abPOLITICA\u00bb","block_context":{"text":"POLITICA","link":"https:\/\/lasprimeras.com.do\/index.php\/category\/politica\/"},"img":{"alt_text":"Leonel Fern\u00e1ndez","src":"https:\/\/i0.wp.com\/lasprimeras.com.do\/wp-content\/uploads\/2025\/12\/Leonel-Fernandez-2.jpg?resize=350%2C200&ssl=1","width":350,"height":200,"srcset":"https:\/\/i0.wp.com\/lasprimeras.com.do\/wp-content\/uploads\/2025\/12\/Leonel-Fernandez-2.jpg?resize=350%2C200&ssl=1 1x, https:\/\/i0.wp.com\/lasprimeras.com.do\/wp-content\/uploads\/2025\/12\/Leonel-Fernandez-2.jpg?resize=525%2C300&ssl=1 1.5x, https:\/\/i0.wp.com\/lasprimeras.com.do\/wp-content\/uploads\/2025\/12\/Leonel-Fernandez-2.jpg?resize=700%2C400&ssl=1 2x"},"classes":[]}],"jetpack_sharing_enabled":true,"_links":{"self":[{"href":"https:\/\/lasprimeras.com.do\/index.php\/wp-json\/wp\/v2\/posts\/82454","targetHints":{"allow":["GET"]}}],"collection":[{"href":"https:\/\/lasprimeras.com.do\/index.php\/wp-json\/wp\/v2\/posts"}],"about":[{"href":"https:\/\/lasprimeras.com.do\/index.php\/wp-json\/wp\/v2\/types\/post"}],"author":[{"embeddable":true,"href":"https:\/\/lasprimeras.com.do\/index.php\/wp-json\/wp\/v2\/users\/3"}],"replies":[{"embeddable":true,"href":"https:\/\/lasprimeras.com.do\/index.php\/wp-json\/wp\/v2\/comments?post=82454"}],"version-history":[{"count":1,"href":"https:\/\/lasprimeras.com.do\/index.php\/wp-json\/wp\/v2\/posts\/82454\/revisions"}],"predecessor-version":[{"id":82456,"href":"https:\/\/lasprimeras.com.do\/index.php\/wp-json\/wp\/v2\/posts\/82454\/revisions\/82456"}],"wp:featuredmedia":[{"embeddable":true,"href":"https:\/\/lasprimeras.com.do\/index.php\/wp-json\/wp\/v2\/media\/82455"}],"wp:attachment":[{"href":"https:\/\/lasprimeras.com.do\/index.php\/wp-json\/wp\/v2\/media?parent=82454"}],"wp:term":[{"taxonomy":"category","embeddable":true,"href":"https:\/\/lasprimeras.com.do\/index.php\/wp-json\/wp\/v2\/categories?post=82454"},{"taxonomy":"post_tag","embeddable":true,"href":"https:\/\/lasprimeras.com.do\/index.php\/wp-json\/wp\/v2\/tags?post=82454"}],"curies":[{"name":"wp","href":"https:\/\/api.w.org\/{rel}","templated":true}]}}