{"id":82457,"date":"2024-05-03T07:45:48","date_gmt":"2024-05-03T11:45:48","guid":{"rendered":"https:\/\/lasprimeras.com.do\/?p=82457"},"modified":"2024-05-03T07:45:49","modified_gmt":"2024-05-03T11:45:49","slug":"minerd-aumenta-8-a-maestros-adp-exige-20","status":"publish","type":"post","link":"https:\/\/lasprimeras.com.do\/index.php\/2024\/05\/03\/minerd-aumenta-8-a-maestros-adp-exige-20\/","title":{"rendered":"Minerd aumenta 8% a maestros; ADP exige 20%"},"content":{"rendered":"\n<p>Los recientes paros de docencia, marchas y amenazas de nuevas paralizaciones a nivel nacional por parte de la Asociaci\u00f3n Dominicana de Profesores (ADP) para exigir el aumento de un 20 % salarial, pusieron r\u00e1pido al Ministerio de Educaci\u00f3n, que ayer respondi\u00f3 con un incremento de un 8% al salario base de todos los docentes, efectivo a partir de este 1ro de mayo.<\/p>\n\n\n\n<p>En consecuencia, el gremio convoc\u00f3 a Asamblea General, que tendr\u00e1 lugar hoy para fijar posici\u00f3n sobre la medida oficial, que no responde en su totalidad a la propuesta de un 20 % de aumento salarial que demanda el sindicato.<\/p>\n\n\n\n<p>Actualmente, el sueldo base del docente es de RD$50,833.56, por lo que este aumento de un 8 por ciento representar\u00e1 RD$4,066 adicionales, elevando su salario a RD$54,899.<\/p>\n\n\n\n<p>La intensificaci\u00f3n en las movilizaciones de los maestros interrumpe un calendario escolar que concluye el pr\u00f3ximo mes y a su vez se da en la recta final de una campa\u00f1a electoral y a solo tres semanas de las Elecciones Presidenciales y Congresuales.<\/p>\n\n\n\n<p>Con un panorama cargado de incertidumbre, el ministro de Educaci\u00f3n, \u00c1ngel Est\u00e9vez, anunci\u00f3 la medida en una rueda de prensa, que no cont\u00f3 con la presencia de representantes de la ADP.<\/p>\n\n\n\n<p>En compa\u00f1\u00eda de t\u00e9cnicos del ministerio, el titular de Educaci\u00f3n procedi\u00f3 a leer el comunicado en el que ratifica que continuar\u00e1 cumpliendo con los dem\u00e1s acuerdos establecidos con el gremio y trabajando en una mesa de di\u00e1logo permanente para abordar los desaf\u00edos que enfrenta el sector educativo.<\/p>\n\n\n\n<p>No obstante, el Ministerio de Educaci\u00f3n solicit\u00f3 a la ADP que \u201ccumpla con lo acordado de no suspender la docencia, de no hacer paros que impidan el derecho a la educaci\u00f3n que tienen los ni\u00f1os, ni\u00f1as y adolescentes del pa\u00eds, sobre todo los m\u00e1s pobres, los m\u00e1s necesitados de una educaci\u00f3n de calidad\u201d<br>La instituci\u00f3n precis\u00f3 que el aumento del 8% al salario base de todos los docentes implica RD$5,174.5 millones adicionales en lo que resta del a\u00f1o y en el 2025 RD$7,474.2 millones aproximadamente.<\/p>\n\n\n\n<p>\u201cEs necesario recordar que hace menos de 2 a\u00f1os se aplic\u00f3 un aumento salarial de un 10%, por lo que esta gesti\u00f3n gubernamental ha realizado un incremento hist\u00f3rico de un 18% al salario de los docentes. Adem\u00e1s, en 2023 se hizo un aumento de un 7% a los directores de centros educativos y un aumento a los jubilados y pensionados. Todas estas acciones corresponden al compromiso con el bienestar y la dignidad de los que forman a las futuras generaciones\u201d, resalt\u00f3.<\/p>\n","protected":false},"excerpt":{"rendered":"<p>Los recientes paros de docencia, marchas y amenazas de nuevas paralizaciones a nivel nacional por parte de la Asociaci\u00f3n Dominicana de Profesores (ADP) para exigir el aumento de un 20&hellip;<\/p>\n","protected":false},"author":3,"featured_media":82458,"comment_status":"open","ping_status":"open","sticky":false,"template":"","format":"standard","meta":{"content-type":"","jetpack_post_was_ever_published":false,"_jetpack_newsletter_access":"","_jetpack_dont_email_post_to_subs":false,"_jetpack_newsletter_tier_id":0,"_jetpack_memberships_contains_paywalled_content":false,"_jetpack_memberships_contains_paid_content":false,"footnotes":""},"categories":[25],"tags":[882],"class_list":["post-82457","post","type-post","status-publish","format-standard","has-post-thumbnail","hentry","category-portada","tag-adp"],"jetpack_featured_media_url":"https:\/\/lasprimeras.com.do\/wp-content\/uploads\/2024\/05\/Diseno-sin-titulo-2.webp","jetpack-related-posts":[{"id":81303,"url":"https:\/\/lasprimeras.com.do\/index.php\/2024\/04\/19\/adp-reclama-aumento-salarial-acordado-a-los-maestros\/","url_meta":{"origin":82457,"position":0},"title":"ADP reclama aumento salarial acordado a los maestros","author":"BIMARY DE JES\u00daS Matos","date":"19 de abril de 2024","format":false,"excerpt":"SAN FRANCISCO DE MACORIS.- La Asociaci\u00f3n Dominicana de Profesores (ADP) aprob\u00f3 un plan de lucha que incluye una manifestaci\u00f3n frente a la sede del Ministerio de Educaci\u00f3n el pr\u00f3ximo 23 de abril, en demanda de que se cumpla lo acordado con relaci\u00f3n al aumento salarial para los docentes. El presidente\u2026","rel":"","context":"En \u00abNACIONALES\u00bb","block_context":{"text":"NACIONALES","link":"https:\/\/lasprimeras.com.do\/index.php\/category\/nacionales\/"},"img":{"alt_text":"","src":"https:\/\/i0.wp.com\/lasprimeras.com.do\/wp-content\/uploads\/2024\/04\/6a0c8a05-4f4b-48f5-a1d9-1ad180753c4a-7.webp?resize=350%2C200&ssl=1","width":350,"height":200,"srcset":"https:\/\/i0.wp.com\/lasprimeras.com.do\/wp-content\/uploads\/2024\/04\/6a0c8a05-4f4b-48f5-a1d9-1ad180753c4a-7.webp?resize=350%2C200&ssl=1 1x, https:\/\/i0.wp.com\/lasprimeras.com.do\/wp-content\/uploads\/2024\/04\/6a0c8a05-4f4b-48f5-a1d9-1ad180753c4a-7.webp?resize=525%2C300&ssl=1 1.5x, https:\/\/i0.wp.com\/lasprimeras.com.do\/wp-content\/uploads\/2024\/04\/6a0c8a05-4f4b-48f5-a1d9-1ad180753c4a-7.webp?resize=700%2C400&ssl=1 2x"},"classes":[]},{"id":81647,"url":"https:\/\/lasprimeras.com.do\/index.php\/2024\/04\/23\/cientos-de-maestros-se-manifiestan-frente-al-ministerio-de-educacion-para-exigir-un-aumento-salarial\/","url_meta":{"origin":82457,"position":1},"title":"Cientos de maestros se manifiestan frente al Ministerio de Educaci\u00f3n para exigir un aumento salarial","author":"BIMARY DE JES\u00daS Matos","date":"23 de abril de 2024","format":false,"excerpt":"Santo Domingo.- Con pancartas en mano, centros de maestros y maestras se est\u00e1n manifestando en estos momentos frente a la sede del Ministerio de Educaci\u00f3n de la Rep\u00fablica (Minerd), exigiendo un aumento salarial del 20% que fue acordado con las autoridades. Bajo el lema \u00abADP (Asociaci\u00f3n Dominicana de Profesores) unida,\u2026","rel":"","context":"En \u00abNACIONALES\u00bb","block_context":{"text":"NACIONALES","link":"https:\/\/lasprimeras.com.do\/index.php\/category\/nacionales\/"},"img":{"alt_text":"","src":"https:\/\/i0.wp.com\/lasprimeras.com.do\/wp-content\/uploads\/2024\/04\/WhatsApp-Image-2024-04-23-at-10.32.54-AM-1.jpeg?resize=350%2C200&ssl=1","width":350,"height":200,"srcset":"https:\/\/i0.wp.com\/lasprimeras.com.do\/wp-content\/uploads\/2024\/04\/WhatsApp-Image-2024-04-23-at-10.32.54-AM-1.jpeg?resize=350%2C200&ssl=1 1x, https:\/\/i0.wp.com\/lasprimeras.com.do\/wp-content\/uploads\/2024\/04\/WhatsApp-Image-2024-04-23-at-10.32.54-AM-1.jpeg?resize=525%2C300&ssl=1 1.5x"},"classes":[]},{"id":82922,"url":"https:\/\/lasprimeras.com.do\/index.php\/2024\/05\/09\/minerd-lleva-a-un-10-el-aumento-salarial-de-los-maestros\/","url_meta":{"origin":82457,"position":2},"title":"Minerd lleva a un 10% el aumento salarial de los maestros","author":"BIMARY DE JES\u00daS Matos","date":"9 de mayo de 2024","format":false,"excerpt":"Santo Domingo. El Ministerio de Educaci\u00f3n (Minerd) elev\u00f3 este mi\u00e9rcoles un 2 % adicional a la aplicaci\u00f3n del incremento salarial de un 8% que hab\u00eda dispuesto para los maestros. El aumento del 10 % que los maestros recibir\u00e1n sobre su salario base, ser\u00e1 a partir del mes de junio del\u2026","rel":"","context":"En \u00abPORTADA\u00bb","block_context":{"text":"PORTADA","link":"https:\/\/lasprimeras.com.do\/index.php\/category\/portada\/"},"img":{"alt_text":"","src":"https:\/\/i0.wp.com\/lasprimeras.com.do\/wp-content\/uploads\/2024\/05\/ADP-Y-EDUCACION.jpeg?resize=350%2C200&ssl=1","width":350,"height":200,"srcset":"https:\/\/i0.wp.com\/lasprimeras.com.do\/wp-content\/uploads\/2024\/05\/ADP-Y-EDUCACION.jpeg?resize=350%2C200&ssl=1 1x, https:\/\/i0.wp.com\/lasprimeras.com.do\/wp-content\/uploads\/2024\/05\/ADP-Y-EDUCACION.jpeg?resize=525%2C300&ssl=1 1.5x, https:\/\/i0.wp.com\/lasprimeras.com.do\/wp-content\/uploads\/2024\/05\/ADP-Y-EDUCACION.jpeg?resize=700%2C400&ssl=1 2x, https:\/\/i0.wp.com\/lasprimeras.com.do\/wp-content\/uploads\/2024\/05\/ADP-Y-EDUCACION.jpeg?resize=1050%2C600&ssl=1 3x, https:\/\/i0.wp.com\/lasprimeras.com.do\/wp-content\/uploads\/2024\/05\/ADP-Y-EDUCACION.jpeg?resize=1400%2C800&ssl=1 4x"},"classes":[]},{"id":82900,"url":"https:\/\/lasprimeras.com.do\/index.php\/2024\/05\/08\/educacion-y-adp-llegan-acuerdo-que-incluye-aumento-de-salarios\/","url_meta":{"origin":82457,"position":3},"title":"Educaci\u00f3n y ADP llegan acuerdo que incluye aumento de salarios","author":"Nelson Feliz","date":"8 de mayo de 2024","format":false,"excerpt":"El Ministerio de Educaci\u00f3n y la Asociaci\u00f3n Dominicana de Profesores (ADP) alcanzaron este mi\u00e9rcoles un acuerdo de varios puntos, entre los que se incluye un aumento salarial para los docentes. As\u00ed lo inform\u00f3 Enrique de Le\u00f3n, quien form\u00f3 parte de una comisi\u00f3n de expresidentes del gremio que se reuni\u00f3 con\u2026","rel":"","context":"En \u00abECONOM\u00cdA\u00bb","block_context":{"text":"ECONOM\u00cdA","link":"https:\/\/lasprimeras.com.do\/index.php\/category\/economia\/"},"img":{"alt_text":"","src":"https:\/\/i0.wp.com\/lasprimeras.com.do\/wp-content\/uploads\/2024\/05\/ADP-Y-EDUCACION.jpeg?resize=350%2C200&ssl=1","width":350,"height":200,"srcset":"https:\/\/i0.wp.com\/lasprimeras.com.do\/wp-content\/uploads\/2024\/05\/ADP-Y-EDUCACION.jpeg?resize=350%2C200&ssl=1 1x, https:\/\/i0.wp.com\/lasprimeras.com.do\/wp-content\/uploads\/2024\/05\/ADP-Y-EDUCACION.jpeg?resize=525%2C300&ssl=1 1.5x, https:\/\/i0.wp.com\/lasprimeras.com.do\/wp-content\/uploads\/2024\/05\/ADP-Y-EDUCACION.jpeg?resize=700%2C400&ssl=1 2x, https:\/\/i0.wp.com\/lasprimeras.com.do\/wp-content\/uploads\/2024\/05\/ADP-Y-EDUCACION.jpeg?resize=1050%2C600&ssl=1 3x, https:\/\/i0.wp.com\/lasprimeras.com.do\/wp-content\/uploads\/2024\/05\/ADP-Y-EDUCACION.jpeg?resize=1400%2C800&ssl=1 4x"},"classes":[]},{"id":51043,"url":"https:\/\/lasprimeras.com.do\/index.php\/2023\/05\/26\/maestros-protestan-frente-a-educacion-exigiendo-aumentos-salariales\/","url_meta":{"origin":82457,"position":4},"title":"Maestros protestan frente a Educaci\u00f3n exigiendo aumentos salariales","author":"prenxa100","date":"26 de mayo de 2023","format":false,"excerpt":"Santo Domingo, RD.-.Cientos de maestros de todas las regionales y distritos educativos del pa\u00eds se apostaron este viernes frente a las instalaciones del Ministerio de Educaci\u00f3n (Minerd) para exigir a la dependencia una serie de reivindicaciones para el colectivo. Acogiendo el llamado a concentraci\u00f3n realizado por la Asociaci\u00f3n Dominicana de\u2026","rel":"","context":"En \u00abNACIONALES\u00bb","block_context":{"text":"NACIONALES","link":"https:\/\/lasprimeras.com.do\/index.php\/category\/nacionales\/"},"img":{"alt_text":"","src":"","width":0,"height":0},"classes":[]},{"id":80189,"url":"https:\/\/lasprimeras.com.do\/index.php\/2024\/04\/05\/gobierno-plantea-un-aumento-de-4-a-7-del-salario-de-20-que-espera-adp\/","url_meta":{"origin":82457,"position":5},"title":"Gobierno plantea un aumento de 4 a 7 % del salario, de 20 que espera ADP","author":"BIMARY DE JES\u00daS Matos","date":"5 de abril de 2024","format":false,"excerpt":"Santo Domingo.-Tras una revisi\u00f3n exhaustiva sobre la disponibilidad presupuestaria que maneja el Ministerio de Educaci\u00f3n, este le ofert\u00f3 un incremento salarial de un 4 a un 7 por ciento al sector magisterial de un 20 que plantea a la Asociaci\u00f3n Dominicana de Profesores (ADP). El tema qued\u00f3 para ser discutido\u2026","rel":"","context":"En \u00abPORTADA\u00bb","block_context":{"text":"PORTADA","link":"https:\/\/lasprimeras.com.do\/index.php\/category\/portada\/"},"img":{"alt_text":"","src":"https:\/\/i0.wp.com\/lasprimeras.com.do\/wp-content\/uploads\/2024\/04\/4_Nacionales_5_1p01.jpg?resize=350%2C200&ssl=1","width":350,"height":200,"srcset":"https:\/\/i0.wp.com\/lasprimeras.com.do\/wp-content\/uploads\/2024\/04\/4_Nacionales_5_1p01.jpg?resize=350%2C200&ssl=1 1x, https:\/\/i0.wp.com\/lasprimeras.com.do\/wp-content\/uploads\/2024\/04\/4_Nacionales_5_1p01.jpg?resize=525%2C300&ssl=1 1.5x, https:\/\/i0.wp.com\/lasprimeras.com.do\/wp-content\/uploads\/2024\/04\/4_Nacionales_5_1p01.jpg?resize=700%2C400&ssl=1 2x, https:\/\/i0.wp.com\/lasprimeras.com.do\/wp-content\/uploads\/2024\/04\/4_Nacionales_5_1p01.jpg?resize=1050%2C600&ssl=1 3x, https:\/\/i0.wp.com\/lasprimeras.com.do\/wp-content\/uploads\/2024\/04\/4_Nacionales_5_1p01.jpg?resize=1400%2C800&ssl=1 4x"},"classes":[]}],"jetpack_sharing_enabled":true,"_links":{"self":[{"href":"https:\/\/lasprimeras.com.do\/index.php\/wp-json\/wp\/v2\/posts\/82457","targetHints":{"allow":["GET"]}}],"collection":[{"href":"https:\/\/lasprimeras.com.do\/index.php\/wp-json\/wp\/v2\/posts"}],"about":[{"href":"https:\/\/lasprimeras.com.do\/index.php\/wp-json\/wp\/v2\/types\/post"}],"author":[{"embeddable":true,"href":"https:\/\/lasprimeras.com.do\/index.php\/wp-json\/wp\/v2\/users\/3"}],"replies":[{"embeddable":true,"href":"https:\/\/lasprimeras.com.do\/index.php\/wp-json\/wp\/v2\/comments?post=82457"}],"version-history":[{"count":1,"href":"https:\/\/lasprimeras.com.do\/index.php\/wp-json\/wp\/v2\/posts\/82457\/revisions"}],"predecessor-version":[{"id":82459,"href":"https:\/\/lasprimeras.com.do\/index.php\/wp-json\/wp\/v2\/posts\/82457\/revisions\/82459"}],"wp:featuredmedia":[{"embeddable":true,"href":"https:\/\/lasprimeras.com.do\/index.php\/wp-json\/wp\/v2\/media\/82458"}],"wp:attachment":[{"href":"https:\/\/lasprimeras.com.do\/index.php\/wp-json\/wp\/v2\/media?parent=82457"}],"wp:term":[{"taxonomy":"category","embeddable":true,"href":"https:\/\/lasprimeras.com.do\/index.php\/wp-json\/wp\/v2\/categories?post=82457"},{"taxonomy":"post_tag","embeddable":true,"href":"https:\/\/lasprimeras.com.do\/index.php\/wp-json\/wp\/v2\/tags?post=82457"}],"curies":[{"name":"wp","href":"https:\/\/api.w.org\/{rel}","templated":true}]}}