{"id":82460,"date":"2024-05-03T09:33:19","date_gmt":"2024-05-03T13:33:19","guid":{"rendered":"https:\/\/lasprimeras.com.do\/?p=82460"},"modified":"2024-05-03T09:33:20","modified_gmt":"2024-05-03T13:33:20","slug":"leonel-plantea-plan-para-crear-nuevos-empleos","status":"publish","type":"post","link":"https:\/\/lasprimeras.com.do\/index.php\/2024\/05\/03\/leonel-plantea-plan-para-crear-nuevos-empleos\/","title":{"rendered":"Leonel plantea plan para crear nuevos empleos"},"content":{"rendered":"\n<p>SANTO DOMINGO.- El candidato a la Presidencia de la Rep\u00fablica, por el partido Fuerza del Pueblo y aliados, present\u00f3 este jueves, en la noche, su visi\u00f3n de c\u00f3mo crear nuevos empleos en la Rep\u00fablica Dominicana.<\/p>\n\n\n\n<p>Leonel Fern\u00e1ndez particip\u00f3 como invitado del programa especial del Grupo de Comunicaciones Corripio, en el que los candidatos presidenciales presentan sus propuestas de gobierno.<\/p>\n\n\n\n<p>Al abordar el tema de del desempleo, que actualmente agobia a los dominicanos, Fern\u00e1ndez asegur\u00f3 que el problema del desempleo representa un serio desaf\u00edo para el nuevo gobierno.<\/p>\n\n\n\n<p>En ese sentido, dijo que las cifras que se han dado oficialmente indican que el empleo formal, en la Rep\u00fablica Dominicana, no ha podido llegar a m\u00e1s de 8 mil nuevos empleos, en \u00faltimos tres a\u00f1os.<\/p>\n\n\n\n<p>Fern\u00e1ndez revel\u00f3 que la tesorer\u00eda de la Seguridad Social est\u00e1 reportando una p\u00e9rdida significativa de empleos, en relaci\u00f3n con febrero del a\u00f1o pasado.<\/p>\n\n\n\n<p>\u201cEn Rep\u00fablica Dominicana, en el 2019, el a\u00f1o de la pre-pandemia, ten\u00edamos 2.3 millones de empleados en el sector formal, en la actualidad, en el 2024 tenemos 2.31 millones\u201d, precis\u00f3.<\/p>\n\n\n\n<p>En esta gesti\u00f3n de gobierno ha aumentado el empleo, en el sector informal, se\u00f1alando que habido un incremento de 238,000 empleos de manera informal.<\/p>\n\n\n\n<p>\u201cPero no queremos empleos informales\u201d, subray\u00f3 Fern\u00e1ndez, manifestado que lo que se requiere son empleos formales, que les permita a las personas tener un contrato de trabajo, que s\u00ed le da la seguridad y la certeza del empleo.<\/p>\n\n\n\n<p>Se\u00f1al\u00f3 que el empleo formal, le da a la persona el poder de ser integrado a la seguridad social, tener derecho a una pensi\u00f3n. \u201cEn fin, eso es lo que permite la formalidad\u201d expres\u00f3 el l\u00edder de la oposici\u00f3n dominicana.<\/p>\n\n\n\n<p>Fern\u00e1ndez resalta que en el pa\u00eds, hoy d\u00eda, \u201ctenemos altos niveles de desocupados. Tenemos los desalentados, que son aquellos que durante m\u00e1s de un a\u00f1o han estado buscando el empleo y no lo han encontrado y han desistido de eso, que es un n\u00famero tambi\u00e9n significativo\u201d.<\/p>\n\n\n\n<p>De igual manera, Leonel Fern\u00e1ndez platea que para lograr una adecuada pol\u00edtica de empleo, \u201clo primero es que la econom\u00eda tiene que crecer, y tiene que crecer a un ritmo no menor de un 5% anual. Eso produce un empleo org\u00e1nico\u201d.<\/p>\n\n\n\n<p>Plante\u00f3, igualmente, que los gobiernos deben tener, tambi\u00e9n, pol\u00edticas proactivas.<\/p>\n\n\n\n<p>En ese sentido, el l\u00edder opositor propuso, para generar empleo, que los estudiantes vayan de pasant\u00eda, por ejemplo, un a\u00f1o al gobierno, el cual podr\u00eda cubrir los salarios.<\/p>\n\n\n\n<p>Tambi\u00e9n propone tener pol\u00edtica de incentivo fiscal, de manera que se pueda generar empleos.<\/p>\n\n\n\n<p>Asimismo, Fern\u00e1ndez plantea la implementaci\u00f3n de pol\u00edticas de g\u00e9nero, crear oportunidades para que la mujer pueda ingresar al mercado laboral y promover el emprendedurismo.<\/p>\n\n\n\n<p>El l\u00edder pol\u00edtico sugiri\u00f3 crear incubadoras de empresas, que el gobierno pueda intervenir, en ese aspecto, en t\u00e9rminos de capacitaci\u00f3n, en el aspecto legal de la constituci\u00f3n de la empresa, ayudar en el mercadeo de la incorporaci\u00f3n de ese bien o de ese servicio al mercado, en la medida en que esa empresa vaya creciendo.<\/p>\n\n\n\n<p>La creaci\u00f3n de una aceleradora de empresa, facilitando m\u00e1s acceso al capital, es otra de las propuestas de Leonel Fern\u00e1ndez para crear los empleos que hacen falta en el pa\u00eds.<\/p>\n\n\n\n<p>Finalmente, Fern\u00e1ndez insisti\u00f3 que el estancamiento en el mercado laboral en Rep\u00fablica Dominicana, en los \u00faltimos a\u00f1os, es porque la econom\u00eda no ha crecido como ha pretendido el gobierno. El crecimiento es apenas un 1.9% en promedio anual.<\/p>\n\n\n\n<p>En el encuentro, el l\u00edder opositor abord\u00f3 un conjunto de temas, en especial los establecidos en su programa de gobierno que contiene 2024 propuestas para el desarrollo de la Rep\u00fablica Dominicana.<\/p>\n\n\n\n<p><\/p>\n","protected":false},"excerpt":{"rendered":"<p>SANTO DOMINGO.- El candidato a la Presidencia de la Rep\u00fablica, por el partido Fuerza del Pueblo y aliados, present\u00f3 este jueves, en la noche, su visi\u00f3n de c\u00f3mo crear nuevos&hellip;<\/p>\n","protected":false},"author":3,"featured_media":82461,"comment_status":"open","ping_status":"open","sticky":false,"template":"","format":"standard","meta":{"content-type":"","jetpack_post_was_ever_published":false,"_jetpack_newsletter_access":"","_jetpack_dont_email_post_to_subs":false,"_jetpack_newsletter_tier_id":0,"_jetpack_memberships_contains_paywalled_content":false,"_jetpack_memberships_contains_paid_content":false,"footnotes":""},"categories":[25],"tags":[51],"class_list":["post-82460","post","type-post","status-publish","format-standard","has-post-thumbnail","hentry","category-portada","tag-leonel-fernandez"],"jetpack_featured_media_url":"https:\/\/lasprimeras.com.do\/wp-content\/uploads\/2024\/05\/IMG-20240503-WA0011-scaled.jpg","jetpack-related-posts":[{"id":126127,"url":"https:\/\/lasprimeras.com.do\/index.php\/2026\/03\/29\/leonel-afirma-que-los-precios-ya-subian-por-la-ineficiencia-del-prm\/","url_meta":{"origin":82460,"position":0},"title":"Leonel afirma que los precios ya sub\u00edan por la ineficiencia del PRM","author":"Nelson Feliz","date":"29 de marzo de 2026","format":false,"excerpt":"El expresidente asegura que el pueblo dominicano se siente frustrado y afirma que el Gobierno del PRM no est\u00e1 para excusas, sino para resolver los problemas del pa\u00eds. Hermanas Mirabal.\u2013 El presidente del partido Fuerza del Pueblo (FP) y expresidente de la Rep\u00fablica, Leonel Fern\u00e1ndez, afirm\u00f3 que el alza en\u2026","rel":"","context":"En \u00abECONOM\u00cdA\u00bb","block_context":{"text":"ECONOM\u00cdA","link":"https:\/\/lasprimeras.com.do\/index.php\/category\/economia\/"},"img":{"alt_text":"Leonel Fern\u00e1ndez","src":"https:\/\/i0.wp.com\/lasprimeras.com.do\/wp-content\/uploads\/2026\/03\/Leonel-Fernandez.jpg?resize=350%2C200&ssl=1","width":350,"height":200,"srcset":"https:\/\/i0.wp.com\/lasprimeras.com.do\/wp-content\/uploads\/2026\/03\/Leonel-Fernandez.jpg?resize=350%2C200&ssl=1 1x, https:\/\/i0.wp.com\/lasprimeras.com.do\/wp-content\/uploads\/2026\/03\/Leonel-Fernandez.jpg?resize=525%2C300&ssl=1 1.5x, https:\/\/i0.wp.com\/lasprimeras.com.do\/wp-content\/uploads\/2026\/03\/Leonel-Fernandez.jpg?resize=700%2C400&ssl=1 2x"},"classes":[]},{"id":118270,"url":"https:\/\/lasprimeras.com.do\/index.php\/2025\/12\/26\/garcia-fermin-califica-de-infundados-vaticinios-de-leonel-fernandez\/","url_meta":{"origin":82460,"position":1},"title":"Garc\u00eda Ferm\u00edn califica de infundados vaticinios de Leonel Fern\u00e1ndez","author":"Nelson Feliz","date":"26 de diciembre de 2025","format":false,"excerpt":"Miembro de la Direcci\u00f3n Ejecutiva del Partido Revolucionario Moderno (PRM), destaca solidez de RD Las recientes declaraciones del presidente del partido Fuerza del Pueblo, Leonel Fern\u00e1ndez, describiendo a la Rep\u00fablica Dominicana como un pa\u00eds en \u201cruinas\u201d y sumido en una supuesta par\u00e1lisis econ\u00f3mica, no solo son infundadas, sino que distorsionan\u2026","rel":"","context":"En \u00abPOLITICA\u00bb","block_context":{"text":"POLITICA","link":"https:\/\/lasprimeras.com.do\/index.php\/category\/politica\/"},"img":{"alt_text":"","src":"https:\/\/i0.wp.com\/lasprimeras.com.do\/wp-content\/uploads\/2025\/09\/Franklin-Garcia-Fermin.jpg?resize=350%2C200&ssl=1","width":350,"height":200,"srcset":"https:\/\/i0.wp.com\/lasprimeras.com.do\/wp-content\/uploads\/2025\/09\/Franklin-Garcia-Fermin.jpg?resize=350%2C200&ssl=1 1x, https:\/\/i0.wp.com\/lasprimeras.com.do\/wp-content\/uploads\/2025\/09\/Franklin-Garcia-Fermin.jpg?resize=525%2C300&ssl=1 1.5x, https:\/\/i0.wp.com\/lasprimeras.com.do\/wp-content\/uploads\/2025\/09\/Franklin-Garcia-Fermin.jpg?resize=700%2C400&ssl=1 2x"},"classes":[]},{"id":116325,"url":"https:\/\/lasprimeras.com.do\/index.php\/2025\/11\/29\/leonel-fernandez-denuncia-crisis-social-y-economica-en-republica-dominicana\/","url_meta":{"origin":82460,"position":2},"title":"Leonel Fern\u00e1ndez denuncia crisis social y econ\u00f3mica en Rep\u00fablica Dominicana","author":"Nelson Feliz","date":"29 de noviembre de 2025","format":false,"excerpt":"El expresidente Leonel Fern\u00e1ndez afirm\u00f3 este s\u00e1bado que el pa\u00eds atraviesa una dif\u00edcil situaci\u00f3n, debido a la volatilidad de la tasa de cambio, la inseguridad ciudadana, los apagones, la disminuci\u00f3n del poder adquisitivo, la falta de agua y la desaceleraci\u00f3n y decrecimiento de la econom\u00eda. En v\u00edspera de la marcha\u2026","rel":"","context":"En \u00abPOLITICA\u00bb","block_context":{"text":"POLITICA","link":"https:\/\/lasprimeras.com.do\/index.php\/category\/politica\/"},"img":{"alt_text":"Leonel Fern\u00e1ndez","src":"https:\/\/i0.wp.com\/lasprimeras.com.do\/wp-content\/uploads\/2025\/09\/Leonel-Fernandez.jpeg?resize=350%2C200&ssl=1","width":350,"height":200,"srcset":"https:\/\/i0.wp.com\/lasprimeras.com.do\/wp-content\/uploads\/2025\/09\/Leonel-Fernandez.jpeg?resize=350%2C200&ssl=1 1x, https:\/\/i0.wp.com\/lasprimeras.com.do\/wp-content\/uploads\/2025\/09\/Leonel-Fernandez.jpeg?resize=525%2C300&ssl=1 1.5x, https:\/\/i0.wp.com\/lasprimeras.com.do\/wp-content\/uploads\/2025\/09\/Leonel-Fernandez.jpeg?resize=700%2C400&ssl=1 2x"},"classes":[]},{"id":100788,"url":"https:\/\/lasprimeras.com.do\/index.php\/2025\/06\/12\/leonel-fernandez-estado-haitiano-colapso-debemos-proteger-la-frontera-dominicana\/","url_meta":{"origin":82460,"position":3},"title":"Leonel Fern\u00e1ndez: \u201cEstado haitiano colaps\u00f3\u201d; debemos proteger la frontera dominicana","author":"Nelson Feliz","date":"12 de junio de 2025","format":false,"excerpt":"Expresidente Fern\u00e1ndez asegura que m\u00e1s de 200 bandas controlan Hait\u00ed. El expresidente de la Rep\u00fablica y presidente del partido Fuerza del Pueblo, Leonel Fern\u00e1ndez, advirti\u00f3 que el Estado haitiano ha colapsado totalmente y subray\u00f3 la necesidad urgente de que la Rep\u00fablica Dominicana proteja su frontera y garantice su seguridad nacional.\u2026","rel":"","context":"En \u00abPOLITICA\u00bb","block_context":{"text":"POLITICA","link":"https:\/\/lasprimeras.com.do\/index.php\/category\/politica\/"},"img":{"alt_text":"Leonel Fern\u00e1ndez","src":"https:\/\/i0.wp.com\/lasprimeras.com.do\/wp-content\/uploads\/2025\/06\/Leonel-Fernandez.jpg?resize=350%2C200&ssl=1","width":350,"height":200,"srcset":"https:\/\/i0.wp.com\/lasprimeras.com.do\/wp-content\/uploads\/2025\/06\/Leonel-Fernandez.jpg?resize=350%2C200&ssl=1 1x, https:\/\/i0.wp.com\/lasprimeras.com.do\/wp-content\/uploads\/2025\/06\/Leonel-Fernandez.jpg?resize=525%2C300&ssl=1 1.5x, https:\/\/i0.wp.com\/lasprimeras.com.do\/wp-content\/uploads\/2025\/06\/Leonel-Fernandez.jpg?resize=700%2C400&ssl=1 2x"},"classes":[]},{"id":118318,"url":"https:\/\/lasprimeras.com.do\/index.php\/2025\/12\/26\/leonel-fernandez-arriba-a-los-72-anos-con-criticas-al-gobierno-el-2025-ha-sido-un-ano-horrible-para-el-pais\/","url_meta":{"origin":82460,"position":4},"title":"Leonel Fern\u00e1ndez arriba a los 72 a\u00f1os con cr\u00edticas al Gobierno: \u201cEl 2025 ha sido un a\u00f1o horrible para el pa\u00eds\u201d","author":"Nelson Feliz","date":"26 de diciembre de 2025","format":false,"excerpt":"Leonel Fern\u00e1ndez","rel":"","context":"En \u00abPOLITICA\u00bb","block_context":{"text":"POLITICA","link":"https:\/\/lasprimeras.com.do\/index.php\/category\/politica\/"},"img":{"alt_text":"Leonel Fern\u00e1ndez","src":"https:\/\/i0.wp.com\/lasprimeras.com.do\/wp-content\/uploads\/2025\/12\/Leonel-Fernandez-1-1.jpg?resize=350%2C200&ssl=1","width":350,"height":200,"srcset":"https:\/\/i0.wp.com\/lasprimeras.com.do\/wp-content\/uploads\/2025\/12\/Leonel-Fernandez-1-1.jpg?resize=350%2C200&ssl=1 1x, https:\/\/i0.wp.com\/lasprimeras.com.do\/wp-content\/uploads\/2025\/12\/Leonel-Fernandez-1-1.jpg?resize=525%2C300&ssl=1 1.5x, https:\/\/i0.wp.com\/lasprimeras.com.do\/wp-content\/uploads\/2025\/12\/Leonel-Fernandez-1-1.jpg?resize=700%2C400&ssl=1 2x"},"classes":[]},{"id":117877,"url":"https:\/\/lasprimeras.com.do\/index.php\/2025\/12\/14\/leonel-fernandez-firmara-varios-convenios-en-beneficio-de-la-rd-en-ny\/","url_meta":{"origin":82460,"position":5},"title":"Leonel Fern\u00e1ndez firmar\u00e1 varios convenios en beneficio de la RD en NY","author":"Nelson Feliz","date":"14 de diciembre de 2025","format":false,"excerpt":"El expresidente tambi\u00e9n sostendr\u00e1 encuentros acad\u00e9micos, pol\u00edticos, familiares y con dirigentes de la Fuerza del Pueblo en Estados Unidos. Nueva York, EE. UU.\u2013 El expresidente de la Rep\u00fablica y presidente del partido Fuerza del Pueblo, Leonel Fern\u00e1ndez, se encuentra en la ciudad de Nueva York desarrollando una agenda de trabajo\u2026","rel":"","context":"En \u00abPOLITICA\u00bb","block_context":{"text":"POLITICA","link":"https:\/\/lasprimeras.com.do\/index.php\/category\/politica\/"},"img":{"alt_text":"Leonel Fern\u00e1ndez","src":"https:\/\/i0.wp.com\/lasprimeras.com.do\/wp-content\/uploads\/2025\/12\/Leonel-Fernandez-1.jpg?resize=350%2C200&ssl=1","width":350,"height":200,"srcset":"https:\/\/i0.wp.com\/lasprimeras.com.do\/wp-content\/uploads\/2025\/12\/Leonel-Fernandez-1.jpg?resize=350%2C200&ssl=1 1x, https:\/\/i0.wp.com\/lasprimeras.com.do\/wp-content\/uploads\/2025\/12\/Leonel-Fernandez-1.jpg?resize=525%2C300&ssl=1 1.5x, https:\/\/i0.wp.com\/lasprimeras.com.do\/wp-content\/uploads\/2025\/12\/Leonel-Fernandez-1.jpg?resize=700%2C400&ssl=1 2x"},"classes":[]}],"jetpack_sharing_enabled":true,"_links":{"self":[{"href":"https:\/\/lasprimeras.com.do\/index.php\/wp-json\/wp\/v2\/posts\/82460","targetHints":{"allow":["GET"]}}],"collection":[{"href":"https:\/\/lasprimeras.com.do\/index.php\/wp-json\/wp\/v2\/posts"}],"about":[{"href":"https:\/\/lasprimeras.com.do\/index.php\/wp-json\/wp\/v2\/types\/post"}],"author":[{"embeddable":true,"href":"https:\/\/lasprimeras.com.do\/index.php\/wp-json\/wp\/v2\/users\/3"}],"replies":[{"embeddable":true,"href":"https:\/\/lasprimeras.com.do\/index.php\/wp-json\/wp\/v2\/comments?post=82460"}],"version-history":[{"count":1,"href":"https:\/\/lasprimeras.com.do\/index.php\/wp-json\/wp\/v2\/posts\/82460\/revisions"}],"predecessor-version":[{"id":82462,"href":"https:\/\/lasprimeras.com.do\/index.php\/wp-json\/wp\/v2\/posts\/82460\/revisions\/82462"}],"wp:featuredmedia":[{"embeddable":true,"href":"https:\/\/lasprimeras.com.do\/index.php\/wp-json\/wp\/v2\/media\/82461"}],"wp:attachment":[{"href":"https:\/\/lasprimeras.com.do\/index.php\/wp-json\/wp\/v2\/media?parent=82460"}],"wp:term":[{"taxonomy":"category","embeddable":true,"href":"https:\/\/lasprimeras.com.do\/index.php\/wp-json\/wp\/v2\/categories?post=82460"},{"taxonomy":"post_tag","embeddable":true,"href":"https:\/\/lasprimeras.com.do\/index.php\/wp-json\/wp\/v2\/tags?post=82460"}],"curies":[{"name":"wp","href":"https:\/\/api.w.org\/{rel}","templated":true}]}}