{"id":82463,"date":"2024-05-03T15:48:21","date_gmt":"2024-05-03T19:48:21","guid":{"rendered":"https:\/\/lasprimeras.com.do\/?p=82463"},"modified":"2024-05-03T15:48:22","modified_gmt":"2024-05-03T19:48:22","slug":"leonel-encabezara-este-fin-de-semana-marchas-caravanas-y-concentraciones-en-8-provincias-y-el-dn","status":"publish","type":"post","link":"https:\/\/lasprimeras.com.do\/index.php\/2024\/05\/03\/leonel-encabezara-este-fin-de-semana-marchas-caravanas-y-concentraciones-en-8-provincias-y-el-dn\/","title":{"rendered":"Leonel encabezar\u00e1 este fin de semana marchas-caravanas y concentraciones en 8 provincias y el DN"},"content":{"rendered":"\n<p>SANTO DOMINGO.- El candidato presidencial del partido Fuerza del Pueblo y aliados, Leonel Fern\u00e1ndez, encabezar\u00e1 marchas-caravanas, concentraciones y otras actividades proselitistas, este fin de semana, en ocho provincias y el Distrito Nacional.<\/p>\n\n\n\n<p>Las actividades que encabezar\u00e1 el l\u00edder opositor inician este viernes, a las 4 de la tarde, con una marcha-caravana, en el municipio de San Felipe, Puerto Plata.<\/p>\n\n\n\n<p>Desde all\u00ed, el candidato de la FP y organizaciones aliadas ir\u00e1 a las provincias de Santiago, Montecristi, Dajab\u00f3n, Santiago Rodr\u00edguez, Valverde, Hermanas Mirabal, San Crist\u00f3bal y el Distrito Nacional.<\/p>\n\n\n\n<p>El viernes en la noche, el l\u00edder de la oposici\u00f3n estar\u00e1 en Santiago, donde participar\u00e1 en varias actividades.<\/p>\n\n\n\n<p>Desde all\u00ed, Fern\u00e1ndez ir\u00e1 a las provincias de la l\u00ednea noroeste.<\/p>\n\n\n\n<p>S\u00e1bado<\/p>\n\n\n\n<p>El S\u00e1bado, a las 10:00 de la ma\u00f1ana Leonel Fern\u00e1ndez ser\u00e1 recibido en el municipio Villa V\u00e1squez, provincia Montecristi, donde encabezar\u00e1 una marcha en el municipio San Fernando, iniciando en la autopista Duarte esquina 27 de Febrero, terminando en la autopista Duarte esquina calle Col\u00f3n.<\/p>\n\n\n\n<p>Ese mismo d\u00eda, a las 12:30 de la tarde, estar\u00e1 en el municipio de Dajab\u00f3n, donde encabezar\u00e1 una marcha-caravana, y a las 3:00 de la tarde ser\u00e1 recibido en el municipio Villa Los Alm\u00e1cigos, en la provincia Santiago Rodr\u00edguez, desde donde partir\u00e1 a una marcha-caravana en el municipio San Ignacio de Sabaneta, que arrancar\u00e1 desde la calle Principal, esquina 16 de Agosto.<\/p>\n\n\n\n<p>La agenda de actividades del s\u00e1bado, del candidato presidencial de la Fuerza del Pueblo y aliados, culmina con otra marcha-caravana, esta vez en el municipio Santa Cruz de Mao, provincia Valverde, que arrancar\u00e1 a las 5:00 de la tarde, desde la calle Desiderio Arias esquina calle Luis Madera.<\/p>\n\n\n\n<p>Domingo<\/p>\n\n\n\n<p>El domingo, a las 10:00 de la ma\u00f1ana, Fern\u00e1ndez encabezar\u00e1 otra marcha-caravana, en el municipio Salcedo, provincia Hermanas Mirabal, que se extender\u00e1 por diferentes sectores, desde la calle Hermanas Mirabal, pr\u00f3ximo a la escuela p\u00fablica Mar\u00eda Josefa G\u00f3mez.<\/p>\n\n\n\n<p>A las 2:00 de la tarde del domingo, Fern\u00e1ndez ser\u00e1 recibido en una concentraci\u00f3n, en el municipio Villa Altagracia, de la provincia de San Crist\u00f3bal.<\/p>\n\n\n\n<p>A las 4:00 de la tarde, el l\u00edder de la oposici\u00f3n dominicana capitanear\u00e1 otra marcha-caravana, que recorrer\u00e1 diferentes sectores del Distrito Nacional.<\/p>\n","protected":false},"excerpt":{"rendered":"<p>SANTO DOMINGO.- El candidato presidencial del partido Fuerza del Pueblo y aliados, Leonel Fern\u00e1ndez, encabezar\u00e1 marchas-caravanas, concentraciones y otras actividades proselitistas, este fin de semana, en ocho provincias y el&hellip;<\/p>\n","protected":false},"author":3,"featured_media":82464,"comment_status":"open","ping_status":"open","sticky":false,"template":"","format":"standard","meta":{"content-type":"","jetpack_post_was_ever_published":false,"_jetpack_newsletter_access":"","_jetpack_dont_email_post_to_subs":false,"_jetpack_newsletter_tier_id":0,"_jetpack_memberships_contains_paywalled_content":false,"_jetpack_memberships_contains_paid_content":false,"footnotes":""},"categories":[1],"tags":[51],"class_list":["post-82463","post","type-post","status-publish","format-standard","has-post-thumbnail","hentry","category-sin-categoria","tag-leonel-fernandez"],"jetpack_featured_media_url":"https:\/\/lasprimeras.com.do\/wp-content\/uploads\/2024\/05\/WhatsApp-Image-2024-05-03-at-2.36.43-PM.jpeg","jetpack-related-posts":[{"id":74692,"url":"https:\/\/lasprimeras.com.do\/index.php\/2024\/01\/25\/leonel-estara-este-fin-de-semana-en-el-cibao-y-el-lunes-en-santo-domingo\/","url_meta":{"origin":82463,"position":0},"title":"Leonel estar\u00e1 este fin de semana en el Cibao y el lunes en Santo Domingo","author":"Nelson Feliz","date":"25 de enero de 2024","format":false,"excerpt":"Encabezar\u00e1 marchas-caravanas y actos de presentaci\u00f3n de candidatos municipales. El presidente del partido Fuerza del Pueblo (FP) y l\u00edder opositor dominicano, Leonel Fern\u00e1ndez, estar\u00e1 recorriendo diferentes lugares del pa\u00eds en los pr\u00f3ximos tres d\u00edas, en respaldo a los candidatos municipales de esa organizaci\u00f3n y aliados que terciar\u00e1n en los comicios\u2026","rel":"","context":"En \u00abPORTADA\u00bb","block_context":{"text":"PORTADA","link":"https:\/\/lasprimeras.com.do\/index.php\/category\/portada\/"},"img":{"alt_text":"Leonel Fern\u00e1ndez","src":"https:\/\/i0.wp.com\/lasprimeras.com.do\/wp-content\/uploads\/2024\/01\/Leonel-Fernandez-02.jpg?resize=350%2C200&ssl=1","width":350,"height":200,"srcset":"https:\/\/i0.wp.com\/lasprimeras.com.do\/wp-content\/uploads\/2024\/01\/Leonel-Fernandez-02.jpg?resize=350%2C200&ssl=1 1x, https:\/\/i0.wp.com\/lasprimeras.com.do\/wp-content\/uploads\/2024\/01\/Leonel-Fernandez-02.jpg?resize=525%2C300&ssl=1 1.5x, https:\/\/i0.wp.com\/lasprimeras.com.do\/wp-content\/uploads\/2024\/01\/Leonel-Fernandez-02.jpg?resize=700%2C400&ssl=1 2x"},"classes":[]},{"id":76306,"url":"https:\/\/lasprimeras.com.do\/index.php\/2024\/02\/08\/leonel-estara-este-fin-de-semana-en-santo-domingo-y-provincias-del-este\/","url_meta":{"origin":82463,"position":1},"title":"Leonel estar\u00e1 este fin de semana en Santo Domingo y provincias del Este","author":"Nelson Feliz","date":"8 de febrero de 2024","format":false,"excerpt":"El candidato presidencial del partido Fuerza del Pueblo y organizaciones aliadas, Leonel Fern\u00e1ndez, estar\u00e1 este fin de semana en m\u00faltiples actividades proselitistas, en Santo Domingo y varias provincias de la regi\u00f3n Este. Desde el viernes y hasta el domingo, Fern\u00e1ndez tendr\u00e1 una agitada agenda, que iniciar\u00e1 en horas de la\u2026","rel":"","context":"En \u00abPORTADA\u00bb","block_context":{"text":"PORTADA","link":"https:\/\/lasprimeras.com.do\/index.php\/category\/portada\/"},"img":{"alt_text":"Leonel Fern\u00e1ndez","src":"https:\/\/i0.wp.com\/lasprimeras.com.do\/wp-content\/uploads\/2024\/02\/Leonel-Fernandez.jpg?resize=350%2C200&ssl=1","width":350,"height":200,"srcset":"https:\/\/i0.wp.com\/lasprimeras.com.do\/wp-content\/uploads\/2024\/02\/Leonel-Fernandez.jpg?resize=350%2C200&ssl=1 1x, https:\/\/i0.wp.com\/lasprimeras.com.do\/wp-content\/uploads\/2024\/02\/Leonel-Fernandez.jpg?resize=525%2C300&ssl=1 1.5x, https:\/\/i0.wp.com\/lasprimeras.com.do\/wp-content\/uploads\/2024\/02\/Leonel-Fernandez.jpg?resize=700%2C400&ssl=1 2x"},"classes":[]},{"id":74778,"url":"https:\/\/lasprimeras.com.do\/index.php\/2024\/01\/26\/leonel-estara-este-fin-de-semana-en-varias-provincias-del-cibao\/","url_meta":{"origin":82463,"position":2},"title":"Leonel estar\u00e1 este fin de semana en varias provincias del Cibao","author":"BIMARY DE JES\u00daS Matos","date":"26 de enero de 2024","format":false,"excerpt":"Santo Domingo, RD.- El presidente del partido Fuerza del Pueblo (FP) y l\u00edder opositor dominicano, Leonel Fern\u00e1ndez, estar\u00e1 recorriendo diferentes lugares del pa\u00eds en los pr\u00f3ximos tres d\u00edas, en respaldo a los candidatos municipales de esa organizaci\u00f3n y aliados que terciar\u00e1n en los comicios del 18 de febrero. El recorrido\u2026","rel":"","context":"En \u00abSin categor\u00eda\u00bb","block_context":{"text":"Sin categor\u00eda","link":"https:\/\/lasprimeras.com.do\/index.php\/category\/sin-categoria\/"},"img":{"alt_text":"","src":"https:\/\/i0.wp.com\/lasprimeras.com.do\/wp-content\/uploads\/2024\/01\/WhatsApp-Image-2024-01-25-at-1.43.19-PM-3.jpeg?resize=350%2C200&ssl=1","width":350,"height":200,"srcset":"https:\/\/i0.wp.com\/lasprimeras.com.do\/wp-content\/uploads\/2024\/01\/WhatsApp-Image-2024-01-25-at-1.43.19-PM-3.jpeg?resize=350%2C200&ssl=1 1x, https:\/\/i0.wp.com\/lasprimeras.com.do\/wp-content\/uploads\/2024\/01\/WhatsApp-Image-2024-01-25-at-1.43.19-PM-3.jpeg?resize=525%2C300&ssl=1 1.5x"},"classes":[]},{"id":75006,"url":"https:\/\/lasprimeras.com.do\/index.php\/2024\/01\/28\/leonel-reitera-en-santiago-observa-en-las-calles-una-verdadera-ira-ante-la-incompetencia-de-abinader\/","url_meta":{"origin":82463,"position":3},"title":"Leonel reitera en Santiago observa en las calles una verdadera ira ante la incompetencia de Abinader","author":"Nelson Feliz","date":"28 de enero de 2024","format":false,"excerpt":"LF encabeza multitudinaria marcha-caravana en apoyo candidatos municipales El candidato presidencial del partido Fuerza del Pueblo, Leonel Fern\u00e1ndez, volvi\u00f3 a reiterar la tarde de este domingo que, observa en las calles del pa\u00eds una verdadera ira popular en contra de Abinader. Al responder preguntas de periodistas que le abordaron antes\u2026","rel":"","context":"En \u00abPORTADA\u00bb","block_context":{"text":"PORTADA","link":"https:\/\/lasprimeras.com.do\/index.php\/category\/portada\/"},"img":{"alt_text":"Leonel Fernandez","src":"https:\/\/i0.wp.com\/lasprimeras.com.do\/wp-content\/uploads\/2024\/01\/Leonel-Fernandez-1-1.jpg?resize=350%2C200&ssl=1","width":350,"height":200,"srcset":"https:\/\/i0.wp.com\/lasprimeras.com.do\/wp-content\/uploads\/2024\/01\/Leonel-Fernandez-1-1.jpg?resize=350%2C200&ssl=1 1x, https:\/\/i0.wp.com\/lasprimeras.com.do\/wp-content\/uploads\/2024\/01\/Leonel-Fernandez-1-1.jpg?resize=525%2C300&ssl=1 1.5x, https:\/\/i0.wp.com\/lasprimeras.com.do\/wp-content\/uploads\/2024\/01\/Leonel-Fernandez-1-1.jpg?resize=700%2C400&ssl=1 2x"},"classes":[]},{"id":73537,"url":"https:\/\/lasprimeras.com.do\/index.php\/2024\/01\/12\/agenda-de-leonel-este-fin-de-semana-inicia-el-viernes-en-constanza\/","url_meta":{"origin":82463,"position":4},"title":"Agenda de Leonel este fin de semana inicia el viernes en Constanza","author":"BIMARY DE JES\u00daS Matos","date":"12 de enero de 2024","format":false,"excerpt":"Santo Domingo.- La agenda de fin de semana del candidato presidencial del partido Fuerza del Pueblo, Leonel Fern\u00e1ndez, inicia este viernes a las 2 de la tarde, en Tireo al Medio, Constanza, donde se realizar\u00e1 un acto de presentaci\u00f3n del candidato a director de este distrito municipal, Paul Pi\u00f1a. De\u2026","rel":"","context":"En \u00abSin categor\u00eda\u00bb","block_context":{"text":"Sin categor\u00eda","link":"https:\/\/lasprimeras.com.do\/index.php\/category\/sin-categoria\/"},"img":{"alt_text":"","src":"https:\/\/i0.wp.com\/lasprimeras.com.do\/wp-content\/uploads\/2024\/01\/WhatsApp-Image-2024-01-12-at-12.01.49-PM.jpeg?resize=350%2C200&ssl=1","width":350,"height":200,"srcset":"https:\/\/i0.wp.com\/lasprimeras.com.do\/wp-content\/uploads\/2024\/01\/WhatsApp-Image-2024-01-12-at-12.01.49-PM.jpeg?resize=350%2C200&ssl=1 1x, https:\/\/i0.wp.com\/lasprimeras.com.do\/wp-content\/uploads\/2024\/01\/WhatsApp-Image-2024-01-12-at-12.01.49-PM.jpeg?resize=525%2C300&ssl=1 1.5x, https:\/\/i0.wp.com\/lasprimeras.com.do\/wp-content\/uploads\/2024\/01\/WhatsApp-Image-2024-01-12-at-12.01.49-PM.jpeg?resize=700%2C400&ssl=1 2x, https:\/\/i0.wp.com\/lasprimeras.com.do\/wp-content\/uploads\/2024\/01\/WhatsApp-Image-2024-01-12-at-12.01.49-PM.jpeg?resize=1050%2C600&ssl=1 3x, https:\/\/i0.wp.com\/lasprimeras.com.do\/wp-content\/uploads\/2024\/01\/WhatsApp-Image-2024-01-12-at-12.01.49-PM.jpeg?resize=1400%2C800&ssl=1 4x"},"classes":[]},{"id":82502,"url":"https:\/\/lasprimeras.com.do\/index.php\/2024\/05\/03\/leonel-moviliza-miles-de-simpatizantes-en-puerto-plata\/","url_meta":{"origin":82463,"position":5},"title":"Leonel moviliza miles de simpatizantes en Puerto Plata","author":"Esteffany Vargas","date":"3 de mayo de 2024","format":false,"excerpt":"Asegura que con Rescate RD \"venceremos\u201d. El candidato presidencial del partido Fuerza del Pueblo y aliados, Leonel Fern\u00e1ndez, moviliz\u00f3 a miles de sus seguidores en el municipio San Felipe, de Puerto Plata. Durante unas dos horas, Fern\u00e1ndez recorri\u00f3 diferentes barrios de este municipio, acompa\u00f1ado del candidato a senador de la\u2026","rel":"","context":"En \u00abPORTADA\u00bb","block_context":{"text":"PORTADA","link":"https:\/\/lasprimeras.com.do\/index.php\/category\/portada\/"},"img":{"alt_text":"Leonel Fern\u00e1ndez","src":"https:\/\/i0.wp.com\/lasprimeras.com.do\/wp-content\/uploads\/2024\/05\/Leonel-Fernandez-R-1.jpg?resize=350%2C200&ssl=1","width":350,"height":200,"srcset":"https:\/\/i0.wp.com\/lasprimeras.com.do\/wp-content\/uploads\/2024\/05\/Leonel-Fernandez-R-1.jpg?resize=350%2C200&ssl=1 1x, https:\/\/i0.wp.com\/lasprimeras.com.do\/wp-content\/uploads\/2024\/05\/Leonel-Fernandez-R-1.jpg?resize=525%2C300&ssl=1 1.5x, https:\/\/i0.wp.com\/lasprimeras.com.do\/wp-content\/uploads\/2024\/05\/Leonel-Fernandez-R-1.jpg?resize=700%2C400&ssl=1 2x"},"classes":[]}],"jetpack_sharing_enabled":true,"_links":{"self":[{"href":"https:\/\/lasprimeras.com.do\/index.php\/wp-json\/wp\/v2\/posts\/82463","targetHints":{"allow":["GET"]}}],"collection":[{"href":"https:\/\/lasprimeras.com.do\/index.php\/wp-json\/wp\/v2\/posts"}],"about":[{"href":"https:\/\/lasprimeras.com.do\/index.php\/wp-json\/wp\/v2\/types\/post"}],"author":[{"embeddable":true,"href":"https:\/\/lasprimeras.com.do\/index.php\/wp-json\/wp\/v2\/users\/3"}],"replies":[{"embeddable":true,"href":"https:\/\/lasprimeras.com.do\/index.php\/wp-json\/wp\/v2\/comments?post=82463"}],"version-history":[{"count":1,"href":"https:\/\/lasprimeras.com.do\/index.php\/wp-json\/wp\/v2\/posts\/82463\/revisions"}],"predecessor-version":[{"id":82465,"href":"https:\/\/lasprimeras.com.do\/index.php\/wp-json\/wp\/v2\/posts\/82463\/revisions\/82465"}],"wp:featuredmedia":[{"embeddable":true,"href":"https:\/\/lasprimeras.com.do\/index.php\/wp-json\/wp\/v2\/media\/82464"}],"wp:attachment":[{"href":"https:\/\/lasprimeras.com.do\/index.php\/wp-json\/wp\/v2\/media?parent=82463"}],"wp:term":[{"taxonomy":"category","embeddable":true,"href":"https:\/\/lasprimeras.com.do\/index.php\/wp-json\/wp\/v2\/categories?post=82463"},{"taxonomy":"post_tag","embeddable":true,"href":"https:\/\/lasprimeras.com.do\/index.php\/wp-json\/wp\/v2\/tags?post=82463"}],"curies":[{"name":"wp","href":"https:\/\/api.w.org\/{rel}","templated":true}]}}