{"id":82466,"date":"2024-05-03T17:11:59","date_gmt":"2024-05-03T21:11:59","guid":{"rendered":"https:\/\/lasprimeras.com.do\/?p=82466"},"modified":"2024-05-03T17:12:00","modified_gmt":"2024-05-03T21:12:00","slug":"uasd-y-banreservas-anuncian-remozamiento-del-polideportivo-tony-barreiro","status":"publish","type":"post","link":"https:\/\/lasprimeras.com.do\/index.php\/2024\/05\/03\/uasd-y-banreservas-anuncian-remozamiento-del-polideportivo-tony-barreiro\/","title":{"rendered":"UASD y Banreservas anuncian remozamiento del polideportivo Tony Barreiro"},"content":{"rendered":"\n<p>Santo Domingo, Distrito Nacional: El rector de la Universidad Aut\u00f3noma de Santo Domingo (UASD), Editrudis Beltr\u00e1n Cris\u00f3stomo, y el administrador general del Banco de Reservas, licenciado Samuel Pereyra, anunciaron la remodelaci\u00f3n y modernizaci\u00f3n del polideportivo Tony Barreiro de la academia del Estado.<\/p>\n\n\n\n<p>Beltr\u00e1n Cris\u00f3stomo se\u00f1al\u00f3 que Pereyra, junto al presidente Luis Abinader, se comprometieron a renovar las instalaciones con una inversi\u00f3n de m\u00e1s 28 millones de pesos, financiada en su totalidad por el Banco de Reservas. Este proyecto beneficiar\u00e1 a los 88 mil estudiantes que participan en diversas disciplinas deportivas, como baloncesto, taekwondo, voleibol, b\u00e1dminton, juegos de mesa, entre otras, al proporcionarles instalaciones modernas y completamente equipadas.<\/p>\n\n\n\n<p>El acad\u00e9mico destac\u00f3 que esta iniciativa forma parte del proceso de mejora y desarrollo de nuevas infraestructuras que ha iniciado durante su gesti\u00f3n. Adem\u00e1s, resalt\u00f3 una serie de cambios significativos que abarcan la actualizaci\u00f3n curricular, en consonancia con los 500 a\u00f1os de la universidad m\u00e1s antigua del nuevo mundo.<\/p>\n\n\n\n<p>En cambio, Samuel Pereyra indic\u00f3 que los trabajos de la obra iniciar\u00edan en un plazo de 90 d\u00edas y destac\u00f3 que la entidad que dirige se caracteriza por tener una misi\u00f3n esencial de brindar servicios financieros en favor de su gente. Tambi\u00e9n subray\u00f3 la responsabilidad de apoyar este tipo de infraestructura en beneficio de los clientes, que son todos los dominicanos, al punto de resaltar los lazos de colaboraci\u00f3n entre ambas instituciones.<\/p>\n\n\n\n<p>Junto a Beltr\u00e1n, estuvieron presentes los maestros Radhames Jim\u00e9nez Silverio Gonz\u00e1lez, vicerrector de Investigaci\u00f3n y Postgrado, Rosal\u00eda Sosa P\u00e9rez, vicerrectora de Extensi\u00f3n, Pablo Valdez, Secretario General de la UASD, Gerardo Roa Ogando, decano de la Facultad de Humanidades, Franklin Susa\u00f1a, vicedecano de la Facultad de Ciencias, y Noel de la Rosa, director general de Planificaci\u00f3n, adem\u00e1s de otras importantes personalidades y miembros del personal administrativo.<\/p>\n\n\n\n<p>Pereyra estuvo acompa\u00f1ado por el ingeniero Rene Gonz\u00e1lez, as\u00ed como por Julia Altagracia Drullard, gobernadora de la Provincia Santo Domingo, y Luis Ricardo Mi\u00f1oso, asesor de comunicaciones del Banco de Reservas.<\/p>\n\n\n\n<p>La renovaci\u00f3n del polideportivo Tony Barreiro comprende una serie de mejoras integrales que abarcan la pintura, iluminaci\u00f3n, adecuaci\u00f3n de la cabina de narraci\u00f3n, modernizaci\u00f3n de las instalaciones el\u00e9ctricas, limpieza y restauraci\u00f3n de ventanas, instalaci\u00f3n de mallas para prevenir la presencia de aves, impermeabilizaci\u00f3n, as\u00ed como la ampliaci\u00f3n y reparaci\u00f3n de gradas, sillas, ba\u00f1os y cabinas. Adem\u00e1s, se llevar\u00e1 a cabo la instalaci\u00f3n de una nueva pizarra de anotaci\u00f3n, labores de jardiner\u00eda, reparaci\u00f3n del techo de aluzinc, instalaci\u00f3n de pasamanos y barandales, y la readecuaci\u00f3n del tabloncillo.<\/p>\n","protected":false},"excerpt":{"rendered":"<p>Santo Domingo, Distrito Nacional: El rector de la Universidad Aut\u00f3noma de Santo Domingo (UASD), Editrudis Beltr\u00e1n Cris\u00f3stomo, y el administrador general del Banco de Reservas, licenciado Samuel Pereyra, anunciaron la&hellip;<\/p>\n","protected":false},"author":3,"featured_media":82467,"comment_status":"open","ping_status":"open","sticky":false,"template":"","format":"standard","meta":{"content-type":"","jetpack_post_was_ever_published":false,"_jetpack_newsletter_access":"","_jetpack_dont_email_post_to_subs":false,"_jetpack_newsletter_tier_id":0,"_jetpack_memberships_contains_paywalled_content":false,"_jetpack_memberships_contains_paid_content":false,"footnotes":""},"categories":[39,25],"tags":[726,1765],"class_list":["post-82466","post","type-post","status-publish","format-standard","has-post-thumbnail","hentry","category-economia","category-portada","tag-banreservas","tag-uasd"],"jetpack_featured_media_url":"https:\/\/lasprimeras.com.do\/wp-content\/uploads\/2024\/05\/WhatsApp-Image-2024-05-03-at-5.09.27-PM.jpeg","jetpack-related-posts":[{"id":93440,"url":"https:\/\/lasprimeras.com.do\/index.php\/2025\/02\/09\/con-apoyo-de-banreservas-se-reinaugura-el-polideportivo-de-la-uasd\/","url_meta":{"origin":82466,"position":0},"title":"Con apoyo de BANRESERVAS, se reinaugura el polideportivo de la UASD","author":"Nelson Feliz","date":"9 de febrero de 2025","format":false,"excerpt":"La obra, que demand\u00f3 una inversi\u00f3n de 28 millones de pesos, impactar\u00e1 a cerca de 88 mil estudiantes. El presidente de la Rep\u00fablica, Luis Abinader Corona; el rector de la Universidad Aut\u00f3noma de Santo Domingo (UASD), maestro Editrudis Beltr\u00e1n Cris\u00f3stomo; y Samuel Pereyra, administrador del Banco de Reservas, encabezaron el\u2026","rel":"","context":"En \u00abNACIONALES\u00bb","block_context":{"text":"NACIONALES","link":"https:\/\/lasprimeras.com.do\/index.php\/category\/nacionales\/"},"img":{"alt_text":"","src":"https:\/\/i0.wp.com\/lasprimeras.com.do\/wp-content\/uploads\/2025\/02\/banreservas.jpg?resize=350%2C200&ssl=1","width":350,"height":200,"srcset":"https:\/\/i0.wp.com\/lasprimeras.com.do\/wp-content\/uploads\/2025\/02\/banreservas.jpg?resize=350%2C200&ssl=1 1x, https:\/\/i0.wp.com\/lasprimeras.com.do\/wp-content\/uploads\/2025\/02\/banreservas.jpg?resize=525%2C300&ssl=1 1.5x, https:\/\/i0.wp.com\/lasprimeras.com.do\/wp-content\/uploads\/2025\/02\/banreservas.jpg?resize=700%2C400&ssl=1 2x"},"classes":[]},{"id":94143,"url":"https:\/\/lasprimeras.com.do\/index.php\/2025\/02\/25\/uasd-inviste-2558-nuevos-profesionales-en-conmemoracion-aniversario-de-mella-y-de-la-independencia-nacional\/","url_meta":{"origin":82466,"position":1},"title":"UASD inviste 2,558 nuevos profesionales en conmemoraci\u00f3n aniversario de Mella y de la Independencia Nacional","author":"Nelson Feliz","date":"25 de febrero de 2025","format":false,"excerpt":"El rector de la academia estatal, Editrudis Beltr\u00e1n Cris\u00f3stomo resalta el impacto del v\u00ednculo UASD-ESTADO La Universidad Aut\u00f3noma de Santo Domingo (UASD) entreg\u00f3 al pa\u00eds dos mil quinientos cincuenta y ocho nuevos profesionales de grado y postgrado, como parte de las actividades conmemorativas del 209 aniversario del natalicio del patricio\u2026","rel":"","context":"En \u00abNACIONALES\u00bb","block_context":{"text":"NACIONALES","link":"https:\/\/lasprimeras.com.do\/index.php\/category\/nacionales\/"},"img":{"alt_text":"","src":"https:\/\/i0.wp.com\/lasprimeras.com.do\/wp-content\/uploads\/2025\/02\/uasd-2.jpg?resize=350%2C200&ssl=1","width":350,"height":200,"srcset":"https:\/\/i0.wp.com\/lasprimeras.com.do\/wp-content\/uploads\/2025\/02\/uasd-2.jpg?resize=350%2C200&ssl=1 1x, https:\/\/i0.wp.com\/lasprimeras.com.do\/wp-content\/uploads\/2025\/02\/uasd-2.jpg?resize=525%2C300&ssl=1 1.5x, https:\/\/i0.wp.com\/lasprimeras.com.do\/wp-content\/uploads\/2025\/02\/uasd-2.jpg?resize=700%2C400&ssl=1 2x"},"classes":[]},{"id":102444,"url":"https:\/\/lasprimeras.com.do\/index.php\/2025\/07\/04\/uasd-y-el-mem-desarrollaran-planes-de-estudios-en-energia-nuclear-e-hidrocarburos\/","url_meta":{"origin":82466,"position":2},"title":"UASD y el MEM desarrollar\u00e1n planes de estudios en energ\u00eda nuclear e hidrocarburos","author":"Nelson Feliz","date":"4 de julio de 2025","format":false,"excerpt":"Rector Beltr\u00e1n Cris\u00f3stomo y ministro Joel Santos resaltan trascendencia hist\u00f3rica del proyecto. La Universidad Aut\u00f3noma de Santo Domingo (UASD) y el Ministerio de Energ\u00eda y Minas (MEM) suscribieron un convenio de colaboraci\u00f3n interinstitucional destinado a proponer y apoyar programas de educaci\u00f3n continua, de grado y postgrado, en el \u00e1mbito de\u2026","rel":"","context":"En \u00abNACIONALES\u00bb","block_context":{"text":"NACIONALES","link":"https:\/\/lasprimeras.com.do\/index.php\/category\/nacionales\/"},"img":{"alt_text":"Joel Santos y Beltr\u00e1n Cris\u00f3stomo","src":"https:\/\/i0.wp.com\/lasprimeras.com.do\/wp-content\/uploads\/2025\/07\/Joel-Santos-y-Beltran-Crisostomo.jpg?resize=350%2C200&ssl=1","width":350,"height":200,"srcset":"https:\/\/i0.wp.com\/lasprimeras.com.do\/wp-content\/uploads\/2025\/07\/Joel-Santos-y-Beltran-Crisostomo.jpg?resize=350%2C200&ssl=1 1x, https:\/\/i0.wp.com\/lasprimeras.com.do\/wp-content\/uploads\/2025\/07\/Joel-Santos-y-Beltran-Crisostomo.jpg?resize=525%2C300&ssl=1 1.5x, https:\/\/i0.wp.com\/lasprimeras.com.do\/wp-content\/uploads\/2025\/07\/Joel-Santos-y-Beltran-Crisostomo.jpg?resize=700%2C400&ssl=1 2x"},"classes":[]},{"id":89685,"url":"https:\/\/lasprimeras.com.do\/index.php\/2024\/10\/02\/recibiran-antorcha-de-los-juegos-universitarios-tony-barreiro-2024-en-jimani\/","url_meta":{"origin":82466,"position":3},"title":"Recibir\u00e1n antorcha de los Juegos Universitarios &#8220;Tony Barreiro 2024&#8221; en Jiman\u00ed","author":"Paola Castillo","date":"2 de octubre de 2024","format":false,"excerpt":"La antorcha de los XLIII Juegos Universitarios \"Tony Barreiro 2024\", ser\u00e1 recibida este jueves por las autoridades de la UASD- Subcentro Jiman\u00ed y funcionarios locales de todos los niveles de esta provincia. El director de la unidad acad\u00e9mica maestro Ram\u00f3n L\u00f3pez Ynoa, dijo que la llegada de la antorcha esta\u2026","rel":"","context":"En \u00abNACIONALES\u00bb","block_context":{"text":"NACIONALES","link":"https:\/\/lasprimeras.com.do\/index.php\/category\/nacionales\/"},"img":{"alt_text":"","src":"https:\/\/i0.wp.com\/lasprimeras.com.do\/wp-content\/uploads\/2024\/10\/antorcha.jpg?resize=350%2C200&ssl=1","width":350,"height":200,"srcset":"https:\/\/i0.wp.com\/lasprimeras.com.do\/wp-content\/uploads\/2024\/10\/antorcha.jpg?resize=350%2C200&ssl=1 1x, https:\/\/i0.wp.com\/lasprimeras.com.do\/wp-content\/uploads\/2024\/10\/antorcha.jpg?resize=525%2C300&ssl=1 1.5x, https:\/\/i0.wp.com\/lasprimeras.com.do\/wp-content\/uploads\/2024\/10\/antorcha.jpg?resize=700%2C400&ssl=1 2x"},"classes":[]},{"id":102980,"url":"https:\/\/lasprimeras.com.do\/index.php\/2025\/07\/10\/tres-anos-de-espera-concejo-de-regidores-de-asdn-aun-no-entrega-reconocimiento-al-rector-de-la-uasd\/","url_meta":{"origin":82466,"position":4},"title":"&#8220;Tres a\u00f1os de espera&#8221;: Concejo de Regidores de ASDN a\u00fan no entrega reconocimiento al rector de la UASD","author":"Nelson Feliz","date":"10 de julio de 2025","format":false,"excerpt":"La propuesta que declara como \u201cHijo distinguido y meritorio\u201d a Editrudis Beltr\u00e1n Cris\u00f3stomo fue sometida por el ex regidor del Partido Revolucionario Moderno (PRM), Jos\u00e9 Manuel L\u00f3pez. Tres a\u00f1os ya han transcurrido de que el Concejo de Regidores de la Alcald\u00eda de este municipio, aprob\u00f3 declarar como \u201cHijo distinguido y\u2026","rel":"","context":"En \u00abSin categor\u00eda\u00bb","block_context":{"text":"Sin categor\u00eda","link":"https:\/\/lasprimeras.com.do\/index.php\/category\/sin-categoria\/"},"img":{"alt_text":"","src":"https:\/\/i0.wp.com\/lasprimeras.com.do\/wp-content\/uploads\/2025\/07\/ASDN.jpg?resize=350%2C200&ssl=1","width":350,"height":200,"srcset":"https:\/\/i0.wp.com\/lasprimeras.com.do\/wp-content\/uploads\/2025\/07\/ASDN.jpg?resize=350%2C200&ssl=1 1x, https:\/\/i0.wp.com\/lasprimeras.com.do\/wp-content\/uploads\/2025\/07\/ASDN.jpg?resize=525%2C300&ssl=1 1.5x, https:\/\/i0.wp.com\/lasprimeras.com.do\/wp-content\/uploads\/2025\/07\/ASDN.jpg?resize=700%2C400&ssl=1 2x"},"classes":[]},{"id":89759,"url":"https:\/\/lasprimeras.com.do\/index.php\/2024\/10\/04\/jimani-recibe-antorcha-de-los-juegos-universitarios-tony-barreiro-de-la-uasd\/","url_meta":{"origin":82466,"position":5},"title":"Jiman\u00ed recibe antorcha de los Juegos Universitarios Tony Barreiro de la UASD","author":"Paola Castillo","date":"4 de octubre de 2024","format":false,"excerpt":"JIMANI, Independencia. - Con gran entusiasmo la comunidad de Jiman\u00ed, municipio cabecera de la provincia Independencia, recibi\u00f3 este jueves la antorcha de los XLIII Juegos Universitarios Tony Barreiro de mano de una delegaci\u00f3n de la comisi\u00f3n que organiza los juegos universitarios a celebrarse este mes. La delegaci\u00f3n portadora de la\u2026","rel":"","context":"En \u00abPORTADA\u00bb","block_context":{"text":"PORTADA","link":"https:\/\/lasprimeras.com.do\/index.php\/category\/portada\/"},"img":{"alt_text":"","src":"https:\/\/i0.wp.com\/lasprimeras.com.do\/wp-content\/uploads\/2024\/10\/uasd.jpeg?resize=350%2C200&ssl=1","width":350,"height":200},"classes":[]}],"jetpack_sharing_enabled":true,"_links":{"self":[{"href":"https:\/\/lasprimeras.com.do\/index.php\/wp-json\/wp\/v2\/posts\/82466","targetHints":{"allow":["GET"]}}],"collection":[{"href":"https:\/\/lasprimeras.com.do\/index.php\/wp-json\/wp\/v2\/posts"}],"about":[{"href":"https:\/\/lasprimeras.com.do\/index.php\/wp-json\/wp\/v2\/types\/post"}],"author":[{"embeddable":true,"href":"https:\/\/lasprimeras.com.do\/index.php\/wp-json\/wp\/v2\/users\/3"}],"replies":[{"embeddable":true,"href":"https:\/\/lasprimeras.com.do\/index.php\/wp-json\/wp\/v2\/comments?post=82466"}],"version-history":[{"count":1,"href":"https:\/\/lasprimeras.com.do\/index.php\/wp-json\/wp\/v2\/posts\/82466\/revisions"}],"predecessor-version":[{"id":82468,"href":"https:\/\/lasprimeras.com.do\/index.php\/wp-json\/wp\/v2\/posts\/82466\/revisions\/82468"}],"wp:featuredmedia":[{"embeddable":true,"href":"https:\/\/lasprimeras.com.do\/index.php\/wp-json\/wp\/v2\/media\/82467"}],"wp:attachment":[{"href":"https:\/\/lasprimeras.com.do\/index.php\/wp-json\/wp\/v2\/media?parent=82466"}],"wp:term":[{"taxonomy":"category","embeddable":true,"href":"https:\/\/lasprimeras.com.do\/index.php\/wp-json\/wp\/v2\/categories?post=82466"},{"taxonomy":"post_tag","embeddable":true,"href":"https:\/\/lasprimeras.com.do\/index.php\/wp-json\/wp\/v2\/tags?post=82466"}],"curies":[{"name":"wp","href":"https:\/\/api.w.org\/{rel}","templated":true}]}}