{"id":82469,"date":"2024-05-04T09:42:56","date_gmt":"2024-05-04T13:42:56","guid":{"rendered":"https:\/\/lasprimeras.com.do\/?p=82469"},"modified":"2024-05-04T09:42:58","modified_gmt":"2024-05-04T13:42:58","slug":"paloma-almonte-se-une-a-la-conduccion-del-concurso-miss-republica-dominicana-2024","status":"publish","type":"post","link":"https:\/\/lasprimeras.com.do\/index.php\/2024\/05\/04\/paloma-almonte-se-une-a-la-conduccion-del-concurso-miss-republica-dominicana-2024\/","title":{"rendered":"Paloma Almonte se une a la conducci\u00f3n del concurso Miss Rep\u00fablica Dominicana 2024"},"content":{"rendered":"\n<p>RD.-La comunicadora Paloma Almonte se uni\u00f3 a la conducci\u00f3n del concurso de belleza m\u00e1s importante del pa\u00eds: Miss Rep\u00fablica Dominicana 2024.<\/p>\n\n\n\n<p>Almonte compartir\u00e1 el escenario con la comunicadora vegana Yokasta D\u00edaz, en una transmisi\u00f3n especial este domingo 5 de mayo por Color Visi\u00f3n (canal 9) a partir de las 9:00 de la noche.<\/p>\n\n\n\n<p>\u201cEstoy muy emocionada con esta oportunidad que me da Magali Febles, esta fue la plataforma que me abri\u00f3 las puertas a los medios de comunicaci\u00f3n, estoy feliz de regresar y conducir junto a una profesional que admiro como Yokasta\u201d, dijo Paloma Almonte.<\/p>\n\n\n\n<p>La comunicadora con basta experiencia en cert\u00e1menes de belleza particip\u00f3 en el certamen en el a\u00f1o 2012, alz\u00e1ndose con el premio de la mejor sonrisa. La corresponsal del \u201cel Gordo y la Flaca\u201d (cadena Univision) fue Miss Turismo 2013; tambi\u00e9n ha participado en unos 17 Cert\u00e1menes a nivel nacional e internacional, entre ellos: Miss Petite, Miss United Nation en Atlanta Georgia, Miss Intercontinental en Alemania y Top Model Of the World en Egipto.<\/p>\n\n\n\n<p>Paloma, oriunda de Puerto Plata, es directora del certamen de base social: Miss Coral, donde forma a ni\u00f1as, adolescentes y j\u00f3venes en distintas \u00e1reas: oratoria, pasarela, desenvolvimiento esc\u00e9nico, entre otras.<\/p>\n\n\n\n<p>Almonte, adem\u00e1s, ha sido coach en Oratoria del Miss Rep\u00fablica Dominicana y conductora durante 5 a\u00f1os de las competencias Preliminares del concurso, al igual, que los desfiles de trajes t\u00edpicos y prueba de talento de la Competencia.<\/p>\n\n\n\n<p>Actualmente se desempa\u00f1a como corresponsal para la cadena Univisi\u00f3n, presentadora de los Tigres del Licey, conductora del espacio radial La Liga Radio, \u201cM\u00e1s Roberto\u201d y maestra de ceremonia del Gabinete de Pol\u00edticas Sociales de la Presidencia de la Rep\u00fablica.<\/p>\n\n\n\n<p>Se recuerda, que la competencia final del concurso del Miss Rep\u00fablica Dominicana 2024 se llevar\u00e1 a cabo en el centro de convenciones de Sambil este domingo 5 de mayo a las 9:00 de la noche.<\/p>\n","protected":false},"excerpt":{"rendered":"<p>RD.-La comunicadora Paloma Almonte se uni\u00f3 a la conducci\u00f3n del concurso de belleza m\u00e1s importante del pa\u00eds: Miss Rep\u00fablica Dominicana 2024. Almonte compartir\u00e1 el escenario con la comunicadora vegana Yokasta&hellip;<\/p>\n","protected":false},"author":3,"featured_media":82470,"comment_status":"open","ping_status":"open","sticky":false,"template":"","format":"standard","meta":{"content-type":"","jetpack_post_was_ever_published":false,"_jetpack_newsletter_access":"","_jetpack_dont_email_post_to_subs":false,"_jetpack_newsletter_tier_id":0,"_jetpack_memberships_contains_paywalled_content":false,"_jetpack_memberships_contains_paid_content":false,"footnotes":""},"categories":[84],"tags":[7369],"class_list":["post-82469","post","type-post","status-publish","format-standard","has-post-thumbnail","hentry","category-entretenimiento","tag-miss-rd-universo"],"jetpack_featured_media_url":"https:\/\/lasprimeras.com.do\/wp-content\/uploads\/2024\/05\/screen-shot-2024-05-03-at-9.51.39-am-focus-min0.11-0.43-608-342.jpg","jetpack-related-posts":[{"id":76068,"url":"https:\/\/lasprimeras.com.do\/index.php\/2024\/02\/07\/paloma-almonte-ahora-se-destaca-como-presentadora-de-deportes-en-la-serie-del-caribe-2024\/","url_meta":{"origin":82469,"position":0},"title":"Paloma Almonte ahora se destaca como presentadora de deportes en la Serie del Caribe 2024","author":"BIMARY DE JES\u00daS Matos","date":"7 de febrero de 2024","format":false,"excerpt":"Santo Domingo.-La comunicadora Paloma Almonte contin\u00faa sumando grandes trabajos a su carrera en la comunicaci\u00f3n, ahora, la presentadora de televisi\u00f3n, que se mantiene en las aguas del entretenimiento y deporte, se encuentra en la ciudad de Miami dando cobertura por segunda ocasi\u00f3n a la Serie del Caribe 2024. Paloma se\u2026","rel":"","context":"En \u00abSin categor\u00eda\u00bb","block_context":{"text":"Sin categor\u00eda","link":"https:\/\/lasprimeras.com.do\/index.php\/category\/sin-categoria\/"},"img":{"alt_text":"","src":"https:\/\/i0.wp.com\/lasprimeras.com.do\/wp-content\/uploads\/2024\/02\/65c2ec8f46040.r_d.785-867-2.jpeg?resize=350%2C200&ssl=1","width":350,"height":200,"srcset":"https:\/\/i0.wp.com\/lasprimeras.com.do\/wp-content\/uploads\/2024\/02\/65c2ec8f46040.r_d.785-867-2.jpeg?resize=350%2C200&ssl=1 1x, https:\/\/i0.wp.com\/lasprimeras.com.do\/wp-content\/uploads\/2024\/02\/65c2ec8f46040.r_d.785-867-2.jpeg?resize=525%2C300&ssl=1 1.5x, https:\/\/i0.wp.com\/lasprimeras.com.do\/wp-content\/uploads\/2024\/02\/65c2ec8f46040.r_d.785-867-2.jpeg?resize=700%2C400&ssl=1 2x"},"classes":[]},{"id":82505,"url":"https:\/\/lasprimeras.com.do\/index.php\/2024\/05\/04\/chukum-lagoon-hotel-residences-patrocina-miss-rd-universo-2024\/","url_meta":{"origin":82469,"position":1},"title":"CHUKUM Lagoon Hotel &amp; Residences patrocina Miss RD Universo 2024","author":"Esteffany Vargas","date":"4 de mayo de 2024","format":false,"excerpt":"CHUKUM Lagoon Hotel & Residences, nuevo complejo hotelero ubicado en VISTACANA en Rep\u00fablica Dominicana, se enorgullece en anunciar su asociaci\u00f3n como patrocinador oficial de la prestigiosa organizaci\u00f3n Miss Rep\u00fablica Dominicana Universo 2024. Con su compromiso con la excelencia y la elegancia, CHUKUM Lagoon Hotel &Residences se convierte en un aliado\u2026","rel":"","context":"En \u00abENTRETENIMIENTO\u00bb","block_context":{"text":"ENTRETENIMIENTO","link":"https:\/\/lasprimeras.com.do\/index.php\/category\/entretenimiento\/"},"img":{"alt_text":"CHUKUM Lagoon Hotel","src":"https:\/\/i0.wp.com\/lasprimeras.com.do\/wp-content\/uploads\/2024\/05\/CHUKUM-Lagoon-Hotel-1.jpg?resize=350%2C200&ssl=1","width":350,"height":200,"srcset":"https:\/\/i0.wp.com\/lasprimeras.com.do\/wp-content\/uploads\/2024\/05\/CHUKUM-Lagoon-Hotel-1.jpg?resize=350%2C200&ssl=1 1x, https:\/\/i0.wp.com\/lasprimeras.com.do\/wp-content\/uploads\/2024\/05\/CHUKUM-Lagoon-Hotel-1.jpg?resize=525%2C300&ssl=1 1.5x"},"classes":[]},{"id":82162,"url":"https:\/\/lasprimeras.com.do\/index.php\/2024\/04\/29\/color-vision-transmitira-la-edicion-68-del-miss-republica-dominicana\/","url_meta":{"origin":82469,"position":2},"title":"Color Visi\u00f3n transmitir\u00e1 la edici\u00f3n 68 del Miss Rep\u00fablica Dominicana","author":"BIMARY DE JES\u00daS Matos","date":"29 de abril de 2024","format":false,"excerpt":"La gerencia de la televisora Color Visi\u00f3n pondr\u00e1 en pantalla la edici\u00f3n n\u00famero 68 del Concurso Nacional de Belleza Miss Rep\u00fablica Dominicana, que se llevar\u00e1 a cabo el pr\u00f3ximo 5 de mayo. La ceremonia tendr\u00e1 lugar en la sala de eventos del centro de convenciones de la plaza Sambil Santo\u2026","rel":"","context":"En \u00abENTRETENIMIENTO\u00bb","block_context":{"text":"ENTRETENIMIENTO","link":"https:\/\/lasprimeras.com.do\/index.php\/category\/entretenimiento\/"},"img":{"alt_text":"","src":"https:\/\/i0.wp.com\/lasprimeras.com.do\/wp-content\/uploads\/2024\/04\/WhatsApp-Image-2024-04-26-at-4.57.10-PM-2-2.webp?resize=350%2C200&ssl=1","width":350,"height":200,"srcset":"https:\/\/i0.wp.com\/lasprimeras.com.do\/wp-content\/uploads\/2024\/04\/WhatsApp-Image-2024-04-26-at-4.57.10-PM-2-2.webp?resize=350%2C200&ssl=1 1x, https:\/\/i0.wp.com\/lasprimeras.com.do\/wp-content\/uploads\/2024\/04\/WhatsApp-Image-2024-04-26-at-4.57.10-PM-2-2.webp?resize=525%2C300&ssl=1 1.5x, https:\/\/i0.wp.com\/lasprimeras.com.do\/wp-content\/uploads\/2024\/04\/WhatsApp-Image-2024-04-26-at-4.57.10-PM-2-2.webp?resize=700%2C400&ssl=1 2x, https:\/\/i0.wp.com\/lasprimeras.com.do\/wp-content\/uploads\/2024\/04\/WhatsApp-Image-2024-04-26-at-4.57.10-PM-2-2.webp?resize=1050%2C600&ssl=1 3x"},"classes":[]},{"id":77662,"url":"https:\/\/lasprimeras.com.do\/index.php\/2024\/02\/23\/melkis-diaz-asume-la-direccion-ejecutiva-de-miss-mundo-dominicana\/","url_meta":{"origin":82469,"position":3},"title":"Melkis D\u00edaz asume la direcci\u00f3n ejecutiva de Miss Mundo Dominicana","author":"BIMARY DE JES\u00daS Matos","date":"23 de febrero de 2024","format":false,"excerpt":"Santo Domingo.-La alianza entre Melkis D\u00edaz y Diany Mota, tiene como objetivo principal promover y resaltar la belleza y los valores de las candidatas dominicanas en el escenario internacional. La reconocida dise\u00f1adora de moda y directora de Rep\u00fablica Dominicana Fashion Week, Melkis D\u00edaz se une a la organizaci\u00f3n Concurso Nacional\u2026","rel":"","context":"En \u00abENTRETENIMIENTO\u00bb","block_context":{"text":"ENTRETENIMIENTO","link":"https:\/\/lasprimeras.com.do\/index.php\/category\/entretenimiento\/"},"img":{"alt_text":"","src":"https:\/\/i0.wp.com\/lasprimeras.com.do\/wp-content\/uploads\/2024\/02\/IMG-20240223-WA0079.jpg?resize=350%2C200&ssl=1","width":350,"height":200,"srcset":"https:\/\/i0.wp.com\/lasprimeras.com.do\/wp-content\/uploads\/2024\/02\/IMG-20240223-WA0079.jpg?resize=350%2C200&ssl=1 1x, https:\/\/i0.wp.com\/lasprimeras.com.do\/wp-content\/uploads\/2024\/02\/IMG-20240223-WA0079.jpg?resize=525%2C300&ssl=1 1.5x, https:\/\/i0.wp.com\/lasprimeras.com.do\/wp-content\/uploads\/2024\/02\/IMG-20240223-WA0079.jpg?resize=700%2C400&ssl=1 2x, https:\/\/i0.wp.com\/lasprimeras.com.do\/wp-content\/uploads\/2024\/02\/IMG-20240223-WA0079.jpg?resize=1050%2C600&ssl=1 3x"},"classes":[]},{"id":59558,"url":"https:\/\/lasprimeras.com.do\/index.php\/2023\/09\/05\/participantes-del-miss-rd-universo-2023-comparten-sus-sentimientos-en-las-redes\/","url_meta":{"origin":82469,"position":4},"title":"Participantes del Miss RD Universo 2023 comparten sus sentimientos en las redes","author":"Nelson Feliz","date":"5 de septiembre de 2023","format":false,"excerpt":"Mariana Downing, representante de S\u00e1nchez Ram\u00edrez, se coron\u00f3 como Miss RD Universo, y ser\u00e1 la responsable de ir tras la corona del Miss Universo 2023. Desde que finaliz\u00f3 el certamen de belleza, quienes lograron posicionarse en el top 10 y top 5, han estado compartiendo sus reacciones a trav\u00e9s de\u2026","rel":"","context":"En \u00abENTRETENIMIENTO\u00bb","block_context":{"text":"ENTRETENIMIENTO","link":"https:\/\/lasprimeras.com.do\/index.php\/category\/entretenimiento\/"},"img":{"alt_text":"Miss RD universo 2023, Mariana Downing y Miss RD Universo 2022, Andreina Mart\u00ednez","src":"https:\/\/i0.wp.com\/lasprimeras.com.do\/wp-content\/uploads\/2023\/09\/Miss-RD-universo-2023-Mariana-Downing-y-Miss-RD-Universo-2022-Andreina-Martinez.jpg?resize=350%2C200&ssl=1","width":350,"height":200,"srcset":"https:\/\/i0.wp.com\/lasprimeras.com.do\/wp-content\/uploads\/2023\/09\/Miss-RD-universo-2023-Mariana-Downing-y-Miss-RD-Universo-2022-Andreina-Martinez.jpg?resize=350%2C200&ssl=1 1x, https:\/\/i0.wp.com\/lasprimeras.com.do\/wp-content\/uploads\/2023\/09\/Miss-RD-universo-2023-Mariana-Downing-y-Miss-RD-Universo-2022-Andreina-Martinez.jpg?resize=525%2C300&ssl=1 1.5x, https:\/\/i0.wp.com\/lasprimeras.com.do\/wp-content\/uploads\/2023\/09\/Miss-RD-universo-2023-Mariana-Downing-y-Miss-RD-Universo-2022-Andreina-Martinez.jpg?resize=700%2C400&ssl=1 2x"},"classes":[]},{"id":75147,"url":"https:\/\/lasprimeras.com.do\/index.php\/2024\/01\/29\/melissa-nunez-es-la-primera-candidata-del-miss-rd-universo-en-ee-uu\/","url_meta":{"origin":82469,"position":5},"title":"Melissa N\u00fa\u00f1ez es la primera candidata del Miss RD Universo en EE.UU","author":"Nelson Feliz","date":"29 de enero de 2024","format":false,"excerpt":"Melissa N\u00fa\u00f1ez es oriunda de La Vega y migr\u00f3 a los Estados Unidos para estudiar. Melissa N\u00fa\u00f1ez, oriunda de La Vega, se coron\u00f3 el pasado octubre como Miss RD Comunidad USA y se convirti\u00f3 en la primera candidata seleccionada para participar en el Miss RD Universo de este a\u00f1o. N\u00fa\u00f1ez,\u2026","rel":"","context":"En \u00abENTRETENIMIENTO\u00bb","block_context":{"text":"ENTRETENIMIENTO","link":"https:\/\/lasprimeras.com.do\/index.php\/category\/entretenimiento\/"},"img":{"alt_text":"Melissa N\u00fa\u00f1ez, se coron\u00f3 en octubre pasado como Miss RD Comunidad USA. (FUENTE EXTERNA)","src":"https:\/\/i0.wp.com\/lasprimeras.com.do\/wp-content\/uploads\/2024\/01\/Melissa-Nunez.jpg?resize=350%2C200&ssl=1","width":350,"height":200,"srcset":"https:\/\/i0.wp.com\/lasprimeras.com.do\/wp-content\/uploads\/2024\/01\/Melissa-Nunez.jpg?resize=350%2C200&ssl=1 1x, https:\/\/i0.wp.com\/lasprimeras.com.do\/wp-content\/uploads\/2024\/01\/Melissa-Nunez.jpg?resize=525%2C300&ssl=1 1.5x, https:\/\/i0.wp.com\/lasprimeras.com.do\/wp-content\/uploads\/2024\/01\/Melissa-Nunez.jpg?resize=700%2C400&ssl=1 2x"},"classes":[]}],"jetpack_sharing_enabled":true,"_links":{"self":[{"href":"https:\/\/lasprimeras.com.do\/index.php\/wp-json\/wp\/v2\/posts\/82469","targetHints":{"allow":["GET"]}}],"collection":[{"href":"https:\/\/lasprimeras.com.do\/index.php\/wp-json\/wp\/v2\/posts"}],"about":[{"href":"https:\/\/lasprimeras.com.do\/index.php\/wp-json\/wp\/v2\/types\/post"}],"author":[{"embeddable":true,"href":"https:\/\/lasprimeras.com.do\/index.php\/wp-json\/wp\/v2\/users\/3"}],"replies":[{"embeddable":true,"href":"https:\/\/lasprimeras.com.do\/index.php\/wp-json\/wp\/v2\/comments?post=82469"}],"version-history":[{"count":1,"href":"https:\/\/lasprimeras.com.do\/index.php\/wp-json\/wp\/v2\/posts\/82469\/revisions"}],"predecessor-version":[{"id":82471,"href":"https:\/\/lasprimeras.com.do\/index.php\/wp-json\/wp\/v2\/posts\/82469\/revisions\/82471"}],"wp:featuredmedia":[{"embeddable":true,"href":"https:\/\/lasprimeras.com.do\/index.php\/wp-json\/wp\/v2\/media\/82470"}],"wp:attachment":[{"href":"https:\/\/lasprimeras.com.do\/index.php\/wp-json\/wp\/v2\/media?parent=82469"}],"wp:term":[{"taxonomy":"category","embeddable":true,"href":"https:\/\/lasprimeras.com.do\/index.php\/wp-json\/wp\/v2\/categories?post=82469"},{"taxonomy":"post_tag","embeddable":true,"href":"https:\/\/lasprimeras.com.do\/index.php\/wp-json\/wp\/v2\/tags?post=82469"}],"curies":[{"name":"wp","href":"https:\/\/api.w.org\/{rel}","templated":true}]}}