{"id":82478,"date":"2024-05-04T09:47:38","date_gmt":"2024-05-04T13:47:38","guid":{"rendered":"https:\/\/lasprimeras.com.do\/?p=82478"},"modified":"2024-05-04T09:47:40","modified_gmt":"2024-05-04T13:47:40","slug":"jce-reimprimira-mas-de-600-mil-boletas-debido-a-fallo-del-tse","status":"publish","type":"post","link":"https:\/\/lasprimeras.com.do\/index.php\/2024\/05\/04\/jce-reimprimira-mas-de-600-mil-boletas-debido-a-fallo-del-tse\/","title":{"rendered":"JCE reimprimir\u00e1 m\u00e1s de 600 mil boletas debido a fallo del TSE"},"content":{"rendered":"\n<p>Santo Domingo.-La Junta Central Electoral (JCE) inform\u00f3 ayer que acatar\u00e1 la sentencia del Tribunal Superior Electoral (TSE) y reordenar\u00e1 la boleta de la Fuerza del Pueblo para la circunscripci\u00f3n 1 de las candidaturas a diputados para dominicanos en el exterior.<\/p>\n\n\n\n<p>Sin embargo, enfatiz\u00f3 en que ya esas boletas hab\u00edan sido impresas, enviadas y recibidas en las Oficinas de Coordinaci\u00f3n de Log\u00edstica Electoral (OCLEE) el pasado 1 de mayo.<\/p>\n\n\n\n<p>\u201cEste \u00f3rgano electoral debe resaltar que, la ejecuci\u00f3n de esta sentencia impacta el 64% del padr\u00f3n electoral del exterior, es decir a 549,533 electores de un total 863,784 que contiene dicho padr\u00f3n, repercutiendo en el \u00e1mbito geogr\u00e1fico de 7 OCLEE, 201 recintos electorales y 975 colegios electorales, distribuidos en los Estados Unidos\u201d, se\u00f1ala el comunicado publicado por el pleno de la JCE.<\/p>\n\n\n\n<p>Describi\u00f3 que al momento de recibir la sentencia del TSE en la que ese \u00f3rgano cogi\u00f3 la impugnaci\u00f3n incoada por el candidato a diputado de ultramar del partido Fuerza del Pueblo, Ram\u00f3n Modesto Antonio Tallaj Ure\u00f1a, ya se hab\u00edan distribuido v\u00eda a\u00e9rea las 1,691 valijas del kit electoral y las 2,015 maletas conteniendo los equipos de digitalizaci\u00f3n, escaneo y transmisi\u00f3n en las 23 OCLEE, a nivel mundial.<\/p>\n","protected":false},"excerpt":{"rendered":"<p>Santo Domingo.-La Junta Central Electoral (JCE) inform\u00f3 ayer que acatar\u00e1 la sentencia del Tribunal Superior Electoral (TSE) y reordenar\u00e1 la boleta de la Fuerza del Pueblo para la circunscripci\u00f3n 1&hellip;<\/p>\n","protected":false},"author":3,"featured_media":82225,"comment_status":"open","ping_status":"open","sticky":false,"template":"","format":"standard","meta":{"content-type":"","jetpack_post_was_ever_published":false,"_jetpack_newsletter_access":"","_jetpack_dont_email_post_to_subs":false,"_jetpack_newsletter_tier_id":0,"_jetpack_memberships_contains_paywalled_content":false,"_jetpack_memberships_contains_paid_content":false,"footnotes":""},"categories":[1],"tags":[183],"class_list":["post-82478","post","type-post","status-publish","format-standard","has-post-thumbnail","hentry","category-sin-categoria","tag-jce"],"jetpack_featured_media_url":"https:\/\/lasprimeras.com.do\/wp-content\/uploads\/2024\/04\/6a0c8a05-4f4b-48f5-a1d9-1ad180753c4a-19.webp","jetpack-related-posts":[{"id":112757,"url":"https:\/\/lasprimeras.com.do\/index.php\/2025\/10\/27\/jce-concluye-en-ny-ruta-recepcion-de-propuestas-para-conformar-oclle\/","url_meta":{"origin":82478,"position":0},"title":"JCE concluye en NY ruta recepci\u00f3n de propuestas para conformar OCLLE","author":"Nelson Feliz","date":"27 de octubre de 2025","format":false,"excerpt":"https:\/\/www.youtube.com\/watch?v=_qooak9QeMM Por Ram\u00f3n Mercedes NUEVA YORK.- Una comisi\u00f3n de la Junta Central Electoral (JCE), encabezada por su presidente, doctor Rom\u00e1n J\u00e1quez Liranzo, concluy\u00f3 la noche de este domingo la ruta de recepci\u00f3n de propuestas para la conformaci\u00f3n de las Oficinas de Coordinaci\u00f3n de Log\u00edstica Electoral del Exterior (OCLEE), en varias\u2026","rel":"","context":"En \u00abLA VOZ DE LA DIASPORA\u00bb","block_context":{"text":"LA VOZ DE LA DIASPORA","link":"https:\/\/lasprimeras.com.do\/index.php\/category\/la-voz-de-la-diaspora\/"},"img":{"alt_text":"JCE concluye en NY ruta recepci\u00f3n de propuestas para conformar OCLLE en circunscripci\u00f3n 1-USA","src":"https:\/\/i0.wp.com\/lasprimeras.com.do\/wp-content\/uploads\/2025\/10\/JCE.jpeg?resize=350%2C200&ssl=1","width":350,"height":200,"srcset":"https:\/\/i0.wp.com\/lasprimeras.com.do\/wp-content\/uploads\/2025\/10\/JCE.jpeg?resize=350%2C200&ssl=1 1x, https:\/\/i0.wp.com\/lasprimeras.com.do\/wp-content\/uploads\/2025\/10\/JCE.jpeg?resize=525%2C300&ssl=1 1.5x"},"classes":[]},{"id":111500,"url":"https:\/\/lasprimeras.com.do\/index.php\/2025\/10\/09\/jce-iniciara-encuentros-para-conformacion-de-las-oclee-a-partir-de-este-10-de-octubre\/","url_meta":{"origin":82478,"position":1},"title":"JCE iniciar\u00e1 encuentros para conformaci\u00f3n de las OCLEE a partir de este 10 de octubre","author":"Nelson Feliz","date":"9 de octubre de 2025","format":false,"excerpt":"La Junta Central Electoral (JCE) iniciar\u00e1 este viernes 10 de octubre las reuniones para la recepci\u00f3n de propuestas de aspirantes a miembros de las 24 Oficinas de Coordinaci\u00f3n de Log\u00edstica Electoral (OCLEE), responsables del montaje de las elecciones del a\u00f1o 2028 en el exterior. Las reuniones iniciar\u00e1n con varias rutas\u2026","rel":"","context":"En \u00abNACIONALES\u00bb","block_context":{"text":"NACIONALES","link":"https:\/\/lasprimeras.com.do\/index.php\/category\/nacionales\/"},"img":{"alt_text":"","src":"https:\/\/i0.wp.com\/lasprimeras.com.do\/wp-content\/uploads\/2025\/10\/JCE-1.jpg?resize=350%2C200&ssl=1","width":350,"height":200,"srcset":"https:\/\/i0.wp.com\/lasprimeras.com.do\/wp-content\/uploads\/2025\/10\/JCE-1.jpg?resize=350%2C200&ssl=1 1x, https:\/\/i0.wp.com\/lasprimeras.com.do\/wp-content\/uploads\/2025\/10\/JCE-1.jpg?resize=525%2C300&ssl=1 1.5x, https:\/\/i0.wp.com\/lasprimeras.com.do\/wp-content\/uploads\/2025\/10\/JCE-1.jpg?resize=700%2C400&ssl=1 2x"},"classes":[]},{"id":111650,"url":"https:\/\/lasprimeras.com.do\/index.php\/2025\/10\/12\/jce-inicia-recepcion-de-propuestas-de-aspirantes-a-miembros-de-las-oclee-en-el-exterior\/","url_meta":{"origin":82478,"position":2},"title":"JCE inicia recepci\u00f3n de propuestas de aspirantes a miembros de las OCLEE en el exterior","author":"Nelson Feliz","date":"12 de octubre de 2025","format":false,"excerpt":"Estados Unidos. - Una comisi\u00f3n de la Junta Central Electoral (JCE) recibi\u00f3 las propuestas de aspirantes a miembros para conformar las Oficinas de Coordinaci\u00f3n de Log\u00edstica Electoral en el Exterior (OCLEE) de cara al proceso electoral del 2028, iniciando la jornada en Filadelfia y Washington. La comisi\u00f3n la encabezan la\u2026","rel":"","context":"En \u00abNACIONALES\u00bb","block_context":{"text":"NACIONALES","link":"https:\/\/lasprimeras.com.do\/index.php\/category\/nacionales\/"},"img":{"alt_text":"","src":"https:\/\/i0.wp.com\/lasprimeras.com.do\/wp-content\/uploads\/2025\/10\/JCE-2.jpg?resize=350%2C200&ssl=1","width":350,"height":200,"srcset":"https:\/\/i0.wp.com\/lasprimeras.com.do\/wp-content\/uploads\/2025\/10\/JCE-2.jpg?resize=350%2C200&ssl=1 1x, https:\/\/i0.wp.com\/lasprimeras.com.do\/wp-content\/uploads\/2025\/10\/JCE-2.jpg?resize=525%2C300&ssl=1 1.5x, https:\/\/i0.wp.com\/lasprimeras.com.do\/wp-content\/uploads\/2025\/10\/JCE-2.jpg?resize=700%2C400&ssl=1 2x"},"classes":[]},{"id":115040,"url":"https:\/\/lasprimeras.com.do\/index.php\/2025\/11\/18\/jce-recibe-propuestas-de-aspirantes-a-miembros-de-las-oclee-en-chile-y-panama\/","url_meta":{"origin":82478,"position":3},"title":"JCE recibe propuestas de aspirantes a miembros de las OCLEE en Chile y Panam\u00e1","author":"Nelson Feliz","date":"18 de noviembre de 2025","format":false,"excerpt":"Una comisi\u00f3n de la Junta Central Electoral (JCE) se traslad\u00f3 a Chile y Panam\u00e1 para recibir las propuestas de los aspirantes a miembros de las Oficinas de Coordinaci\u00f3n y de Log\u00edstica Electoral en el Exterior (OCLEE) de estos pa\u00edses de cara a las elecciones de 2028. La comisi\u00f3n de la\u2026","rel":"","context":"En \u00abNACIONALES\u00bb","block_context":{"text":"NACIONALES","link":"https:\/\/lasprimeras.com.do\/index.php\/category\/nacionales\/"},"img":{"alt_text":"","src":"https:\/\/i0.wp.com\/lasprimeras.com.do\/wp-content\/uploads\/2025\/11\/jce-1-1.jpg?resize=350%2C200&ssl=1","width":350,"height":200,"srcset":"https:\/\/i0.wp.com\/lasprimeras.com.do\/wp-content\/uploads\/2025\/11\/jce-1-1.jpg?resize=350%2C200&ssl=1 1x, https:\/\/i0.wp.com\/lasprimeras.com.do\/wp-content\/uploads\/2025\/11\/jce-1-1.jpg?resize=525%2C300&ssl=1 1.5x, https:\/\/i0.wp.com\/lasprimeras.com.do\/wp-content\/uploads\/2025\/11\/jce-1-1.jpg?resize=700%2C400&ssl=1 2x"},"classes":[]},{"id":125535,"url":"https:\/\/lasprimeras.com.do\/index.php\/2026\/03\/24\/comision-de-la-jce-recibe-propuestas-de-aspirantes-a-miembros-de-las-oclee-en-europa\/","url_meta":{"origin":82478,"position":4},"title":"Comisi\u00f3n de la JCE recibe propuestas de aspirantes a miembros de las OCLEE en Europa","author":"Nelson Feliz","date":"24 de marzo de 2026","format":false,"excerpt":"Madrid, Espa\u00f1a. - Una comisi\u00f3n de la Junta Central Electoral (JCE) recibi\u00f3 las propuestas de los aspirantes a miembros de las Oficinas de Coordinaci\u00f3n de Log\u00edstica Electoral en el Exterior (OCLEE) de cara a las elecciones de 2028, en una ruta de trabajo que inici\u00f3 desde el 13 hasta el\u2026","rel":"","context":"En \u00abNACIONALES\u00bb","block_context":{"text":"NACIONALES","link":"https:\/\/lasprimeras.com.do\/index.php\/category\/nacionales\/"},"img":{"alt_text":"","src":"https:\/\/i0.wp.com\/lasprimeras.com.do\/wp-content\/uploads\/2026\/03\/OCLEE-09.jpg?resize=350%2C200&ssl=1","width":350,"height":200,"srcset":"https:\/\/i0.wp.com\/lasprimeras.com.do\/wp-content\/uploads\/2026\/03\/OCLEE-09.jpg?resize=350%2C200&ssl=1 1x, https:\/\/i0.wp.com\/lasprimeras.com.do\/wp-content\/uploads\/2026\/03\/OCLEE-09.jpg?resize=525%2C300&ssl=1 1.5x, https:\/\/i0.wp.com\/lasprimeras.com.do\/wp-content\/uploads\/2026\/03\/OCLEE-09.jpg?resize=700%2C400&ssl=1 2x"},"classes":[]},{"id":112828,"url":"https:\/\/lasprimeras.com.do\/index.php\/2025\/10\/27\/presidente-de-la-jce-en-ny-el-voto-en-el-exterior-es-la-conquista-mas-democratica-de-rd-en-materia-electoral\/","url_meta":{"origin":82478,"position":5},"title":"Presidente de la JCE en NY: el voto en el exterior es la conquista m\u00e1s democr\u00e1tica de RD en materia electoral","author":"Nelson Feliz","date":"27 de octubre de 2025","format":false,"excerpt":"Se avanza en la recepci\u00f3n de propuestas de las 24 OCLEE que operan a nivel internacional Nueva York.- El presidente de la Junta Central Electoral (JCE), Rom\u00e1n Andr\u00e9s J\u00e1quez Liranzo, proclam\u00f3 ayer en Nueva York que el derecho al voto en el exterior es la conquista m\u00e1s democr\u00e1tica que ha\u2026","rel":"","context":"En \u00abINTERNACIONALES\u00bb","block_context":{"text":"INTERNACIONALES","link":"https:\/\/lasprimeras.com.do\/index.php\/category\/sin-categoria\/internacionales\/"},"img":{"alt_text":"","src":"https:\/\/i0.wp.com\/lasprimeras.com.do\/wp-content\/uploads\/2025\/10\/Roman-Andres-Jaquez-Liranzo.jpg?resize=350%2C200&ssl=1","width":350,"height":200,"srcset":"https:\/\/i0.wp.com\/lasprimeras.com.do\/wp-content\/uploads\/2025\/10\/Roman-Andres-Jaquez-Liranzo.jpg?resize=350%2C200&ssl=1 1x, https:\/\/i0.wp.com\/lasprimeras.com.do\/wp-content\/uploads\/2025\/10\/Roman-Andres-Jaquez-Liranzo.jpg?resize=525%2C300&ssl=1 1.5x, https:\/\/i0.wp.com\/lasprimeras.com.do\/wp-content\/uploads\/2025\/10\/Roman-Andres-Jaquez-Liranzo.jpg?resize=700%2C400&ssl=1 2x"},"classes":[]}],"jetpack_sharing_enabled":true,"_links":{"self":[{"href":"https:\/\/lasprimeras.com.do\/index.php\/wp-json\/wp\/v2\/posts\/82478","targetHints":{"allow":["GET"]}}],"collection":[{"href":"https:\/\/lasprimeras.com.do\/index.php\/wp-json\/wp\/v2\/posts"}],"about":[{"href":"https:\/\/lasprimeras.com.do\/index.php\/wp-json\/wp\/v2\/types\/post"}],"author":[{"embeddable":true,"href":"https:\/\/lasprimeras.com.do\/index.php\/wp-json\/wp\/v2\/users\/3"}],"replies":[{"embeddable":true,"href":"https:\/\/lasprimeras.com.do\/index.php\/wp-json\/wp\/v2\/comments?post=82478"}],"version-history":[{"count":1,"href":"https:\/\/lasprimeras.com.do\/index.php\/wp-json\/wp\/v2\/posts\/82478\/revisions"}],"predecessor-version":[{"id":82479,"href":"https:\/\/lasprimeras.com.do\/index.php\/wp-json\/wp\/v2\/posts\/82478\/revisions\/82479"}],"wp:featuredmedia":[{"embeddable":true,"href":"https:\/\/lasprimeras.com.do\/index.php\/wp-json\/wp\/v2\/media\/82225"}],"wp:attachment":[{"href":"https:\/\/lasprimeras.com.do\/index.php\/wp-json\/wp\/v2\/media?parent=82478"}],"wp:term":[{"taxonomy":"category","embeddable":true,"href":"https:\/\/lasprimeras.com.do\/index.php\/wp-json\/wp\/v2\/categories?post=82478"},{"taxonomy":"post_tag","embeddable":true,"href":"https:\/\/lasprimeras.com.do\/index.php\/wp-json\/wp\/v2\/tags?post=82478"}],"curies":[{"name":"wp","href":"https:\/\/api.w.org\/{rel}","templated":true}]}}