{"id":82483,"date":"2024-05-04T09:51:30","date_gmt":"2024-05-04T13:51:30","guid":{"rendered":"https:\/\/lasprimeras.com.do\/?p=82483"},"modified":"2024-05-04T09:53:19","modified_gmt":"2024-05-04T13:53:19","slug":"haiti-espera-mision-multinacional-en-medio-de-desacuerdos","status":"publish","type":"post","link":"https:\/\/lasprimeras.com.do\/index.php\/2024\/05\/04\/haiti-espera-mision-multinacional-en-medio-de-desacuerdos\/","title":{"rendered":"Hait\u00ed espera misi\u00f3n multinacional en medio de desacuerdos"},"content":{"rendered":"\n<p>Puerto Pr\u00edncipe.- Los haitianos aguardan con esperanza la llegada de una misi\u00f3n multinacional liderada por Kenia que ayude a restaurar la seguridad en el pa\u00eds, en medio de las discrepancias que reinan en el seno del Consejo Presidencial de Transici\u00f3n solo ocho d\u00edas despu\u00e9s de su puesta en marcha.<\/p>\n\n\n\n<p>La violencia de las bandas armadas sigue protagonizando la vida en gran parte de Hait\u00ed, en especial en la zona metropolitana de Puerto Pr\u00edncipe, como qued\u00f3 patente en la madrugada del 1 al 2 de mayo en \u00e1reas capitalinas como Solino o Delmas 24.<\/p>\n\n\n\n<p>Ante esta inseguridad, agravada desde finales de febrero pasado, buena parte de la poblaci\u00f3n tiene puestas sus esperanzas en las fuerzas multinacionales, que cuentan con el visto bueno de la ONU y cuyo despliegue, seg\u00fan el ministro de Asuntos Exteriores de Bahamas, Fred Mitchell, comenzar\u00e1 el 26 de mayo.<\/p>\n\n\n\n<p>Bahamas es uno de los pa\u00edses que se han comprometido a enviar efectivos a Hait\u00ed en el marco de la misi\u00f3n, junto a Kenia, Burkina Faso y varios pa\u00edses del Caribe, entre otros Estados.<\/p>\n","protected":false},"excerpt":{"rendered":"<p>Puerto Pr\u00edncipe.- Los haitianos aguardan con esperanza la llegada de una misi\u00f3n multinacional liderada por Kenia que ayude a restaurar la seguridad en el pa\u00eds, en medio de las discrepancias&hellip;<\/p>\n","protected":false},"author":3,"featured_media":81761,"comment_status":"open","ping_status":"open","sticky":false,"template":"","format":"standard","meta":{"content-type":"","jetpack_post_was_ever_published":false,"_jetpack_newsletter_access":"","_jetpack_dont_email_post_to_subs":false,"_jetpack_newsletter_tier_id":0,"_jetpack_memberships_contains_paywalled_content":false,"_jetpack_memberships_contains_paid_content":false,"footnotes":""},"categories":[35],"tags":[7448],"class_list":["post-82483","post","type-post","status-publish","format-standard","has-post-thumbnail","hentry","category-nacionales","tag-haiti-2"],"jetpack_featured_media_url":"https:\/\/lasprimeras.com.do\/wp-content\/uploads\/2024\/04\/6a0c8a05-4f4b-48f5-a1d9-1ad180753c4a-35.jpg","jetpack-related-posts":[{"id":75021,"url":"https:\/\/lasprimeras.com.do\/index.php\/2024\/01\/28\/haiti-espera-un-resultado-rapido-y-positivo-sobre-mision-multinacional-ofrecida-por-kenia\/","url_meta":{"origin":82483,"position":0},"title":"Hait\u00ed espera un resultado r\u00e1pido y positivo sobre misi\u00f3n multinacional ofrecida por Kenia","author":"Nelson Feliz","date":"28 de enero de 2024","format":false,"excerpt":"Frente a las amenazas de bandas armadas que siguen sembrando el p\u00e1nico, \"no es el momento de aventurerismos. Puerto Pr\u00edncipe.- El Gobierno haitiano dijo este domingo que espera un resultado \u00abr\u00e1pido y positivo\u00bb sobre la misi\u00f3n multinacional que Kenia se ha ofrecido liderar para ayudar a combatir la violencia en\u2026","rel":"","context":"En \u00abSin categor\u00eda\u00bb","block_context":{"text":"Sin categor\u00eda","link":"https:\/\/lasprimeras.com.do\/index.php\/category\/sin-categoria\/"},"img":{"alt_text":"Haitianos","src":"https:\/\/i0.wp.com\/lasprimeras.com.do\/wp-content\/uploads\/2024\/01\/Haitianos-1.jpg?resize=350%2C200&ssl=1","width":350,"height":200,"srcset":"https:\/\/i0.wp.com\/lasprimeras.com.do\/wp-content\/uploads\/2024\/01\/Haitianos-1.jpg?resize=350%2C200&ssl=1 1x, https:\/\/i0.wp.com\/lasprimeras.com.do\/wp-content\/uploads\/2024\/01\/Haitianos-1.jpg?resize=525%2C300&ssl=1 1.5x, https:\/\/i0.wp.com\/lasprimeras.com.do\/wp-content\/uploads\/2024\/01\/Haitianos-1.jpg?resize=700%2C400&ssl=1 2x"},"classes":[]},{"id":70822,"url":"https:\/\/lasprimeras.com.do\/index.php\/2023\/12\/14\/jefe-de-la-policia-de-haiti-visita-kenia-previo-al-envio-de-tropas-a-la-mision-multinacional\/","url_meta":{"origin":82483,"position":1},"title":"Jefe de la Polic\u00eda de Hait\u00ed visita Kenia, previo al env\u00edo de tropas a la misi\u00f3n multinacional","author":"Nelson Feliz","date":"14 de diciembre de 2023","format":false,"excerpt":"La visita forma parte de los preparativos para el despliegue de unos mil polic\u00edas kenianos que integrar\u00edan un contingente de 3.000 que ser\u00e1n enviados a Puerto Pr\u00edncipe. NAIROBI, EFE.-.El jefe de la Polic\u00eda de Hait\u00ed, Frantz Elbe, se encuentra esta semana de visita en Kenia despu\u00e9s de que el Parlamento\u2026","rel":"","context":"En \u00abSin categor\u00eda\u00bb","block_context":{"text":"Sin categor\u00eda","link":"https:\/\/lasprimeras.com.do\/index.php\/category\/sin-categoria\/"},"img":{"alt_text":"POLICIA HAITI","src":"https:\/\/i0.wp.com\/lasprimeras.com.do\/wp-content\/uploads\/2023\/12\/POLICIA-HAITI.jpeg?resize=350%2C200&ssl=1","width":350,"height":200,"srcset":"https:\/\/i0.wp.com\/lasprimeras.com.do\/wp-content\/uploads\/2023\/12\/POLICIA-HAITI.jpeg?resize=350%2C200&ssl=1 1x, https:\/\/i0.wp.com\/lasprimeras.com.do\/wp-content\/uploads\/2023\/12\/POLICIA-HAITI.jpeg?resize=525%2C300&ssl=1 1.5x, https:\/\/i0.wp.com\/lasprimeras.com.do\/wp-content\/uploads\/2023\/12\/POLICIA-HAITI.jpeg?resize=700%2C400&ssl=1 2x"},"classes":[]},{"id":86223,"url":"https:\/\/lasprimeras.com.do\/index.php\/2024\/07\/21\/fuerzas-jamaicanas-en-haiti-se-sumarian-a-mision-de-los-agentes-kenianos-en-haiti\/","url_meta":{"origin":82483,"position":2},"title":"Fuerzas jamaicanas en Hait\u00ed se sumar\u00edan a misi\u00f3n de los agentes kenianos en Hait\u00ed","author":"Nelson Feliz","date":"21 de julio de 2024","format":false,"excerpt":"El despliegue de las fuerzas jamaicanas en Hait\u00ed como parte de la Misi\u00f3n Multinacional de Apoyo a la Seguridad est\u00e1 cerca, de acuerdo a declaraciones del embajador de Estados Unidos en ese pa\u00eds, Dennis Hankins. En una entrevista para Voz de Am\u00e9rica en creole, Hankins inform\u00f3 que el pr\u00f3ximo contingente\u2026","rel":"","context":"En \u00abSin categor\u00eda\u00bb","block_context":{"text":"Sin categor\u00eda","link":"https:\/\/lasprimeras.com.do\/index.php\/category\/sin-categoria\/"},"img":{"alt_text":"","src":"https:\/\/i0.wp.com\/lasprimeras.com.do\/wp-content\/uploads\/2024\/07\/agentes.jpg?resize=350%2C200&ssl=1","width":350,"height":200,"srcset":"https:\/\/i0.wp.com\/lasprimeras.com.do\/wp-content\/uploads\/2024\/07\/agentes.jpg?resize=350%2C200&ssl=1 1x, https:\/\/i0.wp.com\/lasprimeras.com.do\/wp-content\/uploads\/2024\/07\/agentes.jpg?resize=525%2C300&ssl=1 1.5x, https:\/\/i0.wp.com\/lasprimeras.com.do\/wp-content\/uploads\/2024\/07\/agentes.jpg?resize=700%2C400&ssl=1 2x"},"classes":[]},{"id":83049,"url":"https:\/\/lasprimeras.com.do\/index.php\/2024\/05\/10\/aterriza-avion-militar-de-ee-uu-en-puerto-principe-mientras-aerolineas-desisten-de-reanudar-vuelos\/","url_meta":{"origin":82483,"position":3},"title":"Aterriza avi\u00f3n militar de EE.UU. en Puerto Pr\u00edncipe, mientras aerol\u00edneas desisten de reanudar vuelos","author":"Nelson Feliz","date":"10 de mayo de 2024","format":false,"excerpt":"Un avi\u00f3n militar de Estados Unidos aterriz\u00f3 este viernes en el Aeropuerto Internacional Toussaint Louverture en Puerto Pr\u00edncipe, capital de Hait\u00ed, siendo el m\u00e1s reciente de una serie de vuelos que iniciaron a mediados de abril con el fin de allanar el camino para el despliegue de la misi\u00f3n internacional\u2026","rel":"","context":"En \u00abSin categor\u00eda\u00bb","block_context":{"text":"Sin categor\u00eda","link":"https:\/\/lasprimeras.com.do\/index.php\/category\/sin-categoria\/"},"img":{"alt_text":"Avi\u00f3n militar de EE.UU.","src":"https:\/\/i0.wp.com\/lasprimeras.com.do\/wp-content\/uploads\/2024\/05\/Avion-militar-de-EE.UU_.jpg?resize=350%2C200&ssl=1","width":350,"height":200,"srcset":"https:\/\/i0.wp.com\/lasprimeras.com.do\/wp-content\/uploads\/2024\/05\/Avion-militar-de-EE.UU_.jpg?resize=350%2C200&ssl=1 1x, https:\/\/i0.wp.com\/lasprimeras.com.do\/wp-content\/uploads\/2024\/05\/Avion-militar-de-EE.UU_.jpg?resize=525%2C300&ssl=1 1.5x, https:\/\/i0.wp.com\/lasprimeras.com.do\/wp-content\/uploads\/2024\/05\/Avion-militar-de-EE.UU_.jpg?resize=700%2C400&ssl=1 2x"},"classes":[]},{"id":62160,"url":"https:\/\/lasprimeras.com.do\/index.php\/2023\/10\/03\/la-mision-multinacional-en-haiti-debe-incluir-medidas-para-proteger-derechos-humanos\/","url_meta":{"origin":82483,"position":4},"title":"La misi\u00f3n multinacional en Hait\u00ed debe incluir medidas para proteger derechos humanos","author":"Nelson Feliz","date":"3 de octubre de 2023","format":false,"excerpt":"El presidente de Kenia, William Ruto, subray\u00f3 hoy que el nuevo dispositivo debe dejar una huella diferente en la historia de las intervenciones internacionales en Hait\u00ed. Amnist\u00eda Internacional (AI) pidi\u00f3 este martes al Consejo de Seguridad de las Naciones Unidas que el despliegue de la misi\u00f3n multinacional liderada por Kenia\u2026","rel":"","context":"En \u00abSin categor\u00eda\u00bb","block_context":{"text":"Sin categor\u00eda","link":"https:\/\/lasprimeras.com.do\/index.php\/category\/sin-categoria\/"},"img":{"alt_text":"Miembros armados de la pandilla","src":"https:\/\/i0.wp.com\/lasprimeras.com.do\/wp-content\/uploads\/2023\/10\/Miembros-armados-de-la-pandilla.jpeg?resize=350%2C200&ssl=1","width":350,"height":200,"srcset":"https:\/\/i0.wp.com\/lasprimeras.com.do\/wp-content\/uploads\/2023\/10\/Miembros-armados-de-la-pandilla.jpeg?resize=350%2C200&ssl=1 1x, https:\/\/i0.wp.com\/lasprimeras.com.do\/wp-content\/uploads\/2023\/10\/Miembros-armados-de-la-pandilla.jpeg?resize=525%2C300&ssl=1 1.5x, https:\/\/i0.wp.com\/lasprimeras.com.do\/wp-content\/uploads\/2023\/10\/Miembros-armados-de-la-pandilla.jpeg?resize=700%2C400&ssl=1 2x"},"classes":[]},{"id":83671,"url":"https:\/\/lasprimeras.com.do\/index.php\/2024\/05\/23\/ee-uu-asegura-que-kenia-entiende-las-normas-de-comportamiento-de-la-mision-en-haiti\/","url_meta":{"origin":82483,"position":5},"title":"EE.UU. asegura que Kenia entiende las normas de comportamiento de la misi\u00f3n en Hait\u00ed","author":"Nelson Feliz","date":"23 de mayo de 2024","format":false,"excerpt":"La labor ser\u00e1 de apoyo a la gobernabilidad del pa\u00eds, sumido en una oleada de violencia de bandas armadas. Washington,EFE, D.C. -Estados Unidos asegur\u00f3 este mi\u00e9rcoles que conf\u00eda en que Kenia tiene claras las normas de actuaci\u00f3n en el inminente despliegue de una fuerza de seguridad en Hait\u00ed y que\u2026","rel":"","context":"En \u00abSin categor\u00eda\u00bb","block_context":{"text":"Sin categor\u00eda","link":"https:\/\/lasprimeras.com.do\/index.php\/category\/sin-categoria\/"},"img":{"alt_text":"El env\u00edo de fuerzas armadas de kenia al pa\u00eds caribe\u00f1o","src":"https:\/\/i0.wp.com\/lasprimeras.com.do\/wp-content\/uploads\/2024\/05\/El-envio-de-fuerzas-armadas-de-kenia-al-pais-caribeno.jpg?resize=350%2C200&ssl=1","width":350,"height":200,"srcset":"https:\/\/i0.wp.com\/lasprimeras.com.do\/wp-content\/uploads\/2024\/05\/El-envio-de-fuerzas-armadas-de-kenia-al-pais-caribeno.jpg?resize=350%2C200&ssl=1 1x, https:\/\/i0.wp.com\/lasprimeras.com.do\/wp-content\/uploads\/2024\/05\/El-envio-de-fuerzas-armadas-de-kenia-al-pais-caribeno.jpg?resize=525%2C300&ssl=1 1.5x, https:\/\/i0.wp.com\/lasprimeras.com.do\/wp-content\/uploads\/2024\/05\/El-envio-de-fuerzas-armadas-de-kenia-al-pais-caribeno.jpg?resize=700%2C400&ssl=1 2x"},"classes":[]}],"jetpack_sharing_enabled":true,"_links":{"self":[{"href":"https:\/\/lasprimeras.com.do\/index.php\/wp-json\/wp\/v2\/posts\/82483","targetHints":{"allow":["GET"]}}],"collection":[{"href":"https:\/\/lasprimeras.com.do\/index.php\/wp-json\/wp\/v2\/posts"}],"about":[{"href":"https:\/\/lasprimeras.com.do\/index.php\/wp-json\/wp\/v2\/types\/post"}],"author":[{"embeddable":true,"href":"https:\/\/lasprimeras.com.do\/index.php\/wp-json\/wp\/v2\/users\/3"}],"replies":[{"embeddable":true,"href":"https:\/\/lasprimeras.com.do\/index.php\/wp-json\/wp\/v2\/comments?post=82483"}],"version-history":[{"count":1,"href":"https:\/\/lasprimeras.com.do\/index.php\/wp-json\/wp\/v2\/posts\/82483\/revisions"}],"predecessor-version":[{"id":82485,"href":"https:\/\/lasprimeras.com.do\/index.php\/wp-json\/wp\/v2\/posts\/82483\/revisions\/82485"}],"wp:featuredmedia":[{"embeddable":true,"href":"https:\/\/lasprimeras.com.do\/index.php\/wp-json\/wp\/v2\/media\/81761"}],"wp:attachment":[{"href":"https:\/\/lasprimeras.com.do\/index.php\/wp-json\/wp\/v2\/media?parent=82483"}],"wp:term":[{"taxonomy":"category","embeddable":true,"href":"https:\/\/lasprimeras.com.do\/index.php\/wp-json\/wp\/v2\/categories?post=82483"},{"taxonomy":"post_tag","embeddable":true,"href":"https:\/\/lasprimeras.com.do\/index.php\/wp-json\/wp\/v2\/tags?post=82483"}],"curies":[{"name":"wp","href":"https:\/\/api.w.org\/{rel}","templated":true}]}}