{"id":82489,"date":"2024-05-04T17:57:53","date_gmt":"2024-05-04T21:57:53","guid":{"rendered":"https:\/\/lasprimeras.com.do\/?p=82489"},"modified":"2024-05-04T17:57:55","modified_gmt":"2024-05-04T21:57:55","slug":"fallece-esposo-de-consuelo-despradel-rafael-ortiz-garcia","status":"publish","type":"post","link":"https:\/\/lasprimeras.com.do\/index.php\/2024\/05\/04\/fallece-esposo-de-consuelo-despradel-rafael-ortiz-garcia\/","title":{"rendered":"Fallece esposo de Consuelo Despradel, Rafael Ortiz Garc\u00eda"},"content":{"rendered":"\n<p>Santo Domingo.- El esposo de la periodista y comentarista Consuelo Despradel, Rafael Ortiz Garc\u00eda alias \u201cCapul\u201d, falleci\u00f3 a los 83 a\u00f1os de edad.<\/p>\n\n\n\n<p>En una historia de su cuenta de Instagram, Despradel reposteo una publicaci\u00f3n relacionada al deceso de su esposo.<\/p>\n\n\n\n<p>La informaci\u00f3n tambi\u00e9n fue dada a conocer por medio de la cuenta de X (antiguo Twitter) del ge\u00f3logo Osiris de Le\u00f3n.<\/p>\n\n\n\n<p>\u201cNuestras m\u00e1s sentidas condolencias para nuestra querida amiga y hermana de toda una vida Consuelo Despradel, ante la triste partida de su inseparable compa\u00f1ero Rafael Ortiz Garc\u00eda (Capul)\u201d, escribi\u00f3 Osiris en su red social.<\/p>\n\n\n\n<p>Los restos de Ortiz Garc\u00eda ser\u00e1n velados en la Funeraria Blandino de la avenida Abraham Lincoln a las 3:00 de la tarde hasta el domingo 5 de mayo a las 11:00 de la ma\u00f1ana.<\/p>\n","protected":false},"excerpt":{"rendered":"<p>Santo Domingo.- El esposo de la periodista y comentarista Consuelo Despradel, Rafael Ortiz Garc\u00eda alias \u201cCapul\u201d, falleci\u00f3 a los 83 a\u00f1os de edad. En una historia de su cuenta de&hellip;<\/p>\n","protected":false},"author":3,"featured_media":82490,"comment_status":"open","ping_status":"open","sticky":false,"template":"","format":"standard","meta":{"content-type":"","jetpack_post_was_ever_published":false,"_jetpack_newsletter_access":"","_jetpack_dont_email_post_to_subs":false,"_jetpack_newsletter_tier_id":0,"_jetpack_memberships_contains_paywalled_content":false,"_jetpack_memberships_contains_paid_content":false,"footnotes":""},"categories":[35],"tags":[1659],"class_list":["post-82489","post","type-post","status-publish","format-standard","has-post-thumbnail","hentry","category-nacionales","tag-esposo"],"jetpack_featured_media_url":"https:\/\/lasprimeras.com.do\/wp-content\/uploads\/2024\/05\/7745dfde-456a-4a7d-aae2-970a54c76356-1024x682-1.jpeg","jetpack-related-posts":[{"id":68834,"url":"https:\/\/lasprimeras.com.do\/index.php\/2023\/11\/28\/consuelo-despradel-esta-descansando-en-casa-con-su-familia\/","url_meta":{"origin":82489,"position":0},"title":"Consuelo Despradel est\u00e1 descansando en casa con su familia","author":"BIMARY DE JES\u00daS Matos","date":"28 de noviembre de 2023","format":false,"excerpt":"\u201cHola, es Consuelo Despradel, aqu\u00ed con mis hijas en plena recuperaci\u00f3n, con Dios mediante en los pr\u00f3ximos d\u00edas o meses, tal vez pueda volver a todas mis actividades normales\u201d, fueron las palabras de la comunicadora enviadas en un audio esta ma\u00f1ana para el programa \u00abSol de la Ma\u00f1ana\u00bb, que se\u2026","rel":"","context":"En \u00abENTRETENIMIENTO\u00bb","block_context":{"text":"ENTRETENIMIENTO","link":"https:\/\/lasprimeras.com.do\/index.php\/category\/entretenimiento\/"},"img":{"alt_text":"","src":"https:\/\/i0.wp.com\/lasprimeras.com.do\/wp-content\/uploads\/2023\/11\/Noticias-de-economia-2-8.jpg?resize=350%2C200&ssl=1","width":350,"height":200,"srcset":"https:\/\/i0.wp.com\/lasprimeras.com.do\/wp-content\/uploads\/2023\/11\/Noticias-de-economia-2-8.jpg?resize=350%2C200&ssl=1 1x, https:\/\/i0.wp.com\/lasprimeras.com.do\/wp-content\/uploads\/2023\/11\/Noticias-de-economia-2-8.jpg?resize=525%2C300&ssl=1 1.5x"},"classes":[]},{"id":54731,"url":"https:\/\/lasprimeras.com.do\/index.php\/2023\/07\/13\/declaracion-publica-pedro-jimenez-no-esta-solo\/","url_meta":{"origin":82489,"position":1},"title":"Declaraci\u00f3n p\u00fablica: Pedro Jim\u00e9nez no est\u00e1 s\u00f3lo","author":"Nelson Feliz","date":"13 de julio de 2023","format":false,"excerpt":"Los abajo firmantes, periodistas y comunicadores dominicanos, en ejercicio de sus derechos constitucionales, ante la alarmante denuncia hecha por el prestigioso periodista Pedro Jim\u00e9nez, en virtud de la cual revela la peligrosa amenaza formulada por el se\u00f1or Miguel Arturo L\u00f3pez (Micky), acusado de narcotr\u00e1fico y lavado de activos por el\u2026","rel":"","context":"En \u00abOPINI\u00d3N\u00bb","block_context":{"text":"OPINI\u00d3N","link":"https:\/\/lasprimeras.com.do\/index.php\/category\/opinion\/"},"img":{"alt_text":"Pedro Jimenez","src":"https:\/\/i0.wp.com\/lasprimeras.com.do\/wp-content\/uploads\/2023\/07\/Pedro-Jimenez-FP-2.jpg?resize=350%2C200&ssl=1","width":350,"height":200,"srcset":"https:\/\/i0.wp.com\/lasprimeras.com.do\/wp-content\/uploads\/2023\/07\/Pedro-Jimenez-FP-2.jpg?resize=350%2C200&ssl=1 1x, https:\/\/i0.wp.com\/lasprimeras.com.do\/wp-content\/uploads\/2023\/07\/Pedro-Jimenez-FP-2.jpg?resize=525%2C300&ssl=1 1.5x, https:\/\/i0.wp.com\/lasprimeras.com.do\/wp-content\/uploads\/2023\/07\/Pedro-Jimenez-FP-2.jpg?resize=700%2C400&ssl=1 2x"},"classes":[]},{"id":63116,"url":"https:\/\/lasprimeras.com.do\/index.php\/2023\/10\/10\/el-prm-da-a-conocer-candidatos-escogidos-mediante-encuestas\/","url_meta":{"origin":82489,"position":2},"title":"El PRM da a conocer candidatos escogidos mediante encuestas","author":"BIMARY DE JES\u00daS Matos","date":"10 de octubre de 2023","format":false,"excerpt":"SANTO DOMINGO.- El Partido Revolucionario Moderno (PRM) dio a conocer a sus candidatos a nivel legislativo y municipal escogidos mediante encuestas en ocho provincias. Ricardo de los Santos ser\u00e1 el candidato a senador en S\u00e1nchez Ram\u00edrez, Ginnete Bournigal en Puerto Plata, Pedro Catra\u00edn en Saman\u00e1, Franklin Romero en Duarte, Secundino\u2026","rel":"","context":"En \u00abPORTADA\u00bb","block_context":{"text":"PORTADA","link":"https:\/\/lasprimeras.com.do\/index.php\/category\/portada\/"},"img":{"alt_text":"","src":"https:\/\/i0.wp.com\/lasprimeras.com.do\/wp-content\/uploads\/2023\/10\/WhatsApp-Image-2023-10-09-at-6.14.13-PM-2-6.jpeg?resize=350%2C200&ssl=1","width":350,"height":200,"srcset":"https:\/\/i0.wp.com\/lasprimeras.com.do\/wp-content\/uploads\/2023\/10\/WhatsApp-Image-2023-10-09-at-6.14.13-PM-2-6.jpeg?resize=350%2C200&ssl=1 1x, https:\/\/i0.wp.com\/lasprimeras.com.do\/wp-content\/uploads\/2023\/10\/WhatsApp-Image-2023-10-09-at-6.14.13-PM-2-6.jpeg?resize=525%2C300&ssl=1 1.5x, https:\/\/i0.wp.com\/lasprimeras.com.do\/wp-content\/uploads\/2023\/10\/WhatsApp-Image-2023-10-09-at-6.14.13-PM-2-6.jpeg?resize=700%2C400&ssl=1 2x"},"classes":[]},{"id":108464,"url":"https:\/\/lasprimeras.com.do\/index.php\/2025\/09\/07\/presidente-ejecutivo-de-banreservas-recibe-visita-de-ejecutivos-del-bhd\/","url_meta":{"origin":82489,"position":3},"title":"Presidente ejecutivo de Banreservas recibe visita de ejecutivos del BHD","author":"Nelson Feliz","date":"7 de septiembre de 2025","format":false,"excerpt":"El presidente ejecutivo del Banco de Reservas, doctor Leonardo Aguilera, recibi\u00f3 en la sede de la instituci\u00f3n a los principales ejecutivos del Banco Hipotecario Dominicano (BHD) y otras empresas de ese grupo financiero, con el objetivo de fortalecer la colaboraci\u00f3n institucional y contribuir a la estabilidad del sistema financiero nacional.\u2026","rel":"","context":"En \u00abECONOM\u00cdA\u00bb","block_context":{"text":"ECONOM\u00cdA","link":"https:\/\/lasprimeras.com.do\/index.php\/category\/economia\/"},"img":{"alt_text":"","src":"https:\/\/i0.wp.com\/lasprimeras.com.do\/wp-content\/uploads\/2025\/09\/visita.jpg?resize=350%2C200&ssl=1","width":350,"height":200,"srcset":"https:\/\/i0.wp.com\/lasprimeras.com.do\/wp-content\/uploads\/2025\/09\/visita.jpg?resize=350%2C200&ssl=1 1x, https:\/\/i0.wp.com\/lasprimeras.com.do\/wp-content\/uploads\/2025\/09\/visita.jpg?resize=525%2C300&ssl=1 1.5x, https:\/\/i0.wp.com\/lasprimeras.com.do\/wp-content\/uploads\/2025\/09\/visita.jpg?resize=700%2C400&ssl=1 2x"},"classes":[]},{"id":117625,"url":"https:\/\/lasprimeras.com.do\/index.php\/2025\/12\/12\/3-imputados-de-la-operacion-cobra-confesaron-en-el-tribunal-que-pagaron-sobornos-a-funcionarios-del-senasa\/","url_meta":{"origin":82489,"position":4},"title":"3 imputados de la Operaci\u00f3n Cobra confesaron en el tribunal que pagaron sobornos a funcionarios del SeNaSa","author":"Nelson Feliz","date":"12 de diciembre de 2025","format":false,"excerpt":"Entre los que cobraron m\u00e1s de 2 mil millones de pesos figura el exdirector de la instituci\u00f3n Santiago Hazim y el Consultor Jur\u00eddico Germ\u00e1n Robles Este jueves, en el conocimiento de la medida de coerci\u00f3n solicitada a ra\u00edz de la judicializaci\u00f3n de la Operaci\u00f3n Cobra tres de los imputados admitieron\u2026","rel":"","context":"En \u00abJUSTICIA\u00bb","block_context":{"text":"JUSTICIA","link":"https:\/\/lasprimeras.com.do\/index.php\/category\/justicia\/"},"img":{"alt_text":"","src":"https:\/\/i0.wp.com\/lasprimeras.com.do\/wp-content\/uploads\/2025\/12\/jueces.jpg?resize=350%2C200&ssl=1","width":350,"height":200,"srcset":"https:\/\/i0.wp.com\/lasprimeras.com.do\/wp-content\/uploads\/2025\/12\/jueces.jpg?resize=350%2C200&ssl=1 1x, https:\/\/i0.wp.com\/lasprimeras.com.do\/wp-content\/uploads\/2025\/12\/jueces.jpg?resize=525%2C300&ssl=1 1.5x, https:\/\/i0.wp.com\/lasprimeras.com.do\/wp-content\/uploads\/2025\/12\/jueces.jpg?resize=700%2C400&ssl=1 2x"},"classes":[]},{"id":54146,"url":"https:\/\/lasprimeras.com.do\/index.php\/2023\/07\/08\/empresarios-de-villa-consuelo-y-edeeste-combatiran-apagones\/","url_meta":{"origin":82489,"position":5},"title":"Empresarios de Villa Consuelo y Edeeste combatir\u00e1n apagones","author":"Nelson Feliz","date":"8 de julio de 2023","format":false,"excerpt":"El presidente de la Asociaci\u00f3n de Comerciantes e Importadores de Villa Consuelo, Mario Chabebe, han dado un paso al frente en la lucha contra la creciente ola de apagones que ha golpeado recientemente a la zona. A tales fines se congregaron junto al diputado de la Circunscripci\u00f3n 3 del Distrito\u2026","rel":"","context":"En \u00abECONOM\u00cdA\u00bb","block_context":{"text":"ECONOM\u00cdA","link":"https:\/\/lasprimeras.com.do\/index.php\/category\/economia\/"},"img":{"alt_text":"Mario Chabebe","src":"https:\/\/i0.wp.com\/lasprimeras.com.do\/wp-content\/uploads\/2023\/07\/Mario-Chabebe.jpg?resize=350%2C200&ssl=1","width":350,"height":200,"srcset":"https:\/\/i0.wp.com\/lasprimeras.com.do\/wp-content\/uploads\/2023\/07\/Mario-Chabebe.jpg?resize=350%2C200&ssl=1 1x, https:\/\/i0.wp.com\/lasprimeras.com.do\/wp-content\/uploads\/2023\/07\/Mario-Chabebe.jpg?resize=525%2C300&ssl=1 1.5x, https:\/\/i0.wp.com\/lasprimeras.com.do\/wp-content\/uploads\/2023\/07\/Mario-Chabebe.jpg?resize=700%2C400&ssl=1 2x"},"classes":[]}],"jetpack_sharing_enabled":true,"_links":{"self":[{"href":"https:\/\/lasprimeras.com.do\/index.php\/wp-json\/wp\/v2\/posts\/82489","targetHints":{"allow":["GET"]}}],"collection":[{"href":"https:\/\/lasprimeras.com.do\/index.php\/wp-json\/wp\/v2\/posts"}],"about":[{"href":"https:\/\/lasprimeras.com.do\/index.php\/wp-json\/wp\/v2\/types\/post"}],"author":[{"embeddable":true,"href":"https:\/\/lasprimeras.com.do\/index.php\/wp-json\/wp\/v2\/users\/3"}],"replies":[{"embeddable":true,"href":"https:\/\/lasprimeras.com.do\/index.php\/wp-json\/wp\/v2\/comments?post=82489"}],"version-history":[{"count":1,"href":"https:\/\/lasprimeras.com.do\/index.php\/wp-json\/wp\/v2\/posts\/82489\/revisions"}],"predecessor-version":[{"id":82491,"href":"https:\/\/lasprimeras.com.do\/index.php\/wp-json\/wp\/v2\/posts\/82489\/revisions\/82491"}],"wp:featuredmedia":[{"embeddable":true,"href":"https:\/\/lasprimeras.com.do\/index.php\/wp-json\/wp\/v2\/media\/82490"}],"wp:attachment":[{"href":"https:\/\/lasprimeras.com.do\/index.php\/wp-json\/wp\/v2\/media?parent=82489"}],"wp:term":[{"taxonomy":"category","embeddable":true,"href":"https:\/\/lasprimeras.com.do\/index.php\/wp-json\/wp\/v2\/categories?post=82489"},{"taxonomy":"post_tag","embeddable":true,"href":"https:\/\/lasprimeras.com.do\/index.php\/wp-json\/wp\/v2\/tags?post=82489"}],"curies":[{"name":"wp","href":"https:\/\/api.w.org\/{rel}","templated":true}]}}