{"id":82493,"date":"2024-05-04T21:21:19","date_gmt":"2024-05-05T01:21:19","guid":{"rendered":"https:\/\/lasprimeras.com.do\/?p=82493"},"modified":"2024-05-04T21:21:19","modified_gmt":"2024-05-05T01:21:19","slug":"roberto-angel-abinader-sera-el-presidente-mas-votado-de-la-historia-en-rd","status":"publish","type":"post","link":"https:\/\/lasprimeras.com.do\/index.php\/2024\/05\/04\/roberto-angel-abinader-sera-el-presidente-mas-votado-de-la-historia-en-rd\/","title":{"rendered":"Roberto \u00c1ngel: \u201cAbinader ser\u00e1 el presidente m\u00e1s votado de la historia en RD\u201d"},"content":{"rendered":"\n<p><strong>En una asamblea de trabajos electorales y de apoyo al candidato a senador, Ram\u00f3n Rogelio Genao, y a las diputaciones, destaca la cohesi\u00f3n de la dirigencia del PRM y aliados para retener el Gobierno y ganar la mayor\u00eda en las c\u00e1maras del Congreso.<\/strong><\/p>\n\n\n\n<p>El miembro de la Direcci\u00f3n Ejecutiva del Partido Revolucionario Moderno (PRM), Roberto \u00c1ngel Salcedo, dijo este s\u00e1bado que en todo el pa\u00eds las condiciones est\u00e1n servidas para que el presidente Luis Abinader sea reelegido el 19 de mayo y que con su liderazgo y la alianza que encabeza el PRM arrastrara la victoria del senador Ram\u00f3n Rogelio Genao y de los diputados en esta demarcaci\u00f3n.<\/p>\n\n\n\n<p>Durante una asamblea de trabajo electoral, realizada en el Club del Colegio de Abogados en esta ciudad, Roberto \u00c1ngel record\u00f3 que tan solo faltan 15 d\u00edas para las elecciones del pr\u00f3ximo 19 de mayo.<\/p>\n\n\n\n<p>Asegur\u00f3 que el presidente Luis Abinader ser\u00e1 el seguro ganador para un nuevo mandato del pa\u00eds, con una votaci\u00f3n hist\u00f3rica, jam\u00e1s obtenida por candidatos presidenciales en el pa\u00eds, aproximada o superior al 70 por ciento de los sufragios.<\/p>\n\n\n\n<p>Sostuvo que igual victoria obtendr\u00e1n el candidato a senador, Ram\u00f3n Rogelio Genao, actual senador y secretario general del Partido Reformista Social Cristiano (PRSC), y los dem\u00e1s aspirantes a diputados que integran la boleta de la alianza hist\u00f3rica, que conforman ambos partidos junto a otras 20 organizaciones y movimientos.<\/p>\n\n\n\n<p>Resalt\u00f3 el trabajo y la cohesi\u00f3n pol\u00edtica lograda por el enlace y&nbsp; coordinador de campa\u00f1a del PRM para La Vega, Limber Cruz, y las dirigencias pol\u00edticas de esta organizaci\u00f3n y dem\u00e1s partidos de la coalici\u00f3n Avanza RD, que lideran el presidente Luis Abinader y el PRM.<\/p>\n\n\n\n<p>Record\u00f3 que como ning\u00fan presidente en la historia democr\u00e1tica del pa\u00eds, Luis Abinader ha tenido que afrontar grandes crisis desde el inicio de su gobierno, en agosto de 2020, entre las que cit\u00f3 las generadas por la covid-19, la guerra en Ucrania, que produjo un desabastecimiento mundial de combustibles, de productos b\u00e1sicos y una alta inflaci\u00f3n , as\u00ed como la producida por varios fen\u00f3menos atmosf\u00e9ricos qu\u00e9 afectaron la producci\u00f3n agropecuaria y da\u00f1aron importantes infraestructuras viales.<\/p>\n\n\n\n<p>El alto dirigente pol\u00edtico puntualiz\u00f3 que, muy a pesar de estas situaciones, hoy el pa\u00eds es un referente mundial en el manejo de la crisis sanitaria generada por la covid-19, en la conducci\u00f3n de la econom\u00eda en medio de \u00e9stas situaciones, en el sector tur\u00edstico, con el crecimiento de m\u00e1s de 10 millones de visitantes extranjeros en 2023, en la estabilidad de los precios de los combustibles con miles de millones destinados a subsidiarlos, en el crecimiento de las exportaciones y del rengl\u00f3n de zonas francas, as\u00ed como en el abastecimiento de los productos agropecuarios, que han contribuido a la estabilidad en el costo de la canasta familiar.<\/p>\n\n\n\n<p>A estos elementos agreg\u00f3 los miles de millones de pesos en infraestructuras viales y obras de desarrollo en La Vega y todas las provincias del pa\u00eds, as\u00ed como los subsidios estatales destinados a las familias m\u00e1s pobres y vulnerables, para mejorar sus condiciones de vida.<\/p>\n\n\n\n<p>Tras exponer los referidos elementos, que enfatiz\u00f3 generan confianza en el pueblo y los sectores productivos, Roberto \u00c1ngel asegur\u00f3 que en La Vega y todo el territorio nacional &#8220;las condiciones est\u00e1n servidas para que Luis Abinader sea el presidente m\u00e1s votado en la historia pol\u00edtica y democr\u00e1tica de Rep\u00fablica Dominicana&#8221;.<\/p>\n\n\n\n<p>Exhort\u00f3 a los dirigentes perremeistas y de la coalici\u00f3n de 22 partidos que lidera el PRM a no&nbsp; descansar en los trabajos electorales para convertir en realidad las intenciones de votaci\u00f3n y anhelos del pueblo dominicano manifiestos en las encuestas, &#8220;pre\u00f1ando las urnas de votos el pr\u00f3ximo 19 de mayo, para ratificar en el Gobierno al presidente Luis Abinader por cuatro a\u00f1os.<\/p>\n\n\n\n<p><strong>Prev\u00e9 votaci\u00f3n r\u00e9cord en La Vega<\/strong><\/p>\n\n\n\n<p>De su lado, el coordinador de campa\u00f1a del PRM en esta provincia, Limbert Cruz, asegur\u00f3 que&nbsp; en esta demarcaci\u00f3n se trabaja de manera coherente y sin descanso para ganar la senadur\u00eda y las siete diputaciones&nbsp; y convertir al presidente en el m\u00e1s votado de la historia provincial y del pa\u00eds, con una votaci\u00f3n que superar\u00e1 el 70 por ciento. De igual modo, le exhort\u00f3 a los presentes a votar por los candidatos del PRM y Aliados.<\/p>\n\n\n\n<p><strong>Ram\u00f3n Rogelio Genao<\/strong><\/p>\n\n\n\n<p>El candidato a&nbsp; senador&nbsp; por del Partido Reformista Social Cristiano (PRSC), del PRM y aliados, Ram\u00f3n Rogelio Genao, durante su intervenci\u00f3n proclam\u00f3: \u201cVamos a convertir al presidente Luis Abinader en el m\u00e1s votado en la historia de la Rep\u00fablica Dominicana\u201d.<\/p>\n\n\n\n<p>&nbsp;Manifest\u00f3 que para lograr el 70% de Luis Abinader y obtener la mayor cantidad de diputados y ganar la senadur\u00eda, su Partido y los aliados&nbsp; trabajan d\u00eda y noche sin descanso, para que en La Vega y todo el pa\u00eds sigan el cambio y las grandes transformaciones sociales y econ\u00f3micas.<\/p>\n\n\n\n<p><strong>Participaciones<\/strong><\/p>\n\n\n\n<p>La l\u00ednea principal de honor fue encabezada por Roberto \u00c1ngel y el senador y candidato a esta misma posici\u00f3n, Ram\u00f3n Rogelio Genao, el coordinador provincial de campa\u00f1a del PRM, Limber Cruz,&nbsp; el ex alcalde Fausto Ruiz, la gobernadora Luisa Jim\u00e9nez De la Mota, Danny Holgu\u00edn, presidente municipal y candidato a diputado, y los tambi\u00e9n aspirantes a diputados Jos\u00e9 Luis Abreu, Vilma Morillo, Alfonso Genao y Carolin Mercedes.<\/p>\n","protected":false},"excerpt":{"rendered":"<p>En una asamblea de trabajos electorales y de apoyo al candidato a senador, Ram\u00f3n Rogelio Genao, y a las diputaciones, destaca la cohesi\u00f3n de la dirigencia del PRM y aliados&hellip;<\/p>\n","protected":false},"author":6,"featured_media":82494,"comment_status":"open","ping_status":"open","sticky":false,"template":"","format":"standard","meta":{"content-type":"","jetpack_post_was_ever_published":false,"_jetpack_newsletter_access":"","_jetpack_dont_email_post_to_subs":false,"_jetpack_newsletter_tier_id":0,"_jetpack_memberships_contains_paywalled_content":false,"_jetpack_memberships_contains_paid_content":false,"footnotes":""},"categories":[25],"tags":[960,67,12765,935,1226,646],"class_list":["post-82493","post","type-post","status-publish","format-standard","has-post-thumbnail","hentry","category-portada","tag-historia","tag-luis-abinader","tag-mas-votado","tag-presidente","tag-republica-dominicana","tag-roberto-angel-salcedo"],"jetpack_featured_media_url":"https:\/\/lasprimeras.com.do\/wp-content\/uploads\/2024\/05\/Roberto-Angel-Salcedo-11.jpg","jetpack-related-posts":[{"id":81341,"url":"https:\/\/lasprimeras.com.do\/index.php\/2024\/04\/19\/roberto-angel-peravia-garantiza-triunfo-de-abinader-y-julito-como-senador\/","url_meta":{"origin":82493,"position":0},"title":"Roberto \u00c1ngel: \u201cPeravia garantiza triunfo de Abinader y Julito como Senador\u201d","author":"Nelson Feliz","date":"19 de abril de 2024","format":false,"excerpt":"Encabeza asamblea con dirigencia del PRM en Ban\u00ed, y mano a mano en el distrito Villa Fundaci\u00f3n, de respaldo al candidato a senador y a las diputaciones en la provincia. El miembro de la Direcci\u00f3n Ejecutiva del Partido Revolucionario Moderno (PRM), Roberto \u00c1ngel Salcedo, asegur\u00f3 este viernes que el presidente\u2026","rel":"","context":"En \u00abPORTADA\u00bb","block_context":{"text":"PORTADA","link":"https:\/\/lasprimeras.com.do\/index.php\/category\/portada\/"},"img":{"alt_text":"Roberto \u00c1ngel Salcedo","src":"https:\/\/i0.wp.com\/lasprimeras.com.do\/wp-content\/uploads\/2024\/04\/Roberto-Angel-Salcedo-9.jpg?resize=350%2C200&ssl=1","width":350,"height":200,"srcset":"https:\/\/i0.wp.com\/lasprimeras.com.do\/wp-content\/uploads\/2024\/04\/Roberto-Angel-Salcedo-9.jpg?resize=350%2C200&ssl=1 1x, https:\/\/i0.wp.com\/lasprimeras.com.do\/wp-content\/uploads\/2024\/04\/Roberto-Angel-Salcedo-9.jpg?resize=525%2C300&ssl=1 1.5x, https:\/\/i0.wp.com\/lasprimeras.com.do\/wp-content\/uploads\/2024\/04\/Roberto-Angel-Salcedo-9.jpg?resize=700%2C400&ssl=1 2x"},"classes":[]},{"id":81404,"url":"https:\/\/lasprimeras.com.do\/index.php\/2024\/04\/20\/roberto-angel-afirma-que-sjm-y-elias-pina-respaldaran-a-abinader-y-el-prm\/","url_meta":{"origin":82493,"position":1},"title":"Roberto \u00c1ngel afirma que SJM y El\u00edas Pi\u00f1a respaldar\u00e1n a Abinader y el PRM","author":"Nelson Feliz","date":"20 de abril de 2024","format":false,"excerpt":"Cumple amplia agenda pol\u00edtica en ambas provincias para consolidar el voto por la reelecci\u00f3n de Abinader y ganar la mayor\u00eda en el Senado y la C\u00e1mara de Diputados. Por Martin Restituyo El miembro de la Direcci\u00f3n Ejecutiva del Partido Revolucionario Moderno (PRM), Roberto \u00c1ngel Salcedo, vaticin\u00f3 este s\u00e1bado que por\u2026","rel":"","context":"En \u00abPORTADA\u00bb","block_context":{"text":"PORTADA","link":"https:\/\/lasprimeras.com.do\/index.php\/category\/portada\/"},"img":{"alt_text":"Roberto \u00c1ngel Salcedo","src":"https:\/\/i0.wp.com\/lasprimeras.com.do\/wp-content\/uploads\/2024\/04\/Roberto-Angel-Salcedo-12.jpg?resize=350%2C200&ssl=1","width":350,"height":200,"srcset":"https:\/\/i0.wp.com\/lasprimeras.com.do\/wp-content\/uploads\/2024\/04\/Roberto-Angel-Salcedo-12.jpg?resize=350%2C200&ssl=1 1x, https:\/\/i0.wp.com\/lasprimeras.com.do\/wp-content\/uploads\/2024\/04\/Roberto-Angel-Salcedo-12.jpg?resize=525%2C300&ssl=1 1.5x"},"classes":[]},{"id":83120,"url":"https:\/\/lasprimeras.com.do\/index.php\/2024\/05\/11\/roberto-angel-dice-en-dajabon-habra-votos-a-montones-para-reelegir-a-abinader-y-ganar-el-congreso\/","url_meta":{"origin":82493,"position":2},"title":"Roberto \u00c1ngel dice en Dajab\u00f3n habr\u00e1 &#8220;votos a montones&#8221; para reelegir a Abinader y ganar el Congreso","author":"Nelson Feliz","date":"11 de mayo de 2024","format":false,"excerpt":"En una amplia jornada de actividades en esta provincia, llama a perremeistas y aliados a no descuidar los trabajos en el \u00faltimo tramo de la campa\u00f1a El miembro de la Direcci\u00f3n Ejecutiva del Partido Revolucionario Moderno (PRM), Roberto \u00c1ngel Salcedo, pronostic\u00f3 este s\u00e1bado que el 19 de mayo habr\u00e1 \"votos\u2026","rel":"","context":"En \u00abPORTADA\u00bb","block_context":{"text":"PORTADA","link":"https:\/\/lasprimeras.com.do\/index.php\/category\/portada\/"},"img":{"alt_text":"Roberto \u00c1ngel Salcedo","src":"https:\/\/i0.wp.com\/lasprimeras.com.do\/wp-content\/uploads\/2024\/05\/Roberto-Angel-Salcedo-14.jpg?resize=350%2C200&ssl=1","width":350,"height":200,"srcset":"https:\/\/i0.wp.com\/lasprimeras.com.do\/wp-content\/uploads\/2024\/05\/Roberto-Angel-Salcedo-14.jpg?resize=350%2C200&ssl=1 1x, https:\/\/i0.wp.com\/lasprimeras.com.do\/wp-content\/uploads\/2024\/05\/Roberto-Angel-Salcedo-14.jpg?resize=525%2C300&ssl=1 1.5x, https:\/\/i0.wp.com\/lasprimeras.com.do\/wp-content\/uploads\/2024\/05\/Roberto-Angel-Salcedo-14.jpg?resize=700%2C400&ssl=1 2x"},"classes":[]},{"id":80870,"url":"https:\/\/lasprimeras.com.do\/index.php\/2024\/04\/13\/roberto-angel-la-linea-noroeste-tomo-su-decision-de-seguir-el-cambio-del-prm-y-abinader\/","url_meta":{"origin":82493,"position":3},"title":"Roberto \u00c1ngel: \u201cLa L\u00ednea Noroeste tom\u00f3 su decisi\u00f3n de seguir el cambio del PRM y Abinader\u201d","author":"Nelson Feliz","date":"13 de abril de 2024","format":false,"excerpt":"Realiza recorrido y participa en juramentaci\u00f3n de los comandos de campa\u00f1a,\u00a0 y prev\u00e9 que votaciones en candidatura presidencial y congresuales del PRM en Valverde, Santiago Rodr\u00edguez y Montecristi superar\u00e1n el 70% El destacado dirigente pol\u00edtico Roberto \u00c1ngel Salcedo llam\u00f3 a la dirigencia pol\u00edtica, a los militantes y simpatizantes del Partido\u2026","rel":"","context":"En \u00abPORTADA\u00bb","block_context":{"text":"PORTADA","link":"https:\/\/lasprimeras.com.do\/index.php\/category\/portada\/"},"img":{"alt_text":"Roberto \u00c1ngel Salcedo","src":"https:\/\/i0.wp.com\/lasprimeras.com.do\/wp-content\/uploads\/2024\/04\/Roberto-Angel-Salcedo-3.jpg?resize=350%2C200&ssl=1","width":350,"height":200,"srcset":"https:\/\/i0.wp.com\/lasprimeras.com.do\/wp-content\/uploads\/2024\/04\/Roberto-Angel-Salcedo-3.jpg?resize=350%2C200&ssl=1 1x, https:\/\/i0.wp.com\/lasprimeras.com.do\/wp-content\/uploads\/2024\/04\/Roberto-Angel-Salcedo-3.jpg?resize=525%2C300&ssl=1 1.5x"},"classes":[]},{"id":82005,"url":"https:\/\/lasprimeras.com.do\/index.php\/2024\/04\/27\/roberto-angel-en-la-romana-triunfo-del-prm-sera-por-knock-out-fulminante\/","url_meta":{"origin":82493,"position":4},"title":"Roberto \u00c1ngel: \u201cEn La Romana triunfo del PRM ser\u00e1 por &#8220;knock out fulminante&#8221;","author":"Nelson Feliz","date":"27 de abril de 2024","format":false,"excerpt":"Utilizando un t\u00e9rmino deportivo del boxeo, Roberto \u00c1ngel Salcedo, pronostic\u00f3 este s\u00e1bado que el presidente Luis Abinader junto al\u00a0 Partido Revolucionario Moderno (PRM) y aliados dar\u00e1n un \u201cknock-out\u201d fulminante a la oposici\u00f3n pol\u00edtica, acci\u00f3n con la que ser\u00e1 derrotada en La Romana y todo el pa\u00eds en el torneo electoral\u2026","rel":"","context":"En \u00abPORTADA\u00bb","block_context":{"text":"PORTADA","link":"https:\/\/lasprimeras.com.do\/index.php\/category\/portada\/"},"img":{"alt_text":"Roberto \u00c1ngel Salcedo","src":"https:\/\/i0.wp.com\/lasprimeras.com.do\/wp-content\/uploads\/2024\/04\/Roberto-Angel-Salcedo-4.jpg?resize=350%2C200&ssl=1","width":350,"height":200,"srcset":"https:\/\/i0.wp.com\/lasprimeras.com.do\/wp-content\/uploads\/2024\/04\/Roberto-Angel-Salcedo-4.jpg?resize=350%2C200&ssl=1 1x, https:\/\/i0.wp.com\/lasprimeras.com.do\/wp-content\/uploads\/2024\/04\/Roberto-Angel-Salcedo-4.jpg?resize=525%2C300&ssl=1 1.5x"},"classes":[]},{"id":82153,"url":"https:\/\/lasprimeras.com.do\/index.php\/2024\/04\/29\/roberto-angel-higuey-convertira-a-luis-en-el-presidente-mas-votado-en-la-historia-dominicana\/","url_meta":{"origin":82493,"position":5},"title":"Roberto \u00c1ngel: \u201cHig\u00fcey convertir\u00e1 a Luis en el presidente m\u00e1s votado en la historia dominicana\u201d","author":"Nelson Feliz","date":"29 de abril de 2024","format":false,"excerpt":"-Vaticina PRM lograr\u00e1 su primer senador en La Altagracia con Rafael Bar\u00f3n Duluc (Cholit\u00edn) El miembro de la Direcci\u00f3n Ejecutiva del Partido Revolucionario Moderno (PRM), Roberto \u00c1ngel Salcedo, afirm\u00f3 que Hig\u00fcey aportar\u00e1 un gran caudal de votos a la alianza que lidera esta organizaci\u00f3n y convertir\u00e1 a Luis Abinader en\u2026","rel":"","context":"En \u00abPORTADA\u00bb","block_context":{"text":"PORTADA","link":"https:\/\/lasprimeras.com.do\/index.php\/category\/portada\/"},"img":{"alt_text":"Roberto \u00c1ngel Salcedo","src":"https:\/\/i0.wp.com\/lasprimeras.com.do\/wp-content\/uploads\/2024\/04\/Roberto-Angel-Salcedo-8.jpg?resize=350%2C200&ssl=1","width":350,"height":200,"srcset":"https:\/\/i0.wp.com\/lasprimeras.com.do\/wp-content\/uploads\/2024\/04\/Roberto-Angel-Salcedo-8.jpg?resize=350%2C200&ssl=1 1x, https:\/\/i0.wp.com\/lasprimeras.com.do\/wp-content\/uploads\/2024\/04\/Roberto-Angel-Salcedo-8.jpg?resize=525%2C300&ssl=1 1.5x, https:\/\/i0.wp.com\/lasprimeras.com.do\/wp-content\/uploads\/2024\/04\/Roberto-Angel-Salcedo-8.jpg?resize=700%2C400&ssl=1 2x"},"classes":[]}],"jetpack_sharing_enabled":true,"_links":{"self":[{"href":"https:\/\/lasprimeras.com.do\/index.php\/wp-json\/wp\/v2\/posts\/82493","targetHints":{"allow":["GET"]}}],"collection":[{"href":"https:\/\/lasprimeras.com.do\/index.php\/wp-json\/wp\/v2\/posts"}],"about":[{"href":"https:\/\/lasprimeras.com.do\/index.php\/wp-json\/wp\/v2\/types\/post"}],"author":[{"embeddable":true,"href":"https:\/\/lasprimeras.com.do\/index.php\/wp-json\/wp\/v2\/users\/6"}],"replies":[{"embeddable":true,"href":"https:\/\/lasprimeras.com.do\/index.php\/wp-json\/wp\/v2\/comments?post=82493"}],"version-history":[{"count":1,"href":"https:\/\/lasprimeras.com.do\/index.php\/wp-json\/wp\/v2\/posts\/82493\/revisions"}],"predecessor-version":[{"id":82495,"href":"https:\/\/lasprimeras.com.do\/index.php\/wp-json\/wp\/v2\/posts\/82493\/revisions\/82495"}],"wp:featuredmedia":[{"embeddable":true,"href":"https:\/\/lasprimeras.com.do\/index.php\/wp-json\/wp\/v2\/media\/82494"}],"wp:attachment":[{"href":"https:\/\/lasprimeras.com.do\/index.php\/wp-json\/wp\/v2\/media?parent=82493"}],"wp:term":[{"taxonomy":"category","embeddable":true,"href":"https:\/\/lasprimeras.com.do\/index.php\/wp-json\/wp\/v2\/categories?post=82493"},{"taxonomy":"post_tag","embeddable":true,"href":"https:\/\/lasprimeras.com.do\/index.php\/wp-json\/wp\/v2\/tags?post=82493"}],"curies":[{"name":"wp","href":"https:\/\/api.w.org\/{rel}","templated":true}]}}