{"id":82496,"date":"2024-05-04T21:38:31","date_gmt":"2024-05-05T01:38:31","guid":{"rendered":"https:\/\/lasprimeras.com.do\/?p=82496"},"modified":"2024-05-04T21:38:33","modified_gmt":"2024-05-05T01:38:33","slug":"ute-gradua-nuevos-profesionales-en-su-trigesima-segunda-graduacion-ordinaria","status":"publish","type":"post","link":"https:\/\/lasprimeras.com.do\/index.php\/2024\/05\/04\/ute-gradua-nuevos-profesionales-en-su-trigesima-segunda-graduacion-ordinaria\/","title":{"rendered":"UTE grad\u00faa nuevos profesionales en su trig\u00e9sima segunda graduaci\u00f3n ordinaria"},"content":{"rendered":"\n<p>La Universidad UTE celebr\u00f3 su Trig\u00e9sima Segunda Graduaci\u00f3n Ordinaria, donde grad\u00fao 207 nuevos profesionales en las diferentes \u00e1reas del saber, teniendo como oradora invitada a la reconocida artista dominicana Olga Lara, quien adem\u00e1s, es egresada Summa Cum Laude de esta Casa de Altos Estudios de la licenciatura en Psicolog\u00eda Menci\u00f3n Cl\u00ednica.<\/p>\n\n\n\n<p>Con este acto de graduaci\u00f3n, se incorporan nuevos profesionales en las \u00e1reas de Educaci\u00f3n, Dise\u00f1o, Psicolog\u00eda, Derecho, Contabilidad, Administraci\u00f3n de Empresas y Mercadeo, as\u00ed como en diferentes Maestr\u00edas y Especialidades.<\/p>\n\n\n\n<p>En las palabras centrales del acto, la rectora Altagracia N\u00fa\u00f1ez Batista, afirm\u00f3 que la UTE desde su fundaci\u00f3n marc\u00f3 un hito en la historia de la Educaci\u00f3n Superior para personas adultas en Rep\u00fablica Dominicana:<\/p>\n\n\n\n<p>\u00a8Este sector poblacional estuvo muy marginado en los programas de formaci\u00f3n profesional en este nivel, raz\u00f3n por la cual, cuando se habla de la Educaci\u00f3n Superior Dominicana hay que referirse a un antes y un despu\u00e9s de la fundaci\u00f3n de la UTE, pues el Modelo Educativo Andrag\u00f3gico asumido por esta universidad, constituy\u00f3 un nuevo paradigma en el Sistema de Educaci\u00f3n Superior, ya que vino a romper esquemas tradicionales que marcaron un reconocimiento en la formaci\u00f3n profesional de las personas adultas\u00a8<\/p>\n\n\n\n<p>Mientras que el graduando que pronunci\u00f3 las palabras de gracias a nombre de sus compa\u00f1eros, Franklin Miguel Rosario Badia, Summa Cum Laude de la licenciatura en Mercadeo, llam\u00f3 a la comunidad UTEISTA a tener esperanza y optimismo, no bajar la guardia y continuar con la preparaci\u00f3n y la formaci\u00f3n para afrontar los retos del futuro con entereza y sabidur\u00eda:<\/p>\n\n\n\n<p>\u00a8 Recordemos que la edad no es un obst\u00e1culo para el aprendizaje, sino una oportunidad para seguir creciendo y desarroll\u00e1ndonos como personas.\u00a8<\/p>\n\n\n\n<p>&nbsp;La universidad UTE est\u00e1 celebrando sus 35 a\u00f1os de fundaci\u00f3n, tiempo durante el cual ha formado profesionales de calidad en la poblaci\u00f3n adulta dominicana.<\/p>\n","protected":false},"excerpt":{"rendered":"<p>La Universidad UTE celebr\u00f3 su Trig\u00e9sima Segunda Graduaci\u00f3n Ordinaria, donde grad\u00fao 207 nuevos profesionales en las diferentes \u00e1reas del saber, teniendo como oradora invitada a la reconocida artista dominicana Olga&hellip;<\/p>\n","protected":false},"author":6,"featured_media":82497,"comment_status":"open","ping_status":"open","sticky":false,"template":"","format":"standard","meta":{"content-type":"","jetpack_post_was_ever_published":false,"_jetpack_newsletter_access":"","_jetpack_dont_email_post_to_subs":false,"_jetpack_newsletter_tier_id":0,"_jetpack_memberships_contains_paywalled_content":false,"_jetpack_memberships_contains_paid_content":false,"footnotes":""},"categories":[35],"tags":[863,12532,1884,9363],"class_list":["post-82496","post","type-post","status-publish","format-standard","has-post-thumbnail","hentry","category-nacionales","tag-gradua","tag-graduacion-ordinaria","tag-profesionales","tag-ute"],"jetpack_featured_media_url":"https:\/\/lasprimeras.com.do\/wp-content\/uploads\/2024\/05\/Universidad-UTE-1.jpg","jetpack-related-posts":[{"id":116373,"url":"https:\/\/lasprimeras.com.do\/index.php\/2025\/12\/01\/ute-celebra-trigesima-tercera-graduacion-extraordinaria\/","url_meta":{"origin":82496,"position":0},"title":"UTE celebra Trig\u00e9sima Tercera Graduaci\u00f3n Extraordinaria","author":"Nelson Feliz","date":"1 de diciembre de 2025","format":false,"excerpt":"La Universidad UTE, invisti\u00f3 nuevos profesionales en los niveles de Grado, Especialidad y Maestr\u00eda en su Trig\u00e9sima Tercera Graduaci\u00f3n Extraordinaria. En esta ocasi\u00f3n estuvo como orador invitado, Roberto Santana, Director General de Servicios Penitenciarios y Correccionales, quien ha sido un defensor de la educaci\u00f3n en los recintos penitenciarios, afirmando que\u2026","rel":"","context":"En \u00abNACIONALES\u00bb","block_context":{"text":"NACIONALES","link":"https:\/\/lasprimeras.com.do\/index.php\/category\/nacionales\/"},"img":{"alt_text":"","src":"https:\/\/i0.wp.com\/lasprimeras.com.do\/wp-content\/uploads\/2025\/12\/Inversiones-J-Montero-entregara-25-becas-universitaria-a-jovenes-que-quieran-cursar-una-carrera.jpg?resize=350%2C200&ssl=1","width":350,"height":200,"srcset":"https:\/\/i0.wp.com\/lasprimeras.com.do\/wp-content\/uploads\/2025\/12\/Inversiones-J-Montero-entregara-25-becas-universitaria-a-jovenes-que-quieran-cursar-una-carrera.jpg?resize=350%2C200&ssl=1 1x, https:\/\/i0.wp.com\/lasprimeras.com.do\/wp-content\/uploads\/2025\/12\/Inversiones-J-Montero-entregara-25-becas-universitaria-a-jovenes-que-quieran-cursar-una-carrera.jpg?resize=525%2C300&ssl=1 1.5x, https:\/\/i0.wp.com\/lasprimeras.com.do\/wp-content\/uploads\/2025\/12\/Inversiones-J-Montero-entregara-25-becas-universitaria-a-jovenes-que-quieran-cursar-una-carrera.jpg?resize=700%2C400&ssl=1 2x"},"classes":[]},{"id":66954,"url":"https:\/\/lasprimeras.com.do\/index.php\/2023\/11\/11\/ricardo-de-los-santos-egresados-de-ute-a-actuar-con-transparencia-y-oponerse-a-la-injusticia\/","url_meta":{"origin":82496,"position":1},"title":"Ricardo de los Santos: \u201cEgresados de UTE a actuar con transparencia y oponerse a la injusticia\u201d","author":"Nelson Feliz","date":"11 de noviembre de 2023","format":false,"excerpt":"El presidente del Senado de la Rep\u00fablica, Ricardo de los Santos, llam\u00f3 este s\u00e1bado a los 322 nuevos profesionales de grado y postgrado de la Universidad de la Tercera Edad (UTE) a usar su talento para actuar con transparencia y oponerse a toda pr\u00e1ctica que promueva corrupci\u00f3n e injusticia. Al\u2026","rel":"","context":"En \u00abNACIONALES\u00bb","block_context":{"text":"NACIONALES","link":"https:\/\/lasprimeras.com.do\/index.php\/category\/nacionales\/"},"img":{"alt_text":"Ricardo de los Santos","src":"https:\/\/i0.wp.com\/lasprimeras.com.do\/wp-content\/uploads\/2023\/11\/Ricardo-de-los-Santos-1-1.jpg?resize=350%2C200&ssl=1","width":350,"height":200,"srcset":"https:\/\/i0.wp.com\/lasprimeras.com.do\/wp-content\/uploads\/2023\/11\/Ricardo-de-los-Santos-1-1.jpg?resize=350%2C200&ssl=1 1x, https:\/\/i0.wp.com\/lasprimeras.com.do\/wp-content\/uploads\/2023\/11\/Ricardo-de-los-Santos-1-1.jpg?resize=525%2C300&ssl=1 1.5x, https:\/\/i0.wp.com\/lasprimeras.com.do\/wp-content\/uploads\/2023\/11\/Ricardo-de-los-Santos-1-1.jpg?resize=700%2C400&ssl=1 2x"},"classes":[]},{"id":67611,"url":"https:\/\/lasprimeras.com.do\/index.php\/2023\/11\/15\/logan-jimenez-concluye-estudios-en-diplomacia-y-derecho-internacional-en-la-ute\/","url_meta":{"origin":82496,"position":2},"title":"Logan Jim\u00e9nez concluye estudios en Diplomacia y Derecho Internacional en la UTE","author":"Nelson Feliz","date":"15 de noviembre de 2023","format":false,"excerpt":"La Universidad UTE incorpora nuevos profesionales en diversas \u00e1reas\u00a0en su\u00a0 \u00a0Trig\u00e9sima Primera Graduaci\u00f3n Extraordinaria de grados, especialidades y maestr\u00edas.\u00a0 El destacado comunicador Logan Jim\u00e9nez Ramos, concluy\u00f3 este fin de semana sus estudios de \u00a0maestr\u00eda en Diplomacia y Derecho Internacional en la Universidad UTE, junto a 321 nuevos profesionales de grados\u2026","rel":"","context":"En \u00abNACIONALES\u00bb","block_context":{"text":"NACIONALES","link":"https:\/\/lasprimeras.com.do\/index.php\/category\/nacionales\/"},"img":{"alt_text":"","src":"https:\/\/i0.wp.com\/lasprimeras.com.do\/wp-content\/uploads\/2023\/11\/WhatsApp-Image-2023-11-15-at-10.22.33-PM.jpeg?resize=350%2C200&ssl=1","width":350,"height":200,"srcset":"https:\/\/i0.wp.com\/lasprimeras.com.do\/wp-content\/uploads\/2023\/11\/WhatsApp-Image-2023-11-15-at-10.22.33-PM.jpeg?resize=350%2C200&ssl=1 1x, https:\/\/i0.wp.com\/lasprimeras.com.do\/wp-content\/uploads\/2023\/11\/WhatsApp-Image-2023-11-15-at-10.22.33-PM.jpeg?resize=525%2C300&ssl=1 1.5x, https:\/\/i0.wp.com\/lasprimeras.com.do\/wp-content\/uploads\/2023\/11\/WhatsApp-Image-2023-11-15-at-10.22.33-PM.jpeg?resize=700%2C400&ssl=1 2x, https:\/\/i0.wp.com\/lasprimeras.com.do\/wp-content\/uploads\/2023\/11\/WhatsApp-Image-2023-11-15-at-10.22.33-PM.jpeg?resize=1050%2C600&ssl=1 3x, https:\/\/i0.wp.com\/lasprimeras.com.do\/wp-content\/uploads\/2023\/11\/WhatsApp-Image-2023-11-15-at-10.22.33-PM.jpeg?resize=1400%2C800&ssl=1 4x"},"classes":[]},{"id":68040,"url":"https:\/\/lasprimeras.com.do\/index.php\/2023\/11\/21\/universidad-ute-gradua-internos-de-rafey-y-moca\/","url_meta":{"origin":82496,"position":3},"title":"Universidad UTE gradua internos de Rafey y Moca","author":"Nelson Feliz","date":"21 de noviembre de 2023","format":false,"excerpt":"La Universidad UTE como parte de su programa de inclusi\u00f3n social, gradu\u00f3 este viernes a 21 privados de libertad del Modelo de Gesti\u00f3n Penitenciaria de los centros de Rafey y Moca. Los internos en los recintos penitenciarios Moca y Rafey de Santiago cursaron las carreras de Derecho y Psicolog\u00eda. La\u2026","rel":"","context":"En \u00abNACIONALES\u00bb","block_context":{"text":"NACIONALES","link":"https:\/\/lasprimeras.com.do\/index.php\/category\/nacionales\/"},"img":{"alt_text":"","src":"https:\/\/i0.wp.com\/lasprimeras.com.do\/wp-content\/uploads\/2023\/11\/UTE.jpg?resize=350%2C200&ssl=1","width":350,"height":200,"srcset":"https:\/\/i0.wp.com\/lasprimeras.com.do\/wp-content\/uploads\/2023\/11\/UTE.jpg?resize=350%2C200&ssl=1 1x, https:\/\/i0.wp.com\/lasprimeras.com.do\/wp-content\/uploads\/2023\/11\/UTE.jpg?resize=525%2C300&ssl=1 1.5x, https:\/\/i0.wp.com\/lasprimeras.com.do\/wp-content\/uploads\/2023\/11\/UTE.jpg?resize=700%2C400&ssl=1 2x"},"classes":[]},{"id":68135,"url":"https:\/\/lasprimeras.com.do\/index.php\/2023\/11\/22\/peggy-cabral-la-educacion-clave-para-conseguir-el-desarrollo-personal-humano-y-social\/","url_meta":{"origin":82496,"position":4},"title":"Peggy Cabral: \u201cLa educaci\u00f3n clave para conseguir el desarrollo personal, humano y social\u201d","author":"Nelson Feliz","date":"22 de noviembre de 2023","format":false,"excerpt":"UTE grad\u00faa un importante grupo de internos, privados de libertad en los centros correccionales Moca y Rafey-Santiago, para contribuir a su reinserci\u00f3n en la sociedad como entes productivos. La presidenta de la Fundaci\u00f3n Mujeres por la Educaci\u00f3n, Peggy Cabral, destac\u00f3 lo trascendental que resulta para los internos penitenciarios acceder a\u2026","rel":"","context":"En \u00abSin categor\u00eda\u00bb","block_context":{"text":"Sin categor\u00eda","link":"https:\/\/lasprimeras.com.do\/index.php\/category\/sin-categoria\/"},"img":{"alt_text":"","src":"https:\/\/i0.wp.com\/lasprimeras.com.do\/wp-content\/uploads\/2023\/11\/Peggy-Cabral.jpg?resize=350%2C200&ssl=1","width":350,"height":200,"srcset":"https:\/\/i0.wp.com\/lasprimeras.com.do\/wp-content\/uploads\/2023\/11\/Peggy-Cabral.jpg?resize=350%2C200&ssl=1 1x, https:\/\/i0.wp.com\/lasprimeras.com.do\/wp-content\/uploads\/2023\/11\/Peggy-Cabral.jpg?resize=525%2C300&ssl=1 1.5x, https:\/\/i0.wp.com\/lasprimeras.com.do\/wp-content\/uploads\/2023\/11\/Peggy-Cabral.jpg?resize=700%2C400&ssl=1 2x"},"classes":[]},{"id":81092,"url":"https:\/\/lasprimeras.com.do\/index.php\/2024\/04\/16\/ucateba-realiza-su-xxvii-graduacion-ordinaria-graduando-314-nuevos-profesionales\/","url_meta":{"origin":82496,"position":5},"title":"UCATEBA realiza su XXVII Graduaci\u00f3n Ordinaria, graduando 314 Nuevos Profesionales","author":"Nelson Feliz","date":"16 de abril de 2024","format":false,"excerpt":"Por Nicolas Grull\u00f3n La Universidad Cat\u00f3lica Tecnol\u00f3gica de Barahona (UCATEBA) celebr\u00f3 su vig\u00e9simo s\u00e9ptima Graduaci\u00f3n Ordinaria, en la que 314 nuevos profesionales culminaron exitosamente sus estudios, sumando as\u00ed un total de 7,308 egresados en los 28 a\u00f1os de historia de esta prestigiosa instituci\u00f3n acad\u00e9mica. De los graduandos en esta ceremonia,\u2026","rel":"","context":"En \u00abNACIONALES\u00bb","block_context":{"text":"NACIONALES","link":"https:\/\/lasprimeras.com.do\/index.php\/category\/nacionales\/"},"img":{"alt_text":"BARAHONA","src":"https:\/\/i0.wp.com\/lasprimeras.com.do\/wp-content\/uploads\/2024\/04\/BARAHONA-02.jpg?resize=350%2C200&ssl=1","width":350,"height":200,"srcset":"https:\/\/i0.wp.com\/lasprimeras.com.do\/wp-content\/uploads\/2024\/04\/BARAHONA-02.jpg?resize=350%2C200&ssl=1 1x, https:\/\/i0.wp.com\/lasprimeras.com.do\/wp-content\/uploads\/2024\/04\/BARAHONA-02.jpg?resize=525%2C300&ssl=1 1.5x"},"classes":[]}],"jetpack_sharing_enabled":true,"_links":{"self":[{"href":"https:\/\/lasprimeras.com.do\/index.php\/wp-json\/wp\/v2\/posts\/82496","targetHints":{"allow":["GET"]}}],"collection":[{"href":"https:\/\/lasprimeras.com.do\/index.php\/wp-json\/wp\/v2\/posts"}],"about":[{"href":"https:\/\/lasprimeras.com.do\/index.php\/wp-json\/wp\/v2\/types\/post"}],"author":[{"embeddable":true,"href":"https:\/\/lasprimeras.com.do\/index.php\/wp-json\/wp\/v2\/users\/6"}],"replies":[{"embeddable":true,"href":"https:\/\/lasprimeras.com.do\/index.php\/wp-json\/wp\/v2\/comments?post=82496"}],"version-history":[{"count":1,"href":"https:\/\/lasprimeras.com.do\/index.php\/wp-json\/wp\/v2\/posts\/82496\/revisions"}],"predecessor-version":[{"id":82498,"href":"https:\/\/lasprimeras.com.do\/index.php\/wp-json\/wp\/v2\/posts\/82496\/revisions\/82498"}],"wp:featuredmedia":[{"embeddable":true,"href":"https:\/\/lasprimeras.com.do\/index.php\/wp-json\/wp\/v2\/media\/82497"}],"wp:attachment":[{"href":"https:\/\/lasprimeras.com.do\/index.php\/wp-json\/wp\/v2\/media?parent=82496"}],"wp:term":[{"taxonomy":"category","embeddable":true,"href":"https:\/\/lasprimeras.com.do\/index.php\/wp-json\/wp\/v2\/categories?post=82496"},{"taxonomy":"post_tag","embeddable":true,"href":"https:\/\/lasprimeras.com.do\/index.php\/wp-json\/wp\/v2\/tags?post=82496"}],"curies":[{"name":"wp","href":"https:\/\/api.w.org\/{rel}","templated":true}]}}