{"id":82525,"date":"2024-05-04T23:51:26","date_gmt":"2024-05-05T03:51:26","guid":{"rendered":"https:\/\/lasprimeras.com.do\/?p=82525"},"modified":"2024-05-04T23:51:28","modified_gmt":"2024-05-05T03:51:28","slug":"alcaldesa-betty-geronimo-encuentra-deuda-superior-a-los-rd400-millones-en-asdn","status":"publish","type":"post","link":"https:\/\/lasprimeras.com.do\/index.php\/2024\/05\/04\/alcaldesa-betty-geronimo-encuentra-deuda-superior-a-los-rd400-millones-en-asdn\/","title":{"rendered":"Alcaldesa Betty Ger\u00f3nimo encuentra deuda superior a los RD$400 millones en ASDN"},"content":{"rendered":"\n<p><strong>Solicita auditor\u00edas ante la Contralor\u00eda General de la Rep\u00fablica y C\u00e1mara de Cuentas<\/strong><\/p>\n\n\n\n<p>A una semana de asumir como nueva alcaldesa de Santo Domingo Norte y tras hacer una revisi\u00f3n de las cuentas de la Alcald\u00eda, Betty Ger\u00f3nimo ha encontrado una deuda superior a los RD$400 millones de pesos, dejada por la gesti\u00f3n anterior.<\/p>\n\n\n\n<p>El monto corresponde al no pago de obras de infraestructuras, recogida de desechos s\u00f3lidos, combustible, prestaciones laborales, Tesorer\u00eda de la Seguridad Social (TSS) y pago de impuestos a la Direcci\u00f3n General de Impuestos Internos (DGII).<\/p>\n\n\n\n<p><strong>Empresas recolectoras operan a un 50% de capacidad<\/strong><\/p>\n\n\n\n<p>Las compa\u00f1\u00edas recolectoras de desechos s\u00f3lidos, Sucesat y Caribean Ambiental, s\u00f3lo operan a un 50 porciento de capacidad, siendo necesarios entre 22 a 24 camiones recolectores para un \u00f3ptimo funcionamiento.<\/p>\n\n\n\n<p>Este d\u00e9ficit ha provocado retrasos en la recogida de los desechos s\u00f3lidos en el municipio.<\/p>\n\n\n\n<p>Adem\u00e1s, de un total de 20 motores recolectores de basura (motobasura) pertenecientes a la instituci\u00f3n, s\u00f3lo ocho est\u00e1n en funcionamiento.<\/p>\n\n\n\n<p><strong>Solicita auditor\u00edas<\/strong><\/p>\n\n\n\n<p>Ante la situaci\u00f3n de la deuda encontrada, Ger\u00f3nimo, a trav\u00e9s de la Direcci\u00f3n de Unidades de Auditor\u00eda Interna Gubernamental, solicit\u00f3 a la Contralor\u00eda General de la Rep\u00fablica y a la C\u00e1mara de Cuentas auditar la gesti\u00f3n pasada, que encabez\u00f3 Carlos Guzm\u00e1n.<\/p>\n","protected":false},"excerpt":{"rendered":"<p>Solicita auditor\u00edas ante la Contralor\u00eda General de la Rep\u00fablica y C\u00e1mara de Cuentas A una semana de asumir como nueva alcaldesa de Santo Domingo Norte y tras hacer una revisi\u00f3n&hellip;<\/p>\n","protected":false},"author":6,"featured_media":82526,"comment_status":"open","ping_status":"open","sticky":false,"template":"","format":"standard","meta":{"content-type":"","jetpack_post_was_ever_published":false,"_jetpack_newsletter_access":"","_jetpack_dont_email_post_to_subs":false,"_jetpack_newsletter_tier_id":0,"_jetpack_memberships_contains_paywalled_content":false,"_jetpack_memberships_contains_paid_content":false,"footnotes":""},"categories":[39],"tags":[3305,4772,2803,2064,2675],"class_list":["post-82525","post","type-post","status-publish","format-standard","has-post-thumbnail","hentry","category-economia","tag-alcaldesa","tag-asdn","tag-betty-geronimo","tag-deuda","tag-superior"],"jetpack_featured_media_url":"https:\/\/lasprimeras.com.do\/wp-content\/uploads\/2024\/05\/ASDN-1.jpg","jetpack-related-posts":[{"id":125914,"url":"https:\/\/lasprimeras.com.do\/index.php\/2026\/03\/27\/asdn-interviene-municipio-ante-incumplimiento-de-contrato-de-compania-recolectora\/","url_meta":{"origin":82525,"position":0},"title":"ASDN interviene municipio ante incumplimiento de contrato de compa\u00f1\u00eda recolectora","author":"Nelson Feliz","date":"27 de marzo de 2026","format":false,"excerpt":"_Iniciar\u00e1n proceso legal contra Sucesat_ La alcaldesa de Santo Domingo Norte, Betty Ger\u00f3nimo, encabez\u00f3 un operativo de intervenci\u00f3n del municipio junto a la Unidad Ejecutora de la Presidencia de la Rep\u00fablica, ECO5RD, ante el incumplimiento en la recogida de basura de la compa\u00f1\u00eda recolectora Sucesat. La jornada, que cont\u00f3 con\u2026","rel":"","context":"En \u00abNACIONALES\u00bb","block_context":{"text":"NACIONALES","link":"https:\/\/lasprimeras.com.do\/index.php\/category\/nacionales\/"},"img":{"alt_text":"","src":"https:\/\/i0.wp.com\/lasprimeras.com.do\/wp-content\/uploads\/2026\/03\/IMG-20260326-WA0418.jpg?resize=350%2C200&ssl=1","width":350,"height":200,"srcset":"https:\/\/i0.wp.com\/lasprimeras.com.do\/wp-content\/uploads\/2026\/03\/IMG-20260326-WA0418.jpg?resize=350%2C200&ssl=1 1x, https:\/\/i0.wp.com\/lasprimeras.com.do\/wp-content\/uploads\/2026\/03\/IMG-20260326-WA0418.jpg?resize=525%2C300&ssl=1 1.5x, https:\/\/i0.wp.com\/lasprimeras.com.do\/wp-content\/uploads\/2026\/03\/IMG-20260326-WA0418.jpg?resize=700%2C400&ssl=1 2x, https:\/\/i0.wp.com\/lasprimeras.com.do\/wp-content\/uploads\/2026\/03\/IMG-20260326-WA0418.jpg?resize=1050%2C600&ssl=1 3x"},"classes":[]},{"id":97622,"url":"https:\/\/lasprimeras.com.do\/index.php\/2025\/04\/24\/regidor-solicita-a-la-alcaldesa-betty-geronimo-agilizar-pago-de-prestaciones-a-exempleados-de-asdn\/","url_meta":{"origin":82525,"position":1},"title":"Regidor solicita a la alcaldesa Betty Ger\u00f3nimo agilizar pago de prestaciones a exempleados de ASDN","author":"Nelson Feliz","date":"24 de abril de 2025","format":false,"excerpt":"ORLANDO ARIAS El regidor \u00d3scar Ram\u00edrez, representante del partido Fuerza del Pueblo en el Concejo de Regidores del municipio Santo Domingo Norte, inst\u00f3 a la alcaldesa Betty Ger\u00f3nimo acelerar el proceso de entrega de certificaciones y el c\u00e1lculo de prestaciones laborales a los exempleados desvinculados de la pasada gesti\u00f3n municipal.\u2026","rel":"","context":"En \u00abECONOM\u00cdA\u00bb","block_context":{"text":"ECONOM\u00cdA","link":"https:\/\/lasprimeras.com.do\/index.php\/category\/economia\/"},"img":{"alt_text":"","src":"https:\/\/i0.wp.com\/lasprimeras.com.do\/wp-content\/uploads\/2025\/04\/Oscar-Ramirez.jpg?resize=350%2C200&ssl=1","width":350,"height":200,"srcset":"https:\/\/i0.wp.com\/lasprimeras.com.do\/wp-content\/uploads\/2025\/04\/Oscar-Ramirez.jpg?resize=350%2C200&ssl=1 1x, https:\/\/i0.wp.com\/lasprimeras.com.do\/wp-content\/uploads\/2025\/04\/Oscar-Ramirez.jpg?resize=525%2C300&ssl=1 1.5x"},"classes":[]},{"id":105401,"url":"https:\/\/lasprimeras.com.do\/index.php\/2025\/08\/03\/la-alcaldia-en-el-barrio-lleva-soluciones-a-sector-las-10-tareas-en-los-guaricanos\/","url_meta":{"origin":82525,"position":2},"title":"La Alcald\u00eda en el Barrio lleva soluciones a sector Las 10 Tareas, en Los Guaricanos","author":"Nelson Feliz","date":"3 de agosto de 2025","format":false,"excerpt":"Se incluy\u00f3 una jornada de vacunaci\u00f3n de perros La Alcald\u00eda de Santo Domingo Norte (ASDN), llev\u00f3 soluciones inmediatas a las problem\u00e1ticas que afectan a los residentes del sector Las 10 Tareas, en Los Guaricanos, a trav\u00e9s de su exitoso programa \"La Alcald\u00eda en el Barrio\". El operativo, encabezado por la\u2026","rel":"","context":"En \u00abNACIONALES\u00bb","block_context":{"text":"NACIONALES","link":"https:\/\/lasprimeras.com.do\/index.php\/category\/nacionales\/"},"img":{"alt_text":"","src":"https:\/\/i0.wp.com\/lasprimeras.com.do\/wp-content\/uploads\/2025\/08\/betty-2.jpg?resize=350%2C200&ssl=1","width":350,"height":200,"srcset":"https:\/\/i0.wp.com\/lasprimeras.com.do\/wp-content\/uploads\/2025\/08\/betty-2.jpg?resize=350%2C200&ssl=1 1x, https:\/\/i0.wp.com\/lasprimeras.com.do\/wp-content\/uploads\/2025\/08\/betty-2.jpg?resize=525%2C300&ssl=1 1.5x, https:\/\/i0.wp.com\/lasprimeras.com.do\/wp-content\/uploads\/2025\/08\/betty-2.jpg?resize=700%2C400&ssl=1 2x"},"classes":[]},{"id":82556,"url":"https:\/\/lasprimeras.com.do\/index.php\/2024\/05\/05\/prm-encabeza-jornada-de-limpieza-y-desinfeccion-junto-alcaldesa-betty-geronimo\/","url_meta":{"origin":82525,"position":3},"title":"PRM encabeza jornada de limpieza y desinfecci\u00f3n junto alcaldesa Betty Ger\u00f3nimo","author":"Esteffany Vargas","date":"5 de mayo de 2024","format":false,"excerpt":"La intervenci\u00f3n forma parte de un amplio trabajo que se realiza en cada uno de los barrios de \u00a0Santo Domingo Norte, a fin de erradicar los vertederos improvisados. El Comit\u00e9 Municipal y el Comando de Campa\u00f1a Unificado del Partido Revolucionario Moderno (PRM) encabezaron junto a la alcaldesa Betty Ger\u00f3nimo una\u2026","rel":"","context":"En \u00abPORTADA\u00bb","block_context":{"text":"PORTADA","link":"https:\/\/lasprimeras.com.do\/index.php\/category\/portada\/"},"img":{"alt_text":"Betty Ger\u00f3nimo","src":"https:\/\/i0.wp.com\/lasprimeras.com.do\/wp-content\/uploads\/2024\/05\/Betty-Geronimo-1.jpg?resize=350%2C200&ssl=1","width":350,"height":200,"srcset":"https:\/\/i0.wp.com\/lasprimeras.com.do\/wp-content\/uploads\/2024\/05\/Betty-Geronimo-1.jpg?resize=350%2C200&ssl=1 1x, https:\/\/i0.wp.com\/lasprimeras.com.do\/wp-content\/uploads\/2024\/05\/Betty-Geronimo-1.jpg?resize=525%2C300&ssl=1 1.5x, https:\/\/i0.wp.com\/lasprimeras.com.do\/wp-content\/uploads\/2024\/05\/Betty-Geronimo-1.jpg?resize=700%2C400&ssl=1 2x"},"classes":[]},{"id":87327,"url":"https:\/\/lasprimeras.com.do\/index.php\/2024\/08\/10\/asdn-recogio-mas-de-65-mil-toneladas-de-basura-en-100-dias-dice-betty-geronimo\/","url_meta":{"origin":82525,"position":4},"title":"\u201cASDN recogi\u00f3 m\u00e1s de 65 mil toneladas de basura en 100 d\u00edas\u201d, dice Betty Ger\u00f3nimo","author":"Nelson Feliz","date":"10 de agosto de 2024","format":false,"excerpt":"La Alcaldesa de Santo Domingo Norte, Betty Ger\u00f3nimo, anunci\u00f3 durante los primeros 100 d\u00edas de gesti\u00f3n, el cabildo recogi\u00f3 m\u00e1s de 65 mil toneladas de basura. Ger\u00f3nimo, incluy\u00f3 la eliminaci\u00f3n de 84 vertederos improvisados en los seis pol\u00edgonos que conforman la demarcaci\u00f3n, entre ellos Sabana Perdida, Villa Mella, Los Guaricanos\u2026","rel":"","context":"En \u00abPORTADA\u00bb","block_context":{"text":"PORTADA","link":"https:\/\/lasprimeras.com.do\/index.php\/category\/portada\/"},"img":{"alt_text":"Betty Ger\u00f3nimo","src":"https:\/\/i0.wp.com\/lasprimeras.com.do\/wp-content\/uploads\/2024\/08\/Betty-Geronimo.jpg?resize=350%2C200&ssl=1","width":350,"height":200,"srcset":"https:\/\/i0.wp.com\/lasprimeras.com.do\/wp-content\/uploads\/2024\/08\/Betty-Geronimo.jpg?resize=350%2C200&ssl=1 1x, https:\/\/i0.wp.com\/lasprimeras.com.do\/wp-content\/uploads\/2024\/08\/Betty-Geronimo.jpg?resize=525%2C300&ssl=1 1.5x"},"classes":[]},{"id":82396,"url":"https:\/\/lasprimeras.com.do\/index.php\/2024\/05\/02\/francisco-fernandez-fue-el-alcalde-que-mas-endeudo-a-santo-domingo-norte-hasta-los-rd700-millones\/","url_meta":{"origin":82525,"position":5},"title":"Francisco Fern\u00e1ndez fue el alcalde que m\u00e1s endeud\u00f3 a Santo Domingo Norte, hasta los RD$700 millones","author":"BIMARY DE JES\u00daS Matos","date":"2 de mayo de 2024","format":false,"excerpt":"Exalcalde Carlos Guzm\u00e1n redujo la deuda del ASDN en m\u00e1s de un 80%, hasta los RD$278 millones; adem\u00e1s afili\u00f3 a los colaboradores a la TSS y puso al d\u00eda el pago a la DGII. La deuda de la Alcald\u00eda de Santo Domingo Norte es heredada de exalcalde Francisco Fern\u00e1ndez, esposo\u2026","rel":"","context":"En \u00abNACIONALES\u00bb","block_context":{"text":"NACIONALES","link":"https:\/\/lasprimeras.com.do\/index.php\/category\/nacionales\/"},"img":{"alt_text":"","src":"https:\/\/i0.wp.com\/lasprimeras.com.do\/wp-content\/uploads\/2024\/05\/IMG-20240502-WA0025-1.jpg?resize=350%2C200&ssl=1","width":350,"height":200,"srcset":"https:\/\/i0.wp.com\/lasprimeras.com.do\/wp-content\/uploads\/2024\/05\/IMG-20240502-WA0025-1.jpg?resize=350%2C200&ssl=1 1x, https:\/\/i0.wp.com\/lasprimeras.com.do\/wp-content\/uploads\/2024\/05\/IMG-20240502-WA0025-1.jpg?resize=525%2C300&ssl=1 1.5x, https:\/\/i0.wp.com\/lasprimeras.com.do\/wp-content\/uploads\/2024\/05\/IMG-20240502-WA0025-1.jpg?resize=700%2C400&ssl=1 2x"},"classes":[]}],"jetpack_sharing_enabled":true,"_links":{"self":[{"href":"https:\/\/lasprimeras.com.do\/index.php\/wp-json\/wp\/v2\/posts\/82525","targetHints":{"allow":["GET"]}}],"collection":[{"href":"https:\/\/lasprimeras.com.do\/index.php\/wp-json\/wp\/v2\/posts"}],"about":[{"href":"https:\/\/lasprimeras.com.do\/index.php\/wp-json\/wp\/v2\/types\/post"}],"author":[{"embeddable":true,"href":"https:\/\/lasprimeras.com.do\/index.php\/wp-json\/wp\/v2\/users\/6"}],"replies":[{"embeddable":true,"href":"https:\/\/lasprimeras.com.do\/index.php\/wp-json\/wp\/v2\/comments?post=82525"}],"version-history":[{"count":1,"href":"https:\/\/lasprimeras.com.do\/index.php\/wp-json\/wp\/v2\/posts\/82525\/revisions"}],"predecessor-version":[{"id":82527,"href":"https:\/\/lasprimeras.com.do\/index.php\/wp-json\/wp\/v2\/posts\/82525\/revisions\/82527"}],"wp:featuredmedia":[{"embeddable":true,"href":"https:\/\/lasprimeras.com.do\/index.php\/wp-json\/wp\/v2\/media\/82526"}],"wp:attachment":[{"href":"https:\/\/lasprimeras.com.do\/index.php\/wp-json\/wp\/v2\/media?parent=82525"}],"wp:term":[{"taxonomy":"category","embeddable":true,"href":"https:\/\/lasprimeras.com.do\/index.php\/wp-json\/wp\/v2\/categories?post=82525"},{"taxonomy":"post_tag","embeddable":true,"href":"https:\/\/lasprimeras.com.do\/index.php\/wp-json\/wp\/v2\/tags?post=82525"}],"curies":[{"name":"wp","href":"https:\/\/api.w.org\/{rel}","templated":true}]}}