{"id":82571,"date":"2024-05-05T22:03:28","date_gmt":"2024-05-06T02:03:28","guid":{"rendered":"https:\/\/lasprimeras.com.do\/?p=82571"},"modified":"2024-05-05T22:03:29","modified_gmt":"2024-05-06T02:03:29","slug":"pleno-jce-concluye-en-ee-uu-supervisa-montaje-para-elecciones-del-19-de-mayo-en-el-exterior","status":"publish","type":"post","link":"https:\/\/lasprimeras.com.do\/index.php\/2024\/05\/05\/pleno-jce-concluye-en-ee-uu-supervisa-montaje-para-elecciones-del-19-de-mayo-en-el-exterior\/","title":{"rendered":"Pleno JCE concluye en EE. UU. supervisa montaje para elecciones del 19 de mayo en el exterior\u00a0"},"content":{"rendered":"\n<p>El Pleno de la Junta Central Electoral (JCE) agot\u00f3 una ruta de trabajo de supervisi\u00f3n y encuentros en Estados Unidos donde visit\u00f3 las ciudades de Boston, New Jersey, Philadelphia y New York de cara a las elecciones en el exterior en los niveles presidenciales y de diputaciones de ultramar del pr\u00f3ximo 19 de mayo de 2024.<\/p>\n\n\n\n<p>Durante un encuentro hist\u00f3rico encabezado por Rom\u00e1n Andr\u00e9s J\u00e1quez Liranzo, presidente de la JCE; los miembros titulares Rafael Armando Vallejo Santelises, Dolores Fern\u00e1ndez, Patricia Lorenzo Paniagua y Samir Chami Isa.<\/p>\n\n\n\n<p>Tambi\u00e9n,&nbsp; los integrantes de la Mesa T\u00e9cnica del Voto en el exterior, conformada por los directores de Elecciones, Mario N\u00fa\u00f1ez Valdez; de Inform\u00e1tica, Johnny Rivera; del Voto en el Exterior, Well Sep\u00falveda y Lenis Garc\u00eda, de Partidos Pol\u00edticos.<\/p>\n\n\n\n<p>Los miembros de la JCE, sostuvieron encuentros con los integrantes de las Oficinas de Servicio en el Exterior (OSE) y de Coordinaci\u00f3n de Log\u00edstica Electoral (OCLEE), as\u00ed como tambi\u00e9n con delegados de los partidos pol\u00edticos acreditados ante el \u00f3rgano electoral, representantes de la comunidad dominicana y l\u00edderes comunitarios de Nueva York, New Jersey, Boston y Philadelphia.<\/p>\n\n\n\n<p>Estuvieron presentes tambi\u00e9n los directores de Comunicaciones, Suedi Le\u00f3n Jim\u00e9nez; de Relaciones Internacionales, Jorge Suncar y de Seguridad Civil, \u00c1ngel Valent\u00edn; as\u00ed como tambi\u00e9n Gabriela P\u00e9rez, secretaria de la Mesa T\u00e9cnica.<\/p>\n\n\n\n<p><strong>J\u00e1quez Liranzo resalta el papel de los partidos pol\u00edticos; llama a enviar mensaje de civismo y de paz<\/strong><\/p>\n\n\n\n<p>Durante sus palabras J\u00e1quez Liranzo resalt\u00f3 el papel de los partidos pol\u00edticos y de los candidatos y candidatas durante este proceso electoral, aprovechando el espacio para exhortar a que los mismos env\u00eden un mensaje de dignidad, civismo y prudencia a sus simpatizantes, \u201cya que ning\u00fan otro mensaje que no sea de paz ser\u00e1 el correcto\u201d.<\/p>\n\n\n\n<p>\u201cExhorto a que la ciudadan\u00eda ejerza una democracia dignamente, a trav\u00e9s del ejercicio del sufragio\u201d, dijo tras concluir la ruta de sensibilizaci\u00f3n y motivaci\u00f3n en la ciudad de New York.<\/p>\n\n\n\n<p>Reiter\u00f3 a toda la comunidad en el exterior que el Pleno garantiza unas elecciones \u00edntegras, c\u00edvicas, seguras, pac\u00edficas, dignas, transparentes y justas.<\/p>\n\n\n\n<p>J\u00e1quez Liranzo afirm\u00f3 que la organizaci\u00f3n del proceso electoral aqu\u00ed y all\u00e1 \u201cmarcha viento en popa y a toda vela, firmes en la consecuci\u00f3n de que la voluntad popular expresada en las urnas llegue al puerto de la democracia representativa\u201d.<\/p>\n\n\n\n<p>El presidente del \u00f3rgano electoral califico el voto en el exterior como una gran conquista democr\u00e1tica y destac\u00f3 aspectos importantes en los que cit\u00f3: que Rep\u00fablica Dominicana pertenece a uno de los menos de 25 pa\u00edses en el mundo que permite el voto sin limitaciones (empadronamiento o registro); pertenece a los nueve pa\u00edses que permite ser elegible al Parlamento y de estos es el tercero porcentualmente con m\u00e1s curules a ser elegibles (7).<\/p>\n\n\n\n<p>El presidente de la JCE a\u00f1adi\u00f3 que Rep\u00fablica Dominicana es el pa\u00eds de Am\u00e9rica Latina con m\u00e1s votantes registrados a partir de su padr\u00f3n general, lo cual es de 11 %, tras se\u00f1alar que su padr\u00f3n del exterior pas\u00f3 de 595,000 (2020) a 863, 784 empadronadas en el 2024.<\/p>\n\n\n\n<p>\u201cRep\u00fablica Dominicana es el \u00fanico pa\u00eds en el mundo en el que los votantes registrados en el exterior son m\u00e1s amplios que los registrados en la capital; es el \u00fanico pa\u00eds del mundo que su registro de electores en el exterior podr\u00eda incidir cuantitativamente en la elecci\u00f3n del nivel presidencial por la cantidad de votantes, con m\u00e1s amplitud geogr\u00e1fica, abarcando 46 ciudades en 35 pa\u00edses en el mundo, a trav\u00e9s de 23 OCLEE\u201d, resalt\u00f3 el presidente de la JCE\u201d.<\/p>\n\n\n\n<p>J\u00e1quez Liranzo sostuvo que estos aspectos demuestran que hay una democracia inclusiva y accesible hacia la dominicanidad del exterior \u201cpor lo que exhort\u00f3 ir el 19 de mayo a votar por la dignidad de la patria\u201d.<\/p>\n\n\n\n<p><strong>Miembros del Pleno de la JCE encabezan actos en diferentes estados de EE. UU.<\/strong><\/p>\n\n\n\n<p>Mientras que el miembro titular Chami Isa, quien dirigi\u00f3 unas palabras en Nueva York, destac\u00f3 el valor del voto en el exterior y se\u00f1al\u00f3 que el mismo mantiene conexi\u00f3n con la patria, fomenta la participaci\u00f3n c\u00edvica, empodera a la dominicanidad y respalda la legitimidad del gobierno.<\/p>\n\n\n\n<p>Record\u00f3 la importancia de trabajar junto a las OSE, OCLEE y los partidos pol\u00edticos en el fortalecimiento de la democracia \u201cya que son los actores principales del proceso en cada uno de sus roles\u201d y los exhort\u00f3 a sacar a pasear su honorabilidad.<\/p>\n\n\n\n<p>De su lado el miembro titular Rafael Armando Vallejo Santelises, quien tuvo las palabras centrales en el estado de Boston, manifest\u00f3 que &#8220;tanto este Pleno como sus directores estamos totalmente comprometidos para que el proceso sea confiable, transparente y de resultados que nadie pueda cuestionar&#8221;.<\/p>\n\n\n\n<p>En tanto que la miembro titular Dolores Fern\u00e1ndez S\u00e1nchez, quien tuvo las palabras principales en Philadelphia, integrada por los estados de Pennsylvania y Delaware, valor\u00f3 la presencia de la comunidad dominicana a quienes expres\u00f3 la importancia de su confianza en el proceso y en el \u00f3rgano electoral.<\/p>\n\n\n\n<p>\u201cReconociendo el gran reto que representa la organizaci\u00f3n del voto en el exterior\u2026 debemos destacar el rol que juega la confianza, la cual debe asegurar un transparente, eficiente, justo y legal funcionamiento del aparato electoral\u201d, manifest\u00f3 Fern\u00e1ndez S\u00e1nchez.<\/p>\n\n\n\n<p>Dijo que en las elecciones del 19 de mayo el mayor reto del \u00f3rgano electoral ser\u00e1 que la ciudadan\u00eda en general tenga certeza y confianza en el montaje, administraci\u00f3n y resultados electorales y que esto lo obtendr\u00e1n trabajando con transparencia, con el acompa\u00f1amiento, consenso y respaldo de los partidos pol\u00edticos.<\/p>\n\n\n\n<p>Asimismo, la miembro titular de la JCE, Patricia Lorenzo Paniagua sostuvo que la democracia de un pa\u00eds solo se sostiene con la participaci\u00f3n activa de sus ciudadanos y ciudadanas.<\/p>\n\n\n\n<p>Plante\u00f3 que el voto en el exterior garantiza la participaci\u00f3n c\u00edvica, impactan en las pol\u00edticas p\u00fablicas y fortalece la democracia dominicana \u201cal ampliar la base de votantes y fomentar una mayor representatividad en el gobierno. Esto contribuye a una sociedad m\u00e1s inclusiva y pluralista\u201d.<\/p>\n","protected":false},"excerpt":{"rendered":"<p>El Pleno de la Junta Central Electoral (JCE) agot\u00f3 una ruta de trabajo de supervisi\u00f3n y encuentros en Estados Unidos donde visit\u00f3 las ciudades de Boston, New Jersey, Philadelphia y&hellip;<\/p>\n","protected":false},"author":6,"featured_media":82572,"comment_status":"open","ping_status":"open","sticky":false,"template":"","format":"standard","meta":{"content-type":"","jetpack_post_was_ever_published":false,"_jetpack_newsletter_access":"","_jetpack_dont_email_post_to_subs":false,"_jetpack_newsletter_tier_id":0,"_jetpack_memberships_contains_paywalled_content":false,"_jetpack_memberships_contains_paid_content":false,"footnotes":""},"categories":[35,25],"tags":[2831,182,711,183,7263,368,451],"class_list":["post-82571","post","type-post","status-publish","format-standard","has-post-thumbnail","hentry","category-nacionales","category-portada","tag-ee-uu-2","tag-elecciones","tag-exterior","tag-jce","tag-montaje","tag-pleno","tag-supervisa"],"jetpack_featured_media_url":"https:\/\/lasprimeras.com.do\/wp-content\/uploads\/2024\/05\/JCE-EX-1.jpg","jetpack-related-posts":[{"id":82262,"url":"https:\/\/lasprimeras.com.do\/index.php\/2024\/04\/30\/pleno-jce-supervisara-montaje-de-las-elecciones-en-estados-unidos\/","url_meta":{"origin":82571,"position":0},"title":"Pleno JCE supervisar\u00e1 montaje de las elecciones en Estados Unidos","author":"Nelson Feliz","date":"30 de abril de 2024","format":false,"excerpt":"Una comisi\u00f3n de la Junta Central Electoral (JCE), encabezada por su presidente Rom\u00e1n Andr\u00e9s J\u00e1quez Liranzo, y los miembros titulares Rafael Armando Vallejo Santelises, Dolores Fern\u00e1ndez, Samir Chami Isa y Patricia Lorenzo Paniagua, viajar\u00e1 este mi\u00e9rcoles 1 de mayo a Estados Unidos para supervisar el montaje de las pr\u00f3ximas elecciones\u2026","rel":"","context":"En \u00abNACIONALES\u00bb","block_context":{"text":"NACIONALES","link":"https:\/\/lasprimeras.com.do\/index.php\/category\/nacionales\/"},"img":{"alt_text":"JCE","src":"https:\/\/i0.wp.com\/lasprimeras.com.do\/wp-content\/uploads\/2024\/04\/JCE-3.jpg?resize=350%2C200&ssl=1","width":350,"height":200,"srcset":"https:\/\/i0.wp.com\/lasprimeras.com.do\/wp-content\/uploads\/2024\/04\/JCE-3.jpg?resize=350%2C200&ssl=1 1x, https:\/\/i0.wp.com\/lasprimeras.com.do\/wp-content\/uploads\/2024\/04\/JCE-3.jpg?resize=525%2C300&ssl=1 1.5x, https:\/\/i0.wp.com\/lasprimeras.com.do\/wp-content\/uploads\/2024\/04\/JCE-3.jpg?resize=700%2C400&ssl=1 2x, https:\/\/i0.wp.com\/lasprimeras.com.do\/wp-content\/uploads\/2024\/04\/JCE-3.jpg?resize=1050%2C600&ssl=1 3x, https:\/\/i0.wp.com\/lasprimeras.com.do\/wp-content\/uploads\/2024\/04\/JCE-3.jpg?resize=1400%2C800&ssl=1 4x"},"classes":[]},{"id":75219,"url":"https:\/\/lasprimeras.com.do\/index.php\/2024\/01\/30\/pleno-de-la-jce-se-reune-con-encargada-de-negocios-de-la-embajada-de-los-ee-uu-en-rd\/","url_meta":{"origin":82571,"position":1},"title":"Pleno de la JCE se re\u00fane con encargada de negocios de la embajada de los EE.UU. en RD","author":"BIMARY DE JES\u00daS Matos","date":"30 de enero de 2024","format":false,"excerpt":"Santo Domingo.-El presidente de la Junta Central Electoral (JCE), Rom\u00e1n Andr\u00e9s J\u00e1quez Liranzo, se reuni\u00f3 este martes con la Encargada de Negocios de la embajada de Estados Unidos en Rep\u00fablica Dominicana, Patricia Aguilera. Durante el encuentro, se abordaron temas como de inter\u00e9s para ambas entidades, entre estos la importancia del\u2026","rel":"","context":"En \u00abSin categor\u00eda\u00bb","block_context":{"text":"Sin categor\u00eda","link":"https:\/\/lasprimeras.com.do\/index.php\/category\/sin-categoria\/"},"img":{"alt_text":"","src":"https:\/\/i0.wp.com\/lasprimeras.com.do\/wp-content\/uploads\/2024\/01\/CANDIDATO-A-REGIDOR-Justicia-Social-JOSUE-MENDEZ-APOYARA-A-DIO-ASTACIO-DEL-PRM-2.webp?resize=350%2C200&ssl=1","width":350,"height":200,"srcset":"https:\/\/i0.wp.com\/lasprimeras.com.do\/wp-content\/uploads\/2024\/01\/CANDIDATO-A-REGIDOR-Justicia-Social-JOSUE-MENDEZ-APOYARA-A-DIO-ASTACIO-DEL-PRM-2.webp?resize=350%2C200&ssl=1 1x, https:\/\/i0.wp.com\/lasprimeras.com.do\/wp-content\/uploads\/2024\/01\/CANDIDATO-A-REGIDOR-Justicia-Social-JOSUE-MENDEZ-APOYARA-A-DIO-ASTACIO-DEL-PRM-2.webp?resize=525%2C300&ssl=1 1.5x, https:\/\/i0.wp.com\/lasprimeras.com.do\/wp-content\/uploads\/2024\/01\/CANDIDATO-A-REGIDOR-Justicia-Social-JOSUE-MENDEZ-APOYARA-A-DIO-ASTACIO-DEL-PRM-2.webp?resize=700%2C400&ssl=1 2x, https:\/\/i0.wp.com\/lasprimeras.com.do\/wp-content\/uploads\/2024\/01\/CANDIDATO-A-REGIDOR-Justicia-Social-JOSUE-MENDEZ-APOYARA-A-DIO-ASTACIO-DEL-PRM-2.webp?resize=1050%2C600&ssl=1 3x"},"classes":[]},{"id":79519,"url":"https:\/\/lasprimeras.com.do\/index.php\/2024\/03\/27\/comision-de-la-jce-verifica-en-europa-montaje-para-elecciones-del-19-de-mayo-2\/","url_meta":{"origin":82571,"position":2},"title":"Comisi\u00f3n de la JCE verifica en Europa montaje para elecciones del 19 de mayo","author":"Nelson Feliz","date":"27 de marzo de 2024","format":false,"excerpt":"J\u00e1quez Liranzo llama a dominicanos a elegir \u201cir a votar\u201d Espa\u00f1a.- Una comisi\u00f3n de la Junta Central Electoral (JCE) llev\u00f3 a cabo reuniones de trabajo en Europa con representantes de las Oficinas de Coordinaci\u00f3n de Log\u00edstica Electoral en el Exterior (OCLEE), de las Oficinas de Servicios en el Exterior (OSE),\u2026","rel":"","context":"En \u00abPORTADA\u00bb","block_context":{"text":"PORTADA","link":"https:\/\/lasprimeras.com.do\/index.php\/category\/portada\/"},"img":{"alt_text":"JCE","src":"https:\/\/i0.wp.com\/lasprimeras.com.do\/wp-content\/uploads\/2024\/03\/Montaje-ext.-6.jpg?resize=350%2C200&ssl=1","width":350,"height":200,"srcset":"https:\/\/i0.wp.com\/lasprimeras.com.do\/wp-content\/uploads\/2024\/03\/Montaje-ext.-6.jpg?resize=350%2C200&ssl=1 1x, https:\/\/i0.wp.com\/lasprimeras.com.do\/wp-content\/uploads\/2024\/03\/Montaje-ext.-6.jpg?resize=525%2C300&ssl=1 1.5x, https:\/\/i0.wp.com\/lasprimeras.com.do\/wp-content\/uploads\/2024\/03\/Montaje-ext.-6.jpg?resize=700%2C400&ssl=1 2x"},"classes":[]},{"id":79462,"url":"https:\/\/lasprimeras.com.do\/index.php\/2024\/03\/27\/comision-de-la-jce-verifica-en-europa-montaje-para-elecciones-del-19-de-mayo\/","url_meta":{"origin":82571,"position":3},"title":"Comisi\u00f3n de la JCE verifica en Europa montaje para elecciones del 19 de mayo","author":"BIMARY DE JES\u00daS Matos","date":"27 de marzo de 2024","format":false,"excerpt":"Espa\u00f1a.- Una comisi\u00f3n de la Junta Central Electoral (JCE) llev\u00f3 a cabo reuniones de trabajo en Europa con representantes de las Oficinas de Coordinaci\u00f3n de Log\u00edstica Electoral en el Exterior (OCLEE), de las Oficinas de Servicios en el Exterior (OSE), as\u00ed como tambi\u00e9n con presidentes, secretarios y delegados de las\u2026","rel":"","context":"En \u00abPORTADA\u00bb","block_context":{"text":"PORTADA","link":"https:\/\/lasprimeras.com.do\/index.php\/category\/portada\/"},"img":{"alt_text":"","src":"https:\/\/i0.wp.com\/lasprimeras.com.do\/wp-content\/uploads\/2024\/03\/WhatsApp-Image-2024-03-27-at-1.03.47-PM.jpeg?resize=350%2C200&ssl=1","width":350,"height":200,"srcset":"https:\/\/i0.wp.com\/lasprimeras.com.do\/wp-content\/uploads\/2024\/03\/WhatsApp-Image-2024-03-27-at-1.03.47-PM.jpeg?resize=350%2C200&ssl=1 1x, https:\/\/i0.wp.com\/lasprimeras.com.do\/wp-content\/uploads\/2024\/03\/WhatsApp-Image-2024-03-27-at-1.03.47-PM.jpeg?resize=525%2C300&ssl=1 1.5x, https:\/\/i0.wp.com\/lasprimeras.com.do\/wp-content\/uploads\/2024\/03\/WhatsApp-Image-2024-03-27-at-1.03.47-PM.jpeg?resize=700%2C400&ssl=1 2x, https:\/\/i0.wp.com\/lasprimeras.com.do\/wp-content\/uploads\/2024\/03\/WhatsApp-Image-2024-03-27-at-1.03.47-PM.jpeg?resize=1050%2C600&ssl=1 3x"},"classes":[]},{"id":75235,"url":"https:\/\/lasprimeras.com.do\/index.php\/2024\/01\/30\/roman-jaquez-recibe-visita-de-la-encargada-de-negocios-de-la-embajada-de-los-ee-uu-en-rd\/","url_meta":{"origin":82571,"position":4},"title":"Rom\u00e1n J\u00e1quez recibe visita de la Encargada de Negocios de la Embajada de los EE.UU. en RD","author":"Nelson Feliz","date":"30 de enero de 2024","format":false,"excerpt":"El presidente de la Junta Central Electoral (JCE), Rom\u00e1n Andr\u00e9s J\u00e1quez Liranzo, recibi\u00f3 la visita de cortes\u00eda de la Encargada de Negocios de la embajada de Estados Unidos en Rep\u00fablica Dominicana, Patricia Aguilera. Durante la visita conversaron sobre temas de inter\u00e9s para ambas entidades, entre estos la importancia del voto\u2026","rel":"","context":"En \u00abNACIONALES\u00bb","block_context":{"text":"NACIONALES","link":"https:\/\/lasprimeras.com.do\/index.php\/category\/nacionales\/"},"img":{"alt_text":"JCE","src":"https:\/\/i0.wp.com\/lasprimeras.com.do\/wp-content\/uploads\/2024\/01\/JCE-2.jpg?resize=350%2C200&ssl=1","width":350,"height":200,"srcset":"https:\/\/i0.wp.com\/lasprimeras.com.do\/wp-content\/uploads\/2024\/01\/JCE-2.jpg?resize=350%2C200&ssl=1 1x, https:\/\/i0.wp.com\/lasprimeras.com.do\/wp-content\/uploads\/2024\/01\/JCE-2.jpg?resize=525%2C300&ssl=1 1.5x, https:\/\/i0.wp.com\/lasprimeras.com.do\/wp-content\/uploads\/2024\/01\/JCE-2.jpg?resize=700%2C400&ssl=1 2x"},"classes":[]},{"id":58110,"url":"https:\/\/lasprimeras.com.do\/index.php\/2023\/08\/19\/presidente-de-la-jce-encabeza-mision-que-supervisa-servicios-y-organizacion-del-voto-en-el-exterior\/","url_meta":{"origin":82571,"position":5},"title":"Presidente de la JCE encabeza misi\u00f3n que supervisa servicios y organizaci\u00f3n del voto en el exterior","author":"Nelson Feliz","date":"19 de agosto de 2023","format":false,"excerpt":"Misiones de observaci\u00f3n electoral de la JCE en Guatemala y Ecuador por elecciones de este domingo. El presidente de la Junta Central Electoral (JCE), Rom\u00e1n Andr\u00e9s J\u00e1quez Liranzo, realiza una ruta de trabajo en los Estados Unidos, donde supervisa los servicios que ofrece la instituci\u00f3n en el exterior, as\u00ed como\u2026","rel":"","context":"En \u00abNACIONALES\u00bb","block_context":{"text":"NACIONALES","link":"https:\/\/lasprimeras.com.do\/index.php\/category\/nacionales\/"},"img":{"alt_text":"Rom\u00e1n Andr\u00e9s J\u00e1quez Liranzo","src":"https:\/\/i0.wp.com\/lasprimeras.com.do\/wp-content\/uploads\/2023\/08\/Roman-Andres-Jaquez-Liranzo-1.jpg?resize=350%2C200&ssl=1","width":350,"height":200,"srcset":"https:\/\/i0.wp.com\/lasprimeras.com.do\/wp-content\/uploads\/2023\/08\/Roman-Andres-Jaquez-Liranzo-1.jpg?resize=350%2C200&ssl=1 1x, https:\/\/i0.wp.com\/lasprimeras.com.do\/wp-content\/uploads\/2023\/08\/Roman-Andres-Jaquez-Liranzo-1.jpg?resize=525%2C300&ssl=1 1.5x, https:\/\/i0.wp.com\/lasprimeras.com.do\/wp-content\/uploads\/2023\/08\/Roman-Andres-Jaquez-Liranzo-1.jpg?resize=700%2C400&ssl=1 2x"},"classes":[]}],"jetpack_sharing_enabled":true,"_links":{"self":[{"href":"https:\/\/lasprimeras.com.do\/index.php\/wp-json\/wp\/v2\/posts\/82571","targetHints":{"allow":["GET"]}}],"collection":[{"href":"https:\/\/lasprimeras.com.do\/index.php\/wp-json\/wp\/v2\/posts"}],"about":[{"href":"https:\/\/lasprimeras.com.do\/index.php\/wp-json\/wp\/v2\/types\/post"}],"author":[{"embeddable":true,"href":"https:\/\/lasprimeras.com.do\/index.php\/wp-json\/wp\/v2\/users\/6"}],"replies":[{"embeddable":true,"href":"https:\/\/lasprimeras.com.do\/index.php\/wp-json\/wp\/v2\/comments?post=82571"}],"version-history":[{"count":1,"href":"https:\/\/lasprimeras.com.do\/index.php\/wp-json\/wp\/v2\/posts\/82571\/revisions"}],"predecessor-version":[{"id":82573,"href":"https:\/\/lasprimeras.com.do\/index.php\/wp-json\/wp\/v2\/posts\/82571\/revisions\/82573"}],"wp:featuredmedia":[{"embeddable":true,"href":"https:\/\/lasprimeras.com.do\/index.php\/wp-json\/wp\/v2\/media\/82572"}],"wp:attachment":[{"href":"https:\/\/lasprimeras.com.do\/index.php\/wp-json\/wp\/v2\/media?parent=82571"}],"wp:term":[{"taxonomy":"category","embeddable":true,"href":"https:\/\/lasprimeras.com.do\/index.php\/wp-json\/wp\/v2\/categories?post=82571"},{"taxonomy":"post_tag","embeddable":true,"href":"https:\/\/lasprimeras.com.do\/index.php\/wp-json\/wp\/v2\/tags?post=82571"}],"curies":[{"name":"wp","href":"https:\/\/api.w.org\/{rel}","templated":true}]}}