{"id":82598,"date":"2024-05-05T20:22:00","date_gmt":"2024-05-06T00:22:00","guid":{"rendered":"https:\/\/lasprimeras.com.do\/?p=82598"},"modified":"2024-05-05T23:29:57","modified_gmt":"2024-05-06T03:29:57","slug":"zoraima-cuello-acompana-mujeres-de-la-vega-en-su-reclamo-por-el-alto-costo-de-la-vida","status":"publish","type":"post","link":"https:\/\/lasprimeras.com.do\/index.php\/2024\/05\/05\/zoraima-cuello-acompana-mujeres-de-la-vega-en-su-reclamo-por-el-alto-costo-de-la-vida\/","title":{"rendered":"Zoraima Cuello acompa\u00f1a mujeres de La Vega en su reclamo por el alto costo de la vida"},"content":{"rendered":"\n<p>La candidata a la vicepresidencia de la Rep\u00fablica por el Partido de la Liberaci\u00f3n Dominicana (PLD), Zoraima Cuello, march\u00f3 junto a cientos de mujeres en La Vega, uni\u00e9ndose al llamado de la comunidad por el alto costo de la canasta b\u00e1sica familiar, la inseguridad ciudadana, el desempleo, entre otros problemas que les afectan.<\/p>\n\n\n\n<p>En la concentraci\u00f3n, que tuvo lugar en el Barrio Mar\u00eda Auxiliadora de esta provincia, las mujeres plantearon que necesitan mayor acceso a servicios como agua potable y electricidad, y m\u00e1s oportunidades de empleos.<\/p>\n\n\n\n<p>Al participar en la marcha, Zoraima consider\u00f3 que las mujeres son cada vez m\u00e1s afectadas por las deficientes pol\u00edticas p\u00fablicas que garanticen el acceso a los servicios de calidad para ellas y sus familias.<\/p>\n\n\n\n<p>\u201cEs triste ver la situaci\u00f3n que est\u00e1n viviendo estas familias dominicanas y el peso que cargamos las mujeres cuando los ingresos del hogar no nos alcanzan para comer, sumado a la falta de empleos dignos que permitan que sus hijos vivan de manera decente\u201d, expres\u00f3 Cuello.<\/p>\n\n\n\n<p>Las mujeres del populoso sector marcharon explicando que es necesario ir a votar para cambiar las situaciones que ya atraviesan junto a sus hijos y parejas, con un gobierno que s\u00ed se preocupe por el bienestar de los m\u00e1s necesitados.<\/p>\n","protected":false},"excerpt":{"rendered":"<p>La candidata a la vicepresidencia de la Rep\u00fablica por el Partido de la Liberaci\u00f3n Dominicana (PLD), Zoraima Cuello, march\u00f3 junto a cientos de mujeres en La Vega, uni\u00e9ndose al llamado&hellip;<\/p>\n","protected":false},"author":6,"featured_media":82599,"comment_status":"open","ping_status":"open","sticky":false,"template":"","format":"standard","meta":{"content-type":"","jetpack_post_was_ever_published":false,"_jetpack_newsletter_access":"","_jetpack_dont_email_post_to_subs":false,"_jetpack_newsletter_tier_id":0,"_jetpack_memberships_contains_paywalled_content":false,"_jetpack_memberships_contains_paid_content":false,"footnotes":""},"categories":[25],"tags":[12807,940,836,12713],"class_list":["post-82598","post","type-post","status-publish","format-standard","has-post-thumbnail","hentry","category-portada","tag-alto-costo-de-la-vida","tag-la-vega","tag-mujeres","tag-zoraima-cuello"],"jetpack_featured_media_url":"https:\/\/lasprimeras.com.do\/wp-content\/uploads\/2024\/05\/Zoraima-Cuello-2.jpg","jetpack-related-posts":[{"id":106889,"url":"https:\/\/lasprimeras.com.do\/index.php\/2025\/08\/19\/zoraima-cuello-en-franco-deterioro-los-servicios-y-las-instituciones\/","url_meta":{"origin":82598,"position":0},"title":"Zoraima Cuello: En franco deterioro los servicios y las instituciones","author":"Nelson Feliz","date":"19 de agosto de 2025","format":false,"excerpt":"Zoraima Cuello ratifica que el PLD es el principal partido opositor. Resalta los aportes de las gestiones pelede\u00edstas. El vicepresidenta del Partido de la Liberaci\u00f3n Dominicana, Zoraima Cuello, revel\u00f3 que las encuestas m\u00e1s recientes indican que esa organizaci\u00f3n pol\u00edtica es el principal partido de oposici\u00f3n y que compite por el\u2026","rel":"","context":"En \u00abPOLITICA\u00bb","block_context":{"text":"POLITICA","link":"https:\/\/lasprimeras.com.do\/index.php\/category\/politica\/"},"img":{"alt_text":"","src":"https:\/\/i0.wp.com\/lasprimeras.com.do\/wp-content\/uploads\/2025\/08\/Zoraima-Cuello.jpeg?resize=350%2C200&ssl=1","width":350,"height":200,"srcset":"https:\/\/i0.wp.com\/lasprimeras.com.do\/wp-content\/uploads\/2025\/08\/Zoraima-Cuello.jpeg?resize=350%2C200&ssl=1 1x, https:\/\/i0.wp.com\/lasprimeras.com.do\/wp-content\/uploads\/2025\/08\/Zoraima-Cuello.jpeg?resize=525%2C300&ssl=1 1.5x, https:\/\/i0.wp.com\/lasprimeras.com.do\/wp-content\/uploads\/2025\/08\/Zoraima-Cuello.jpeg?resize=700%2C400&ssl=1 2x"},"classes":[]},{"id":83285,"url":"https:\/\/lasprimeras.com.do\/index.php\/2024\/05\/14\/zoraima-cuello-presenta-propuestas-y-soluciones-en-educacion-salud-y-empleos-en-entrevista-con-r-cavada\/","url_meta":{"origin":82598,"position":1},"title":"Zoraima Cuello presenta propuestas y soluciones en educaci\u00f3n, salud y empleos en entrevista con R. Cavada","author":"Nelson Feliz","date":"14 de mayo de 2024","format":false,"excerpt":"La candidata vicepresidencial por el Partido de la Liberaci\u00f3n Dominicana (PLD), Zoraima Cuello, asegur\u00f3 que transformar la educaci\u00f3n es uno de los principales planes de Gobierno que piensa implementar a partir del 16 de agosto de este a\u00f1o. Cuello habl\u00f3 durante una entrevista que le realiz\u00f3 el reconocido comunicador, Roberto\u2026","rel":"","context":"En \u00abPORTADA\u00bb","block_context":{"text":"PORTADA","link":"https:\/\/lasprimeras.com.do\/index.php\/category\/portada\/"},"img":{"alt_text":"Zoraima Cuello","src":"https:\/\/i0.wp.com\/lasprimeras.com.do\/wp-content\/uploads\/2024\/05\/Zoraima-Cuello-4.jpg?resize=350%2C200&ssl=1","width":350,"height":200,"srcset":"https:\/\/i0.wp.com\/lasprimeras.com.do\/wp-content\/uploads\/2024\/05\/Zoraima-Cuello-4.jpg?resize=350%2C200&ssl=1 1x, https:\/\/i0.wp.com\/lasprimeras.com.do\/wp-content\/uploads\/2024\/05\/Zoraima-Cuello-4.jpg?resize=525%2C300&ssl=1 1.5x"},"classes":[]},{"id":120064,"url":"https:\/\/lasprimeras.com.do\/index.php\/2026\/01\/20\/zoraima-cuello-un-presupuesto-abultado-con-pobres-resultados-en-la-gestion-publica\/","url_meta":{"origin":82598,"position":2},"title":"Zoraima Cuello: Un presupuesto abultado con pobres resultados en la gesti\u00f3n p\u00fablica","author":"Nelson Feliz","date":"20 de enero de 2026","format":false,"excerpt":"Zoraima Cuello","rel":"","context":"En \u00abPOLITICA\u00bb","block_context":{"text":"POLITICA","link":"https:\/\/lasprimeras.com.do\/index.php\/category\/politica\/"},"img":{"alt_text":"Zoraima Cuello","src":"https:\/\/i0.wp.com\/lasprimeras.com.do\/wp-content\/uploads\/2025\/08\/Zoraima-Cuello.jpg?resize=350%2C200&ssl=1","width":350,"height":200,"srcset":"https:\/\/i0.wp.com\/lasprimeras.com.do\/wp-content\/uploads\/2025\/08\/Zoraima-Cuello.jpg?resize=350%2C200&ssl=1 1x, https:\/\/i0.wp.com\/lasprimeras.com.do\/wp-content\/uploads\/2025\/08\/Zoraima-Cuello.jpg?resize=525%2C300&ssl=1 1.5x, https:\/\/i0.wp.com\/lasprimeras.com.do\/wp-content\/uploads\/2025\/08\/Zoraima-Cuello.jpg?resize=700%2C400&ssl=1 2x"},"classes":[]},{"id":115806,"url":"https:\/\/lasprimeras.com.do\/index.php\/2025\/11\/25\/zoraima-cuello-presenta-estudio-que-desmonta-mitos-sobre-el-liderazgo-femenino-y-masculino\/","url_meta":{"origin":82598,"position":3},"title":"Zoraima Cuello presenta estudio que desmonta mitos sobre el liderazgo femenino y masculino","author":"Nelson Feliz","date":"25 de noviembre de 2025","format":false,"excerpt":"Los hallazgos confirman que tanto hombres como mujeres poseen niveles equivalentes de competencias. La pol\u00edtica, acad\u00e9mica e investigadora Zoraima Cuello present\u00f3 este martes los resultados de un estudio que analiza el desempe\u00f1o de 6,046 personas evaluadas para asumir roles directivos en el sector privado, en el IV Congreso Internacional de\u2026","rel":"","context":"En \u00abPOLITICA\u00bb","block_context":{"text":"POLITICA","link":"https:\/\/lasprimeras.com.do\/index.php\/category\/politica\/"},"img":{"alt_text":"Zoraima Cuello","src":"https:\/\/i0.wp.com\/lasprimeras.com.do\/wp-content\/uploads\/2024\/10\/Zoraima-Cuello.jpg?resize=350%2C200&ssl=1","width":350,"height":200,"srcset":"https:\/\/i0.wp.com\/lasprimeras.com.do\/wp-content\/uploads\/2024\/10\/Zoraima-Cuello.jpg?resize=350%2C200&ssl=1 1x, https:\/\/i0.wp.com\/lasprimeras.com.do\/wp-content\/uploads\/2024\/10\/Zoraima-Cuello.jpg?resize=525%2C300&ssl=1 1.5x"},"classes":[]},{"id":82101,"url":"https:\/\/lasprimeras.com.do\/index.php\/2024\/04\/28\/zoraima-cuello-presenta-plan-de-soluciones-a-problemas-de-la-provincia-espaillat\/","url_meta":{"origin":82598,"position":4},"title":"Zoraima Cuello presenta plan de soluciones a problemas de\u00a0 la provincia Espaillat","author":"Nelson Feliz","date":"28 de abril de 2024","format":false,"excerpt":"Durante el recorrido recibi\u00f3 el respaldo de dirigentes del PLD La candidata a la vicepresidencia de la Rep\u00fablica por el Partido de la Liberaci\u00f3n Dominicana (PLD), Zoraima Cuello, present\u00f3 en la provincia Espaillat, la propuesta de Gobierno del candidato presidencial, Abel Mart\u00ednez, en lo relativo a empleo, agricultura, educaci\u00f3n, infraestructura,\u2026","rel":"","context":"En \u00abPORTADA\u00bb","block_context":{"text":"PORTADA","link":"https:\/\/lasprimeras.com.do\/index.php\/category\/portada\/"},"img":{"alt_text":"Zoraima Cuello","src":"https:\/\/i0.wp.com\/lasprimeras.com.do\/wp-content\/uploads\/2024\/04\/Zoraima-Cuello.jpg?resize=350%2C200&ssl=1","width":350,"height":200,"srcset":"https:\/\/i0.wp.com\/lasprimeras.com.do\/wp-content\/uploads\/2024\/04\/Zoraima-Cuello.jpg?resize=350%2C200&ssl=1 1x, https:\/\/i0.wp.com\/lasprimeras.com.do\/wp-content\/uploads\/2024\/04\/Zoraima-Cuello.jpg?resize=525%2C300&ssl=1 1.5x, https:\/\/i0.wp.com\/lasprimeras.com.do\/wp-content\/uploads\/2024\/04\/Zoraima-Cuello.jpg?resize=700%2C400&ssl=1 2x"},"classes":[]},{"id":126089,"url":"https:\/\/lasprimeras.com.do\/index.php\/2026\/03\/29\/zoraima-cuello-la-economia-altamente-expuesta-a-las-variaciones-del-mercado-internacional\/","url_meta":{"origin":82598,"position":5},"title":"Zoraima Cuello: La econom\u00eda altamente expuesta a las variaciones del mercado internacional","author":"Nelson Feliz","date":"29 de marzo de 2026","format":false,"excerpt":"\u00bfEn verdad se est\u00e1 preparado para enfrentar las consecuencias econ\u00f3micas derivadas de la guerra en el medio oriente? La vicepresidenta del Partido de la Liberaci\u00f3n Dominicana (PLD), Zoraima Cuello, cuestion\u00f3 que desde el gobierno se afirmara que se est\u00e1 preparado para enfrentar las consecuencias econ\u00f3micas derivadas de la guerra en\u2026","rel":"","context":"En \u00abPOLITICA\u00bb","block_context":{"text":"POLITICA","link":"https:\/\/lasprimeras.com.do\/index.php\/category\/politica\/"},"img":{"alt_text":"","src":"https:\/\/i0.wp.com\/lasprimeras.com.do\/wp-content\/uploads\/2025\/08\/Zoraima-Cuello.jpeg?resize=350%2C200&ssl=1","width":350,"height":200,"srcset":"https:\/\/i0.wp.com\/lasprimeras.com.do\/wp-content\/uploads\/2025\/08\/Zoraima-Cuello.jpeg?resize=350%2C200&ssl=1 1x, https:\/\/i0.wp.com\/lasprimeras.com.do\/wp-content\/uploads\/2025\/08\/Zoraima-Cuello.jpeg?resize=525%2C300&ssl=1 1.5x, https:\/\/i0.wp.com\/lasprimeras.com.do\/wp-content\/uploads\/2025\/08\/Zoraima-Cuello.jpeg?resize=700%2C400&ssl=1 2x"},"classes":[]}],"jetpack_sharing_enabled":true,"_links":{"self":[{"href":"https:\/\/lasprimeras.com.do\/index.php\/wp-json\/wp\/v2\/posts\/82598","targetHints":{"allow":["GET"]}}],"collection":[{"href":"https:\/\/lasprimeras.com.do\/index.php\/wp-json\/wp\/v2\/posts"}],"about":[{"href":"https:\/\/lasprimeras.com.do\/index.php\/wp-json\/wp\/v2\/types\/post"}],"author":[{"embeddable":true,"href":"https:\/\/lasprimeras.com.do\/index.php\/wp-json\/wp\/v2\/users\/6"}],"replies":[{"embeddable":true,"href":"https:\/\/lasprimeras.com.do\/index.php\/wp-json\/wp\/v2\/comments?post=82598"}],"version-history":[{"count":1,"href":"https:\/\/lasprimeras.com.do\/index.php\/wp-json\/wp\/v2\/posts\/82598\/revisions"}],"predecessor-version":[{"id":82600,"href":"https:\/\/lasprimeras.com.do\/index.php\/wp-json\/wp\/v2\/posts\/82598\/revisions\/82600"}],"wp:featuredmedia":[{"embeddable":true,"href":"https:\/\/lasprimeras.com.do\/index.php\/wp-json\/wp\/v2\/media\/82599"}],"wp:attachment":[{"href":"https:\/\/lasprimeras.com.do\/index.php\/wp-json\/wp\/v2\/media?parent=82598"}],"wp:term":[{"taxonomy":"category","embeddable":true,"href":"https:\/\/lasprimeras.com.do\/index.php\/wp-json\/wp\/v2\/categories?post=82598"},{"taxonomy":"post_tag","embeddable":true,"href":"https:\/\/lasprimeras.com.do\/index.php\/wp-json\/wp\/v2\/tags?post=82598"}],"curies":[{"name":"wp","href":"https:\/\/api.w.org\/{rel}","templated":true}]}}