{"id":82610,"date":"2024-05-06T00:04:58","date_gmt":"2024-05-06T04:04:58","guid":{"rendered":"https:\/\/lasprimeras.com.do\/?p=82610"},"modified":"2024-05-06T00:04:59","modified_gmt":"2024-05-06T04:04:59","slug":"jose-raul-mulino-gana-las-elecciones-presidenciales-de-panama","status":"publish","type":"post","link":"https:\/\/lasprimeras.com.do\/index.php\/2024\/05\/06\/jose-raul-mulino-gana-las-elecciones-presidenciales-de-panama\/","title":{"rendered":"Jos\u00e9 Ra\u00fal Mulino gana las elecciones presidenciales de Panam\u00e1"},"content":{"rendered":"\n<p>POR JUAN ZAMORANO Y MEGAN JANETSKY<\/p>\n\n\n\n<p>CIUDAD DE PANAM\u00c1 (AP) \u2014 Jos\u00e9 Ra\u00fal Mulino, el sustituto del ex presidente Ricardo Martinelli en las elecciones presidenciales de Panam\u00e1, estaba listo para convertirse en el nuevo l\u00edder de la naci\u00f3n centroamericana cuando las autoridades convocaron extraoficialmente la carrera el domingo por la noche despu\u00e9s de que sus tres rivales m\u00e1s cercanos cedieran. .<\/p>\n\n\n\n<p>El ex ministro de Seguridad, de 64 a\u00f1os, obtuvo casi el 35% de los votos, con m\u00e1s del 92% de los votos contados, lo que le da una ventaja de nueve puntos sobre su competidor m\u00e1s cercano.<\/p>\n\n\n\n<p>Mulino reemplaz\u00f3 a Martinelli como candidato despu\u00e9s de que al exl\u00edder se le prohibiera postularse luego de ser sentenciado a 10 a\u00f1os de prisi\u00f3n por lavado de dinero.<\/p>\n\n\n\n<p>\u201cMisi\u00f3n cumplida\u201d, dijo Mulino ante una multitud de seguidores, a\u00f1adiendo un insulto para enfatizar. \u201cEsta es quiz\u00e1s la fecha m\u00e1s importante de mi vida, y sobre mis hombros y mi familia recae la mayor responsabilidad de un paname\u00f1o de liderar el destino de la naci\u00f3n\u201d.<\/p>\n\n\n\n<p>En su discurso, hizo un gesto a Martinelli y dijo: \u201cCuando me invitaste a ser vicepresidente, nunca me imagin\u00e9 esto\u201d.<\/p>\n","protected":false},"excerpt":{"rendered":"<p>POR JUAN ZAMORANO Y MEGAN JANETSKY CIUDAD DE PANAM\u00c1 (AP) \u2014 Jos\u00e9 Ra\u00fal Mulino, el sustituto del ex presidente Ricardo Martinelli en las elecciones presidenciales de Panam\u00e1, estaba listo para&hellip;<\/p>\n","protected":false},"author":6,"featured_media":82611,"comment_status":"open","ping_status":"open","sticky":false,"template":"","format":"standard","meta":{"content-type":"","jetpack_post_was_ever_published":false,"_jetpack_newsletter_access":"","_jetpack_dont_email_post_to_subs":false,"_jetpack_newsletter_tier_id":0,"_jetpack_memberships_contains_paywalled_content":false,"_jetpack_memberships_contains_paid_content":false,"footnotes":""},"categories":[25],"tags":[182,223,12809,2451,1504],"class_list":["post-82610","post","type-post","status-publish","format-standard","has-post-thumbnail","hentry","category-portada","tag-elecciones","tag-gana","tag-jose-raul-mulino","tag-panama","tag-presidenciales"],"jetpack_featured_media_url":"https:\/\/lasprimeras.com.do\/wp-content\/uploads\/2024\/05\/Jose-Raul-Mulino-1.jpg","jetpack-related-posts":[{"id":82537,"url":"https:\/\/lasprimeras.com.do\/index.php\/2024\/05\/05\/rechazan-impugnacion-de-candidatura-del-favorito-presidencial-de-panama\/","url_meta":{"origin":82610,"position":0},"title":"Rechazan impugnaci\u00f3n de candidatura del favorito presidencial de Panam\u00e1","author":"Esteffany Vargas","date":"5 de mayo de 2024","format":false,"excerpt":"POR JUAN ZAMORANO CIUDAD DE PANAM\u00c1 (AP) \u2014 La Corte Suprema de Panam\u00e1 rechaz\u00f3 el viernes una impugnaci\u00f3n constitucional a la candidatura del principal candidato presidencial Jos\u00e9 Ra\u00fal Mulino , eliminando un elemento de incertidumbre dos d\u00edas antes de la votaci\u00f3n del 5 de mayo. El tribunal se pronunci\u00f3 sobre\u2026","rel":"","context":"En \u00abSin categor\u00eda\u00bb","block_context":{"text":"Sin categor\u00eda","link":"https:\/\/lasprimeras.com.do\/index.php\/category\/sin-categoria\/"},"img":{"alt_text":"Jos\u00e9 Ra\u00fal Mulino","src":"https:\/\/i0.wp.com\/lasprimeras.com.do\/wp-content\/uploads\/2024\/05\/Jose-Raul-Mulino.jpg?resize=350%2C200&ssl=1","width":350,"height":200,"srcset":"https:\/\/i0.wp.com\/lasprimeras.com.do\/wp-content\/uploads\/2024\/05\/Jose-Raul-Mulino.jpg?resize=350%2C200&ssl=1 1x, https:\/\/i0.wp.com\/lasprimeras.com.do\/wp-content\/uploads\/2024\/05\/Jose-Raul-Mulino.jpg?resize=525%2C300&ssl=1 1.5x, https:\/\/i0.wp.com\/lasprimeras.com.do\/wp-content\/uploads\/2024\/05\/Jose-Raul-Mulino.jpg?resize=700%2C400&ssl=1 2x"},"classes":[]},{"id":85394,"url":"https:\/\/lasprimeras.com.do\/index.php\/2024\/06\/29\/abinader-viajara-este-domingo-a-panama-para-la-toma-de-posesion-de-jose-raul-mulino\/","url_meta":{"origin":82610,"position":1},"title":"Abinader viajar\u00e1 este domingo a Panam\u00e1 para la toma de posesi\u00f3n de Jos\u00e9 Ra\u00fal Mulino","author":"Nelson Feliz","date":"29 de junio de 2024","format":false,"excerpt":"Previo a la toma de posesi\u00f3n, el mandatario dominicano sostendr\u00e1 reuni\u00f3n bilateral con su hom\u00f3logo paname\u00f1o. El presidente Luis Abinader viajar\u00e1 este domingo a la ciudad de Panam\u00e1 para asistir al acto de toma de posesi\u00f3n del presidente electo, Jos\u00e9 Ra\u00fal Mulino Quintero. El jefe de Estado viaja acompa\u00f1ado de\u2026","rel":"","context":"En \u00abNACIONALES\u00bb","block_context":{"text":"NACIONALES","link":"https:\/\/lasprimeras.com.do\/index.php\/category\/nacionales\/"},"img":{"alt_text":"Luis Abinader","src":"https:\/\/i0.wp.com\/lasprimeras.com.do\/wp-content\/uploads\/2024\/06\/Luis-Abinader-11.jpg?resize=350%2C200&ssl=1","width":350,"height":200,"srcset":"https:\/\/i0.wp.com\/lasprimeras.com.do\/wp-content\/uploads\/2024\/06\/Luis-Abinader-11.jpg?resize=350%2C200&ssl=1 1x, https:\/\/i0.wp.com\/lasprimeras.com.do\/wp-content\/uploads\/2024\/06\/Luis-Abinader-11.jpg?resize=525%2C300&ssl=1 1.5x, https:\/\/i0.wp.com\/lasprimeras.com.do\/wp-content\/uploads\/2024\/06\/Luis-Abinader-11.jpg?resize=700%2C400&ssl=1 2x"},"classes":[]},{"id":85440,"url":"https:\/\/lasprimeras.com.do\/index.php\/2024\/06\/30\/abinader-sale-hacia-panama-para-la-toma-de-posesion-del-mandatario-electo-jose-raul-mulino\/","url_meta":{"origin":82610,"position":2},"title":"Abinader sale hacia Panam\u00e1 para la toma de posesi\u00f3n del mandatario electo, Jos\u00e9 Ra\u00fal Mulino","author":"Nelson Feliz","date":"30 de junio de 2024","format":false,"excerpt":"El presidente Luis Abinader sali\u00f3 a las 2:35 de la tarde de este domingo a la ciudad de Panam\u00e1, para asistir al acto de toma de posesi\u00f3n del presidente electo, Jos\u00e9 Ra\u00fal Mulino Quintero. El mandatario parti\u00f3 de la terminal de la Base A\u00e9rea de San Isidro, donde fue despedido\u2026","rel":"","context":"En \u00abNACIONALES\u00bb","block_context":{"text":"NACIONALES","link":"https:\/\/lasprimeras.com.do\/index.php\/category\/nacionales\/"},"img":{"alt_text":"Luis Abinader","src":"https:\/\/i0.wp.com\/lasprimeras.com.do\/wp-content\/uploads\/2024\/06\/Luis-Abinader-12.jpg?resize=350%2C200&ssl=1","width":350,"height":200,"srcset":"https:\/\/i0.wp.com\/lasprimeras.com.do\/wp-content\/uploads\/2024\/06\/Luis-Abinader-12.jpg?resize=350%2C200&ssl=1 1x, https:\/\/i0.wp.com\/lasprimeras.com.do\/wp-content\/uploads\/2024\/06\/Luis-Abinader-12.jpg?resize=525%2C300&ssl=1 1.5x, https:\/\/i0.wp.com\/lasprimeras.com.do\/wp-content\/uploads\/2024\/06\/Luis-Abinader-12.jpg?resize=700%2C400&ssl=1 2x"},"classes":[]},{"id":86662,"url":"https:\/\/lasprimeras.com.do\/index.php\/2024\/07\/29\/panama-pone-en-suspenso-relaciones-diplomaticas-con-venezuela-tras-victoria-de-maduro\/","url_meta":{"origin":82610,"position":3},"title":"Panam\u00e1 pone \u2018en suspenso\u2019 relaciones diplom\u00e1ticas con Venezuela tras victoria de Maduro","author":"Nelson Feliz","date":"29 de julio de 2024","format":false,"excerpt":"El presidente exigi\u00f3 en su pedido de realizar una reuni\u00f3n de urgencia con los miembros de las Organizaci\u00f3n de Estados Americanos (OEA). CIUDAD DE PANAM\u00c1 \/ El presidente de Panam\u00e1, Jos\u00e9 Ra\u00fal Mulino, anunci\u00f3 este lunes el retiro de sus diplom\u00e1ticos en Venezuela y puso \u00aben suspenso\u00bb las relaciones con\u2026","rel":"","context":"En \u00abSin categor\u00eda\u00bb","block_context":{"text":"Sin categor\u00eda","link":"https:\/\/lasprimeras.com.do\/index.php\/category\/sin-categoria\/"},"img":{"alt_text":"Jos\u00e9 Ra\u00fal Mulino","src":"https:\/\/i0.wp.com\/lasprimeras.com.do\/wp-content\/uploads\/2024\/07\/Jose-Raul-Mulino.jpg?resize=350%2C200&ssl=1","width":350,"height":200,"srcset":"https:\/\/i0.wp.com\/lasprimeras.com.do\/wp-content\/uploads\/2024\/07\/Jose-Raul-Mulino.jpg?resize=350%2C200&ssl=1 1x, https:\/\/i0.wp.com\/lasprimeras.com.do\/wp-content\/uploads\/2024\/07\/Jose-Raul-Mulino.jpg?resize=525%2C300&ssl=1 1.5x, https:\/\/i0.wp.com\/lasprimeras.com.do\/wp-content\/uploads\/2024\/07\/Jose-Raul-Mulino.jpg?resize=700%2C400&ssl=1 2x"},"classes":[]},{"id":89385,"url":"https:\/\/lasprimeras.com.do\/index.php\/2024\/09\/24\/panama-y-colombia-acuerdan-avanzar-una-estrategia-conjunta-contra-la-migracion-irregular\/","url_meta":{"origin":82610,"position":4},"title":"Panam\u00e1 y Colombia acuerdan avanzar una estrategia conjunta contra la migraci\u00f3n irregular","author":"Nelson Feliz","date":"24 de septiembre de 2024","format":false,"excerpt":"Naciones Unidas,(EFE).- Los presidentes de Panam\u00e1, Jos\u00e9 Ra\u00fal Mulino, y de Colombia, Gustavo Petro, acordaron este martes trabajar en una estrategia conjunta contra la migraci\u00f3n ilegal por la selva del Dari\u00e9n, frontera natural con el pa\u00eds suramericano, en una reuni\u00f3n bilateral sostenida al margen de la Asamblea General de la\u2026","rel":"","context":"En \u00abSin categor\u00eda\u00bb","block_context":{"text":"Sin categor\u00eda","link":"https:\/\/lasprimeras.com.do\/index.php\/category\/sin-categoria\/"},"img":{"alt_text":"Jos\u00e9 Ra\u00fal Mulino y Gustavo Petro","src":"https:\/\/i0.wp.com\/lasprimeras.com.do\/wp-content\/uploads\/2024\/09\/Jose-Raul-Mulino-y-Gustavo-Petro.jpg?resize=350%2C200&ssl=1","width":350,"height":200,"srcset":"https:\/\/i0.wp.com\/lasprimeras.com.do\/wp-content\/uploads\/2024\/09\/Jose-Raul-Mulino-y-Gustavo-Petro.jpg?resize=350%2C200&ssl=1 1x, https:\/\/i0.wp.com\/lasprimeras.com.do\/wp-content\/uploads\/2024\/09\/Jose-Raul-Mulino-y-Gustavo-Petro.jpg?resize=525%2C300&ssl=1 1.5x, https:\/\/i0.wp.com\/lasprimeras.com.do\/wp-content\/uploads\/2024\/09\/Jose-Raul-Mulino-y-Gustavo-Petro.jpg?resize=700%2C400&ssl=1 2x"},"classes":[]},{"id":82546,"url":"https:\/\/lasprimeras.com.do\/index.php\/2024\/05\/05\/panama-convoca-a-tres-millones-de-personas-a-participar-en-las-elecciones-presidenciales\/","url_meta":{"origin":82610,"position":5},"title":"Panam\u00e1 convoca a tres millones de personas a participar en las elecciones presidenciales","author":"Esteffany Vargas","date":"5 de mayo de 2024","format":false,"excerpt":"Los centros electorales habilitados por el Tribunal Electoral de Panam\u00e1 abrieron como estaba previsto a las 7:00 hora local (12:00 GMT), con filas ya en algunos de los 3,035 puntos de votaci\u00f3n. Ciudad de Panam\u00e1, EFE.-.Las votaciones comenzaron este domingo en Panam\u00e1 con la apertura de los centros electorales a\u2026","rel":"","context":"En \u00abSin categor\u00eda\u00bb","block_context":{"text":"Sin categor\u00eda","link":"https:\/\/lasprimeras.com.do\/index.php\/category\/sin-categoria\/"},"img":{"alt_text":"Elecciones Panama","src":"https:\/\/i0.wp.com\/lasprimeras.com.do\/wp-content\/uploads\/2024\/05\/Elecciones-Panama.jpeg?resize=350%2C200&ssl=1","width":350,"height":200,"srcset":"https:\/\/i0.wp.com\/lasprimeras.com.do\/wp-content\/uploads\/2024\/05\/Elecciones-Panama.jpeg?resize=350%2C200&ssl=1 1x, https:\/\/i0.wp.com\/lasprimeras.com.do\/wp-content\/uploads\/2024\/05\/Elecciones-Panama.jpeg?resize=525%2C300&ssl=1 1.5x, https:\/\/i0.wp.com\/lasprimeras.com.do\/wp-content\/uploads\/2024\/05\/Elecciones-Panama.jpeg?resize=700%2C400&ssl=1 2x"},"classes":[]}],"jetpack_sharing_enabled":true,"_links":{"self":[{"href":"https:\/\/lasprimeras.com.do\/index.php\/wp-json\/wp\/v2\/posts\/82610","targetHints":{"allow":["GET"]}}],"collection":[{"href":"https:\/\/lasprimeras.com.do\/index.php\/wp-json\/wp\/v2\/posts"}],"about":[{"href":"https:\/\/lasprimeras.com.do\/index.php\/wp-json\/wp\/v2\/types\/post"}],"author":[{"embeddable":true,"href":"https:\/\/lasprimeras.com.do\/index.php\/wp-json\/wp\/v2\/users\/6"}],"replies":[{"embeddable":true,"href":"https:\/\/lasprimeras.com.do\/index.php\/wp-json\/wp\/v2\/comments?post=82610"}],"version-history":[{"count":1,"href":"https:\/\/lasprimeras.com.do\/index.php\/wp-json\/wp\/v2\/posts\/82610\/revisions"}],"predecessor-version":[{"id":82612,"href":"https:\/\/lasprimeras.com.do\/index.php\/wp-json\/wp\/v2\/posts\/82610\/revisions\/82612"}],"wp:featuredmedia":[{"embeddable":true,"href":"https:\/\/lasprimeras.com.do\/index.php\/wp-json\/wp\/v2\/media\/82611"}],"wp:attachment":[{"href":"https:\/\/lasprimeras.com.do\/index.php\/wp-json\/wp\/v2\/media?parent=82610"}],"wp:term":[{"taxonomy":"category","embeddable":true,"href":"https:\/\/lasprimeras.com.do\/index.php\/wp-json\/wp\/v2\/categories?post=82610"},{"taxonomy":"post_tag","embeddable":true,"href":"https:\/\/lasprimeras.com.do\/index.php\/wp-json\/wp\/v2\/tags?post=82610"}],"curies":[{"name":"wp","href":"https:\/\/api.w.org\/{rel}","templated":true}]}}