{"id":82628,"date":"2024-05-06T06:24:47","date_gmt":"2024-05-06T10:24:47","guid":{"rendered":"https:\/\/lasprimeras.com.do\/?p=82628"},"modified":"2024-05-06T06:24:48","modified_gmt":"2024-05-06T10:24:48","slug":"caida-le-provoca-fractura-a-hipolito-mejia","status":"publish","type":"post","link":"https:\/\/lasprimeras.com.do\/index.php\/2024\/05\/06\/caida-le-provoca-fractura-a-hipolito-mejia\/","title":{"rendered":"Ca\u00edda le provoca fractura a Hip\u00f3lito Mej\u00eda"},"content":{"rendered":"\n<p>Santo Domingo.- El expresidente de la Rep\u00fablica, Hip\u00f3lito Mej\u00eda comunic\u00f3 que sufri\u00f3 una ca\u00edda que le provoc\u00f3 una fractura en el antebrazo.<\/p>\n\n\n\n<p>A pesar de la rotura, asever\u00f3 que se encuentra fuera de peligro y con salud.<\/p>\n\n\n\n<p>\u00abMe encuentro bien gracias a Dios. Tuve una ca\u00edda y me caus\u00f3 una fractura no desplazada en el antebrazo derecho. Como pueden ver, \u00a1estoy bien y enterito! Les deseo a todos un feliz domingo en familia. Bendiciones\u00bb, escribi\u00f3 Mej\u00eda en su cuenta de Twitter.<\/p>\n\n\n\n<p>Tras darse a conocer la noticia, personalidades del \u00e1mbito pol\u00edtico y art\u00edstico han manifestado su pesar por la situaci\u00f3n y le han deseado una pronta recuperaci\u00f3n.<\/p>\n\n\n\n<p>\u00abPresidente Mej\u00eda, mi deseo de pronta mejor\u00eda. Usted es un hombre fuerte y lo esperamos recuperado al 100% con prontitud\u00bb, respondi\u00f3 el candidato a Senador por el Distrito Nacional, Omar Fern\u00e1dez al publicaci\u00f3n de Mej\u00eda.<\/p>\n\n\n\n<p>\u00abEs momento de recuperar, mejorar y proteger lo p\u00fablico y gestionarlo para el beneficio de todos (as) los ciudadanos de R.D.\u00bb, reaccion\u00f3 tambien la candidata presidencial del partido Frente Amplio, Mar\u00eda Teresa Cabrera.<\/p>\n","protected":false},"excerpt":{"rendered":"<p>Santo Domingo.- El expresidente de la Rep\u00fablica, Hip\u00f3lito Mej\u00eda comunic\u00f3 que sufri\u00f3 una ca\u00edda que le provoc\u00f3 una fractura en el antebrazo. A pesar de la rotura, asever\u00f3 que se&hellip;<\/p>\n","protected":false},"author":3,"featured_media":82629,"comment_status":"open","ping_status":"open","sticky":false,"template":"","format":"standard","meta":{"content-type":"","jetpack_post_was_ever_published":false,"_jetpack_newsletter_access":"","_jetpack_dont_email_post_to_subs":false,"_jetpack_newsletter_tier_id":0,"_jetpack_memberships_contains_paywalled_content":false,"_jetpack_memberships_contains_paid_content":false,"footnotes":""},"categories":[25],"tags":[8254],"class_list":["post-82628","post","type-post","status-publish","format-standard","has-post-thumbnail","hentry","category-portada","tag-hipolito-mejia-3"],"jetpack_featured_media_url":"https:\/\/lasprimeras.com.do\/wp-content\/uploads\/2024\/05\/6a0c8a05-4f4b-48f5-a1d9-1ad180753c4a-2.webp","jetpack-related-posts":[{"id":103571,"url":"https:\/\/lasprimeras.com.do\/index.php\/2025\/07\/16\/hipolito-mejia-exige-al-director-de-bienes-nacionales-probar-mafias-de-terrenos-en-su-gobierno\/","url_meta":{"origin":82628,"position":0},"title":"Hip\u00f3lito Mej\u00eda exige al director de Bienes Nacionales probar mafias de terrenos en su gobierno","author":"Nelson Feliz","date":"16 de julio de 2025","format":false,"excerpt":"El expresidente y exsecretario de Agricultura respondi\u00f3 a las declaraciones dadas por el director de Bienes Nacionales en un Di\u00e1logo Libre. El expresidente Hip\u00f3lito Mej\u00eda solicit\u00f3 al director general de Bienes Nacionales, Rafael Burgos, presentar \"con hechos, casos y detalles\" los expedientes de los funcionarios que pudieran estar involucrados en\u2026","rel":"","context":"En \u00abPOLITICA\u00bb","block_context":{"text":"POLITICA","link":"https:\/\/lasprimeras.com.do\/index.php\/category\/politica\/"},"img":{"alt_text":"","src":"https:\/\/i0.wp.com\/lasprimeras.com.do\/wp-content\/uploads\/2025\/07\/HIPOLITO-MEJIA-1.jpg?resize=350%2C200&ssl=1","width":350,"height":200,"srcset":"https:\/\/i0.wp.com\/lasprimeras.com.do\/wp-content\/uploads\/2025\/07\/HIPOLITO-MEJIA-1.jpg?resize=350%2C200&ssl=1 1x, https:\/\/i0.wp.com\/lasprimeras.com.do\/wp-content\/uploads\/2025\/07\/HIPOLITO-MEJIA-1.jpg?resize=525%2C300&ssl=1 1.5x, https:\/\/i0.wp.com\/lasprimeras.com.do\/wp-content\/uploads\/2025\/07\/HIPOLITO-MEJIA-1.jpg?resize=700%2C400&ssl=1 2x"},"classes":[]},{"id":108576,"url":"https:\/\/lasprimeras.com.do\/index.php\/2025\/09\/08\/hipolito-mejia-a-leonel-fernandez-usted-no-conoce-ni-un-pollo-ni-un-huevo-callese-azaroso\/","url_meta":{"origin":82628,"position":1},"title":"Hip\u00f3lito Mej\u00eda a Leonel Fern\u00e1ndez: \u00abUsted no conoce ni un pollo ni un huevo, c\u00e1llese azaroso\u00bb","author":"Nelson Feliz","date":"8 de septiembre de 2025","format":false,"excerpt":"En una arremetida que ya circula por las redes sociales, el expresidente Hip\u00f3lito Mej\u00eda lanz\u00f3 su cl\u00e1sico sarcasmo directo a Leonel Fern\u00e1ndez, tras un comentario del tambi\u00e9n exmandatario sobre los precios del pollo. Con tono ir\u00f3nico Mej\u00eda exclamo \u201cSe\u00f1or, usted no conoce ni el pichiris\u2026 usted no conoce un pollo\u2026","rel":"","context":"En \u00abPOLITICA\u00bb","block_context":{"text":"POLITICA","link":"https:\/\/lasprimeras.com.do\/index.php\/category\/politica\/"},"img":{"alt_text":"","src":"https:\/\/i0.wp.com\/lasprimeras.com.do\/wp-content\/uploads\/2025\/09\/Hipolito-Mejia.jpg?resize=350%2C200&ssl=1","width":350,"height":200,"srcset":"https:\/\/i0.wp.com\/lasprimeras.com.do\/wp-content\/uploads\/2025\/09\/Hipolito-Mejia.jpg?resize=350%2C200&ssl=1 1x, https:\/\/i0.wp.com\/lasprimeras.com.do\/wp-content\/uploads\/2025\/09\/Hipolito-Mejia.jpg?resize=525%2C300&ssl=1 1.5x, https:\/\/i0.wp.com\/lasprimeras.com.do\/wp-content\/uploads\/2025\/09\/Hipolito-Mejia.jpg?resize=700%2C400&ssl=1 2x"},"classes":[]},{"id":129206,"url":"https:\/\/lasprimeras.com.do\/index.php\/2026\/04\/30\/hipolito-mejia-favorece-realizacion-de-estudios-tecnicos-del-proyecto-minero-romero\/","url_meta":{"origin":82628,"position":2},"title":"Hip\u00f3lito Mej\u00eda favorece realizaci\u00f3n de estudios t\u00e9cnicos del proyecto minero Romero","author":"Nelson Feliz","date":"30 de abril de 2026","format":false,"excerpt":"Hip\u00f3lito Mej\u00eda","rel":"","context":"En \u00abPOLITICA\u00bb","block_context":{"text":"POLITICA","link":"https:\/\/lasprimeras.com.do\/index.php\/category\/politica\/"},"img":{"alt_text":"","src":"https:\/\/i0.wp.com\/lasprimeras.com.do\/wp-content\/uploads\/2026\/04\/IMG-20260430-WA0627.jpg?resize=350%2C200&ssl=1","width":350,"height":200,"srcset":"https:\/\/i0.wp.com\/lasprimeras.com.do\/wp-content\/uploads\/2026\/04\/IMG-20260430-WA0627.jpg?resize=350%2C200&ssl=1 1x, https:\/\/i0.wp.com\/lasprimeras.com.do\/wp-content\/uploads\/2026\/04\/IMG-20260430-WA0627.jpg?resize=525%2C300&ssl=1 1.5x"},"classes":[]},{"id":108345,"url":"https:\/\/lasprimeras.com.do\/index.php\/2025\/09\/05\/hipolito-mejia-ya-no-quiere-hablar-de-politica-estoy-mas-manoseado-que-una-mata-de-cafe\/","url_meta":{"origin":82628,"position":3},"title":"Hip\u00f3lito Mej\u00eda ya no quiere hablar de pol\u00edtica: &#8220;Estoy m\u00e1s manoseado que una mata de caf\u00e9&#8221;","author":"Nelson Feliz","date":"5 de septiembre de 2025","format":false,"excerpt":"Mej\u00eda inst\u00f3 a los productores a adoptar pr\u00e1cticas de sanidad e inocuidad responsables si quieren incrementar las exportaciones. Como expresidente de la Rep\u00fablica Dominicana y exministro de Agricultura, Hip\u00f3lito Mej\u00eda fue invitado, como todos los a\u00f1os, al Encuentro Nacional de L\u00edderes del Sector Agropecuario, un evento en el que los\u2026","rel":"","context":"En \u00abPOLITICA\u00bb","block_context":{"text":"POLITICA","link":"https:\/\/lasprimeras.com.do\/index.php\/category\/politica\/"},"img":{"alt_text":"Hipolito Mejia","src":"https:\/\/i0.wp.com\/lasprimeras.com.do\/wp-content\/uploads\/2023\/09\/Hipolito-Mejia.jpg?resize=350%2C200&ssl=1","width":350,"height":200,"srcset":"https:\/\/i0.wp.com\/lasprimeras.com.do\/wp-content\/uploads\/2023\/09\/Hipolito-Mejia.jpg?resize=350%2C200&ssl=1 1x, https:\/\/i0.wp.com\/lasprimeras.com.do\/wp-content\/uploads\/2023\/09\/Hipolito-Mejia.jpg?resize=525%2C300&ssl=1 1.5x"},"classes":[]},{"id":66627,"url":"https:\/\/lasprimeras.com.do\/index.php\/2023\/11\/08\/hipolito-respalda-vicepresidenta-repita-en-el-cargo\/","url_meta":{"origin":82628,"position":4},"title":"Hip\u00f3lito respalda vicepresidenta repita en el cargo","author":"Nelson Feliz","date":"8 de noviembre de 2023","format":false,"excerpt":"El ex presidente de la Rep\u00fablica Hip\u00f3lito Mej\u00eda, expres\u00f3 su respaldo para que la vicepresidenta Raquel Pe\u00f1a repita en el cargo. El ex \u00a0mandatario, dijo que Pe\u00f1a ha demostrado su capacidad, por lo que no tiene sustituto. En otro orden, Mej\u00eda dijo que el presidente Luis Abinader cuenta en la\u2026","rel":"","context":"En \u00abPORTADA\u00bb","block_context":{"text":"PORTADA","link":"https:\/\/lasprimeras.com.do\/index.php\/category\/portada\/"},"img":{"alt_text":"Hipolito Mejia","src":"https:\/\/i0.wp.com\/lasprimeras.com.do\/wp-content\/uploads\/2023\/09\/Hipolito-Mejia.jpg?resize=350%2C200&ssl=1","width":350,"height":200,"srcset":"https:\/\/i0.wp.com\/lasprimeras.com.do\/wp-content\/uploads\/2023\/09\/Hipolito-Mejia.jpg?resize=350%2C200&ssl=1 1x, https:\/\/i0.wp.com\/lasprimeras.com.do\/wp-content\/uploads\/2023\/09\/Hipolito-Mejia.jpg?resize=525%2C300&ssl=1 1.5x"},"classes":[]},{"id":104393,"url":"https:\/\/lasprimeras.com.do\/index.php\/2025\/07\/23\/ultiman-a-ivonne-handal-hermana-de-la-nuera-del-expresidente-hipolito-mejia\/","url_meta":{"origin":82628,"position":5},"title":"Ultiman a Ivonne Handal hermana de la nuera del expresidente Hip\u00f3lito Mej\u00eda","author":"Nelson Feliz","date":"23 de julio de 2025","format":false,"excerpt":"El atacante tiene problemas mentales \u201cEnt\u00e9rate de quien se trata\u201d Ivonne Handal, hermana de la nuera del expresidente Hip\u00f3lito Mej\u00eda, fue ultimada en su apartamento de Naco, supuestamente por un vecino que tiene problemas mentales. Ivonne era hermana de Nancy Handal, la esposa de Felipe Mej\u00eda, el hijo mayor del\u2026","rel":"","context":"En \u00abNACIONALES\u00bb","block_context":{"text":"NACIONALES","link":"https:\/\/lasprimeras.com.do\/index.php\/category\/nacionales\/"},"img":{"alt_text":"","src":"https:\/\/i0.wp.com\/lasprimeras.com.do\/wp-content\/uploads\/2023\/07\/Cuchillo.jpg?resize=350%2C200&ssl=1","width":350,"height":200,"srcset":"https:\/\/i0.wp.com\/lasprimeras.com.do\/wp-content\/uploads\/2023\/07\/Cuchillo.jpg?resize=350%2C200&ssl=1 1x, https:\/\/i0.wp.com\/lasprimeras.com.do\/wp-content\/uploads\/2023\/07\/Cuchillo.jpg?resize=525%2C300&ssl=1 1.5x"},"classes":[]}],"jetpack_sharing_enabled":true,"_links":{"self":[{"href":"https:\/\/lasprimeras.com.do\/index.php\/wp-json\/wp\/v2\/posts\/82628","targetHints":{"allow":["GET"]}}],"collection":[{"href":"https:\/\/lasprimeras.com.do\/index.php\/wp-json\/wp\/v2\/posts"}],"about":[{"href":"https:\/\/lasprimeras.com.do\/index.php\/wp-json\/wp\/v2\/types\/post"}],"author":[{"embeddable":true,"href":"https:\/\/lasprimeras.com.do\/index.php\/wp-json\/wp\/v2\/users\/3"}],"replies":[{"embeddable":true,"href":"https:\/\/lasprimeras.com.do\/index.php\/wp-json\/wp\/v2\/comments?post=82628"}],"version-history":[{"count":1,"href":"https:\/\/lasprimeras.com.do\/index.php\/wp-json\/wp\/v2\/posts\/82628\/revisions"}],"predecessor-version":[{"id":82630,"href":"https:\/\/lasprimeras.com.do\/index.php\/wp-json\/wp\/v2\/posts\/82628\/revisions\/82630"}],"wp:featuredmedia":[{"embeddable":true,"href":"https:\/\/lasprimeras.com.do\/index.php\/wp-json\/wp\/v2\/media\/82629"}],"wp:attachment":[{"href":"https:\/\/lasprimeras.com.do\/index.php\/wp-json\/wp\/v2\/media?parent=82628"}],"wp:term":[{"taxonomy":"category","embeddable":true,"href":"https:\/\/lasprimeras.com.do\/index.php\/wp-json\/wp\/v2\/categories?post=82628"},{"taxonomy":"post_tag","embeddable":true,"href":"https:\/\/lasprimeras.com.do\/index.php\/wp-json\/wp\/v2\/tags?post=82628"}],"curies":[{"name":"wp","href":"https:\/\/api.w.org\/{rel}","templated":true}]}}