{"id":82631,"date":"2024-05-06T06:28:19","date_gmt":"2024-05-06T10:28:19","guid":{"rendered":"https:\/\/lasprimeras.com.do\/?p=82631"},"modified":"2024-05-06T06:28:21","modified_gmt":"2024-05-06T10:28:21","slug":"obras-publicas-cambia-el-rediseno-de-la-solucion-vial-en-la-avenida-27-de-febrero-con-luperon","status":"publish","type":"post","link":"https:\/\/lasprimeras.com.do\/index.php\/2024\/05\/06\/obras-publicas-cambia-el-rediseno-de-la-solucion-vial-en-la-avenida-27-de-febrero-con-luperon\/","title":{"rendered":"Obras P\u00fablicas cambia el redise\u00f1o de la soluci\u00f3n vial en la avenida 27 de Febrero con Luper\u00f3n"},"content":{"rendered":"\n<p>Durante a\u00f1os las intersecciones formadas por las avenidas Prolongaci\u00f3n 27 de Febrero con Isabel Aguiar y Luper\u00f3n con 27 de Febrero han sido dos de los puntos m\u00e1s cr\u00edticos en el tema de circulaci\u00f3n vial del Distrito Nacional. Este situaci\u00f3n se debe a la confluencia de veh\u00edculos y peatones, pero el Gobierno proyecta resolver el problema con varias obras de infraestructura.<\/p>\n\n\n\n<p>Las pasadas autoridades del Ministerio de Obras P\u00fablicas dise\u00f1aron dos t\u00faneles, uno en direcci\u00f3n este-oeste, por el lado de Inespre, y el otro en direcci\u00f3n oeste-este, por el frente Ministerio de Defensa, ambos en la avenida Luper\u00f3n, adem\u00e1s de un paso a desnivel y trinchera en la Isabel Aguiar. Sin embargo, las actuales autoridades decidieron variar el dise\u00f1o original, alegando disminuci\u00f3n de los costos y porque por el lugar cruza una tuber\u00eda del acueducto Valdesia Santo Domingo, de 40 y 62 pulgadas, y redise\u00f1aron el proyecto para que el t\u00fanel, que se har\u00eda de norte a sur y de sur a norte por la 27 de Febrero, se construya en la Luper\u00f3n.<\/p>\n\n\n\n<p>Tipo trinchera<br>Se trata de un t\u00fanel tipo trinchera de dos carriles por sentido, con una extensi\u00f3n de 1.02 kil\u00f3metros. Junto a al paso a desnivel, en la Prolongaci\u00f3n 27 de Febrero con Isabel Aguiar (Pintura), tendr\u00eda un costo de unos US$83,000,000,00 equivalente a unos RD$ 4,814,000,000,00 fondos que provienen del acuerdo que hizo el Gobierno con la firma Aeropuertos Dominicanos Siglo XXI (Aerodom).<\/p>\n\n\n\n<p>El viceministro de Supervisi\u00f3n y Planificaci\u00f3n del Ministerio de Obras P\u00fablicas, Roberto Herrera, inform\u00f3 que los trabajos ya iniciaron y terminar\u00edan en dos a\u00f1os. Explic\u00f3 que era parte de los proyectos de la Odebrecht, pero que se lleg\u00f3 a un acuerdo trav\u00e9s de otra empresa, se hizo una licitaci\u00f3n y gan\u00f3 la empresa JM, que tendr\u00e1 a su cargo la construcci\u00f3n.<\/p>\n\n\n\n<p>Herrera explic\u00f3 que para el redise\u00f1o del proyecto no solo se tom\u00f3 en cuenta la disminuci\u00f3n de los costos de la soluci\u00f3n, sino tambi\u00e9n su efectiva porque se hizo en base a una simulaci\u00f3n del tr\u00e1fico con inteligencia artificial.<\/p>\n\n\n\n<p>&#8220;Sustituirlo por el otro t\u00fanel que estaba contemplando, que iba por debajo de la Plaza de la Bandera, economiza una cantidad de d\u00f3lares important\u00edsimos para el pa\u00eds, o sea, eso es lo que se llama optimizar un proyecto, hacer lo mejor que t\u00fa puedas gastando lo menos posible, pero dando las soluciones t\u00e9cnicas, evidentemente entonces fue un buen ejercicio que hicieron los dise\u00f1adores&#8221;, explic\u00f3 Herrera.<\/p>\n\n\n\n<p>El funcionario asegura que la soluci\u00f3n no afectar\u00e1 el dise\u00f1o de la Plaza La bandera y &#8220;T\u00fa sabes que la plaza es un monumento del pa\u00eds, e incluso, una de las obras hist\u00f3ricas y no se va a afectar porque las intervenciones que har\u00e1n son subterr\u00e1neas&#8221;, asegur\u00f3.<\/p>\n\n\n\n<p>Adem\u00e1s del t\u00fanel de la Luper\u00f3n, el proyecto integral contempla un paso a desnivel con trincheras de la Isabel Aguiar para que el tr\u00e1nsito fluya como hasta ahora y no sea interrumpido con un sem\u00e1foro hacia la prolongaci\u00f3n 27 de Febrero. Para conectar con la autopista 6 de Noviembre, se construir\u00e1 un distribuidor tipo tr\u00e9bol. Herrera desminti\u00f3 que la soluci\u00f3n solo tenga una vida \u00fatil de 10 a\u00f1os, como han criticado algunas personas, y afirm\u00f3 que ese tipo de obras se dise\u00f1an para un uso intensivo de 40 a 60 a\u00f1os y m\u00e1s, sin que haya que modificarla.<\/p>\n\n\n\n<p>Critica cambios del proyecto<\/p>\n\n\n\n<p>El exdiputado y director de Migraci\u00f3n, Jos\u00e9 Ricardo Taveras consider\u00f3 que lo que pretenden hacer las autoridades es una &#8220;chapucer\u00eda demasiado costosa como para hacer de campa\u00f1a electoral&#8221;. Entienden que el redise\u00f1o no solucionar\u00e1 el caos en el tr\u00e1nsito en Pintura.<\/p>\n","protected":false},"excerpt":{"rendered":"<p>Durante a\u00f1os las intersecciones formadas por las avenidas Prolongaci\u00f3n 27 de Febrero con Isabel Aguiar y Luper\u00f3n con 27 de Febrero han sido dos de los puntos m\u00e1s cr\u00edticos en&hellip;<\/p>\n","protected":false},"author":3,"featured_media":82632,"comment_status":"open","ping_status":"open","sticky":false,"template":"","format":"standard","meta":{"content-type":"","jetpack_post_was_ever_published":false,"_jetpack_newsletter_access":"","_jetpack_dont_email_post_to_subs":false,"_jetpack_newsletter_tier_id":0,"_jetpack_memberships_contains_paywalled_content":false,"_jetpack_memberships_contains_paid_content":false,"footnotes":""},"categories":[35],"tags":[1569],"class_list":["post-82631","post","type-post","status-publish","format-standard","has-post-thumbnail","hentry","category-nacionales","tag-obras-publicas"],"jetpack_featured_media_url":"https:\/\/lasprimeras.com.do\/wp-content\/uploads\/2024\/05\/6a0c8a05-4f4b-48f5-a1d9-1ad180753c4a-5.jpg","jetpack-related-posts":[{"id":92776,"url":"https:\/\/lasprimeras.com.do\/index.php\/2025\/01\/14\/teodoro-estima-como-adecuada-solucion-vial-entre-avenidas-isabel-aguiar-y-27-de-febrero\/","url_meta":{"origin":82631,"position":0},"title":"Teodoro estima como adecuada soluci\u00f3n vial entre avenidas Isabel Aguiar y 27 de Febrero","author":"Nelson Feliz","date":"14 de enero de 2025","format":false,"excerpt":"El ex presidente del Colegio de Ingenieros, Arquitectos y Agrimensores \u2013CODIA-, Ing. Teodoro Tejada estim\u00f3 que los trabajos de soluci\u00f3n vial que se levantan en la intersecci\u00f3n de las avenidas prolongaci\u00f3n 27 de Febrero con Isabel Aguiar, de soterrados, son los m\u00e1s adecuados para resolver el interminable congestionamiento que a\u2026","rel":"","context":"En \u00abNACIONALES\u00bb","block_context":{"text":"NACIONALES","link":"https:\/\/lasprimeras.com.do\/index.php\/category\/nacionales\/"},"img":{"alt_text":"","src":"https:\/\/i0.wp.com\/lasprimeras.com.do\/wp-content\/uploads\/2025\/01\/Teodoro-Tejada.jpg?resize=350%2C200&ssl=1","width":350,"height":200,"srcset":"https:\/\/i0.wp.com\/lasprimeras.com.do\/wp-content\/uploads\/2025\/01\/Teodoro-Tejada.jpg?resize=350%2C200&ssl=1 1x, https:\/\/i0.wp.com\/lasprimeras.com.do\/wp-content\/uploads\/2025\/01\/Teodoro-Tejada.jpg?resize=525%2C300&ssl=1 1.5x, https:\/\/i0.wp.com\/lasprimeras.com.do\/wp-content\/uploads\/2025\/01\/Teodoro-Tejada.jpg?resize=700%2C400&ssl=1 2x"},"classes":[]},{"id":111388,"url":"https:\/\/lasprimeras.com.do\/index.php\/2025\/10\/08\/abinader-inaugura-hoy-obras-de-solucion-al-caos-del-transito-en-pintura\/","url_meta":{"origin":82631,"position":1},"title":"Abinader inaugura hoy obras de soluci\u00f3n al caos del tr\u00e1nsito en Pintura","author":"Nelson Feliz","date":"8 de octubre de 2025","format":false,"excerpt":"El presidente Luis Abinader inaugurar\u00e1 hoy el complejo de obras que conforman la soluci\u00f3n vial en la Prolongaci\u00f3n 27 de Febrero con Isabel Aguiar (Pintura), que permitir\u00e1 el desplazamiento con fluidez de m\u00e1s de 70,000 veh\u00edculos que diariamente convergen en la zona desde la regi\u00f3n sur y Santo Domingo Oeste.\u2026","rel":"","context":"En \u00abNACIONALES\u00bb","block_context":{"text":"NACIONALES","link":"https:\/\/lasprimeras.com.do\/index.php\/category\/nacionales\/"},"img":{"alt_text":"","src":"https:\/\/i0.wp.com\/lasprimeras.com.do\/wp-content\/uploads\/2025\/10\/desnivel-avenida.jpg?resize=350%2C200&ssl=1","width":350,"height":200,"srcset":"https:\/\/i0.wp.com\/lasprimeras.com.do\/wp-content\/uploads\/2025\/10\/desnivel-avenida.jpg?resize=350%2C200&ssl=1 1x, https:\/\/i0.wp.com\/lasprimeras.com.do\/wp-content\/uploads\/2025\/10\/desnivel-avenida.jpg?resize=525%2C300&ssl=1 1.5x"},"classes":[]},{"id":111423,"url":"https:\/\/lasprimeras.com.do\/index.php\/2025\/10\/08\/abinader-inaugura-paso-a-desnivel-27-de-febrero-isabel-aguiar-entre-santo-domingo-oeste\/","url_meta":{"origin":82631,"position":2},"title":"Abinader inaugura paso a desnivel 27 de Febrero\u2013Isabel Aguiar entre Santo Domingo Oeste","author":"Nelson Feliz","date":"8 de octubre de 2025","format":false,"excerpt":"Mandatario destaca que esta obra forma parte de un plan integral, el cual abarca la construcci\u00f3n de la terminal de Santo Domingo Oeste. El presidente Luis Abinader dej\u00f3 inaugurado este mi\u00e9rcoles el paso a desnivel de la prolongaci\u00f3n 27 de Febrero con avenida Isabel Aguiar, una obra esperada por d\u00e9cadas\u2026","rel":"","context":"En \u00abNACIONALES\u00bb","block_context":{"text":"NACIONALES","link":"https:\/\/lasprimeras.com.do\/index.php\/category\/nacionales\/"},"img":{"alt_text":"","src":"https:\/\/i0.wp.com\/lasprimeras.com.do\/wp-content\/uploads\/2025\/10\/paso-a-desnivel.jpg?resize=350%2C200&ssl=1","width":350,"height":200,"srcset":"https:\/\/i0.wp.com\/lasprimeras.com.do\/wp-content\/uploads\/2025\/10\/paso-a-desnivel.jpg?resize=350%2C200&ssl=1 1x, https:\/\/i0.wp.com\/lasprimeras.com.do\/wp-content\/uploads\/2025\/10\/paso-a-desnivel.jpg?resize=525%2C300&ssl=1 1.5x, https:\/\/i0.wp.com\/lasprimeras.com.do\/wp-content\/uploads\/2025\/10\/paso-a-desnivel.jpg?resize=700%2C400&ssl=1 2x"},"classes":[]},{"id":117903,"url":"https:\/\/lasprimeras.com.do\/index.php\/2025\/12\/17\/abinader-supervisa-tunel-bajo-la-plaza-de-la-bandera\/","url_meta":{"origin":82631,"position":3},"title":"Abinader supervisa t\u00fanel bajo la Plaza de la Bandera","author":"Nelson Feliz","date":"17 de diciembre de 2025","format":false,"excerpt":"El mandatario inform\u00f3 que la obra estar\u00eda lista para el segundo trimestre del a\u00f1o 2026 El presidente Luis Abinader, realiz\u00f3 este martes en la noche una visita de supervisi\u00f3n al t\u00fanel subterr\u00e1neo en construcci\u00f3n bajo la Plaza de la Bandera, ubicado en la intersecci\u00f3n de las avenidas Gregorio Luper\u00f3n y\u2026","rel":"","context":"En \u00abNACIONALES\u00bb","block_context":{"text":"NACIONALES","link":"https:\/\/lasprimeras.com.do\/index.php\/category\/nacionales\/"},"img":{"alt_text":"Visita de supervisio\u0301n al tu\u0301nel bajo la Plaza de la Bandera","src":"https:\/\/i0.wp.com\/lasprimeras.com.do\/wp-content\/uploads\/2025\/12\/Visita-de-supervision-al-tunel-bajo-la-Plaza-de-la-Bandera-1.jpg?resize=350%2C200&ssl=1","width":350,"height":200,"srcset":"https:\/\/i0.wp.com\/lasprimeras.com.do\/wp-content\/uploads\/2025\/12\/Visita-de-supervision-al-tunel-bajo-la-Plaza-de-la-Bandera-1.jpg?resize=350%2C200&ssl=1 1x, https:\/\/i0.wp.com\/lasprimeras.com.do\/wp-content\/uploads\/2025\/12\/Visita-de-supervision-al-tunel-bajo-la-Plaza-de-la-Bandera-1.jpg?resize=525%2C300&ssl=1 1.5x, https:\/\/i0.wp.com\/lasprimeras.com.do\/wp-content\/uploads\/2025\/12\/Visita-de-supervision-al-tunel-bajo-la-Plaza-de-la-Bandera-1.jpg?resize=700%2C400&ssl=1 2x"},"classes":[]},{"id":109530,"url":"https:\/\/lasprimeras.com.do\/index.php\/2025\/09\/18\/abinader-supervisa-construccion-del-paso-a-desnivel-en-la-prolongacion-27-de-febrero-con-isabel-aguiar\/","url_meta":{"origin":82631,"position":4},"title":"Abinader supervisa construcci\u00f3n del paso a desnivel en la Prolongaci\u00f3n 27 de Febrero con Isabel Aguiar","author":"Nelson Feliz","date":"18 de septiembre de 2025","format":false,"excerpt":"El presidente Luis Abinader, realiz\u00f3 anoche una visita de supervisi\u00f3n de los trabajos de construcci\u00f3n del paso a desnivel ubicado en la Prolongaci\u00f3n 27 de Febrero con la avenida Isabel Aguiar, una de las obras de infraestructura vial m\u00e1s importantes en ejecuci\u00f3n en Santo Domingo. \u201cEsta noche me detuve en\u2026","rel":"","context":"En \u00abNACIONALES\u00bb","block_context":{"text":"NACIONALES","link":"https:\/\/lasprimeras.com.do\/index.php\/category\/nacionales\/"},"img":{"alt_text":"","src":"https:\/\/i0.wp.com\/lasprimeras.com.do\/wp-content\/uploads\/2025\/09\/abina.jpg?resize=350%2C200&ssl=1","width":350,"height":200,"srcset":"https:\/\/i0.wp.com\/lasprimeras.com.do\/wp-content\/uploads\/2025\/09\/abina.jpg?resize=350%2C200&ssl=1 1x, https:\/\/i0.wp.com\/lasprimeras.com.do\/wp-content\/uploads\/2025\/09\/abina.jpg?resize=525%2C300&ssl=1 1.5x, https:\/\/i0.wp.com\/lasprimeras.com.do\/wp-content\/uploads\/2025\/09\/abina.jpg?resize=700%2C400&ssl=1 2x"},"classes":[]},{"id":80765,"url":"https:\/\/lasprimeras.com.do\/index.php\/2024\/04\/12\/obras-publicas-inicia-trabajos-en-entorno-de-pintura\/","url_meta":{"origin":82631,"position":5},"title":"Obras P\u00fablicas inicia trabajos en entorno de Pintura","author":"BIMARY DE JES\u00daS Matos","date":"12 de abril de 2024","format":false,"excerpt":"Santo Domingo.- El ministro de Obras P\u00fablicas, Deligne Ascenci\u00f3n, anunci\u00f3 el inicio de los trabajos de un conjunto de obras que agilizar\u00e1n el tr\u00e1nsito vehicular en la zona suroeste de la capital y que incluye las avenidas Luper\u00f3n, Isabel Aguiar y la Prolongaci\u00f3n 27 de Febrero, as\u00ed como la entrada\u2026","rel":"","context":"En \u00abPORTADA\u00bb","block_context":{"text":"PORTADA","link":"https:\/\/lasprimeras.com.do\/index.php\/category\/portada\/"},"img":{"alt_text":"","src":"https:\/\/i0.wp.com\/lasprimeras.com.do\/wp-content\/uploads\/2024\/04\/DANILO-CRUZ-PICHARDO-1-800x500-4.jpg?resize=350%2C200&ssl=1","width":350,"height":200,"srcset":"https:\/\/i0.wp.com\/lasprimeras.com.do\/wp-content\/uploads\/2024\/04\/DANILO-CRUZ-PICHARDO-1-800x500-4.jpg?resize=350%2C200&ssl=1 1x, https:\/\/i0.wp.com\/lasprimeras.com.do\/wp-content\/uploads\/2024\/04\/DANILO-CRUZ-PICHARDO-1-800x500-4.jpg?resize=525%2C300&ssl=1 1.5x, https:\/\/i0.wp.com\/lasprimeras.com.do\/wp-content\/uploads\/2024\/04\/DANILO-CRUZ-PICHARDO-1-800x500-4.jpg?resize=700%2C400&ssl=1 2x"},"classes":[]}],"jetpack_sharing_enabled":true,"_links":{"self":[{"href":"https:\/\/lasprimeras.com.do\/index.php\/wp-json\/wp\/v2\/posts\/82631","targetHints":{"allow":["GET"]}}],"collection":[{"href":"https:\/\/lasprimeras.com.do\/index.php\/wp-json\/wp\/v2\/posts"}],"about":[{"href":"https:\/\/lasprimeras.com.do\/index.php\/wp-json\/wp\/v2\/types\/post"}],"author":[{"embeddable":true,"href":"https:\/\/lasprimeras.com.do\/index.php\/wp-json\/wp\/v2\/users\/3"}],"replies":[{"embeddable":true,"href":"https:\/\/lasprimeras.com.do\/index.php\/wp-json\/wp\/v2\/comments?post=82631"}],"version-history":[{"count":1,"href":"https:\/\/lasprimeras.com.do\/index.php\/wp-json\/wp\/v2\/posts\/82631\/revisions"}],"predecessor-version":[{"id":82633,"href":"https:\/\/lasprimeras.com.do\/index.php\/wp-json\/wp\/v2\/posts\/82631\/revisions\/82633"}],"wp:featuredmedia":[{"embeddable":true,"href":"https:\/\/lasprimeras.com.do\/index.php\/wp-json\/wp\/v2\/media\/82632"}],"wp:attachment":[{"href":"https:\/\/lasprimeras.com.do\/index.php\/wp-json\/wp\/v2\/media?parent=82631"}],"wp:term":[{"taxonomy":"category","embeddable":true,"href":"https:\/\/lasprimeras.com.do\/index.php\/wp-json\/wp\/v2\/categories?post=82631"},{"taxonomy":"post_tag","embeddable":true,"href":"https:\/\/lasprimeras.com.do\/index.php\/wp-json\/wp\/v2\/tags?post=82631"}],"curies":[{"name":"wp","href":"https:\/\/api.w.org\/{rel}","templated":true}]}}