{"id":82636,"date":"2024-05-06T08:38:32","date_gmt":"2024-05-06T12:38:32","guid":{"rendered":"https:\/\/lasprimeras.com.do\/?p=82636"},"modified":"2024-05-06T08:38:34","modified_gmt":"2024-05-06T12:38:34","slug":"comunicadores-8-0-luis-abinader-califica-de-fenomeno-humano-el-crecimiento","status":"publish","type":"post","link":"https:\/\/lasprimeras.com.do\/index.php\/2024\/05\/06\/comunicadores-8-0-luis-abinader-califica-de-fenomeno-humano-el-crecimiento\/","title":{"rendered":"Comunicadores 8.0 Luis Abinader  califica de &#8220;fen\u00f3meno humano&#8221; el crecimiento"},"content":{"rendered":"\n<p>Santo Domingo, RD.- Durante un encuentro rutinario de coordinaci\u00f3n y estrategia de crecimiento, el coordinador nacional del Movimiento Comunicadores 8.0 Luis Abinader presidente, Nelson Guti\u00e9rrez, calific\u00f3 como un &#8220;fen\u00f3meno humano&#8221; el crecimiento vertiginoso que ha experimentado esta organizaci\u00f3n en las \u00faltimas semanas.<\/p>\n\n\n\n<p>Durante el encuentro de coordinaci\u00f3n, donde decenas de miembros del equipo fueron beneficiados con la rifa de nevera y abanico, as\u00ed como bonos de compras y dinero en efectivo, Guti\u00e9rrez asegur\u00f3 que la entidad contin\u00faa indetenible en la b\u00fasqueda de los votos necesarios para aportar a una segunda victoria del presidente Abinader.<\/p>\n\n\n\n<p>Dijo &#8220;estas acciones se llevan a cabo con el objetivo de que muchos de nuestros miembros resulten agraciados con decenas de premios, a fin de compensar en cierto modo, el arduo trabajo que est\u00e1n realizando a nivel nacional para que el presidente Abinader contin\u00fae cuatro a\u00f1os m\u00e1s en el poder&#8221; asegur\u00f3.<\/p>\n\n\n\n<p>Precis\u00f3 adem\u00e1s, que en esta recta final de la campa\u00f1a, han intensificado los trabajos sumando a familiares, amigos, vecinos y allegados de los miembros del Movimiento Comunicadores 8.0 Luis Abinader Presidente, para aportar al triunfo &#8220;aplastante&#8221; que obtendr\u00e1 el mandatario en las pr\u00f3ximas elecciones del 19 de mayo.<\/p>\n\n\n\n<p>En la reuni\u00f3n de coordinaci\u00f3n tambi\u00e9n abordaron el tema sobre el despliegue de delegados, observadores y un personal que estar\u00e1 a cargo de transportar a la gente, para garantizar as\u00ed la cuota que se han comprometido a aportar desde esta organizaci\u00f3n que agrupa a periodistas, locutores, Comunicadores, Disck Jockey, as\u00ed como artistas y l\u00edderes comunitarios que se han integrado a la coalici\u00f3n en los \u00faltimos d\u00edas.<\/p>\n\n\n\n<p>Tras calificar como un acontecimiento hist\u00f3rico en t\u00e9rminos pol\u00edtico, lo que est\u00e1 sucediendo con la organizaci\u00f3n que dirige, a la cual se integran cada vez m\u00e1s nuevos miembros, Nelson Guti\u00e9rrez, asegur\u00f3 que con este ej\u00e9rcito que han conformado, contribuir\u00e1n a un triunfo en primera vuelta del presidente Abinader, con m\u00e1s del 70% de los votos.<\/p>\n","protected":false},"excerpt":{"rendered":"<p>Santo Domingo, RD.- Durante un encuentro rutinario de coordinaci\u00f3n y estrategia de crecimiento, el coordinador nacional del Movimiento Comunicadores 8.0 Luis Abinader presidente, Nelson Guti\u00e9rrez, calific\u00f3 como un &#8220;fen\u00f3meno humano&#8221;&hellip;<\/p>\n","protected":false},"author":3,"featured_media":82637,"comment_status":"open","ping_status":"open","sticky":false,"template":"","format":"standard","meta":{"content-type":"","jetpack_post_was_ever_published":false,"_jetpack_newsletter_access":"","_jetpack_dont_email_post_to_subs":false,"_jetpack_newsletter_tier_id":0,"_jetpack_memberships_contains_paywalled_content":false,"_jetpack_memberships_contains_paid_content":false,"footnotes":""},"categories":[1],"tags":[67],"class_list":["post-82636","post","type-post","status-publish","format-standard","has-post-thumbnail","hentry","category-sin-categoria","tag-luis-abinader"],"jetpack_featured_media_url":"https:\/\/lasprimeras.com.do\/wp-content\/uploads\/2024\/05\/IMG-20240506-WA0023.jpg","jetpack-related-posts":[{"id":80291,"url":"https:\/\/lasprimeras.com.do\/index.php\/2024\/04\/06\/comunicadores-8-0-luis-abinader-presidente-juramenta-decenas-de-nuevos-miembros-en-san-juan-y-elias-pina\/","url_meta":{"origin":82636,"position":0},"title":"Comunicadores 8.0 Luis Abinader Presidente juramenta decenas de nuevos miembros en San Juan y El\u00edas Pi\u00f1a","author":"BIMARY DE JES\u00daS Matos","date":"6 de abril de 2024","format":false,"excerpt":"Comunicadores 8.0 Luis Abinader Presidente juramenta decenas de nuevos miembros en San Juan y El\u00edas Pi\u00f1a Santo Domingo, RD.- El coordinador nacional del Movimiento 8.0 de apoyo a la reelecci\u00f3n del presidente Luis Abinader, Nelson Guti\u00e9rrez, junto a una comisi\u00f3n de trabajo, jurament\u00f3 hoy a decenas de nuevos miembros de\u2026","rel":"","context":"En \u00abSin categor\u00eda\u00bb","block_context":{"text":"Sin categor\u00eda","link":"https:\/\/lasprimeras.com.do\/index.php\/category\/sin-categoria\/"},"img":{"alt_text":"","src":"https:\/\/i0.wp.com\/lasprimeras.com.do\/wp-content\/uploads\/2024\/04\/IMG-20240406-WA0039.jpg?resize=350%2C200&ssl=1","width":350,"height":200,"srcset":"https:\/\/i0.wp.com\/lasprimeras.com.do\/wp-content\/uploads\/2024\/04\/IMG-20240406-WA0039.jpg?resize=350%2C200&ssl=1 1x, https:\/\/i0.wp.com\/lasprimeras.com.do\/wp-content\/uploads\/2024\/04\/IMG-20240406-WA0039.jpg?resize=525%2C300&ssl=1 1.5x, https:\/\/i0.wp.com\/lasprimeras.com.do\/wp-content\/uploads\/2024\/04\/IMG-20240406-WA0039.jpg?resize=700%2C400&ssl=1 2x, https:\/\/i0.wp.com\/lasprimeras.com.do\/wp-content\/uploads\/2024\/04\/IMG-20240406-WA0039.jpg?resize=1050%2C600&ssl=1 3x"},"classes":[]},{"id":81539,"url":"https:\/\/lasprimeras.com.do\/index.php\/2024\/04\/22\/movimiento-comunicadores-8-0-luis-abinader-continua-jornada-de-crecimiento-para-el-triunfo-de-luis-abinader\/","url_meta":{"origin":82636,"position":1},"title":"Movimiento Comunicadores 8.0 Luis Abinader  contin\u00faa jornada de crecimiento para el triunfo","author":"BIMARY DE JES\u00daS Matos","date":"22 de abril de 2024","format":false,"excerpt":"Santo Domingo, RD.- El Movimiento Comunicadores 8.0 Lu\u00eds Abinader presidente, contin\u00faa su jornada de afiliaci\u00f3n y crecimiento, con el prop\u00f3sito de aportar al triunfo en primera vuelta del mandatario, en las elecciones del 19 de mayo pr\u00f3ximo. Nelson Guti\u00e9rrez, coordinador nacional de la organizaci\u00f3n, asegur\u00f3 que un grupo de periodistas,\u2026","rel":"","context":"En \u00abSin categor\u00eda\u00bb","block_context":{"text":"Sin categor\u00eda","link":"https:\/\/lasprimeras.com.do\/index.php\/category\/sin-categoria\/"},"img":{"alt_text":"","src":"https:\/\/i0.wp.com\/lasprimeras.com.do\/wp-content\/uploads\/2024\/04\/IMG-20240422-WA0019.jpg?resize=350%2C200&ssl=1","width":350,"height":200,"srcset":"https:\/\/i0.wp.com\/lasprimeras.com.do\/wp-content\/uploads\/2024\/04\/IMG-20240422-WA0019.jpg?resize=350%2C200&ssl=1 1x, https:\/\/i0.wp.com\/lasprimeras.com.do\/wp-content\/uploads\/2024\/04\/IMG-20240422-WA0019.jpg?resize=525%2C300&ssl=1 1.5x, https:\/\/i0.wp.com\/lasprimeras.com.do\/wp-content\/uploads\/2024\/04\/IMG-20240422-WA0019.jpg?resize=700%2C400&ssl=1 2x, https:\/\/i0.wp.com\/lasprimeras.com.do\/wp-content\/uploads\/2024\/04\/IMG-20240422-WA0019.jpg?resize=1050%2C600&ssl=1 3x"},"classes":[]},{"id":77765,"url":"https:\/\/lasprimeras.com.do\/index.php\/2024\/02\/25\/comunicadores-afirman-abinader-obtendra-mas-del-65-en-las-elecciones-de-mayo\/","url_meta":{"origin":82636,"position":2},"title":"Comunicadores afirman Abinader obtendr\u00e1\u00a0m\u00e1s del 65% en las elecciones de mayo","author":"Nelson Feliz","date":"25 de febrero de 2024","format":false,"excerpt":"El coordinador general del Movimiento Comunicadores 8.0, de apoyo a la reelecci\u00f3n del presidente Luis Abinader, periodista Nelson Guti\u00e9rrez, calific\u00f3 como exitoso los resultados de las elecciones municipales del pasado domingo. Guti\u00e9rrez, asegur\u00f3 que el Abinader obtendr\u00e1\u00a0 m\u00e1s del 65% en mayo al tiempo de afirmar que el movimiento que\u2026","rel":"","context":"En \u00abPORTADA\u00bb","block_context":{"text":"PORTADA","link":"https:\/\/lasprimeras.com.do\/index.php\/category\/portada\/"},"img":{"alt_text":"Nelson Guti\u00e9rrez","src":"https:\/\/i0.wp.com\/lasprimeras.com.do\/wp-content\/uploads\/2024\/02\/Nelson-Gutierrez-1-1.jpg?resize=350%2C200&ssl=1","width":350,"height":200,"srcset":"https:\/\/i0.wp.com\/lasprimeras.com.do\/wp-content\/uploads\/2024\/02\/Nelson-Gutierrez-1-1.jpg?resize=350%2C200&ssl=1 1x, https:\/\/i0.wp.com\/lasprimeras.com.do\/wp-content\/uploads\/2024\/02\/Nelson-Gutierrez-1-1.jpg?resize=525%2C300&ssl=1 1.5x"},"classes":[]},{"id":82408,"url":"https:\/\/lasprimeras.com.do\/index.php\/2024\/05\/02\/comunicadores-8-0-de-luis-abinader-juramenta-estudiantes-de-comunicacion-en-sabana-perdida\/","url_meta":{"origin":82636,"position":3},"title":"Comunicadores 8.0 de Luis Abinader juramenta estudiantes de comunicaci\u00f3n en Sabana Perdida","author":"BIMARY DE JES\u00daS Matos","date":"2 de mayo de 2024","format":false,"excerpt":"Santo Domingo Norte, RD.- Decenas de estudiantes de la carrera de comunicaci\u00f3n, abogados y dirigentes comunitarios de distintos sectores de Villa Mella, en Santo Domingo Norte, fueron integrados y juramentados en el Movimiento Comunicadores 8.0 Luis Abinader Presidente. Los nuevos juramentados, bajo la coordinaci\u00f3n del locutor y abogado Michael Cabral,\u2026","rel":"","context":"En \u00abPORTADA\u00bb","block_context":{"text":"PORTADA","link":"https:\/\/lasprimeras.com.do\/index.php\/category\/portada\/"},"img":{"alt_text":"","src":"https:\/\/i0.wp.com\/lasprimeras.com.do\/wp-content\/uploads\/2024\/05\/IMG-20240502-WA0034.jpg?resize=350%2C200&ssl=1","width":350,"height":200,"srcset":"https:\/\/i0.wp.com\/lasprimeras.com.do\/wp-content\/uploads\/2024\/05\/IMG-20240502-WA0034.jpg?resize=350%2C200&ssl=1 1x, https:\/\/i0.wp.com\/lasprimeras.com.do\/wp-content\/uploads\/2024\/05\/IMG-20240502-WA0034.jpg?resize=525%2C300&ssl=1 1.5x, https:\/\/i0.wp.com\/lasprimeras.com.do\/wp-content\/uploads\/2024\/05\/IMG-20240502-WA0034.jpg?resize=700%2C400&ssl=1 2x, https:\/\/i0.wp.com\/lasprimeras.com.do\/wp-content\/uploads\/2024\/05\/IMG-20240502-WA0034.jpg?resize=1050%2C600&ssl=1 3x, https:\/\/i0.wp.com\/lasprimeras.com.do\/wp-content\/uploads\/2024\/05\/IMG-20240502-WA0034.jpg?resize=1400%2C800&ssl=1 4x"},"classes":[]},{"id":80431,"url":"https:\/\/lasprimeras.com.do\/index.php\/2024\/04\/08\/comunicadores-8-0-luis-abinader-presidente-juramenta-nuevos-miembros-en-san-pedro-de-macoris\/","url_meta":{"origin":82636,"position":4},"title":"Comunicadores 8.0 Luis Abinader presidente juramenta nuevos miembros en San Pedro de Macor\u00eds","author":"BIMARY DE JES\u00daS Matos","date":"8 de abril de 2024","format":false,"excerpt":"SPM.-Estuvieron presentes las autoridades provincial del Partido Revolucionario el diputado Luis G\u00f3mez, presidente Provincial, as\u00ed como Francisco Fr\u00edas, presidente municipal; Aracelis Villanueva Figueroa, actual Gobernadora y candidata a Senadora, entre otros. San Pedro de Macoris.- El equipo de crecimiento del Movimiento Comunicadores 8.0 Luis Abinader presidente, se traslad\u00f3 este domingo\u2026","rel":"","context":"En \u00abNACIONALES\u00bb","block_context":{"text":"NACIONALES","link":"https:\/\/lasprimeras.com.do\/index.php\/category\/nacionales\/"},"img":{"alt_text":"","src":"https:\/\/i0.wp.com\/lasprimeras.com.do\/wp-content\/uploads\/2024\/04\/WhatsApp-Image-2024-04-08-at-10.51.50-AM.jpeg?resize=350%2C200&ssl=1","width":350,"height":200,"srcset":"https:\/\/i0.wp.com\/lasprimeras.com.do\/wp-content\/uploads\/2024\/04\/WhatsApp-Image-2024-04-08-at-10.51.50-AM.jpeg?resize=350%2C200&ssl=1 1x, https:\/\/i0.wp.com\/lasprimeras.com.do\/wp-content\/uploads\/2024\/04\/WhatsApp-Image-2024-04-08-at-10.51.50-AM.jpeg?resize=525%2C300&ssl=1 1.5x, https:\/\/i0.wp.com\/lasprimeras.com.do\/wp-content\/uploads\/2024\/04\/WhatsApp-Image-2024-04-08-at-10.51.50-AM.jpeg?resize=700%2C400&ssl=1 2x, https:\/\/i0.wp.com\/lasprimeras.com.do\/wp-content\/uploads\/2024\/04\/WhatsApp-Image-2024-04-08-at-10.51.50-AM.jpeg?resize=1050%2C600&ssl=1 3x, https:\/\/i0.wp.com\/lasprimeras.com.do\/wp-content\/uploads\/2024\/04\/WhatsApp-Image-2024-04-08-at-10.51.50-AM.jpeg?resize=1400%2C800&ssl=1 4x"},"classes":[]},{"id":97736,"url":"https:\/\/lasprimeras.com.do\/index.php\/2025\/04\/27\/comunicadores-8-0-denuncia-cancelaciones-y-persecuciones-contra-sus-miembros-por-parte-de-funcionarios-del-gobierno\/","url_meta":{"origin":82636,"position":5},"title":"Comunicadores 8.0 denuncia cancelaciones y persecuciones contra sus miembros por parte de funcionarios del gobierno","author":"Nelson Feliz","date":"27 de abril de 2025","format":false,"excerpt":"El coordinador nacional del Movimiento Comunicadores 8.0, Luis Abinader Presidente, denunci\u00f3 las cancelaciones abusivas de 13 profesionales que integran esa entidad de instituciones p\u00fablicas. Nelson Guti\u00e9rrez, responsabiliz\u00f3 a un funcionario y a un ex funcionario, los cuales, dijo, que est\u00e1n llamando a instituciones del gobierno, uno y el otro est\u00e1\u2026","rel":"","context":"En \u00abNACIONALES\u00bb","block_context":{"text":"NACIONALES","link":"https:\/\/lasprimeras.com.do\/index.php\/category\/nacionales\/"},"img":{"alt_text":"Nelson Guti\u00e9rrez","src":"https:\/\/i0.wp.com\/lasprimeras.com.do\/wp-content\/uploads\/2023\/08\/Nelson-Gutierrez.jpg?resize=350%2C200&ssl=1","width":350,"height":200,"srcset":"https:\/\/i0.wp.com\/lasprimeras.com.do\/wp-content\/uploads\/2023\/08\/Nelson-Gutierrez.jpg?resize=350%2C200&ssl=1 1x, https:\/\/i0.wp.com\/lasprimeras.com.do\/wp-content\/uploads\/2023\/08\/Nelson-Gutierrez.jpg?resize=525%2C300&ssl=1 1.5x, https:\/\/i0.wp.com\/lasprimeras.com.do\/wp-content\/uploads\/2023\/08\/Nelson-Gutierrez.jpg?resize=700%2C400&ssl=1 2x"},"classes":[]}],"jetpack_sharing_enabled":true,"_links":{"self":[{"href":"https:\/\/lasprimeras.com.do\/index.php\/wp-json\/wp\/v2\/posts\/82636","targetHints":{"allow":["GET"]}}],"collection":[{"href":"https:\/\/lasprimeras.com.do\/index.php\/wp-json\/wp\/v2\/posts"}],"about":[{"href":"https:\/\/lasprimeras.com.do\/index.php\/wp-json\/wp\/v2\/types\/post"}],"author":[{"embeddable":true,"href":"https:\/\/lasprimeras.com.do\/index.php\/wp-json\/wp\/v2\/users\/3"}],"replies":[{"embeddable":true,"href":"https:\/\/lasprimeras.com.do\/index.php\/wp-json\/wp\/v2\/comments?post=82636"}],"version-history":[{"count":1,"href":"https:\/\/lasprimeras.com.do\/index.php\/wp-json\/wp\/v2\/posts\/82636\/revisions"}],"predecessor-version":[{"id":82638,"href":"https:\/\/lasprimeras.com.do\/index.php\/wp-json\/wp\/v2\/posts\/82636\/revisions\/82638"}],"wp:featuredmedia":[{"embeddable":true,"href":"https:\/\/lasprimeras.com.do\/index.php\/wp-json\/wp\/v2\/media\/82637"}],"wp:attachment":[{"href":"https:\/\/lasprimeras.com.do\/index.php\/wp-json\/wp\/v2\/media?parent=82636"}],"wp:term":[{"taxonomy":"category","embeddable":true,"href":"https:\/\/lasprimeras.com.do\/index.php\/wp-json\/wp\/v2\/categories?post=82636"},{"taxonomy":"post_tag","embeddable":true,"href":"https:\/\/lasprimeras.com.do\/index.php\/wp-json\/wp\/v2\/tags?post=82636"}],"curies":[{"name":"wp","href":"https:\/\/api.w.org\/{rel}","templated":true}]}}