{"id":82639,"date":"2024-05-06T08:41:48","date_gmt":"2024-05-06T12:41:48","guid":{"rendered":"https:\/\/lasprimeras.com.do\/?p=82639"},"modified":"2024-05-06T08:41:50","modified_gmt":"2024-05-06T12:41:50","slug":"extraditan-dominicano-a-ee-uu-acusado-de-homicido-y-otros-cargos","status":"publish","type":"post","link":"https:\/\/lasprimeras.com.do\/index.php\/2024\/05\/06\/extraditan-dominicano-a-ee-uu-acusado-de-homicido-y-otros-cargos\/","title":{"rendered":"Extraditan dominicano a EE.UU. acusado de homicido y otros cargos"},"content":{"rendered":"\n<p>Santo Domingo.- La Rep\u00fablica Dominicana a trav\u00e9s de la Procuradur\u00eda General de la Rep\u00fablica (PGR) y agentes de la Direcci\u00f3n Nacional de Control de Drogas (DNCD), con el apoyo de Alguaciles de Estados Unidos (U.S. Marshals), extraditaron a un dominicano acusado de homicidio y otros cargos en Estados Unidos.<\/p>\n\n\n\n<p>Se trata de Jos\u00e9 A. Mej\u00eda Medina y\/o Josu\u00e9 Antonio Mej\u00eda Medina, quien fue trasladado bajo estrictas medidas de seguridad al Aeropuerto Internacional de las Am\u00e9ricas, donde fue entregado a oficiales estadounidenses.<\/p>\n\n\n\n<p>El dominicano abord\u00f3 un vuelo con destino a Estados Unidos, pa\u00eds que le requiere para que responda ante un tribunal del Condado de Berks, Pennsylvania, Divisi\u00f3n Penal, bajo los cargos de intento criminal, agresi\u00f3n con agravantes, entre otras acusaciones.<\/p>\n\n\n\n<p>Mej\u00eda Medina de 27 a\u00f1os fue arrestado en la provincia de la Romana en febrero de este 2024, atendiendo a una orden dictada por la Segunda Sala de la Suprema Corte de Justicia y en cumplimiento al decreto n\u00famero 133-24, que autoriza su extradici\u00f3n.<\/p>\n\n\n\n<p>La detenci\u00f3n y posterior entrega del dominicano se corresponde con el compromiso del Gobierno dominicano de seguir afianzando los lazos de cooperaci\u00f3n con los pa\u00edses aliados en el combate y persecuci\u00f3n al delito transnacional.<\/p>\n\n\n\n<p><\/p>\n","protected":false},"excerpt":{"rendered":"<p>Santo Domingo.- La Rep\u00fablica Dominicana a trav\u00e9s de la Procuradur\u00eda General de la Rep\u00fablica (PGR) y agentes de la Direcci\u00f3n Nacional de Control de Drogas (DNCD), con el apoyo de&hellip;<\/p>\n","protected":false},"author":3,"featured_media":82640,"comment_status":"open","ping_status":"open","sticky":false,"template":"","format":"standard","meta":{"content-type":"","jetpack_post_was_ever_published":false,"_jetpack_newsletter_access":"","_jetpack_dont_email_post_to_subs":false,"_jetpack_newsletter_tier_id":0,"_jetpack_memberships_contains_paywalled_content":false,"_jetpack_memberships_contains_paid_content":false,"footnotes":""},"categories":[3057],"tags":[492],"class_list":["post-82639","post","type-post","status-publish","format-standard","has-post-thumbnail","hentry","category-militares","tag-homicidio"],"jetpack_featured_media_url":"https:\/\/lasprimeras.com.do\/wp-content\/uploads\/2024\/05\/IMG-20240506-WA0024-scaled.jpg","jetpack-related-posts":[{"id":89466,"url":"https:\/\/lasprimeras.com.do\/index.php\/2024\/09\/25\/rd-extradita-dos-dominicanos-a-ee-uu-por-fraude-y-homicidio-vehicular\/","url_meta":{"origin":82639,"position":0},"title":"RD extradita dos dominicanos a EE. UU. por fraude y homicidio vehicular","author":"Nelson Feliz","date":"25 de septiembre de 2024","format":false,"excerpt":"Las autoridades dominicanas a trav\u00e9s de la Procuradur\u00eda General de la Rep\u00fablica (PGR) y la Direcci\u00f3n Nacional de Control de Drogas(DNCD) con el apoyo de Alguaciles de Estados Unidos (U.S. Marshals), entregaron a dos dominicanos solicitados en extradici\u00f3n en ese pa\u00eds, bajo los cargos de fraude electr\u00f3nico y homicidio vehicular.\u2026","rel":"","context":"En \u00abMILITARES\u00bb","block_context":{"text":"MILITARES","link":"https:\/\/lasprimeras.com.do\/index.php\/category\/militares\/"},"img":{"alt_text":"","src":"https:\/\/i0.wp.com\/lasprimeras.com.do\/wp-content\/uploads\/2024\/09\/presos.jpg?resize=350%2C200&ssl=1","width":350,"height":200,"srcset":"https:\/\/i0.wp.com\/lasprimeras.com.do\/wp-content\/uploads\/2024\/09\/presos.jpg?resize=350%2C200&ssl=1 1x, https:\/\/i0.wp.com\/lasprimeras.com.do\/wp-content\/uploads\/2024\/09\/presos.jpg?resize=525%2C300&ssl=1 1.5x, https:\/\/i0.wp.com\/lasprimeras.com.do\/wp-content\/uploads\/2024\/09\/presos.jpg?resize=700%2C400&ssl=1 2x"},"classes":[]},{"id":85403,"url":"https:\/\/lasprimeras.com.do\/index.php\/2024\/06\/29\/rd-extradita-dos-dominicanos-a-ee-uu-acusados-de-narcotrafico-y-asesinato\/","url_meta":{"origin":82639,"position":1},"title":"RD extradita dos dominicanos a EE.UU. acusados de narcotr\u00e1fico y asesinato","author":"Nelson Feliz","date":"29 de junio de 2024","format":false,"excerpt":"Las autoridades dominicanas, a trav\u00e9s de la Procuradur\u00eda General de la Rep\u00fablica (PGR) y la Direcci\u00f3n Nacional de Control de Drogas (DNCD), con la cooperaci\u00f3n del Servicio de Alguaciles de Estados Unidos, (U.S. Marshals), extraditaron a Estados Unidos a otros dos dominicanos, acusados de narcotr\u00e1fico, asesinato y otros delitos. Wascar\u2026","rel":"","context":"En \u00abMILITARES\u00bb","block_context":{"text":"MILITARES","link":"https:\/\/lasprimeras.com.do\/index.php\/category\/militares\/"},"img":{"alt_text":"","src":"https:\/\/i0.wp.com\/lasprimeras.com.do\/wp-content\/uploads\/2024\/06\/DOS-1.jpg?resize=350%2C200&ssl=1","width":350,"height":200,"srcset":"https:\/\/i0.wp.com\/lasprimeras.com.do\/wp-content\/uploads\/2024\/06\/DOS-1.jpg?resize=350%2C200&ssl=1 1x, https:\/\/i0.wp.com\/lasprimeras.com.do\/wp-content\/uploads\/2024\/06\/DOS-1.jpg?resize=525%2C300&ssl=1 1.5x, https:\/\/i0.wp.com\/lasprimeras.com.do\/wp-content\/uploads\/2024\/06\/DOS-1.jpg?resize=700%2C400&ssl=1 2x"},"classes":[]},{"id":97582,"url":"https:\/\/lasprimeras.com.do\/index.php\/2025\/04\/23\/extraditan-a-ee-uu-dominicano-acusado-trafico-de-drogas\/","url_meta":{"origin":82639,"position":2},"title":"Extraditan a EE.UU. dominicano acusado tr\u00e1fico de drogas","author":"Nelson Feliz","date":"23 de abril de 2025","format":false,"excerpt":"La Rep\u00fablica Dominicana, a trav\u00e9s de la Direcci\u00f3n Nacional de Control de Drogas (DNCD) y la Procuradur\u00eda General de la Rep\u00fablica (PGR), con el apoyo de Alguaciles de Estados Unidos (U.S. Marshals) y la Administraci\u00f3n de Control de Drogas, (DEA) entregaron a las autoridades estadounidenses a un dominicano, acusado de\u2026","rel":"","context":"En \u00abMILITARES\u00bb","block_context":{"text":"MILITARES","link":"https:\/\/lasprimeras.com.do\/index.php\/category\/militares\/"},"img":{"alt_text":"","src":"https:\/\/i0.wp.com\/lasprimeras.com.do\/wp-content\/uploads\/2025\/04\/WhatsApp-Image-2025-04-23-at-8.50.15-AM.jpeg?resize=350%2C200&ssl=1","width":350,"height":200,"srcset":"https:\/\/i0.wp.com\/lasprimeras.com.do\/wp-content\/uploads\/2025\/04\/WhatsApp-Image-2025-04-23-at-8.50.15-AM.jpeg?resize=350%2C200&ssl=1 1x, https:\/\/i0.wp.com\/lasprimeras.com.do\/wp-content\/uploads\/2025\/04\/WhatsApp-Image-2025-04-23-at-8.50.15-AM.jpeg?resize=525%2C300&ssl=1 1.5x, https:\/\/i0.wp.com\/lasprimeras.com.do\/wp-content\/uploads\/2025\/04\/WhatsApp-Image-2025-04-23-at-8.50.15-AM.jpeg?resize=700%2C400&ssl=1 2x, https:\/\/i0.wp.com\/lasprimeras.com.do\/wp-content\/uploads\/2025\/04\/WhatsApp-Image-2025-04-23-at-8.50.15-AM.jpeg?resize=1050%2C600&ssl=1 3x"},"classes":[]},{"id":58603,"url":"https:\/\/lasprimeras.com.do\/index.php\/2023\/08\/25\/rd-entrega-dos-dominicanos-acusados-de-narcotrafico-en-estados-unidos\/","url_meta":{"origin":82639,"position":3},"title":"RD entrega dos dominicanos acusados de narcotr\u00e1fico en Estados Unidos","author":"Nelson Feliz","date":"25 de agosto de 2023","format":false,"excerpt":"Por Martin Restituyo La Procuradur\u00eda General de la Rep\u00fablica y agentes de la Direcci\u00f3n Nacional de Control de Drogas (DNCD), extraditaron a Estados Unidos a dos dominicanos acusados de narcotr\u00e1fico y otros delitos, en Virginia y Pensilvania. Se trata de Carlos Manuel Vidal Escoboza y Habys Omar Meran Peralta, quienes\u2026","rel":"","context":"En \u00abMILITARES\u00bb","block_context":{"text":"MILITARES","link":"https:\/\/lasprimeras.com.do\/index.php\/category\/militares\/"},"img":{"alt_text":"DNCD","src":"https:\/\/i0.wp.com\/lasprimeras.com.do\/wp-content\/uploads\/2023\/08\/preso-1-1.jpg?resize=350%2C200&ssl=1","width":350,"height":200,"srcset":"https:\/\/i0.wp.com\/lasprimeras.com.do\/wp-content\/uploads\/2023\/08\/preso-1-1.jpg?resize=350%2C200&ssl=1 1x, https:\/\/i0.wp.com\/lasprimeras.com.do\/wp-content\/uploads\/2023\/08\/preso-1-1.jpg?resize=525%2C300&ssl=1 1.5x, https:\/\/i0.wp.com\/lasprimeras.com.do\/wp-content\/uploads\/2023\/08\/preso-1-1.jpg?resize=700%2C400&ssl=1 2x"},"classes":[]},{"id":82031,"url":"https:\/\/lasprimeras.com.do\/index.php\/2024\/04\/27\/rd-extradita-dominicano-acusado-de-trafico-de-heroina-en-ee-uu\/","url_meta":{"origin":82639,"position":4},"title":"RD extradita dominicano acusado de tr\u00e1fico de hero\u00edna en EE.UU.","author":"Nelson Feliz","date":"27 de abril de 2024","format":false,"excerpt":"La Rep\u00fablica Dominicana, a trav\u00e9s de la Procuradur\u00eda General de la Rep\u00fablica y la Direcci\u00f3n Nacional de Control de Drogas (DNCD), con la cooperaci\u00f3n del Servicio de Alguaciles de Estados Unidos (U.S. Marshals), extraditaron a un dominicano acusado de tr\u00e1fico de drogas en Estados Unidos. Se trata de Juan Pablo\u2026","rel":"","context":"En \u00abMILITARES\u00bb","block_context":{"text":"MILITARES","link":"https:\/\/lasprimeras.com.do\/index.php\/category\/militares\/"},"img":{"alt_text":"DNCD","src":"https:\/\/i0.wp.com\/lasprimeras.com.do\/wp-content\/uploads\/2023\/10\/DNCD-2.jpg?resize=350%2C200&ssl=1","width":350,"height":200,"srcset":"https:\/\/i0.wp.com\/lasprimeras.com.do\/wp-content\/uploads\/2023\/10\/DNCD-2.jpg?resize=350%2C200&ssl=1 1x, https:\/\/i0.wp.com\/lasprimeras.com.do\/wp-content\/uploads\/2023\/10\/DNCD-2.jpg?resize=525%2C300&ssl=1 1.5x, https:\/\/i0.wp.com\/lasprimeras.com.do\/wp-content\/uploads\/2023\/10\/DNCD-2.jpg?resize=700%2C400&ssl=1 2x"},"classes":[]},{"id":108886,"url":"https:\/\/lasprimeras.com.do\/index.php\/2025\/09\/11\/extraditan-a-estados-unidos-tres-dominicanos-por-trafico-de-drogas-y-homicidio\/","url_meta":{"origin":82639,"position":5},"title":"Extraditan a Estados Unidos tres dominicanos por tr\u00e1fico de drogas y homicidio","author":"Nelson Feliz","date":"11 de septiembre de 2025","format":false,"excerpt":"Los hombres fueron arrestados en operativos de b\u00fasqueda y captura ejecutados en varios puntos del pa\u00eds. Las autoridades dominicanas a trav\u00e9s de la Procuradur\u00eda General de la Rep\u00fablica (PGR) y la Direcci\u00f3n Nacional de Control de Drogas (DNCD), apoyados por Alguaciles de Estados Unidos (U.S. Marshals), extraditaron a tres dominicanos,\u2026","rel":"","context":"En \u00abMILITARES\u00bb","block_context":{"text":"MILITARES","link":"https:\/\/lasprimeras.com.do\/index.php\/category\/militares\/"},"img":{"alt_text":"","src":"https:\/\/i0.wp.com\/lasprimeras.com.do\/wp-content\/uploads\/2025\/09\/DNCD-1-1.jpg?resize=350%2C200&ssl=1","width":350,"height":200,"srcset":"https:\/\/i0.wp.com\/lasprimeras.com.do\/wp-content\/uploads\/2025\/09\/DNCD-1-1.jpg?resize=350%2C200&ssl=1 1x, https:\/\/i0.wp.com\/lasprimeras.com.do\/wp-content\/uploads\/2025\/09\/DNCD-1-1.jpg?resize=525%2C300&ssl=1 1.5x, https:\/\/i0.wp.com\/lasprimeras.com.do\/wp-content\/uploads\/2025\/09\/DNCD-1-1.jpg?resize=700%2C400&ssl=1 2x"},"classes":[]}],"jetpack_sharing_enabled":true,"_links":{"self":[{"href":"https:\/\/lasprimeras.com.do\/index.php\/wp-json\/wp\/v2\/posts\/82639","targetHints":{"allow":["GET"]}}],"collection":[{"href":"https:\/\/lasprimeras.com.do\/index.php\/wp-json\/wp\/v2\/posts"}],"about":[{"href":"https:\/\/lasprimeras.com.do\/index.php\/wp-json\/wp\/v2\/types\/post"}],"author":[{"embeddable":true,"href":"https:\/\/lasprimeras.com.do\/index.php\/wp-json\/wp\/v2\/users\/3"}],"replies":[{"embeddable":true,"href":"https:\/\/lasprimeras.com.do\/index.php\/wp-json\/wp\/v2\/comments?post=82639"}],"version-history":[{"count":1,"href":"https:\/\/lasprimeras.com.do\/index.php\/wp-json\/wp\/v2\/posts\/82639\/revisions"}],"predecessor-version":[{"id":82641,"href":"https:\/\/lasprimeras.com.do\/index.php\/wp-json\/wp\/v2\/posts\/82639\/revisions\/82641"}],"wp:featuredmedia":[{"embeddable":true,"href":"https:\/\/lasprimeras.com.do\/index.php\/wp-json\/wp\/v2\/media\/82640"}],"wp:attachment":[{"href":"https:\/\/lasprimeras.com.do\/index.php\/wp-json\/wp\/v2\/media?parent=82639"}],"wp:term":[{"taxonomy":"category","embeddable":true,"href":"https:\/\/lasprimeras.com.do\/index.php\/wp-json\/wp\/v2\/categories?post=82639"},{"taxonomy":"post_tag","embeddable":true,"href":"https:\/\/lasprimeras.com.do\/index.php\/wp-json\/wp\/v2\/tags?post=82639"}],"curies":[{"name":"wp","href":"https:\/\/api.w.org\/{rel}","templated":true}]}}