{"id":82642,"date":"2024-05-06T10:11:43","date_gmt":"2024-05-06T14:11:43","guid":{"rendered":"https:\/\/lasprimeras.com.do\/?p=82642"},"modified":"2024-05-06T10:12:28","modified_gmt":"2024-05-06T14:12:28","slug":"luis-el-gallo-respalda-a-presidente-abinader-y-candidatos-a-senadores-y-diputados-en-cinco-provincias-del-sur","status":"publish","type":"post","link":"https:\/\/lasprimeras.com.do\/index.php\/2024\/05\/06\/luis-el-gallo-respalda-a-presidente-abinader-y-candidatos-a-senadores-y-diputados-en-cinco-provincias-del-sur\/","title":{"rendered":"Luis \u201cEl Gallo\u201d respalda a presidente Abinader y candidatos a senadores y diputados en cinco provincias del Sur"},"content":{"rendered":"\n<p>RD.-Luis Acosta Moreta, presidente de la Uni\u00f3n Dem\u00f3crata Cristiana -UDC-, y cientos de militantes y seguidores, recorrieron cinco provincias de la Zona Sur del pa\u00eds, en respaldo a la obra de gobierno del presidente Luis Abinader y en apoyo a los candidatos s senadores y diputados.<\/p>\n\n\n\n<p>Luis \u201cEl Gallo\u201d destac\u00f3 que el presidente Abinader tiene una s\u00f3lida obra de gobierno, que va desde la construcci\u00f3n de viviendas, el desarrollo hospitalario, y el progreso en la educaci\u00f3n, hasta dar paso a una justica independiente y a la institucionalidad nacional.<\/p>\n\n\n\n<p>Agreg\u00f3 que el trabajo que realiza el Presidente Abinader le garantiza ganar las venideras elecciones en la primera vuelta, dando da al pueblo dominicano seguridades de que va a continuar la marcha hacia el progreso y el desarrollo.<\/p>\n\n\n\n<p>Afirm\u00f3 que el presidente Abinader est\u00e1 realizando grandes esfuerzos por lograr el desarrollo de la zona Sur, impulsando programas agr\u00edcolas, mineros, tur\u00edsticos y de otras \u00e1reas para dar seguridad a la inversi\u00f3n privada y en la creaci\u00f3n de empleos.<\/p>\n\n\n\n<p>Asimismo, la UDC dio su respaldo, en la boleta electoral n\u00famero 20, a los candidatos a senadores y diputados por las provincias de Barahona, Azua, Peravia, Ocoa y San Crist\u00f3bal, en la coalici\u00f3n con el Partido Revolucionario Moderno \u2013PRM-.<\/p>\n\n\n\n<p>Consider\u00f3 que esas cinco provincias juegan un papel trascendental en el desarrollo de la zona Sur del pa\u00eds, por lo que es importante que lleven candidatos trabajadores y honestos al Congreso Nacional.<\/p>\n\n\n\n<p>Luis \u201cEl Gallo\u201d respald\u00f3 con la boleta n\u00famero 20 de la UDC a la candidatura a senador por Barahona de Mois\u00e9s Ayala, y de los aspirantes a diputados Sara Feliz y Aquiles Ledesma.<\/p>\n\n\n\n<p>En Azua, la UDC apoya a la candidata a senadora L\u00eda D\u00edaz y para diputado a C\u00e9sar Beltr\u00e9; En Ocoa, La candidatura senatorial la encabeza Anoudy Ortiz, y respaldo pleno a los aspirantes a diputados; En Bani, para la senadur\u00eda Julito Fulcar, y en San Crist\u00f3bal, Gustavo Lora, y la plantilla de aspirantes a diputados<\/p>\n\n\n\n<p>Destac\u00f3 que llevar al Congreso a senadores y diputados que les duela y luchen por la regi\u00f3n Sur y sus provincias, es fundamental para que esta pr\u00f3spera zona del pa\u00eds siga por el camino del desarrollo.<\/p>\n","protected":false},"excerpt":{"rendered":"<p>RD.-Luis Acosta Moreta, presidente de la Uni\u00f3n Dem\u00f3crata Cristiana -UDC-, y cientos de militantes y seguidores, recorrieron cinco provincias de la Zona Sur del pa\u00eds, en respaldo a la obra&hellip;<\/p>\n","protected":false},"author":3,"featured_media":82643,"comment_status":"open","ping_status":"open","sticky":false,"template":"","format":"standard","meta":{"content-type":"","jetpack_post_was_ever_published":false,"_jetpack_newsletter_access":"","_jetpack_dont_email_post_to_subs":false,"_jetpack_newsletter_tier_id":0,"_jetpack_memberships_contains_paywalled_content":false,"_jetpack_memberships_contains_paid_content":false,"footnotes":""},"categories":[25],"tags":[1208],"class_list":["post-82642","post","type-post","status-publish","format-standard","has-post-thumbnail","hentry","category-portada","tag-luis-el-gallo"],"jetpack_featured_media_url":"https:\/\/lasprimeras.com.do\/wp-content\/uploads\/2024\/05\/IMG-20240506-WA0040.jpg","jetpack-related-posts":[{"id":81386,"url":"https:\/\/lasprimeras.com.do\/index.php\/2024\/04\/20\/luis-el-gallo-defiende-nacionalidad-y-progreso-rd-en-recorrido-de-abinader\/","url_meta":{"origin":82642,"position":0},"title":"Luis \u201cEl Gallo\u201d defiende nacionalidad y progreso RD en recorrido de Abinader","author":"Nelson Feliz","date":"20 de abril de 2024","format":false,"excerpt":"En respaldo al presidente Luis Abinader, cientos de militantes\u00a0 de la Uni\u00f3n\u00a0 Dem\u00f3crata Cristiana -UDC-, recorrieron los principales municipios de las provincias\u00a0 Valverde, Santiago Rodr\u00edguez y Dajab\u00f3n. Marchando en las caravanas encabezas por Abinader, el presidente de la UDC, Luis Acosta Moreta, Luis\u00a0 \u201cEl Gallo\u201d exhort\u00f3 a los moradores\u00a0 de\u2026","rel":"","context":"En \u00abPORTADA\u00bb","block_context":{"text":"PORTADA","link":"https:\/\/lasprimeras.com.do\/index.php\/category\/portada\/"},"img":{"alt_text":"Luis Acosta Moreta","src":"https:\/\/i0.wp.com\/lasprimeras.com.do\/wp-content\/uploads\/2024\/04\/Luis-Abi.jpg?resize=350%2C200&ssl=1","width":350,"height":200,"srcset":"https:\/\/i0.wp.com\/lasprimeras.com.do\/wp-content\/uploads\/2024\/04\/Luis-Abi.jpg?resize=350%2C200&ssl=1 1x, https:\/\/i0.wp.com\/lasprimeras.com.do\/wp-content\/uploads\/2024\/04\/Luis-Abi.jpg?resize=525%2C300&ssl=1 1.5x, https:\/\/i0.wp.com\/lasprimeras.com.do\/wp-content\/uploads\/2024\/04\/Luis-Abi.jpg?resize=700%2C400&ssl=1 2x, https:\/\/i0.wp.com\/lasprimeras.com.do\/wp-content\/uploads\/2024\/04\/Luis-Abi.jpg?resize=1050%2C600&ssl=1 3x"},"classes":[]},{"id":82514,"url":"https:\/\/lasprimeras.com.do\/index.php\/2024\/05\/04\/udc-respalda-candidatos-a-senadores-y-diputados-en-barahona-y-azua\/","url_meta":{"origin":82642,"position":1},"title":"UDC respalda candidatos a senadores y diputados en Barahona y Azua","author":"Esteffany Vargas","date":"4 de mayo de 2024","format":false,"excerpt":"El presidente de la Uni\u00f3n Dem\u00f3crata Cristiana \u2013UDC-, Luis Acosta Moreta, Luis \u201cEl Gallo\u201d, dio su respaldo a los candidatos\u00a0 a senadores y diputados por la provincia\u00a0 de Barahona y Azua, en la boleta electoral n\u00famero 20. Consider\u00f3 que esas dos\u00a0 provincias juegan un papel trascendental\u00a0 en el desarrollo de\u2026","rel":"","context":"En \u00abSin categor\u00eda\u00bb","block_context":{"text":"Sin categor\u00eda","link":"https:\/\/lasprimeras.com.do\/index.php\/category\/sin-categoria\/"},"img":{"alt_text":"Luis Acosta Moreta","src":"https:\/\/i0.wp.com\/lasprimeras.com.do\/wp-content\/uploads\/2023\/11\/Luis-Acosta-Moreta-4.jpg?resize=350%2C200&ssl=1","width":350,"height":200,"srcset":"https:\/\/i0.wp.com\/lasprimeras.com.do\/wp-content\/uploads\/2023\/11\/Luis-Acosta-Moreta-4.jpg?resize=350%2C200&ssl=1 1x, https:\/\/i0.wp.com\/lasprimeras.com.do\/wp-content\/uploads\/2023\/11\/Luis-Acosta-Moreta-4.jpg?resize=525%2C300&ssl=1 1.5x, https:\/\/i0.wp.com\/lasprimeras.com.do\/wp-content\/uploads\/2023\/11\/Luis-Acosta-Moreta-4.jpg?resize=700%2C400&ssl=1 2x"},"classes":[]},{"id":82761,"url":"https:\/\/lasprimeras.com.do\/index.php\/2024\/05\/07\/luis-el-gallo-visita-la-circunscripcion-3-del-distrito-nacional-en-apoyo-al-presidente-luis-abinader\/","url_meta":{"origin":82642,"position":2},"title":"Luis &#8220;El Gallo&#8221; visita la Circunscripci\u00f3n 3 del Distrito Nacional en apoyo al presidente Luis Abinader","author":"BIMARY DE JES\u00daS Matos","date":"7 de mayo de 2024","format":false,"excerpt":"RD.-El presidente del Partido Uni\u00f3n Dem\u00f3crata Cristiana (UDC), Luis \"El Gallo\", realiz\u00f3 una visita a diversos barrios de la Circunscripci\u00f3n 3 del Distrito Nacional con el prop\u00f3sito de respaldar al presidente Luis Abinader, Guillermo Moreno y a los candidatos a diputados de la zona. Durante su recorrido, \"El Gallo\" hizo\u2026","rel":"","context":"En \u00abNACIONALES\u00bb","block_context":{"text":"NACIONALES","link":"https:\/\/lasprimeras.com.do\/index.php\/category\/nacionales\/"},"img":{"alt_text":"","src":"https:\/\/i0.wp.com\/lasprimeras.com.do\/wp-content\/uploads\/2024\/05\/IMG-20240507-WA0029.jpg?resize=350%2C200&ssl=1","width":350,"height":200,"srcset":"https:\/\/i0.wp.com\/lasprimeras.com.do\/wp-content\/uploads\/2024\/05\/IMG-20240507-WA0029.jpg?resize=350%2C200&ssl=1 1x, https:\/\/i0.wp.com\/lasprimeras.com.do\/wp-content\/uploads\/2024\/05\/IMG-20240507-WA0029.jpg?resize=525%2C300&ssl=1 1.5x, https:\/\/i0.wp.com\/lasprimeras.com.do\/wp-content\/uploads\/2024\/05\/IMG-20240507-WA0029.jpg?resize=700%2C400&ssl=1 2x, https:\/\/i0.wp.com\/lasprimeras.com.do\/wp-content\/uploads\/2024\/05\/IMG-20240507-WA0029.jpg?resize=1050%2C600&ssl=1 3x"},"classes":[]},{"id":83105,"url":"https:\/\/lasprimeras.com.do\/index.php\/2024\/05\/11\/luis-el-gallo-respalda-candidaturas-de-abinader-guillermo-moreno-y-candidatos-a-diputados-del-dn\/","url_meta":{"origin":82642,"position":3},"title":"Luis &#8220;El Gallo&#8221; respalda candidaturas de Abinader, Guillermo Moreno y candidatos a diputados del DN","author":"Nelson Feliz","date":"11 de mayo de 2024","format":false,"excerpt":"El Presidente del Partido Uni\u00f3n Dem\u00f3crata Cristiana (UDC), Luis\u00a0 Acosta Moreta, Luis \"El Gallo\" encabez\u00f3 una importante reuni\u00f3n en Villas Agr\u00edcolas para expresar su apoyo contundente al gobernante Luis Abinader, al candidato a\u00a0 senador de la Alianza RD Avanza Guillermo Moreno, y a los candidatos a diputados de la Circunscripci\u00f3n\u2026","rel":"","context":"En \u00abPORTADA\u00bb","block_context":{"text":"PORTADA","link":"https:\/\/lasprimeras.com.do\/index.php\/category\/portada\/"},"img":{"alt_text":"Luis Acosta Moreta","src":"https:\/\/i0.wp.com\/lasprimeras.com.do\/wp-content\/uploads\/2024\/05\/Luis-Acosta-Moreta-1.jpg?resize=350%2C200&ssl=1","width":350,"height":200,"srcset":"https:\/\/i0.wp.com\/lasprimeras.com.do\/wp-content\/uploads\/2024\/05\/Luis-Acosta-Moreta-1.jpg?resize=350%2C200&ssl=1 1x, https:\/\/i0.wp.com\/lasprimeras.com.do\/wp-content\/uploads\/2024\/05\/Luis-Acosta-Moreta-1.jpg?resize=525%2C300&ssl=1 1.5x, https:\/\/i0.wp.com\/lasprimeras.com.do\/wp-content\/uploads\/2024\/05\/Luis-Acosta-Moreta-1.jpg?resize=700%2C400&ssl=1 2x"},"classes":[]},{"id":105188,"url":"https:\/\/lasprimeras.com.do\/index.php\/2025\/07\/31\/luis-el-gallo-pide-puno-de-hierro-contra-agiotistas-y-especuladores\/","url_meta":{"origin":82642,"position":4},"title":"Luis \u201cEl Gallo\u201d pide pu\u00f1o de hierro contra agiotistas y especuladores","author":"Nelson Feliz","date":"31 de julio de 2025","format":false,"excerpt":"El presidente de la Uni\u00f3n Dem\u00f3crata Cristiana \u2013UDC, Luis Acosta Moreta, Luis \u201cEl Gallo\u201d, abog\u00f3 hoy por una pol\u00edtica de pu\u00f1o de hierro contra los especuladores de productos de la canasta b\u00e1sica. Se\u00f1al\u00f3 que al pueblo no se le puede dejar morir de hambre, debido a que comerciantes aumentan los\u2026","rel":"","context":"En \u00abPOLITICA\u00bb","block_context":{"text":"POLITICA","link":"https:\/\/lasprimeras.com.do\/index.php\/category\/politica\/"},"img":{"alt_text":"Luis Acosta Moreta","src":"https:\/\/i0.wp.com\/lasprimeras.com.do\/wp-content\/uploads\/2025\/07\/Luis-Acosta-Moreta.png?resize=350%2C200&ssl=1","width":350,"height":200},"classes":[]},{"id":113883,"url":"https:\/\/lasprimeras.com.do\/index.php\/2025\/11\/06\/los-32-senadores-y-el-obispo-de-sjm-piden-al-presidente-abinader-la-construccion-de-la-carretera-sabaneta-sabaneta\/","url_meta":{"origin":82642,"position":5},"title":"Los 32 senadores y el Obispo de SJM piden al presidente Abinader la construcci\u00f3n de la carretera Sabaneta- Sabaneta","author":"Nelson Feliz","date":"6 de noviembre de 2025","format":false,"excerpt":"\u201dEs hora de romper el aislamiento y abrir caminos hacia nuevas oportunidades\u201d, destaca la carta enviada al presidente Luis Abinader. Los 32 senadores de la Rep\u00fablica Dominicana, junto al Obispo Em\u00e9rito de la Di\u00f3cesis de San Juan de la Maguana, Jos\u00e9 Dolores Grull\u00f3n Estrella, firmaron una solicitud dirigida al presidente\u2026","rel":"","context":"En \u00abNACIONALES\u00bb","block_context":{"text":"NACIONALES","link":"https:\/\/lasprimeras.com.do\/index.php\/category\/nacionales\/"},"img":{"alt_text":"","src":"https:\/\/i0.wp.com\/lasprimeras.com.do\/wp-content\/uploads\/2025\/11\/carretera-Sabaneta-Sabaneta-1.jpg?resize=350%2C200&ssl=1","width":350,"height":200,"srcset":"https:\/\/i0.wp.com\/lasprimeras.com.do\/wp-content\/uploads\/2025\/11\/carretera-Sabaneta-Sabaneta-1.jpg?resize=350%2C200&ssl=1 1x, https:\/\/i0.wp.com\/lasprimeras.com.do\/wp-content\/uploads\/2025\/11\/carretera-Sabaneta-Sabaneta-1.jpg?resize=525%2C300&ssl=1 1.5x, https:\/\/i0.wp.com\/lasprimeras.com.do\/wp-content\/uploads\/2025\/11\/carretera-Sabaneta-Sabaneta-1.jpg?resize=700%2C400&ssl=1 2x"},"classes":[]}],"jetpack_sharing_enabled":true,"_links":{"self":[{"href":"https:\/\/lasprimeras.com.do\/index.php\/wp-json\/wp\/v2\/posts\/82642","targetHints":{"allow":["GET"]}}],"collection":[{"href":"https:\/\/lasprimeras.com.do\/index.php\/wp-json\/wp\/v2\/posts"}],"about":[{"href":"https:\/\/lasprimeras.com.do\/index.php\/wp-json\/wp\/v2\/types\/post"}],"author":[{"embeddable":true,"href":"https:\/\/lasprimeras.com.do\/index.php\/wp-json\/wp\/v2\/users\/3"}],"replies":[{"embeddable":true,"href":"https:\/\/lasprimeras.com.do\/index.php\/wp-json\/wp\/v2\/comments?post=82642"}],"version-history":[{"count":1,"href":"https:\/\/lasprimeras.com.do\/index.php\/wp-json\/wp\/v2\/posts\/82642\/revisions"}],"predecessor-version":[{"id":82644,"href":"https:\/\/lasprimeras.com.do\/index.php\/wp-json\/wp\/v2\/posts\/82642\/revisions\/82644"}],"wp:featuredmedia":[{"embeddable":true,"href":"https:\/\/lasprimeras.com.do\/index.php\/wp-json\/wp\/v2\/media\/82643"}],"wp:attachment":[{"href":"https:\/\/lasprimeras.com.do\/index.php\/wp-json\/wp\/v2\/media?parent=82642"}],"wp:term":[{"taxonomy":"category","embeddable":true,"href":"https:\/\/lasprimeras.com.do\/index.php\/wp-json\/wp\/v2\/categories?post=82642"},{"taxonomy":"post_tag","embeddable":true,"href":"https:\/\/lasprimeras.com.do\/index.php\/wp-json\/wp\/v2\/tags?post=82642"}],"curies":[{"name":"wp","href":"https:\/\/api.w.org\/{rel}","templated":true}]}}