{"id":82645,"date":"2024-05-06T12:56:06","date_gmt":"2024-05-06T16:56:06","guid":{"rendered":"https:\/\/lasprimeras.com.do\/?p=82645"},"modified":"2024-05-06T12:56:08","modified_gmt":"2024-05-06T16:56:08","slug":"policia-mp-y-aduanas-ocupan-cinco-armas-de-fuego-y-mas-de-200-municiones-procedentes-del-exterior","status":"publish","type":"post","link":"https:\/\/lasprimeras.com.do\/index.php\/2024\/05\/06\/policia-mp-y-aduanas-ocupan-cinco-armas-de-fuego-y-mas-de-200-municiones-procedentes-del-exterior\/","title":{"rendered":"Polic\u00eda, MP y Aduanas ocupan cinco armas de fuego y m\u00e1s de 200 municiones procedentes del exterior"},"content":{"rendered":"\n<p>Agentes policiales, adscritos a la Divisi\u00f3n Especial de Investigaci\u00f3n de Delitos Transnacionales (DEIDET), junto a la Direcci\u00f3n General de Aduanas (DGA), bajo la coordinaci\u00f3n de la Fiscal\u00eda de Puerto Plata, realizaron operativos simult\u00e1neos en los municipios Santo Domingo Este y Ban\u00ed, donde lograron ocupar cinco pistolas, 250 municiones, seis cargadores para pistolas, accesorios y otros implementos para armas de fuego.<\/p>\n\n\n\n<p>En Santo Domingo Este, mediante las \u00f3rdenes judiciales No. 609-01-2024-TAUT-0081, se allan\u00f3 y arrest\u00f3 en flagrante delito al haitiano Ednord Pierre, ocupando dos pistolas marca XDS, calibre 9mm, negra, cada una con dos cargadores, y la tercera pistola, marca Smith y Wesson, calibre 9mm, negro, serial No. HLN9282, tambi\u00e9n con dos cargadores. Igualmente, se ocuparon tres cajas de 50 unidades de c\u00e1psulas calibre 9mm, totalizando 150 unidades.<\/p>\n\n\n\n<p>Tambi\u00e9n le fue ocupado en su residencia 50 cartuchos calibre 12mm., cinco estuches para pistolas marca Springfield Armory; un cargador para pistola, un celular, tres candados para pistolas, 54 c\u00e1psulas calibre 9mm., dos impulsadores de c\u00e1psulas para cargadores de pistolas y dos accesorios de empu\u00f1aduras para pistolas. Asimismo, fue ocupada una jeepeta marca KIA, modelo Sorrento LX, a\u00f1o 2016, gris, placa No. G458246, documentos personales, incluyendo un pasaporte de origen haitiano.<\/p>\n\n\n\n<p>Lo ocupado hab\u00eda sido enviado desde la ciudad de Miami, Florida, Estados Unidos, por una persona (ya identificada), y estaba empacado en una caja de cart\u00f3n, con una etiqueta que indicaba que ser\u00eda recibida por un hombre de nacionalidad haitiana en el ensanche Isabelita, Santo Domingo Este.<\/p>\n\n\n\n<p>Mientras que, en Ban\u00ed, provincia Peravia, mediante las \u00f3rdenes judiciales No. 2024-TAUT-01325 y 2024-TAUT-01326, se allan\u00f3 y arresto en flagrante delito a Confesora Jim\u00e9nez de Los Santos, a quien se le ocup\u00f3 dos pistolas marca Glock, calibre 9mm y 40mm, as\u00ed como cuatro c\u00e1psulas 40mm.<\/p>\n\n\n\n<p>Estas detenciones responden una investigaci\u00f3n en contra de una Organizaci\u00f3n Criminal Transnacional (OCT), que se dedica al contrabando de armas de fuego, municiones y accesorios, a trav\u00e9s de los diferentes puertos y aeropuertos del pa\u00eds, en presunta violaci\u00f3n a la Ley 631-16 para el Control y Regulaci\u00f3n de Armas, Municiones y Materiales Relacionados, la Ley 168-21 para el r\u00e9gimen de Aduanas y la Ley 155-17 Contra el Lavado de Activos y Financiamiento del Terrorismo.<\/p>\n\n\n\n<p>Los detenidos y lo ocupado est\u00e1n bajo control del Ministerio P\u00fablico, para los fines legales correspondientes.<\/p>\n","protected":false},"excerpt":{"rendered":"<p>Agentes policiales, adscritos a la Divisi\u00f3n Especial de Investigaci\u00f3n de Delitos Transnacionales (DEIDET), junto a la Direcci\u00f3n General de Aduanas (DGA), bajo la coordinaci\u00f3n de la Fiscal\u00eda de Puerto Plata,&hellip;<\/p>\n","protected":false},"author":3,"featured_media":82646,"comment_status":"open","ping_status":"open","sticky":false,"template":"","format":"standard","meta":{"content-type":"","jetpack_post_was_ever_published":false,"_jetpack_newsletter_access":"","_jetpack_dont_email_post_to_subs":false,"_jetpack_newsletter_tier_id":0,"_jetpack_memberships_contains_paywalled_content":false,"_jetpack_memberships_contains_paid_content":false,"footnotes":""},"categories":[35],"tags":[3019],"class_list":["post-82645","post","type-post","status-publish","format-standard","has-post-thumbnail","hentry","category-nacionales","tag-dga"],"jetpack_featured_media_url":"https:\/\/lasprimeras.com.do\/wp-content\/uploads\/2024\/05\/WhatsApp-Image-2024-05-06-at-12.01.56-PM.jpeg","jetpack-related-posts":[{"id":76984,"url":"https:\/\/lasprimeras.com.do\/index.php\/2024\/02\/16\/autoridades-policiales-aduanas-y-del-mp-ocupan-12-pistolas-municiones-y-otros-pertrechos-en-navarrete-y-sfm\/","url_meta":{"origin":82645,"position":0},"title":"Autoridades policiales, Aduanas y del MP ocupan 12 pistolas, municiones y otros pertrechos en Navarrete y SFM","author":"BIMARY DE JES\u00daS Matos","date":"16 de febrero de 2024","format":false,"excerpt":"Martin Restituyo SFM.-Los agentes de la Polic\u00eda Nacional, adscritos a la Divisi\u00f3n Especial de Investigaci\u00f3n de Delitos Transnacionales (DEIDET), la Direcci\u00f3n General de Aduanas (DGA), junto a miembros de la Direcci\u00f3n de Inteligencia del Estado Mayor (J2), ocuparon cinco pistolas que llegaron al pa\u00eds desde la ciudad de Miami, y\u2026","rel":"","context":"En \u00abPORTADA\u00bb","block_context":{"text":"PORTADA","link":"https:\/\/lasprimeras.com.do\/index.php\/category\/portada\/"},"img":{"alt_text":"","src":"https:\/\/i0.wp.com\/lasprimeras.com.do\/wp-content\/uploads\/2024\/02\/IMG-20240216-WA0069.jpg?resize=350%2C200&ssl=1","width":350,"height":200},"classes":[]},{"id":50026,"url":"https:\/\/lasprimeras.com.do\/index.php\/2023\/05\/17\/ocupan-cinco-armas-de-fuego-eran-portadas-de-manera-ilegal-en-una-discoteca\/","url_meta":{"origin":82645,"position":1},"title":"Ocupan cinco armas de fuego eran portadas de manera ilegal en una discoteca","author":"prenxa100","date":"17 de mayo de 2023","format":false,"excerpt":"Por Wilson P\u00e9rez Santo Domingo, RD.-- Miembros policiales, adscritos a las Direcciones Preventivas (Departamento C-4 de Villa Francisca), y Central de Investigaci\u00f3n (Dicrim), realizaron un operativo focalizado en la discoteca Makumba, del citado sector capitalino, donde fueron ocupadas cinco armas de fuego que eran portadas de manera ilegal. Los agentes\u2026","rel":"","context":"En \u00abNACIONALES\u00bb","block_context":{"text":"NACIONALES","link":"https:\/\/lasprimeras.com.do\/index.php\/category\/nacionales\/"},"img":{"alt_text":"","src":"","width":0,"height":0},"classes":[]},{"id":82655,"url":"https:\/\/lasprimeras.com.do\/index.php\/2024\/05\/06\/dicrim-detiene-a-15-personas-por-distintos-delitos-y-ocupa-tres-pistolas-y-dos-armas-cortopunzantes\/","url_meta":{"origin":82645,"position":2},"title":"DICRIM detiene a 15 personas por distintos delitos y ocupa tres pistolas y dos armas cortopunzantes","author":"BIMARY DE JES\u00daS Matos","date":"6 de mayo de 2024","format":false,"excerpt":"SD.-Agentes policiales de la Direcci\u00f3n Central de Investigaci\u00f3n (DICRIM), en las \u00faltimas 24 horas, detuvo a 15 personas por la comisi\u00f3n de distintas infracciones a las leyes, al tiempo de incautar tres pistolas y dos armas punzocortantes, entre otros art\u00edculos y dinero en efectivo. Entre los detenidos est\u00e1 Dram\u00e1tico Antonio\u2026","rel":"","context":"En \u00abPORTADA\u00bb","block_context":{"text":"PORTADA","link":"https:\/\/lasprimeras.com.do\/index.php\/category\/portada\/"},"img":{"alt_text":"","src":"https:\/\/i0.wp.com\/lasprimeras.com.do\/wp-content\/uploads\/2024\/05\/68dcfaa0-42e5-49cb-a576-c1edb5de67a5-1024x682-1.jpeg?resize=350%2C200&ssl=1","width":350,"height":200,"srcset":"https:\/\/i0.wp.com\/lasprimeras.com.do\/wp-content\/uploads\/2024\/05\/68dcfaa0-42e5-49cb-a576-c1edb5de67a5-1024x682-1.jpeg?resize=350%2C200&ssl=1 1x, https:\/\/i0.wp.com\/lasprimeras.com.do\/wp-content\/uploads\/2024\/05\/68dcfaa0-42e5-49cb-a576-c1edb5de67a5-1024x682-1.jpeg?resize=525%2C300&ssl=1 1.5x, https:\/\/i0.wp.com\/lasprimeras.com.do\/wp-content\/uploads\/2024\/05\/68dcfaa0-42e5-49cb-a576-c1edb5de67a5-1024x682-1.jpeg?resize=700%2C400&ssl=1 2x"},"classes":[]},{"id":96023,"url":"https:\/\/lasprimeras.com.do\/index.php\/2025\/03\/24\/desmantelan-en-bani-red-de-trafico-de-armas-con-vinculos-internacionales\/","url_meta":{"origin":82645,"position":3},"title":"Desmantelan en Ban\u00ed red de tr\u00e1fico de armas con v\u00ednculos internacionales","author":"Nelson Feliz","date":"24 de marzo de 2025","format":false,"excerpt":"-Ocupan 11 pistolas, seis fusiles, municiones, entre otras evidencias. -Apresan a dos hombres y persiguen a otros tres vinculados al grupo delictivo. La Direcci\u00f3n Central de Inteligencia (DINTEL) de la Polic\u00eda Nacional, en coordinaci\u00f3n con el Ministerio P\u00fablico, desmantel\u00f3 una organizaci\u00f3n criminal dedicada al tr\u00e1fico internacional de armas, con base\u2026","rel":"","context":"En \u00abMILITARES\u00bb","block_context":{"text":"MILITARES","link":"https:\/\/lasprimeras.com.do\/index.php\/category\/militares\/"},"img":{"alt_text":"","src":"https:\/\/i0.wp.com\/lasprimeras.com.do\/wp-content\/uploads\/2025\/03\/FOTOS.jpg?resize=350%2C200&ssl=1","width":350,"height":200},"classes":[]},{"id":100832,"url":"https:\/\/lasprimeras.com.do\/index.php\/2025\/06\/12\/pn-y-mp-ocupan-siete-armas-de-fuego-cargadores-y-municiones-en-moca\/","url_meta":{"origin":82645,"position":4},"title":"PN y MP ocupan siete armas de fuego, cargadores y municiones en Moca","author":"Nelson Feliz","date":"12 de junio de 2025","format":false,"excerpt":"-Un hombre de 62 a\u00f1os resulta detenido durante el allanamiento. La Polic\u00eda Nacional, en coordinaci\u00f3n con el Ministerio P\u00fablico, ocup\u00f3 un total de siete armas de fuego (un fusil, dos escopetas y cuatro pistolas), adem\u00e1s de m\u00faltiples cargadores, municiones y otras evidencias, durante un allanamiento realizado en una residencia del\u2026","rel":"","context":"En \u00abMILITARES\u00bb","block_context":{"text":"MILITARES","link":"https:\/\/lasprimeras.com.do\/index.php\/category\/militares\/"},"img":{"alt_text":"","src":"https:\/\/i0.wp.com\/lasprimeras.com.do\/wp-content\/uploads\/2025\/06\/dos.jpg?resize=350%2C200&ssl=1","width":350,"height":200,"srcset":"https:\/\/i0.wp.com\/lasprimeras.com.do\/wp-content\/uploads\/2025\/06\/dos.jpg?resize=350%2C200&ssl=1 1x, https:\/\/i0.wp.com\/lasprimeras.com.do\/wp-content\/uploads\/2025\/06\/dos.jpg?resize=525%2C300&ssl=1 1.5x, https:\/\/i0.wp.com\/lasprimeras.com.do\/wp-content\/uploads\/2025\/06\/dos.jpg?resize=700%2C400&ssl=1 2x"},"classes":[]},{"id":88460,"url":"https:\/\/lasprimeras.com.do\/index.php\/2024\/08\/28\/pn-ocupa-yipeta-miles-de-municiones-mira-telescopica-y-otros-efectos-en-arroyo-hondo\/","url_meta":{"origin":82645,"position":5},"title":"PN ocupa yipeta, miles de municiones, mira telesc\u00f3pica y otros efectos en Arroyo Hondo","author":"Nelson Feliz","date":"28 de agosto de 2024","format":false,"excerpt":"-Dos personas resultan detenidas mediante orden de arresto para ser investigadas por este hallazgo. Agentes policiales de la Divisi\u00f3n Especial de Investigaci\u00f3n de Delitos Transnacionales (DEIDET), de la Direcci\u00f3n Central de Investigaci\u00f3n (DICRIM) en coordinaci\u00f3n con la Direcci\u00f3n General de Aduanas (DGA) y el Ministerio P\u00fablico, lograron ocupar 4,636 c\u00e1psulas\u2026","rel":"","context":"En \u00abMILITARES\u00bb","block_context":{"text":"MILITARES","link":"https:\/\/lasprimeras.com.do\/index.php\/category\/militares\/"},"img":{"alt_text":"dolares","src":"https:\/\/i0.wp.com\/lasprimeras.com.do\/wp-content\/uploads\/2024\/08\/dolares.jpg?resize=350%2C200&ssl=1","width":350,"height":200,"srcset":"https:\/\/i0.wp.com\/lasprimeras.com.do\/wp-content\/uploads\/2024\/08\/dolares.jpg?resize=350%2C200&ssl=1 1x, https:\/\/i0.wp.com\/lasprimeras.com.do\/wp-content\/uploads\/2024\/08\/dolares.jpg?resize=525%2C300&ssl=1 1.5x, https:\/\/i0.wp.com\/lasprimeras.com.do\/wp-content\/uploads\/2024\/08\/dolares.jpg?resize=700%2C400&ssl=1 2x"},"classes":[]}],"jetpack_sharing_enabled":true,"_links":{"self":[{"href":"https:\/\/lasprimeras.com.do\/index.php\/wp-json\/wp\/v2\/posts\/82645","targetHints":{"allow":["GET"]}}],"collection":[{"href":"https:\/\/lasprimeras.com.do\/index.php\/wp-json\/wp\/v2\/posts"}],"about":[{"href":"https:\/\/lasprimeras.com.do\/index.php\/wp-json\/wp\/v2\/types\/post"}],"author":[{"embeddable":true,"href":"https:\/\/lasprimeras.com.do\/index.php\/wp-json\/wp\/v2\/users\/3"}],"replies":[{"embeddable":true,"href":"https:\/\/lasprimeras.com.do\/index.php\/wp-json\/wp\/v2\/comments?post=82645"}],"version-history":[{"count":1,"href":"https:\/\/lasprimeras.com.do\/index.php\/wp-json\/wp\/v2\/posts\/82645\/revisions"}],"predecessor-version":[{"id":82647,"href":"https:\/\/lasprimeras.com.do\/index.php\/wp-json\/wp\/v2\/posts\/82645\/revisions\/82647"}],"wp:featuredmedia":[{"embeddable":true,"href":"https:\/\/lasprimeras.com.do\/index.php\/wp-json\/wp\/v2\/media\/82646"}],"wp:attachment":[{"href":"https:\/\/lasprimeras.com.do\/index.php\/wp-json\/wp\/v2\/media?parent=82645"}],"wp:term":[{"taxonomy":"category","embeddable":true,"href":"https:\/\/lasprimeras.com.do\/index.php\/wp-json\/wp\/v2\/categories?post=82645"},{"taxonomy":"post_tag","embeddable":true,"href":"https:\/\/lasprimeras.com.do\/index.php\/wp-json\/wp\/v2\/tags?post=82645"}],"curies":[{"name":"wp","href":"https:\/\/api.w.org\/{rel}","templated":true}]}}