{"id":82648,"date":"2024-05-06T13:36:44","date_gmt":"2024-05-06T17:36:44","guid":{"rendered":"https:\/\/lasprimeras.com.do\/?p=82648"},"modified":"2024-05-06T13:36:46","modified_gmt":"2024-05-06T17:36:46","slug":"capturado-hombre-acusado-de-doble-homicidio-y-ocasionar-heridas-a-un-tercero-en-el-ensanche-la-paz-del-d-n","status":"publish","type":"post","link":"https:\/\/lasprimeras.com.do\/index.php\/2024\/05\/06\/capturado-hombre-acusado-de-doble-homicidio-y-ocasionar-heridas-a-un-tercero-en-el-ensanche-la-paz-del-d-n\/","title":{"rendered":"Capturado hombre acusado de doble homicidio y ocasionar heridas a un tercero en el ensanche La Paz, del D.N"},"content":{"rendered":"\n<p>D.N.-La Polic\u00eda Nacional inform\u00f3 este domingo que arrest\u00f3 ayer en el Residencial Las Bienaventuranzas de Villa Mella, municipio Santo Domingo Norte, a un hombre acusado de ultimar a otros dos y herir a un tercero a los cuales atac\u00f3 a tiros, en medio de un hecho violento ocurrido la madrugada del pasado d\u00eda 3 en el Ensanche La Paz, del Distrito Nacional.<\/p>\n\n\n\n<p>El detenido es Pablo Alexander Mendoza Mat\u00eda (a) Pablit\u00edn, de 30 a\u00f1os, se\u00f1alado como el presunto autor de las muertes de Juan Manuel Tejeda Ram\u00edrez (a) Juancito y Enmanuel Antoni Grullon Terrero (a) Bolegari.<\/p>\n\n\n\n<p>Tambi\u00e9n hiri\u00f3 a Luis David Pe\u00f1a Corniel, con quien mantiene rencillas por alegados conflictos relacionados con la venta de sustancias controladas.<\/p>\n\n\n\n<p>Al momento de su detenci\u00f3n se le ocup\u00f3 una pistola marca, Sig Sauer, negra, serie. 57c030625, calibre 9mm con su cargador, siete c\u00e1psulas, y un veh\u00edculo marca Honda, modelo Civic EX, negro, placa A999163 y otras evidencias.<\/p>\n\n\n\n<p>El reporte preliminar refiere que el detenido, con pistola en manos, se present\u00f3 a un establecimiento en la avenida Jos\u00e9 Contreras del citado sector, donde, sin mediar palabras, les emprendi\u00f3 a tiros, ocasion\u00e1ndoles las heridas que le provocaron la muerte a los antes mencionados y las que presenta Luis David.<\/p>\n\n\n\n<p>Luego de cometer el hecho, el ahora detenido, sali\u00f3 corriendo a pie con rumbo desconocido, hasta ser apresado por agentes del Departamento de Investigaci\u00f3n de Delitos Contra las Personas (Homicidios) de la Direcci\u00f3n Central de Investigaci\u00f3n (Dicrim).<\/p>\n\n\n\n<p>La instituci\u00f3n de orden se\u00f1al\u00f3 que el detenido ya se encuentra bajo control del Ministerio P\u00fablico, para los fines legales correspondientes.<\/p>\n","protected":false},"excerpt":{"rendered":"<p>D.N.-La Polic\u00eda Nacional inform\u00f3 este domingo que arrest\u00f3 ayer en el Residencial Las Bienaventuranzas de Villa Mella, municipio Santo Domingo Norte, a un hombre acusado de ultimar a otros dos&hellip;<\/p>\n","protected":false},"author":3,"featured_media":82649,"comment_status":"open","ping_status":"open","sticky":false,"template":"","format":"standard","meta":{"content-type":"","jetpack_post_was_ever_published":false,"_jetpack_newsletter_access":"","_jetpack_dont_email_post_to_subs":false,"_jetpack_newsletter_tier_id":0,"_jetpack_memberships_contains_paywalled_content":false,"_jetpack_memberships_contains_paid_content":false,"footnotes":""},"categories":[35],"tags":[2162],"class_list":["post-82648","post","type-post","status-publish","format-standard","has-post-thumbnail","hentry","category-nacionales","tag-dn"],"jetpack_featured_media_url":"https:\/\/lasprimeras.com.do\/wp-content\/uploads\/2024\/05\/IMG-20240506-WA0055.jpg","jetpack-related-posts":[{"id":56427,"url":"https:\/\/lasprimeras.com.do\/index.php\/2023\/08\/01\/un-muerto-un-herido-en-balacera-ensanche-bermudez-en-santiago\/","url_meta":{"origin":82648,"position":0},"title":"Un muerto, un herido en balacera ensanche Berm\u00fadez en Santiago","author":"Nelson Feliz","date":"1 de agosto de 2023","format":false,"excerpt":"Un hombre muri\u00f3 y otro result\u00f3 herido durante una balacera la noche de este domingo en el ensanche Berm\u00fadez, de Santiago de los Caballeros. El muerto es Jos\u00e9 Francisco Jim\u00e9nez (Cuqui), de 60 a\u00f1os de edad , y el herido \u00c1ngelo Hern\u00e1ndez, de 37. Varios hombres han sido detenidos por\u2026","rel":"","context":"En \u00abNACIONALES\u00bb","block_context":{"text":"NACIONALES","link":"https:\/\/lasprimeras.com.do\/index.php\/category\/nacionales\/"},"img":{"alt_text":"","src":"https:\/\/i0.wp.com\/lasprimeras.com.do\/wp-content\/uploads\/2023\/08\/policia-santiago-770x437-1.jpg?resize=350%2C200&ssl=1","width":350,"height":200,"srcset":"https:\/\/i0.wp.com\/lasprimeras.com.do\/wp-content\/uploads\/2023\/08\/policia-santiago-770x437-1.jpg?resize=350%2C200&ssl=1 1x, https:\/\/i0.wp.com\/lasprimeras.com.do\/wp-content\/uploads\/2023\/08\/policia-santiago-770x437-1.jpg?resize=525%2C300&ssl=1 1.5x, https:\/\/i0.wp.com\/lasprimeras.com.do\/wp-content\/uploads\/2023\/08\/policia-santiago-770x437-1.jpg?resize=700%2C400&ssl=1 2x"},"classes":[]},{"id":60242,"url":"https:\/\/lasprimeras.com.do\/index.php\/2023\/09\/12\/hombre-mata-a-su-pareja-y-se-suicida-en-el-ensanche-isabelita\/","url_meta":{"origin":82648,"position":1},"title":"Hombre mata a su pareja y se suicida en el ensanche Isabelita","author":"Nelson Feliz","date":"12 de septiembre de 2023","format":false,"excerpt":"La v\u00edctima fue identifica como Genara Rodr\u00edguez Disla, de 28 a\u00f1os, y el homicida-suicida como Victorio N\u00fa\u00f1ez, de 50. Un hombre mat\u00f3 a su pareja y luego se suicid\u00f3 la tarde de este lunes en el ensanche Isabelita, Santo Domingo Este. La v\u00edctima fue identifica como Genara Rodr\u00edguez Disla, de\u2026","rel":"","context":"En \u00abNACIONALES\u00bb","block_context":{"text":"NACIONALES","link":"https:\/\/lasprimeras.com.do\/index.php\/category\/nacionales\/"},"img":{"alt_text":"","src":"https:\/\/i0.wp.com\/lasprimeras.com.do\/wp-content\/uploads\/2023\/09\/feminicidios.jpg?resize=350%2C200&ssl=1","width":350,"height":200,"srcset":"https:\/\/i0.wp.com\/lasprimeras.com.do\/wp-content\/uploads\/2023\/09\/feminicidios.jpg?resize=350%2C200&ssl=1 1x, https:\/\/i0.wp.com\/lasprimeras.com.do\/wp-content\/uploads\/2023\/09\/feminicidios.jpg?resize=525%2C300&ssl=1 1.5x, https:\/\/i0.wp.com\/lasprimeras.com.do\/wp-content\/uploads\/2023\/09\/feminicidios.jpg?resize=700%2C400&ssl=1 2x"},"classes":[]},{"id":80546,"url":"https:\/\/lasprimeras.com.do\/index.php\/2024\/04\/09\/pn-captura-presunto-implicado-en-doble-homicidio-en-el-naco\/","url_meta":{"origin":82648,"position":2},"title":"PN captura presunto implicado en doble homicidio en el Naco","author":"BIMARY DE JES\u00daS Matos","date":"9 de abril de 2024","format":false,"excerpt":"Santo Domingo.-Agentes policiales, adscritos al Departamento de Investigaciones de Cr\u00edmenes y Delitos contra la Persona (Homicidios) captur\u00f3 a un hombre identificado como uno de los presuntos autores de las muertes de otros dos por herida de arma de fuego, al igual que las heridas del mismo tipo que sufri\u00f3 un\u2026","rel":"","context":"En \u00abNACIONALES\u00bb","block_context":{"text":"NACIONALES","link":"https:\/\/lasprimeras.com.do\/index.php\/category\/nacionales\/"},"img":{"alt_text":"","src":"","width":0,"height":0},"classes":[]},{"id":56996,"url":"https:\/\/lasprimeras.com.do\/index.php\/2023\/08\/07\/apresan-hombre-buscado-por-herir-otro-en-santiago\/","url_meta":{"origin":82648,"position":3},"title":"Apresan hombre buscado por herir otro en Santiago","author":"Nelson Feliz","date":"7 de agosto de 2023","format":false,"excerpt":"-Le ocupan una pistola sin documento.- Por Roberto P\u00e9rez Agentes policiales de la Divisi\u00f3n de Homicidios de la Polic\u00eda Nacional,apresaron al nombrado Johan Alexander Vald\u00e9z Cabrera (El Pancho), de 19 a\u00f1os, por haber herido un joven en el momento en que se originara una ri\u00f1a el pasado 8 de mayo\u2026","rel":"","context":"En \u00abMILITARES\u00bb","block_context":{"text":"MILITARES","link":"https:\/\/lasprimeras.com.do\/index.php\/category\/militares\/"},"img":{"alt_text":"","src":"https:\/\/i0.wp.com\/lasprimeras.com.do\/wp-content\/uploads\/2023\/08\/Esposas.jpg?resize=350%2C200&ssl=1","width":350,"height":200,"srcset":"https:\/\/i0.wp.com\/lasprimeras.com.do\/wp-content\/uploads\/2023\/08\/Esposas.jpg?resize=350%2C200&ssl=1 1x, https:\/\/i0.wp.com\/lasprimeras.com.do\/wp-content\/uploads\/2023\/08\/Esposas.jpg?resize=525%2C300&ssl=1 1.5x"},"classes":[]},{"id":92294,"url":"https:\/\/lasprimeras.com.do\/index.php\/2025\/01\/01\/pn-y-mp-investigan-conflicto-donde-dos-hombres-murieron-e-dos-resultaron-heridos\/","url_meta":{"origin":82648,"position":4},"title":"PN y MP investigan conflicto donde dos hombres murieron e dos resultaron heridos","author":"Nelson Feliz","date":"1 de enero de 2025","format":false,"excerpt":"-Caso se registr\u00f3 la ma\u00f1ana de hoy en el sector Villa Consuelo, D.N. La Polic\u00eda Nacional inform\u00f3 que, junto al Ministerio P\u00fablico, ha iniciado una exhaustiva investigaci\u00f3n en torno a un incidente ocurrido la ma\u00f1ana de este mi\u00e9rcoles 1 de enero en el sector Villa Consuelo, del Distrito Nacional, donde\u2026","rel":"","context":"En \u00abMILITARES\u00bb","block_context":{"text":"MILITARES","link":"https:\/\/lasprimeras.com.do\/index.php\/category\/militares\/"},"img":{"alt_text":"","src":"https:\/\/i0.wp.com\/lasprimeras.com.do\/wp-content\/uploads\/2025\/01\/cuatro-personas-heridas-al-deslizarse-vehiculo-en-la-carretera-el-seibo-hato-mayor.jpg?resize=350%2C200&ssl=1","width":350,"height":200,"srcset":"https:\/\/i0.wp.com\/lasprimeras.com.do\/wp-content\/uploads\/2025\/01\/cuatro-personas-heridas-al-deslizarse-vehiculo-en-la-carretera-el-seibo-hato-mayor.jpg?resize=350%2C200&ssl=1 1x, https:\/\/i0.wp.com\/lasprimeras.com.do\/wp-content\/uploads\/2025\/01\/cuatro-personas-heridas-al-deslizarse-vehiculo-en-la-carretera-el-seibo-hato-mayor.jpg?resize=525%2C300&ssl=1 1.5x, https:\/\/i0.wp.com\/lasprimeras.com.do\/wp-content\/uploads\/2025\/01\/cuatro-personas-heridas-al-deslizarse-vehiculo-en-la-carretera-el-seibo-hato-mayor.jpg?resize=700%2C400&ssl=1 2x"},"classes":[]},{"id":123113,"url":"https:\/\/lasprimeras.com.do\/index.php\/2026\/02\/25\/explosion-de-transformador-genera-caos-en-ensanche-naco\/","url_meta":{"origin":82648,"position":5},"title":"Explosi\u00f3n de transformador genera caos en Ensanche Naco","author":"Nelson Feliz","date":"25 de febrero de 2026","format":false,"excerpt":"Por Abdias Estrella La explosi\u00f3n de un transformador se registr\u00f3 hoy a las 6:15 p.m. en la Calle Alberto Larancuent esquina Av. Roberto Pastoriza, en el Ensanche Naco de Santo Domingo, generando p\u00e1nico entre los transe\u00fantes, residentes y conductores de la zona. Seg\u00fan testigos, la explosi\u00f3n fue causada de un\u2026","rel":"","context":"En \u00abNACIONALES\u00bb","block_context":{"text":"NACIONALES","link":"https:\/\/lasprimeras.com.do\/index.php\/category\/nacionales\/"},"img":{"alt_text":"","src":"https:\/\/i0.wp.com\/lasprimeras.com.do\/wp-content\/uploads\/2026\/02\/expli.jpg?resize=350%2C200&ssl=1","width":350,"height":200,"srcset":"https:\/\/i0.wp.com\/lasprimeras.com.do\/wp-content\/uploads\/2026\/02\/expli.jpg?resize=350%2C200&ssl=1 1x, https:\/\/i0.wp.com\/lasprimeras.com.do\/wp-content\/uploads\/2026\/02\/expli.jpg?resize=525%2C300&ssl=1 1.5x, https:\/\/i0.wp.com\/lasprimeras.com.do\/wp-content\/uploads\/2026\/02\/expli.jpg?resize=700%2C400&ssl=1 2x"},"classes":[]}],"jetpack_sharing_enabled":true,"_links":{"self":[{"href":"https:\/\/lasprimeras.com.do\/index.php\/wp-json\/wp\/v2\/posts\/82648","targetHints":{"allow":["GET"]}}],"collection":[{"href":"https:\/\/lasprimeras.com.do\/index.php\/wp-json\/wp\/v2\/posts"}],"about":[{"href":"https:\/\/lasprimeras.com.do\/index.php\/wp-json\/wp\/v2\/types\/post"}],"author":[{"embeddable":true,"href":"https:\/\/lasprimeras.com.do\/index.php\/wp-json\/wp\/v2\/users\/3"}],"replies":[{"embeddable":true,"href":"https:\/\/lasprimeras.com.do\/index.php\/wp-json\/wp\/v2\/comments?post=82648"}],"version-history":[{"count":1,"href":"https:\/\/lasprimeras.com.do\/index.php\/wp-json\/wp\/v2\/posts\/82648\/revisions"}],"predecessor-version":[{"id":82650,"href":"https:\/\/lasprimeras.com.do\/index.php\/wp-json\/wp\/v2\/posts\/82648\/revisions\/82650"}],"wp:featuredmedia":[{"embeddable":true,"href":"https:\/\/lasprimeras.com.do\/index.php\/wp-json\/wp\/v2\/media\/82649"}],"wp:attachment":[{"href":"https:\/\/lasprimeras.com.do\/index.php\/wp-json\/wp\/v2\/media?parent=82648"}],"wp:term":[{"taxonomy":"category","embeddable":true,"href":"https:\/\/lasprimeras.com.do\/index.php\/wp-json\/wp\/v2\/categories?post=82648"},{"taxonomy":"post_tag","embeddable":true,"href":"https:\/\/lasprimeras.com.do\/index.php\/wp-json\/wp\/v2\/tags?post=82648"}],"curies":[{"name":"wp","href":"https:\/\/api.w.org\/{rel}","templated":true}]}}