{"id":82651,"date":"2024-05-06T13:39:33","date_gmt":"2024-05-06T17:39:33","guid":{"rendered":"https:\/\/lasprimeras.com.do\/?p=82651"},"modified":"2024-05-06T13:39:35","modified_gmt":"2024-05-06T17:39:35","slug":"cae-abatido-reconocido-delincuente-name-responsable-de-al-menos-seis-casos-de-homicidios-en-spm","status":"publish","type":"post","link":"https:\/\/lasprimeras.com.do\/index.php\/2024\/05\/06\/cae-abatido-reconocido-delincuente-name-responsable-de-al-menos-seis-casos-de-homicidios-en-spm\/","title":{"rendered":"Cae abatido reconocido delincuente \u201c\u00d1ame\u201d, responsable de al menos seis casos de homicidios en SPM"},"content":{"rendered":"\n<p>San Pedro de Macor\u00eds. Un reconocido delincuente que era activamente buscado mediante m\u00faltiples \u00f3rdenes de arresto por la comisi\u00f3n de diferentes hechos delictivos, incluyendo seis homicidios, herir de proyectil de arma de fuego a igual n\u00famero de personas y recientemente haber secuestrado a un hombre en el municipio el Valle de Hato Mayor, cay\u00f3 abatido en horas de la noche de este s\u00e1bado, al enfrentar a los agentes policiales que les daban seguimiento a los fines de apresarlo, en un hecho acontecido en el sector Santa Fe, de esta ciudad.<\/p>\n\n\n\n<p>Se trata de Miguel Angel Noyer De la Rosa,(a) \u00d1ame, mayor de edad, quien falleci\u00f3 como consecuencia de herida de proyectil de arma de fuego, mientras recib\u00eda atenciones m\u00e9dicas en un centro de salud local.<\/p>\n\n\n\n<p>De acuerdo con el informe preliminar, Noyer De la Rosa (a) \u00d1ame era buscado mediante la orden de arresto No. 434-2024- TAUT00127, vinculado al triple homicidio de Jos\u00e9 De Le\u00f3n Lara (a) El Cojo, Luis Manuel Hern\u00e1ndez Severino y Kadafy Jecce Percival S\u00e1nchez, y de herir de arma de fuego a otras seis personas m\u00e1s, hecho ocurrido en fecha 15\/02\/2024 en sector Bella Vista, municipio El Valle de Hato Mayor.<\/p>\n\n\n\n<p>Asimismo, ten\u00edan en su contra la orden No. 434-2023- TAUT00868, por la muerte del se\u00f1or Samal Marte Jim\u00e9nez, de fecha 14\/10\/2023, en Sabana de la Mar de Hato Mayor y la orden No. 434-2023- TAUT00590, por las muertes de los se\u00f1ores Fernando Santos Ver\u00e1s (a) Caminero y Anderson Mej\u00eda De los Santos (a) Andy, de fecha 02\/04\/2023, en el sector La Otra Banda, municipio El Valle de Hato Mayor.<\/p>\n\n\n\n<p>Adem\u00e1s, era perseguido por estar involucrado en el reciente secuestro del se\u00f1or V\u00edctor Luis P\u00e9rez L\u00f3pez, quien hab\u00eda sido raptado por \u201c\u00d1ame \u201c y otras tres personas (en proceso de identificaci\u00f3n hasta el momento), en horas de la tarde del pasado viernes 03\/05\/2024, en el municipio El Valle de Hato Mayor, quien fue rescatado posteriormente por agentes policiales de esta regional tras una ardua persecuci\u00f3n.<\/p>\n\n\n\n<p>Los maleantes, en la huida, dejaron abandonado el veh\u00edculo tipo Jeepeta, marca Kia, modelo Sorento, Gris, el cual utilizaron para el secuestro, con el se\u00f1or P\u00e9rez L\u00f3pez esposado en la parte trasera del mismo, los cuales se hicieron pasar como agentes de la DNCD para cometer el hecho.<\/p>\n\n\n\n<p>En ese sentido, dando seguimiento a dicho caso, los agentes policiales adscritos a la Subdirecci\u00f3n Regional de Investigaci\u00f3n (Dicrim), localizaron al sospechoso \u201c\u00d1ame\u201d en el referido sector .<\/p>\n\n\n\n<p>Sin embargo, \u00e9ste, en lugar de detenerse y entregarse a las autoridades, arremeti\u00f3 contra los agentes que se vieron en la imperiosa necesidad de ripostar la agresi\u00f3n, ocasion\u00e1ndole las heridas que posteriormente le ocasionaron la muerte.<\/p>\n\n\n\n<p>Tras el enfrentamiento, a \u201c\u00d1ame\u201d le fue ocupado el fusil marca KG, serie ilegible, calibre 5.56 mm, con dos cargadores y (15) c\u00e1psulas para el mismo, el cual portaba sin ning\u00fan tipo de documentaci\u00f3n y que utiliz\u00f3 para enfrentar a los polic\u00edas actuantes y un tel\u00e9fono celular marca Tecno Spark, color crema. En el enfrentamiento result\u00f3 herido uno de los agentes actuates quien se encuentra recibiendo antenciones m\u00e9dicas.<\/p>\n\n\n\n<p>El cad\u00e1ver del apodado \u201c\u00d1ame\u201d fue remitido al Instituto Nacional de Ciencias Forenses (INACIF), para los fines legales correspondientes.<\/p>\n","protected":false},"excerpt":{"rendered":"<p>San Pedro de Macor\u00eds. Un reconocido delincuente que era activamente buscado mediante m\u00faltiples \u00f3rdenes de arresto por la comisi\u00f3n de diferentes hechos delictivos, incluyendo seis homicidios, herir de proyectil de&hellip;<\/p>\n","protected":false},"author":3,"featured_media":82652,"comment_status":"open","ping_status":"open","sticky":false,"template":"","format":"standard","meta":{"content-type":"","jetpack_post_was_ever_published":false,"_jetpack_newsletter_access":"","_jetpack_dont_email_post_to_subs":false,"_jetpack_newsletter_tier_id":0,"_jetpack_memberships_contains_paywalled_content":false,"_jetpack_memberships_contains_paid_content":false,"footnotes":""},"categories":[35],"tags":[6504],"class_list":["post-82651","post","type-post","status-publish","format-standard","has-post-thumbnail","hentry","category-nacionales","tag-delicuentes"],"jetpack_featured_media_url":"https:\/\/lasprimeras.com.do\/wp-content\/uploads\/2024\/05\/4f1db3ef-4bd4-48e6-b4a7-fcef9ce31fe9.jpeg","jetpack-related-posts":[{"id":99251,"url":"https:\/\/lasprimeras.com.do\/index.php\/2025\/05\/19\/cae-abatido-el-abusador-al-enfrentar-patrulla-en-la-romana\/","url_meta":{"origin":82651,"position":0},"title":"Cae abatido \u201cEl Abusador\u201d al enfrentar patrulla en La Romana","author":"Nelson Feliz","date":"19 de mayo de 2025","format":false,"excerpt":"\u201cEl Abusador\u201d era buscado por homicidio y ataque a un sargento mayor ERD -Le ocupan pistola utilizada contra los agentes, la cual portaba de manera ilegal. Un reconocido delincuente que era activamente buscado con orden de arresto por su implicaci\u00f3n en el homicidio de otro antisocial identificado como Rayner Rodr\u00edguez\u2026","rel":"","context":"En \u00abMILITARES\u00bb","block_context":{"text":"MILITARES","link":"https:\/\/lasprimeras.com.do\/index.php\/category\/militares\/"},"img":{"alt_text":"","src":"https:\/\/i0.wp.com\/lasprimeras.com.do\/wp-content\/uploads\/2024\/06\/Pistola.jpg?resize=350%2C200&ssl=1","width":350,"height":200,"srcset":"https:\/\/i0.wp.com\/lasprimeras.com.do\/wp-content\/uploads\/2024\/06\/Pistola.jpg?resize=350%2C200&ssl=1 1x, https:\/\/i0.wp.com\/lasprimeras.com.do\/wp-content\/uploads\/2024\/06\/Pistola.jpg?resize=525%2C300&ssl=1 1.5x, https:\/\/i0.wp.com\/lasprimeras.com.do\/wp-content\/uploads\/2024\/06\/Pistola.jpg?resize=700%2C400&ssl=1 2x"},"classes":[]},{"id":126391,"url":"https:\/\/lasprimeras.com.do\/index.php\/2026\/04\/01\/cae-abatido-reconocido-delincuente-el-30-tras-enfrentar-patrulla-en-sdn\/","url_meta":{"origin":82651,"position":1},"title":"Cae abatido reconocido delincuente \u201cEl 30\u201d, tras enfrentar patrulla en SDN","author":"Nelson Feliz","date":"1 de abril de 2026","format":false,"excerpt":"*-Durante la acci\u00f3n fue ocupada un arma de fuego ilegal y evidencias bal\u00edsticas.* *-El hoy occiso contaba con amplio historial delictivo vinculado a homicidios y heridos por arma de fuego.* La Polic\u00eda Nacional inform\u00f3 que un reconocido delincuente result\u00f3 muerto tras enfrentar a tiros a una patrulla de la Subdirecci\u00f3n\u2026","rel":"","context":"En \u00abMILITARES\u00bb","block_context":{"text":"MILITARES","link":"https:\/\/lasprimeras.com.do\/index.php\/category\/militares\/"},"img":{"alt_text":"","src":"https:\/\/i0.wp.com\/lasprimeras.com.do\/wp-content\/uploads\/2026\/04\/IMG-20260401-WA0472.jpg?resize=350%2C200&ssl=1","width":350,"height":200,"srcset":"https:\/\/i0.wp.com\/lasprimeras.com.do\/wp-content\/uploads\/2026\/04\/IMG-20260401-WA0472.jpg?resize=350%2C200&ssl=1 1x, https:\/\/i0.wp.com\/lasprimeras.com.do\/wp-content\/uploads\/2026\/04\/IMG-20260401-WA0472.jpg?resize=525%2C300&ssl=1 1.5x, https:\/\/i0.wp.com\/lasprimeras.com.do\/wp-content\/uploads\/2026\/04\/IMG-20260401-WA0472.jpg?resize=700%2C400&ssl=1 2x, https:\/\/i0.wp.com\/lasprimeras.com.do\/wp-content\/uploads\/2026\/04\/IMG-20260401-WA0472.jpg?resize=1050%2C600&ssl=1 3x"},"classes":[]},{"id":81413,"url":"https:\/\/lasprimeras.com.do\/index.php\/2024\/04\/20\/reconocido-delincuente-cae-abatido-en-los-mina\/","url_meta":{"origin":82651,"position":2},"title":"Reconocido delincuente cae abatido en Los Mina","author":"Nelson Feliz","date":"20 de abril de 2024","format":false,"excerpt":"Franklin Marte enfrent\u00f3 patrulla policial que lo buscaba por homicidio. Miembros de la Polic\u00eda Nacional neutralizaron un supuesto delincuente al enfrentar una patrulla que intent\u00f3 apresarlo en el barrio Vietnam, del sector Los Mina, Santo Domingo Este. Se trata de Franklin Marte, de 19 a\u00f1os, residente en el citado sector,\u2026","rel":"","context":"En \u00abMILITARES\u00bb","block_context":{"text":"MILITARES","link":"https:\/\/lasprimeras.com.do\/index.php\/category\/militares\/"},"img":{"alt_text":"pistola","src":"https:\/\/i0.wp.com\/lasprimeras.com.do\/wp-content\/uploads\/2024\/04\/pistola.jpg?resize=350%2C200&ssl=1","width":350,"height":200,"srcset":"https:\/\/i0.wp.com\/lasprimeras.com.do\/wp-content\/uploads\/2024\/04\/pistola.jpg?resize=350%2C200&ssl=1 1x, https:\/\/i0.wp.com\/lasprimeras.com.do\/wp-content\/uploads\/2024\/04\/pistola.jpg?resize=525%2C300&ssl=1 1.5x, https:\/\/i0.wp.com\/lasprimeras.com.do\/wp-content\/uploads\/2024\/04\/pistola.jpg?resize=700%2C400&ssl=1 2x"},"classes":[]},{"id":60240,"url":"https:\/\/lasprimeras.com.do\/index.php\/2023\/09\/12\/cae-abatido-presunto-delincuente-al-enfrentar-una-patrulla-en-puerto-plata\/","url_meta":{"origin":82651,"position":3},"title":"Cae abatido presunto delincuente al enfrentar una patrulla en Puerto Plata","author":"Nelson Feliz","date":"12 de septiembre de 2023","format":false,"excerpt":"-Muere en enfrentamiento con agentes policiales presunto delincuente que era buscado por homicidios y asaltos en Puerto Plata y Santiago. -Entre sus v\u00edctimas figura el subdirector de Coraapplata, quien fue ultimado para despojarlo de prendas preciosas. Por Mart\u00edn Restituyo Un presunto delincuente que era activamente buscado por homicidios y asalto\u2026","rel":"","context":"En \u00abMILITARES\u00bb","block_context":{"text":"MILITARES","link":"https:\/\/lasprimeras.com.do\/index.php\/category\/militares\/"},"img":{"alt_text":"","src":"","width":0,"height":0},"classes":[]},{"id":86428,"url":"https:\/\/lasprimeras.com.do\/index.php\/2024\/07\/24\/agentes-de-la-pn-asesinan-reconocido-delincuente-el-animal-en-villa-mella\/","url_meta":{"origin":82651,"position":4},"title":"Agentes de la PN asesinan reconocido delincuente \u201cEl Animal\u201d en Villa Mella","author":"Nelson Feliz","date":"24 de julio de 2024","format":false,"excerpt":"-Le ocupan pistola que portaba de manera ilegal y con la cual atac\u00f3 a los agentes actuantes. Un reconocido delincuente que era buscado mediante orden de arresto por la comisi\u00f3n de m\u00faltiples delitos, incluyendo homicidio, cay\u00f3 abatido este mi\u00e9rcoles al enfrentar un equipo de Operaciones de Investigaci\u00f3n (DICRIM) que le\u2026","rel":"","context":"En \u00abMILITARES\u00bb","block_context":{"text":"MILITARES","link":"https:\/\/lasprimeras.com.do\/index.php\/category\/militares\/"},"img":{"alt_text":"","src":"","width":0,"height":0},"classes":[]},{"id":79862,"url":"https:\/\/lasprimeras.com.do\/index.php\/2024\/03\/31\/cae-abatido-delincuente-haitiano-conocido-como-el-terror-en-la-vega\/","url_meta":{"origin":82651,"position":5},"title":"Cae abatido delincuente haitiano conocido como &#8220;El Terror&#8221; en La Vega","author":"Nelson Feliz","date":"31 de marzo de 2024","format":false,"excerpt":"-Enfrent\u00f3 patrulla policial que trat\u00f3 de apresarlo en el sector Los Pomos y le ocupan arma de fuego. La Polic\u00eda Nacional inform\u00f3 que cay\u00f3 abatido en el sector Los Pomos,\u00a0 La Vega, un delincuente haitiano, se\u00f1alado como de \"alto perfil criminal\", quien era buscado por m\u00faltiples denuncias y \u00f3rdenes de\u2026","rel":"","context":"En \u00abMILITARES\u00bb","block_context":{"text":"MILITARES","link":"https:\/\/lasprimeras.com.do\/index.php\/category\/militares\/"},"img":{"alt_text":"","src":"https:\/\/i0.wp.com\/lasprimeras.com.do\/wp-content\/uploads\/2023\/12\/Patrulla.jpg?resize=350%2C200&ssl=1","width":350,"height":200,"srcset":"https:\/\/i0.wp.com\/lasprimeras.com.do\/wp-content\/uploads\/2023\/12\/Patrulla.jpg?resize=350%2C200&ssl=1 1x, https:\/\/i0.wp.com\/lasprimeras.com.do\/wp-content\/uploads\/2023\/12\/Patrulla.jpg?resize=525%2C300&ssl=1 1.5x, https:\/\/i0.wp.com\/lasprimeras.com.do\/wp-content\/uploads\/2023\/12\/Patrulla.jpg?resize=700%2C400&ssl=1 2x"},"classes":[]}],"jetpack_sharing_enabled":true,"_links":{"self":[{"href":"https:\/\/lasprimeras.com.do\/index.php\/wp-json\/wp\/v2\/posts\/82651","targetHints":{"allow":["GET"]}}],"collection":[{"href":"https:\/\/lasprimeras.com.do\/index.php\/wp-json\/wp\/v2\/posts"}],"about":[{"href":"https:\/\/lasprimeras.com.do\/index.php\/wp-json\/wp\/v2\/types\/post"}],"author":[{"embeddable":true,"href":"https:\/\/lasprimeras.com.do\/index.php\/wp-json\/wp\/v2\/users\/3"}],"replies":[{"embeddable":true,"href":"https:\/\/lasprimeras.com.do\/index.php\/wp-json\/wp\/v2\/comments?post=82651"}],"version-history":[{"count":1,"href":"https:\/\/lasprimeras.com.do\/index.php\/wp-json\/wp\/v2\/posts\/82651\/revisions"}],"predecessor-version":[{"id":82653,"href":"https:\/\/lasprimeras.com.do\/index.php\/wp-json\/wp\/v2\/posts\/82651\/revisions\/82653"}],"wp:featuredmedia":[{"embeddable":true,"href":"https:\/\/lasprimeras.com.do\/index.php\/wp-json\/wp\/v2\/media\/82652"}],"wp:attachment":[{"href":"https:\/\/lasprimeras.com.do\/index.php\/wp-json\/wp\/v2\/media?parent=82651"}],"wp:term":[{"taxonomy":"category","embeddable":true,"href":"https:\/\/lasprimeras.com.do\/index.php\/wp-json\/wp\/v2\/categories?post=82651"},{"taxonomy":"post_tag","embeddable":true,"href":"https:\/\/lasprimeras.com.do\/index.php\/wp-json\/wp\/v2\/tags?post=82651"}],"curies":[{"name":"wp","href":"https:\/\/api.w.org\/{rel}","templated":true}]}}