{"id":82655,"date":"2024-05-06T13:41:49","date_gmt":"2024-05-06T17:41:49","guid":{"rendered":"https:\/\/lasprimeras.com.do\/?p=82655"},"modified":"2024-05-06T13:41:51","modified_gmt":"2024-05-06T17:41:51","slug":"dicrim-detiene-a-15-personas-por-distintos-delitos-y-ocupa-tres-pistolas-y-dos-armas-cortopunzantes","status":"publish","type":"post","link":"https:\/\/lasprimeras.com.do\/index.php\/2024\/05\/06\/dicrim-detiene-a-15-personas-por-distintos-delitos-y-ocupa-tres-pistolas-y-dos-armas-cortopunzantes\/","title":{"rendered":"DICRIM detiene a 15 personas por distintos delitos y ocupa tres pistolas y dos armas cortopunzantes"},"content":{"rendered":"\n<p>SD.-Agentes policiales de la Direcci\u00f3n Central de Investigaci\u00f3n (DICRIM), en las \u00faltimas 24 horas, detuvo a 15 personas por la comisi\u00f3n de distintas infracciones a las leyes, al tiempo de incautar tres pistolas y dos armas punzocortantes, entre otros art\u00edculos y dinero en efectivo.<\/p>\n\n\n\n<p>Entre los detenidos est\u00e1 Dram\u00e1tico Antonio Infante (a) Kikito, de 61 a\u00f1os, en el municipio de Santo Domingo Este, a quien se le ocup\u00f3 la pistola de marca ilegible, calibre 9 mm, serie No. 969943, con su cargador y 12 c\u00e1psulas, la cual portaba sin ning\u00fan tipo de documento.<\/p>\n\n\n\n<p>Mientras que en San Jos\u00e9 de Ocoa, fueron arrestados Aquiles Mella Isa, de 51 a\u00f1os, y George Mella La Chapel, de 28, cuando se presentaron al cuartel del sector Rancho Arriba, vociferando palabras obscenas, portando el primero la pistola marca Bersa, calibre 9mm., serie No. 743934, con su cargador y 11 c\u00e1psulas, la cual portaba de manera legal, con la licencia No. 108782, pero al llegar al cuartel policial, entr\u00f3 con su hijo en estado de embriaguez y trat\u00f3 de agredir a los miembros policiales.<\/p>\n\n\n\n<p>En otro orden resultaron detenidos en la avenida Hermanas Mirabal, Villa Mella, en Santo Domingo Norte, a Sa\u00fal Hern\u00e1ndez Escamo, de 20 a\u00f1os, y Carlos Luis Reyes Reyes (a) Wandry, de 19, por haberle ocupado al primero la pistola marca, Hungary FEG, calibre 9 mm, serial No. G20078, con su cargador y tres c\u00e1psulas de igual calibre, sin ning\u00fan tipo de documento.<\/p>\n\n\n\n<p>Los detenidos y lo ocupado est\u00e1n bajo control del Ministerio P\u00fablico, para los fines legales correspondientes.<\/p>\n","protected":false},"excerpt":{"rendered":"<p>SD.-Agentes policiales de la Direcci\u00f3n Central de Investigaci\u00f3n (DICRIM), en las \u00faltimas 24 horas, detuvo a 15 personas por la comisi\u00f3n de distintas infracciones a las leyes, al tiempo de&hellip;<\/p>\n","protected":false},"author":3,"featured_media":82656,"comment_status":"open","ping_status":"open","sticky":false,"template":"","format":"standard","meta":{"content-type":"","jetpack_post_was_ever_published":false,"_jetpack_newsletter_access":"","_jetpack_dont_email_post_to_subs":false,"_jetpack_newsletter_tier_id":0,"_jetpack_memberships_contains_paywalled_content":false,"_jetpack_memberships_contains_paid_content":false,"footnotes":""},"categories":[25],"tags":[2318],"class_list":["post-82655","post","type-post","status-publish","format-standard","has-post-thumbnail","hentry","category-portada","tag-dicrim"],"jetpack_featured_media_url":"https:\/\/lasprimeras.com.do\/wp-content\/uploads\/2024\/05\/68dcfaa0-42e5-49cb-a576-c1edb5de67a5-1024x682-1.jpeg","jetpack-related-posts":[{"id":50026,"url":"https:\/\/lasprimeras.com.do\/index.php\/2023\/05\/17\/ocupan-cinco-armas-de-fuego-eran-portadas-de-manera-ilegal-en-una-discoteca\/","url_meta":{"origin":82655,"position":0},"title":"Ocupan cinco armas de fuego eran portadas de manera ilegal en una discoteca","author":"prenxa100","date":"17 de mayo de 2023","format":false,"excerpt":"Por Wilson P\u00e9rez Santo Domingo, RD.-- Miembros policiales, adscritos a las Direcciones Preventivas (Departamento C-4 de Villa Francisca), y Central de Investigaci\u00f3n (Dicrim), realizaron un operativo focalizado en la discoteca Makumba, del citado sector capitalino, donde fueron ocupadas cinco armas de fuego que eran portadas de manera ilegal. Los agentes\u2026","rel":"","context":"En \u00abNACIONALES\u00bb","block_context":{"text":"NACIONALES","link":"https:\/\/lasprimeras.com.do\/index.php\/category\/nacionales\/"},"img":{"alt_text":"","src":"","width":0,"height":0},"classes":[]},{"id":79907,"url":"https:\/\/lasprimeras.com.do\/index.php\/2024\/04\/01\/dicrim-arresta-20-personas-por-distintos-hechos-delictivos-en-las-ultimas-48-horas\/","url_meta":{"origin":82655,"position":1},"title":"DICRIM arresta 20 personas por distintos hechos delictivos en las \u00faltimas 48 horas","author":"BIMARY DE JES\u00daS Matos","date":"1 de abril de 2024","format":false,"excerpt":"Santo Domingo.-Agentes policiales, adscritos a la Direcci\u00f3n Central de Investigaci\u00f3n (DICRIM), durante sus acciones operativas arrestaron en las \u00faltimas 48 horas a un total de 20 personas, tanto en flagrancia como por tener \u00f3rdenes de arresto por la comisi\u00f3n de distintos delitos que incluyen, homicidios, robos, por ilegal de armas\u2026","rel":"","context":"En \u00abPORTADA\u00bb","block_context":{"text":"PORTADA","link":"https:\/\/lasprimeras.com.do\/index.php\/category\/portada\/"},"img":{"alt_text":"","src":"https:\/\/i0.wp.com\/lasprimeras.com.do\/wp-content\/uploads\/2024\/04\/65f3a7703e1eb_jce2-1.webp?resize=350%2C200&ssl=1","width":350,"height":200,"srcset":"https:\/\/i0.wp.com\/lasprimeras.com.do\/wp-content\/uploads\/2024\/04\/65f3a7703e1eb_jce2-1.webp?resize=350%2C200&ssl=1 1x, https:\/\/i0.wp.com\/lasprimeras.com.do\/wp-content\/uploads\/2024\/04\/65f3a7703e1eb_jce2-1.webp?resize=525%2C300&ssl=1 1.5x, https:\/\/i0.wp.com\/lasprimeras.com.do\/wp-content\/uploads\/2024\/04\/65f3a7703e1eb_jce2-1.webp?resize=700%2C400&ssl=1 2x, https:\/\/i0.wp.com\/lasprimeras.com.do\/wp-content\/uploads\/2024\/04\/65f3a7703e1eb_jce2-1.webp?resize=1050%2C600&ssl=1 3x"},"classes":[]},{"id":70756,"url":"https:\/\/lasprimeras.com.do\/index.php\/2023\/12\/14\/agentes-del-dicrim-asesinan-dos-presuntos-delincuentes-al-enfrentar-patrulla\/","url_meta":{"origin":82655,"position":2},"title":"Agentes del DICRIM asesinan dos presuntos delincuentes al enfrentar patrulla","author":"Nelson Feliz","date":"14 de diciembre de 2023","format":false,"excerpt":"Por Martin Restituyo Dos reconocidos delincuentes murieron esta noche al enfrentar una patrulla de la Direcci\u00f3n Central de Investigaciones de la Polic\u00eda Nacional (DICRIM) que daban seguimiento por escaparse el pasado 29 de agosto del presente a\u00f1o, cuando eran trasladados desde la c\u00e1rcel La Victoria hacia el Palacio de Justicia\u2026","rel":"","context":"En \u00abMILITARES\u00bb","block_context":{"text":"MILITARES","link":"https:\/\/lasprimeras.com.do\/index.php\/category\/militares\/"},"img":{"alt_text":"dicrim","src":"https:\/\/i0.wp.com\/lasprimeras.com.do\/wp-content\/uploads\/2023\/12\/dicrim.jpeg?resize=350%2C200&ssl=1","width":350,"height":200,"srcset":"https:\/\/i0.wp.com\/lasprimeras.com.do\/wp-content\/uploads\/2023\/12\/dicrim.jpeg?resize=350%2C200&ssl=1 1x, https:\/\/i0.wp.com\/lasprimeras.com.do\/wp-content\/uploads\/2023\/12\/dicrim.jpeg?resize=525%2C300&ssl=1 1.5x, https:\/\/i0.wp.com\/lasprimeras.com.do\/wp-content\/uploads\/2023\/12\/dicrim.jpeg?resize=700%2C400&ssl=1 2x"},"classes":[]},{"id":119475,"url":"https:\/\/lasprimeras.com.do\/index.php\/2026\/01\/13\/apresan-hombre-en-sosua-con-pistola-ilegal-chaleco-antibalas-y-otros-objetos\/","url_meta":{"origin":82655,"position":3},"title":"Apresan hombre en Sos\u00faa con pistola ilegal, chaleco antibalas y otros objetos","author":"Nelson Feliz","date":"13 de enero de 2026","format":false,"excerpt":"Agentes del Departamento de Investigaciones Criminales (DICRIM) de la Polic\u00eda Nacional, con asiento en el municipio de Sos\u00faa-Puerto Plata, apresaron a un hombre al que le ocuparon una pistola sin documentos, varios cargadores, un chaleco antibalas, dinero en efectivo y otros objetos. El detenido fue identificado como Eduard Antonio Casado\u2026","rel":"","context":"En \u00abMILITARES\u00bb","block_context":{"text":"MILITARES","link":"https:\/\/lasprimeras.com.do\/index.php\/category\/militares\/"},"img":{"alt_text":"","src":"https:\/\/i0.wp.com\/lasprimeras.com.do\/wp-content\/uploads\/2026\/01\/IMG-20260112-WA0652.jpg?resize=350%2C200&ssl=1","width":350,"height":200,"srcset":"https:\/\/i0.wp.com\/lasprimeras.com.do\/wp-content\/uploads\/2026\/01\/IMG-20260112-WA0652.jpg?resize=350%2C200&ssl=1 1x, https:\/\/i0.wp.com\/lasprimeras.com.do\/wp-content\/uploads\/2026\/01\/IMG-20260112-WA0652.jpg?resize=525%2C300&ssl=1 1.5x, https:\/\/i0.wp.com\/lasprimeras.com.do\/wp-content\/uploads\/2026\/01\/IMG-20260112-WA0652.jpg?resize=700%2C400&ssl=1 2x, https:\/\/i0.wp.com\/lasprimeras.com.do\/wp-content\/uploads\/2026\/01\/IMG-20260112-WA0652.jpg?resize=1050%2C600&ssl=1 3x"},"classes":[]},{"id":96023,"url":"https:\/\/lasprimeras.com.do\/index.php\/2025\/03\/24\/desmantelan-en-bani-red-de-trafico-de-armas-con-vinculos-internacionales\/","url_meta":{"origin":82655,"position":4},"title":"Desmantelan en Ban\u00ed red de tr\u00e1fico de armas con v\u00ednculos internacionales","author":"Nelson Feliz","date":"24 de marzo de 2025","format":false,"excerpt":"-Ocupan 11 pistolas, seis fusiles, municiones, entre otras evidencias. -Apresan a dos hombres y persiguen a otros tres vinculados al grupo delictivo. La Direcci\u00f3n Central de Inteligencia (DINTEL) de la Polic\u00eda Nacional, en coordinaci\u00f3n con el Ministerio P\u00fablico, desmantel\u00f3 una organizaci\u00f3n criminal dedicada al tr\u00e1fico internacional de armas, con base\u2026","rel":"","context":"En \u00abMILITARES\u00bb","block_context":{"text":"MILITARES","link":"https:\/\/lasprimeras.com.do\/index.php\/category\/militares\/"},"img":{"alt_text":"","src":"https:\/\/i0.wp.com\/lasprimeras.com.do\/wp-content\/uploads\/2025\/03\/FOTOS.jpg?resize=350%2C200&ssl=1","width":350,"height":200},"classes":[]},{"id":102473,"url":"https:\/\/lasprimeras.com.do\/index.php\/2025\/07\/05\/dicrim-y-mp-detienen-a-hombre-y-ocupan-drogas-dinero-objetos-ilicitos-y-motocicletas-ejecutan-en-janico\/","url_meta":{"origin":82655,"position":5},"title":"DICRIM y MP detienen a hombre y ocupan drogas, dinero, objetos il\u00edcitos y motocicletas ejecutan en J\u00e1nico","author":"Nelson Feliz","date":"5 de julio de 2025","format":false,"excerpt":"Agentes de la Polic\u00eda Nacional, adscritos a la Unidad de Investigaci\u00f3n de Delitos Contra la Propiedad con asiento en el destacamento de Sabana Iglesia, Santiago, arresto un hombre y ocuparon sustancias controladas, dinero en efectivo, cargadores para armas de fuego y diversos objetos de presunto origen il\u00edcito. El allanamiento en\u2026","rel":"","context":"En \u00abMILITARES\u00bb","block_context":{"text":"MILITARES","link":"https:\/\/lasprimeras.com.do\/index.php\/category\/militares\/"},"img":{"alt_text":"","src":"https:\/\/i0.wp.com\/lasprimeras.com.do\/wp-content\/uploads\/2025\/07\/1.jpg?resize=350%2C200&ssl=1","width":350,"height":200,"srcset":"https:\/\/i0.wp.com\/lasprimeras.com.do\/wp-content\/uploads\/2025\/07\/1.jpg?resize=350%2C200&ssl=1 1x, https:\/\/i0.wp.com\/lasprimeras.com.do\/wp-content\/uploads\/2025\/07\/1.jpg?resize=525%2C300&ssl=1 1.5x, https:\/\/i0.wp.com\/lasprimeras.com.do\/wp-content\/uploads\/2025\/07\/1.jpg?resize=700%2C400&ssl=1 2x"},"classes":[]}],"jetpack_sharing_enabled":true,"_links":{"self":[{"href":"https:\/\/lasprimeras.com.do\/index.php\/wp-json\/wp\/v2\/posts\/82655","targetHints":{"allow":["GET"]}}],"collection":[{"href":"https:\/\/lasprimeras.com.do\/index.php\/wp-json\/wp\/v2\/posts"}],"about":[{"href":"https:\/\/lasprimeras.com.do\/index.php\/wp-json\/wp\/v2\/types\/post"}],"author":[{"embeddable":true,"href":"https:\/\/lasprimeras.com.do\/index.php\/wp-json\/wp\/v2\/users\/3"}],"replies":[{"embeddable":true,"href":"https:\/\/lasprimeras.com.do\/index.php\/wp-json\/wp\/v2\/comments?post=82655"}],"version-history":[{"count":1,"href":"https:\/\/lasprimeras.com.do\/index.php\/wp-json\/wp\/v2\/posts\/82655\/revisions"}],"predecessor-version":[{"id":82657,"href":"https:\/\/lasprimeras.com.do\/index.php\/wp-json\/wp\/v2\/posts\/82655\/revisions\/82657"}],"wp:featuredmedia":[{"embeddable":true,"href":"https:\/\/lasprimeras.com.do\/index.php\/wp-json\/wp\/v2\/media\/82656"}],"wp:attachment":[{"href":"https:\/\/lasprimeras.com.do\/index.php\/wp-json\/wp\/v2\/media?parent=82655"}],"wp:term":[{"taxonomy":"category","embeddable":true,"href":"https:\/\/lasprimeras.com.do\/index.php\/wp-json\/wp\/v2\/categories?post=82655"},{"taxonomy":"post_tag","embeddable":true,"href":"https:\/\/lasprimeras.com.do\/index.php\/wp-json\/wp\/v2\/tags?post=82655"}],"curies":[{"name":"wp","href":"https:\/\/api.w.org\/{rel}","templated":true}]}}