{"id":82658,"date":"2024-05-06T13:44:40","date_gmt":"2024-05-06T17:44:40","guid":{"rendered":"https:\/\/lasprimeras.com.do\/?p=82658"},"modified":"2024-05-06T13:44:41","modified_gmt":"2024-05-06T17:44:41","slug":"policia-nacional-apresa-en-flagrante-delito-a-un-hombre-mientras-agredia-fisicamente-a-su-pareja-en-la-provincia-bahoruco","status":"publish","type":"post","link":"https:\/\/lasprimeras.com.do\/index.php\/2024\/05\/06\/policia-nacional-apresa-en-flagrante-delito-a-un-hombre-mientras-agredia-fisicamente-a-su-pareja-en-la-provincia-bahoruco\/","title":{"rendered":"Polic\u00eda Nacional apresa en flagrante delito a un hombre mientras agredia f\u00edsicamente a su pareja en la provincia Bahoruco"},"content":{"rendered":"\n<p>Bahoruco. -Miembros policiales apresaron en flagrante delito a un hombre que fue sorprendido agrediendo f\u00edsicamente a su pareja sentimental, en un hecho ocurrido en la provincia Bahoruco.<\/p>\n\n\n\n<p>Al llegar a la residencia de manera oportuna, tras una alerta, nuestros agentes actuantes pudieron detener la agresi\u00f3n en contra de la v\u00edctima y posteriormente procedieron al arresto de Edwin Gonz\u00e1lez (a) F\u00f3sforo, quien, al momento de su apresamiento, se le ocup\u00f3 un arma de fuego que portaba de manera ilegal.<\/p>\n\n\n\n<p>Adem\u00e1s de los golpes ocasionados a su concubina, el hoy detenido intent\u00f3 incendiar la vivienda donde ambos resid\u00edan.<\/p>\n\n\n\n<p>Por el hecho, Gonz\u00e1lez (a) F\u00f3sforo ser\u00e1 puesto a disposici\u00f3n del Ministerio P\u00fablico, para los fines legales correspondientes.<\/p>\n","protected":false},"excerpt":{"rendered":"<p>Bahoruco. -Miembros policiales apresaron en flagrante delito a un hombre que fue sorprendido agrediendo f\u00edsicamente a su pareja sentimental, en un hecho ocurrido en la provincia Bahoruco. Al llegar a&hellip;<\/p>\n","protected":false},"author":3,"featured_media":82659,"comment_status":"open","ping_status":"open","sticky":false,"template":"","format":"standard","meta":{"content-type":"","jetpack_post_was_ever_published":false,"_jetpack_newsletter_access":"","_jetpack_dont_email_post_to_subs":false,"_jetpack_newsletter_tier_id":0,"_jetpack_memberships_contains_paywalled_content":false,"_jetpack_memberships_contains_paid_content":false,"footnotes":""},"categories":[35],"tags":[477],"class_list":["post-82658","post","type-post","status-publish","format-standard","has-post-thumbnail","hentry","category-nacionales","tag-pn"],"jetpack_featured_media_url":"https:\/\/lasprimeras.com.do\/wp-content\/uploads\/2024\/05\/IMG-20240506-WA0056.jpg","jetpack-related-posts":[{"id":96267,"url":"https:\/\/lasprimeras.com.do\/index.php\/2025\/03\/28\/apresan-hombre-con-sustancias-ilicitas-y-dinero-en-efectivo-en-bahoruco\/","url_meta":{"origin":82658,"position":0},"title":"Apresan hombre con sustancias il\u00edcitas y dinero en efectivo en Bahoruco","author":"Nelson Feliz","date":"28 de marzo de 2025","format":false,"excerpt":"La Polic\u00eda Nacional, a trav\u00e9s de la Direcci\u00f3n Regional Sur, detuvo en flagrante delito a un hombre en el municipio de Galv\u00e1n, provincia Bahoruco, a quien se le ocuparon sustancias controladas durante un operativo preventivo realizado como parte de las acciones para combatir el microtr\u00e1fico de drogas en la zona.\u2026","rel":"","context":"En \u00abMILITARES\u00bb","block_context":{"text":"MILITARES","link":"https:\/\/lasprimeras.com.do\/index.php\/category\/militares\/"},"img":{"alt_text":"","src":"https:\/\/i0.wp.com\/lasprimeras.com.do\/wp-content\/uploads\/2025\/03\/WhatsApp-Image-2025-03-28-at-10.39.55-AM.jpeg?resize=350%2C200&ssl=1","width":350,"height":200,"srcset":"https:\/\/i0.wp.com\/lasprimeras.com.do\/wp-content\/uploads\/2025\/03\/WhatsApp-Image-2025-03-28-at-10.39.55-AM.jpeg?resize=350%2C200&ssl=1 1x, https:\/\/i0.wp.com\/lasprimeras.com.do\/wp-content\/uploads\/2025\/03\/WhatsApp-Image-2025-03-28-at-10.39.55-AM.jpeg?resize=525%2C300&ssl=1 1.5x"},"classes":[]},{"id":88192,"url":"https:\/\/lasprimeras.com.do\/index.php\/2024\/08\/23\/arresta-en-flagrante-delito-un-hombre-acusado-de-robo-y-agresion-fisica-familiar-en-san-juan\/","url_meta":{"origin":82658,"position":1},"title":"Arresta en flagrante delito un hombre acusado de robo y agresi\u00f3n f\u00edsica familiar en San Juan","author":"Nelson Feliz","date":"23 de agosto de 2024","format":false,"excerpt":"Agentes de la Direcci\u00f3n Central de Investigaci\u00f3n (DICRIM) apresaron a un hombre acusado del robo de una motocicleta, as\u00ed como tambi\u00e9n de agredir f\u00edsicamente a su padre, en hecho ocurridos en la provincia San Juan de la Maguana. Se trata de Charly Feliz Encarnaci\u00f3n (a) Guibio, de 30 a\u00f1os, quien\u2026","rel":"","context":"En \u00abMILITARES\u00bb","block_context":{"text":"MILITARES","link":"https:\/\/lasprimeras.com.do\/index.php\/category\/militares\/"},"img":{"alt_text":"","src":"https:\/\/i0.wp.com\/lasprimeras.com.do\/wp-content\/uploads\/2024\/08\/preso.jpg?resize=350%2C200&ssl=1","width":350,"height":200},"classes":[]},{"id":99254,"url":"https:\/\/lasprimeras.com.do\/index.php\/2025\/05\/19\/apresan-hombre-por-portar-arma-de-fuego-ilegal-en-neyba\/","url_meta":{"origin":82658,"position":2},"title":"Apresan hombre por portar arma de fuego ilegal en Neyba","author":"Nelson Feliz","date":"19 de mayo de 2025","format":false,"excerpt":"El Departamento de Investigaciones y la unidad de patrullaje preventivo, adscritos a la Direcci\u00f3n Regional Sur de la Polic\u00eda Nacional, apreso un hombre en flagrante delito mientras portaba un arma de fuego sin la documentaci\u00f3n legal correspondiente. El detenido es Epifanio Novas, quien fue interceptado por una patrulla policial tras\u2026","rel":"","context":"En \u00abMILITARES\u00bb","block_context":{"text":"MILITARES","link":"https:\/\/lasprimeras.com.do\/index.php\/category\/militares\/"},"img":{"alt_text":"","src":"https:\/\/i0.wp.com\/lasprimeras.com.do\/wp-content\/uploads\/2025\/05\/uno.jpg?resize=350%2C200&ssl=1","width":350,"height":200,"srcset":"https:\/\/i0.wp.com\/lasprimeras.com.do\/wp-content\/uploads\/2025\/05\/uno.jpg?resize=350%2C200&ssl=1 1x, https:\/\/i0.wp.com\/lasprimeras.com.do\/wp-content\/uploads\/2025\/05\/uno.jpg?resize=525%2C300&ssl=1 1.5x"},"classes":[]},{"id":51101,"url":"https:\/\/lasprimeras.com.do\/index.php\/2023\/05\/27\/apresan-una-pareja-por-robo-en-tienda-de-celulares-en-barahona\/","url_meta":{"origin":82658,"position":3},"title":"Apresan una pareja por robo en tienda de celulares en Barahona","author":"prenxa100","date":"27 de mayo de 2023","format":false,"excerpt":"\u00a0Recuperan parte de lo sustra\u00eddo en Neyba. Barahona.-. Miembros del Departamento de Investigaciones (DICRIM) y la Polic\u00eda Preventiva, adscritos a la Direcci\u00f3n Regional Sur, apresaron a un hombre y una mujer acusados de sustraer varios art\u00edculos tecnol\u00f3gicos de una tienda de celulares ubicada en calle Padre Billini de la provincia\u2026","rel":"","context":"En \u00abNACIONALES\u00bb","block_context":{"text":"NACIONALES","link":"https:\/\/lasprimeras.com.do\/index.php\/category\/nacionales\/"},"img":{"alt_text":"","src":"","width":0,"height":0},"classes":[]},{"id":80724,"url":"https:\/\/lasprimeras.com.do\/index.php\/2024\/04\/11\/policia-nacional-apresa-hombre-captado-en-video-agrediendo-a-su-pareja-en-dajabon\/","url_meta":{"origin":82658,"position":4},"title":"Polic\u00eda Nacional apresa hombre captado en video agrediendo a su pareja en Dajab\u00f3n","author":"BIMARY DE JES\u00daS Matos","date":"11 de abril de 2024","format":false,"excerpt":"Santo Domingo.-Agentes policiales, pertenecientes a la Direcci\u00f3n Central de Prevenci\u00f3n, apresaron mediante orden de arresto en el distrito municipal de Santiago de la Cruz, del municipio de Loma de Cabrera, provincia Dajab\u00f3n, a un hombre que era buscado por agresi\u00f3n f\u00edsica y verbal contra su pareja, hecho captado en un\u2026","rel":"","context":"En \u00abNACIONALES\u00bb","block_context":{"text":"NACIONALES","link":"https:\/\/lasprimeras.com.do\/index.php\/category\/nacionales\/"},"img":{"alt_text":"","src":"https:\/\/i0.wp.com\/lasprimeras.com.do\/wp-content\/uploads\/2024\/04\/Captura-de-pantalla-2024-04-11-122308.png?resize=350%2C200&ssl=1","width":350,"height":200},"classes":[]},{"id":103453,"url":"https:\/\/lasprimeras.com.do\/index.php\/2025\/07\/15\/apresan-a-hombre-portando-arma-de-fuego-ilegal-en-neyba\/","url_meta":{"origin":82658,"position":5},"title":"Apresan a hombre portando arma de fuego ilegal en Neyba","author":"Nelson Feliz","date":"15 de julio de 2025","format":false,"excerpt":"Agentes de la Polic\u00eda Nacional apreso un hombre en posesi\u00f3n de un arma de fuego ilegal en este municipio Neyba, provincia Bahoruco. El detenido es Adward Alejandro Batista, de 19 a\u00f1os, quien fue sorprendido en el sector Los Tabardillos portando una escopeta calibre 12 mm, sin documentos que avalaran su\u2026","rel":"","context":"En \u00abMILITARES\u00bb","block_context":{"text":"MILITARES","link":"https:\/\/lasprimeras.com.do\/index.php\/category\/militares\/"},"img":{"alt_text":"","src":"https:\/\/i0.wp.com\/lasprimeras.com.do\/wp-content\/uploads\/2025\/07\/preso-2.jpg?resize=350%2C200&ssl=1","width":350,"height":200},"classes":[]}],"jetpack_sharing_enabled":true,"_links":{"self":[{"href":"https:\/\/lasprimeras.com.do\/index.php\/wp-json\/wp\/v2\/posts\/82658","targetHints":{"allow":["GET"]}}],"collection":[{"href":"https:\/\/lasprimeras.com.do\/index.php\/wp-json\/wp\/v2\/posts"}],"about":[{"href":"https:\/\/lasprimeras.com.do\/index.php\/wp-json\/wp\/v2\/types\/post"}],"author":[{"embeddable":true,"href":"https:\/\/lasprimeras.com.do\/index.php\/wp-json\/wp\/v2\/users\/3"}],"replies":[{"embeddable":true,"href":"https:\/\/lasprimeras.com.do\/index.php\/wp-json\/wp\/v2\/comments?post=82658"}],"version-history":[{"count":1,"href":"https:\/\/lasprimeras.com.do\/index.php\/wp-json\/wp\/v2\/posts\/82658\/revisions"}],"predecessor-version":[{"id":82660,"href":"https:\/\/lasprimeras.com.do\/index.php\/wp-json\/wp\/v2\/posts\/82658\/revisions\/82660"}],"wp:featuredmedia":[{"embeddable":true,"href":"https:\/\/lasprimeras.com.do\/index.php\/wp-json\/wp\/v2\/media\/82659"}],"wp:attachment":[{"href":"https:\/\/lasprimeras.com.do\/index.php\/wp-json\/wp\/v2\/media?parent=82658"}],"wp:term":[{"taxonomy":"category","embeddable":true,"href":"https:\/\/lasprimeras.com.do\/index.php\/wp-json\/wp\/v2\/categories?post=82658"},{"taxonomy":"post_tag","embeddable":true,"href":"https:\/\/lasprimeras.com.do\/index.php\/wp-json\/wp\/v2\/tags?post=82658"}],"curies":[{"name":"wp","href":"https:\/\/api.w.org\/{rel}","templated":true}]}}