{"id":82664,"date":"2024-05-06T14:16:01","date_gmt":"2024-05-06T18:16:01","guid":{"rendered":"https:\/\/lasprimeras.com.do\/?p=82664"},"modified":"2024-05-06T14:16:02","modified_gmt":"2024-05-06T18:16:02","slug":"miguel-vargas-el-pueblo-votara-contra-incapacidad-y-carestia-de-la-vida","status":"publish","type":"post","link":"https:\/\/lasprimeras.com.do\/index.php\/2024\/05\/06\/miguel-vargas-el-pueblo-votara-contra-incapacidad-y-carestia-de-la-vida\/","title":{"rendered":"Miguel Vargas: \u201cEl pueblo votar\u00e1 contra incapacidad y carest\u00eda de la vida\u201d"},"content":{"rendered":"\n<p>La Romana. \u2013 El candidato presidencial perrede\u00edsta afirm\u00f3 este domingo que la poblaci\u00f3n votar\u00e1 este 19 de mayo \u201ccontra la incapacidad, el deterioro de los servicios p\u00fablicos y el alto costo de la vida\u201d.<\/p>\n\n\n\n<p>As\u00ed lo manifest\u00f3 durante un amplio recorrido por esta provincia y La Altagracia, junto a los respectivos candidatos a senadores Iv\u00e1n Silva y Juan Julio Campos.<\/p>\n\n\n\n<p>El presidente del Partido Revolucionario Dominicano (PRD) volvi\u00f3 a motivar a la militancia perrede\u00edsta a invitar amigos, vecinos, familiares y la sociedad completa al sufragio de este mes.<\/p>\n\n\n\n<p>\u201cLos votos de la oposici\u00f3n ser\u00e1n m\u00e1s que los del oficialismo si la ciudadan\u00eda acude a las urnas\u201d, afirm\u00f3. \u201cSi nuestra gente sale a votar, el gobierno no podr\u00e1 cruzar el umbral del 50 %\u201d, prosigui\u00f3 Vargas. A su juicio, \u201ceso qued\u00f3 demostrado en febrero pasado, cuando solo lograron un 22 % del favor popular\u201d.<\/p>\n\n\n\n<p>\u201cEstamos seguros de que este 19 de mayo saldremos airosos de este proceso para cambiar de rumbo el pa\u00eds\u201d, afirm\u00f3. Esto as\u00ed, \u201cpara contribuir al desarrollo y prosperidad y bienestar de nuestro pueblo\u201d.<\/p>\n\n\n\n<p>Enfatiz\u00f3 su llamado a las mujeres, j\u00f3venes, profesionales, empresarios y la poblaci\u00f3n en general, a elegir la casilla blanca, n\u00famero cuatro, del PRD.<\/p>\n\n\n\n<p>\u201cVamos a votar contra el alto costo de la vida, la inseguridad, la criminalidad, el alto endeudamiento, el retroceso de sectores importantes para el desarrollo y el hambre que est\u00e1n pasando los m\u00e1s necesitados\u201d, insisti\u00f3.<\/p>\n\n\n\n<p>M\u00e1s detalles de la jornada<\/p>\n\n\n\n<p>En La Romana, Miguel Vargas encabez\u00f3 un recorrido junto al senador Iv\u00e1n Silva y los candidatos a diputados del PRD. Se trata de Carlos S\u00e1nchez \u201cAbuelo\u201d, Edwin Arech\u00e9, Evelyn Fabi\u00e1n y Luz del Carmen Pilier. Les acompa\u00f1aron autoridades partidarias regionales, provinciales y municipales. Aqu\u00ed saludaron, mano a mano, a la gente del populoso sector Villa Verde.<\/p>\n\n\n\n<p>En Hig\u00fcey, present\u00f3 su propuesta de \u201cgobierno distinto\u201d en el programa \u201cEl Matutino de Estrella\u201d, del Circuito Campos Ventura. Lo integran las emisoras Estrella 92.3 FM, Radio B\u00e1varo 92.9 FM, Magia 90.3 FM, CV Visi\u00f3n (canales 22 de Claro y 18 de Aster) CCVDigital.com.<\/p>\n\n\n\n<p>El candidato presidencial tambi\u00e9n se reuni\u00f3 con los coordinadores de su campa\u00f1a en La Altagracia. All\u00ed les motiv\u00f3 a buscar y defender el voto por los candidatos del PRD y la Alianza Opositora Rescate RD.<\/p>\n\n\n\n<p>Cerr\u00f3 su agenda recorriendo el sector Cristal, en Hig\u00fcey. Le acompa\u00f1aron el candidato a senador por dicha coalici\u00f3n, Juan Julio Campos, y \u00c1ngel Pimentel, quien compite para diputado por el PRD.<\/p>\n\n\n\n<p>Particip\u00f3 junto a Miguel Vargas el vicepresidente del partido, H\u00e9ctor Guzm\u00e1n. Asimismo, Apolinar Guti\u00e9rrez, presidente provincial; Janet Soler, presidente municipal; Janel Richardson, secretario de organizaci\u00f3n, y Henry Blanco, enlace provincial del PRD.<\/p>\n","protected":false},"excerpt":{"rendered":"<p>La Romana. \u2013 El candidato presidencial perrede\u00edsta afirm\u00f3 este domingo que la poblaci\u00f3n votar\u00e1 este 19 de mayo \u201ccontra la incapacidad, el deterioro de los servicios p\u00fablicos y el alto&hellip;<\/p>\n","protected":false},"author":3,"featured_media":82665,"comment_status":"open","ping_status":"open","sticky":false,"template":"","format":"standard","meta":{"content-type":"","jetpack_post_was_ever_published":false,"_jetpack_newsletter_access":"","_jetpack_dont_email_post_to_subs":false,"_jetpack_newsletter_tier_id":0,"_jetpack_memberships_contains_paywalled_content":false,"_jetpack_memberships_contains_paid_content":false,"footnotes":""},"categories":[1],"tags":[1040],"class_list":["post-82664","post","type-post","status-publish","format-standard","has-post-thumbnail","hentry","category-sin-categoria","tag-miguel-vargas"],"jetpack_featured_media_url":"https:\/\/lasprimeras.com.do\/wp-content\/uploads\/2024\/05\/IMG-20240506-WA0062.jpg","jetpack-related-posts":[{"id":81217,"url":"https:\/\/lasprimeras.com.do\/index.php\/2024\/04\/18\/miguel-vargas-los-dominicanos-no-reelegiran-la-incapacidad-y-el-retroceso\/","url_meta":{"origin":82664,"position":0},"title":"Miguel Vargas: \u201cLos dominicanos no reelegir\u00e1n la incapacidad y el retroceso\u201d","author":"BIMARY DE JES\u00daS Matos","date":"18 de abril de 2024","format":false,"excerpt":"Santo Domingo. \u2013 El candidato presidencial perrede\u00edsta, ingeniero Miguel Vargas Maldonado, encabez\u00f3 en la Circunscripci\u00f3n n\u00famero tres del Distrito Nacional un masivo encuentro de apoyo a los candidatos a senador y diputado de la Alianza Opositora Rescate RD, Omar Fern\u00e1ndez y Rafael Linares, respectivamente. All\u00ed afirm\u00f3 que \u201clos dominicanos no\u2026","rel":"","context":"En \u00abSin categor\u00eda\u00bb","block_context":{"text":"Sin categor\u00eda","link":"https:\/\/lasprimeras.com.do\/index.php\/category\/sin-categoria\/"},"img":{"alt_text":"","src":"https:\/\/i0.wp.com\/lasprimeras.com.do\/wp-content\/uploads\/2024\/04\/IMG-20240418-WA0029.jpg?resize=350%2C200&ssl=1","width":350,"height":200,"srcset":"https:\/\/i0.wp.com\/lasprimeras.com.do\/wp-content\/uploads\/2024\/04\/IMG-20240418-WA0029.jpg?resize=350%2C200&ssl=1 1x, https:\/\/i0.wp.com\/lasprimeras.com.do\/wp-content\/uploads\/2024\/04\/IMG-20240418-WA0029.jpg?resize=525%2C300&ssl=1 1.5x, https:\/\/i0.wp.com\/lasprimeras.com.do\/wp-content\/uploads\/2024\/04\/IMG-20240418-WA0029.jpg?resize=700%2C400&ssl=1 2x, https:\/\/i0.wp.com\/lasprimeras.com.do\/wp-content\/uploads\/2024\/04\/IMG-20240418-WA0029.jpg?resize=1050%2C600&ssl=1 3x, https:\/\/i0.wp.com\/lasprimeras.com.do\/wp-content\/uploads\/2024\/04\/IMG-20240418-WA0029.jpg?resize=1400%2C800&ssl=1 4x"},"classes":[]},{"id":75633,"url":"https:\/\/lasprimeras.com.do\/index.php\/2024\/02\/02\/miguel-vargas-asegura-carlos-guzman-ganara-arrolladoramente-en-sdn\/","url_meta":{"origin":82664,"position":1},"title":"Miguel Vargas asegura Carlos Guzm\u00e1n ganar\u00e1 arrolladoramente en SDN","author":"Nelson Feliz","date":"2 de febrero de 2024","format":false,"excerpt":"El presidente del Partido Revolucionario Dominicano (PRD), Miguel Vargas Maldonado, asegur\u00f3 que el alcalde de Santo Domingo Norte (SDN) y candidato a la misma posici\u00f3n por la Alianza Opositora Rescate RD, Carlos Guzm\u00e1n, ganar\u00e1 de manera arrolladora las elecciones municipales del 18 de febrero, indicando que los ciudadanos no dejar\u00e1n\u2026","rel":"","context":"En \u00abPORTADA\u00bb","block_context":{"text":"PORTADA","link":"https:\/\/lasprimeras.com.do\/index.php\/category\/portada\/"},"img":{"alt_text":"Miguel Vargas Maldonado","src":"https:\/\/i0.wp.com\/lasprimeras.com.do\/wp-content\/uploads\/2024\/02\/Miguel-Vargas-Maldonado-1.jpg?resize=350%2C200&ssl=1","width":350,"height":200,"srcset":"https:\/\/i0.wp.com\/lasprimeras.com.do\/wp-content\/uploads\/2024\/02\/Miguel-Vargas-Maldonado-1.jpg?resize=350%2C200&ssl=1 1x, https:\/\/i0.wp.com\/lasprimeras.com.do\/wp-content\/uploads\/2024\/02\/Miguel-Vargas-Maldonado-1.jpg?resize=525%2C300&ssl=1 1.5x, https:\/\/i0.wp.com\/lasprimeras.com.do\/wp-content\/uploads\/2024\/02\/Miguel-Vargas-Maldonado-1.jpg?resize=700%2C400&ssl=1 2x"},"classes":[]},{"id":82565,"url":"https:\/\/lasprimeras.com.do\/index.php\/2024\/05\/05\/miguel-vargas-inicia-prd-cara-a-cara-con-la-gente-y-visita-region-este\/","url_meta":{"origin":82664,"position":2},"title":"Miguel Vargas inicia \u201cPRD cara a cara con la gente\u201d y visita regi\u00f3n este","author":"Esteffany Vargas","date":"5 de mayo de 2024","format":false,"excerpt":"\u201cLa JCE debe evitar que las garant\u00edas electorales se vuelvan a vulnerar\u201d. El presidente y candidato presidencial del Partido Revolucionario Dominicano (PRD), Miguel Vargas encabez\u00f3 un recorrido en San Pedro de Macor\u00eds junto a los candidatos y dirigentes del partido y la Alianza Opositora Rescate RD. Vargas, tras dar el\u2026","rel":"","context":"En \u00abPORTADA\u00bb","block_context":{"text":"PORTADA","link":"https:\/\/lasprimeras.com.do\/index.php\/category\/portada\/"},"img":{"alt_text":"Miguel Vargas","src":"https:\/\/i0.wp.com\/lasprimeras.com.do\/wp-content\/uploads\/2024\/05\/Miguel-Vargas-2.jpg?resize=350%2C200&ssl=1","width":350,"height":200,"srcset":"https:\/\/i0.wp.com\/lasprimeras.com.do\/wp-content\/uploads\/2024\/05\/Miguel-Vargas-2.jpg?resize=350%2C200&ssl=1 1x, https:\/\/i0.wp.com\/lasprimeras.com.do\/wp-content\/uploads\/2024\/05\/Miguel-Vargas-2.jpg?resize=525%2C300&ssl=1 1.5x"},"classes":[]},{"id":83462,"url":"https:\/\/lasprimeras.com.do\/index.php\/2024\/05\/16\/miguel-vargas-convoca-a-votar-el-domingo-y-honrar-deber-ciudadano\/","url_meta":{"origin":82664,"position":3},"title":"Miguel Vargas convoca a votar el domingo y honrar deber ciudadano","author":"Nelson Feliz","date":"16 de mayo de 2024","format":false,"excerpt":"\u201cLlamamos a la Junta Central Electoral a aplicar rigurosamente la ley, para que haga valer su autoridad y lleve al gobierno a la legalidad\u201d. El candidato presidencial del Partido Revolucionario Dominicano (PRD), Miguel Vargas encabez\u00f3 una gran manifestaci\u00f3n, junto al candidato a senador del PRD y la Alianza Opositora Rescate\u2026","rel":"","context":"En \u00abPORTADA\u00bb","block_context":{"text":"PORTADA","link":"https:\/\/lasprimeras.com.do\/index.php\/category\/portada\/"},"img":{"alt_text":"Miguel Vargas","src":"https:\/\/i0.wp.com\/lasprimeras.com.do\/wp-content\/uploads\/2024\/05\/Miguel-Vargas-10.jpg?resize=350%2C200&ssl=1","width":350,"height":200,"srcset":"https:\/\/i0.wp.com\/lasprimeras.com.do\/wp-content\/uploads\/2024\/05\/Miguel-Vargas-10.jpg?resize=350%2C200&ssl=1 1x, https:\/\/i0.wp.com\/lasprimeras.com.do\/wp-content\/uploads\/2024\/05\/Miguel-Vargas-10.jpg?resize=525%2C300&ssl=1 1.5x"},"classes":[]},{"id":81491,"url":"https:\/\/lasprimeras.com.do\/index.php\/2024\/04\/21\/miguel-vargas-llama-a-salvar-democracia-votando-masivamente\/","url_meta":{"origin":82664,"position":4},"title":"Miguel Vargas llama a \u201csalvar democracia\u201d votando masivamente","author":"Nelson Feliz","date":"21 de abril de 2024","format":false,"excerpt":"\u201cCondenamos la compra indiscriminada de dirigentes y candidatos opositores que desarrolla el gobierno, con el uso abusivo de los recursos del Estado, y evidenciando que, m\u00e1s que ganar las elecciones, procuran comprarlas\u201d. El candidato presidencial del Partido Revolucionario Dominicano (PRD) y representante de la Alianza Opositora Rescate RD, Miguel Vargas\u2026","rel":"","context":"En \u00abSin categor\u00eda\u00bb","block_context":{"text":"Sin categor\u00eda","link":"https:\/\/lasprimeras.com.do\/index.php\/category\/sin-categoria\/"},"img":{"alt_text":"Miguel Vargas","src":"https:\/\/i0.wp.com\/lasprimeras.com.do\/wp-content\/uploads\/2024\/04\/Miguel-Vargas-9.jpg?resize=350%2C200&ssl=1","width":350,"height":200,"srcset":"https:\/\/i0.wp.com\/lasprimeras.com.do\/wp-content\/uploads\/2024\/04\/Miguel-Vargas-9.jpg?resize=350%2C200&ssl=1 1x, https:\/\/i0.wp.com\/lasprimeras.com.do\/wp-content\/uploads\/2024\/04\/Miguel-Vargas-9.jpg?resize=525%2C300&ssl=1 1.5x"},"classes":[]},{"id":76389,"url":"https:\/\/lasprimeras.com.do\/index.php\/2024\/02\/09\/miguel-vargas-monte-plata-no-escapa-al-deterioro-y-retroceso-causado-por-el-gobierno\/","url_meta":{"origin":82664,"position":5},"title":"Miguel Vargas: \u201cMonte Plata no escapa al deterioro y retroceso causado por el gobierno\u201d","author":"Nelson Feliz","date":"9 de febrero de 2024","format":false,"excerpt":"El candidato presidencial Miguel Vargas Maldonado encabez\u00f3 en el municipio Sabana Grande de Boya un concurrido encuentro con los candidatos municipales del Partido Revolucionario Dominicano (PRD) en esta provincia Monte Plata. All\u00ed declar\u00f3 su intenci\u00f3n de dirigir una gesti\u00f3n distinta, que permita afrontar los males que afectan a este territorio.\u2026","rel":"","context":"En \u00abPORTADA\u00bb","block_context":{"text":"PORTADA","link":"https:\/\/lasprimeras.com.do\/index.php\/category\/portada\/"},"img":{"alt_text":"Miguel Vargas Maldonado","src":"https:\/\/i0.wp.com\/lasprimeras.com.do\/wp-content\/uploads\/2024\/02\/MONTE-PLATA-FEBRERO-2024-1.jpg?resize=350%2C200&ssl=1","width":350,"height":200,"srcset":"https:\/\/i0.wp.com\/lasprimeras.com.do\/wp-content\/uploads\/2024\/02\/MONTE-PLATA-FEBRERO-2024-1.jpg?resize=350%2C200&ssl=1 1x, https:\/\/i0.wp.com\/lasprimeras.com.do\/wp-content\/uploads\/2024\/02\/MONTE-PLATA-FEBRERO-2024-1.jpg?resize=525%2C300&ssl=1 1.5x"},"classes":[]}],"jetpack_sharing_enabled":true,"_links":{"self":[{"href":"https:\/\/lasprimeras.com.do\/index.php\/wp-json\/wp\/v2\/posts\/82664","targetHints":{"allow":["GET"]}}],"collection":[{"href":"https:\/\/lasprimeras.com.do\/index.php\/wp-json\/wp\/v2\/posts"}],"about":[{"href":"https:\/\/lasprimeras.com.do\/index.php\/wp-json\/wp\/v2\/types\/post"}],"author":[{"embeddable":true,"href":"https:\/\/lasprimeras.com.do\/index.php\/wp-json\/wp\/v2\/users\/3"}],"replies":[{"embeddable":true,"href":"https:\/\/lasprimeras.com.do\/index.php\/wp-json\/wp\/v2\/comments?post=82664"}],"version-history":[{"count":1,"href":"https:\/\/lasprimeras.com.do\/index.php\/wp-json\/wp\/v2\/posts\/82664\/revisions"}],"predecessor-version":[{"id":82666,"href":"https:\/\/lasprimeras.com.do\/index.php\/wp-json\/wp\/v2\/posts\/82664\/revisions\/82666"}],"wp:featuredmedia":[{"embeddable":true,"href":"https:\/\/lasprimeras.com.do\/index.php\/wp-json\/wp\/v2\/media\/82665"}],"wp:attachment":[{"href":"https:\/\/lasprimeras.com.do\/index.php\/wp-json\/wp\/v2\/media?parent=82664"}],"wp:term":[{"taxonomy":"category","embeddable":true,"href":"https:\/\/lasprimeras.com.do\/index.php\/wp-json\/wp\/v2\/categories?post=82664"},{"taxonomy":"post_tag","embeddable":true,"href":"https:\/\/lasprimeras.com.do\/index.php\/wp-json\/wp\/v2\/tags?post=82664"}],"curies":[{"name":"wp","href":"https:\/\/api.w.org\/{rel}","templated":true}]}}