{"id":82667,"date":"2024-05-06T14:17:28","date_gmt":"2024-05-06T18:17:28","guid":{"rendered":"https:\/\/lasprimeras.com.do\/?p=82667"},"modified":"2024-05-06T14:17:30","modified_gmt":"2024-05-06T18:17:30","slug":"migracion-se-coloca-en-primeros-lugares-del-ranking-indicadores-de-gestion-presupuestaria","status":"publish","type":"post","link":"https:\/\/lasprimeras.com.do\/index.php\/2024\/05\/06\/migracion-se-coloca-en-primeros-lugares-del-ranking-indicadores-de-gestion-presupuestaria\/","title":{"rendered":"Migraci\u00f3n se coloca en primeros lugares del ranking Indicadores de Gesti\u00f3n Presupuestaria"},"content":{"rendered":"\n<p>Santo Domingo.-Producto de la aplicaci\u00f3n de las normas vigentes y el cumplimiento de mejores pr\u00e1cticas en el gasto p\u00fablico, la Direcci\u00f3n General de Migraci\u00f3n (DGM) logr\u00f3 posicionarse dentro de las primeras cinco instituciones del Estado en la medici\u00f3n del \u00cdndice de Gesti\u00f3n Presupuestaria (IGP) que realiz\u00f3 la Direcci\u00f3n General de Presupuesto (Digepress) para el trimestre enero \u2013 marzo del a\u00f1o en curso.<\/p>\n\n\n\n<p>Migraci\u00f3n alcanz\u00f3 un porcentaje acumulado de un 100 %, siendo este el m\u00e1ximo valor tomado en cuenta por la Digepress frente al resto de las entidades p\u00fablicas.<\/p>\n\n\n\n<p>Este posicionamiento representa los altos niveles de transparencia y eficiencia puesta en marcha durante la administraci\u00f3n de Venancio Alc\u00e1ntara a lo largo de la gesti\u00f3n del presidente de la Rep\u00fablica, Luis Abinader Corona.<\/p>\n\n\n\n<p>En ese sentido, cabe resaltar que Alc\u00e1ntara ha sido reiterativo en el fortalecimiento de la inversi\u00f3n de los recursos que son entregados la entidad responsable de controlar el flujo migratorio dentro del territorio nacional.<br>El mejoramiento del gasto p\u00fablico en la Direcci\u00f3n General de Migraci\u00f3n ha permitido mejorar los salarios del personal de trabajo, remozamiento de la planta f\u00edsica, adquisici\u00f3n de nuevos veh\u00edculos, agilizaci\u00f3n de los servicios que se ofrecen, entre otros.<\/p>\n\n\n\n<p>Sobre el IGP<\/p>\n\n\n\n<p>El \u00cdndice de Gesti\u00f3n Presupuestaria (IGP) dentro de la Direcci\u00f3n General de Presupuesto (Digepress) tiene como intenci\u00f3n medir a todas las instituciones del Sector P\u00fablico, partiendo de las que aplican en el cumplimiento de criterios utilizar el SIGEF como sistema de gesti\u00f3n financiera; tener portal de transparencia institucional regulado por la DIGEIG y contar con programaci\u00f3n de producci\u00f3n de bienes y servicios (presupuesto f\u00edsico) en la DIGEPRES.<\/p>\n","protected":false},"excerpt":{"rendered":"<p>Santo Domingo.-Producto de la aplicaci\u00f3n de las normas vigentes y el cumplimiento de mejores pr\u00e1cticas en el gasto p\u00fablico, la Direcci\u00f3n General de Migraci\u00f3n (DGM) logr\u00f3 posicionarse dentro de las&hellip;<\/p>\n","protected":false},"author":3,"featured_media":82668,"comment_status":"open","ping_status":"open","sticky":false,"template":"","format":"standard","meta":{"content-type":"","jetpack_post_was_ever_published":false,"_jetpack_newsletter_access":"","_jetpack_dont_email_post_to_subs":false,"_jetpack_newsletter_tier_id":0,"_jetpack_memberships_contains_paywalled_content":false,"_jetpack_memberships_contains_paid_content":false,"footnotes":""},"categories":[25],"tags":[930],"class_list":["post-82667","post","type-post","status-publish","format-standard","has-post-thumbnail","hentry","category-portada","tag-migracion"],"jetpack_featured_media_url":"https:\/\/lasprimeras.com.do\/wp-content\/uploads\/2024\/05\/IMG-20240506-WA0063.jpg","jetpack-related-posts":[{"id":70748,"url":"https:\/\/lasprimeras.com.do\/index.php\/2023\/12\/13\/venancio-alcantara-insta-personal-de-migracion-a-trabajar-con-etica-y-transparencia\/","url_meta":{"origin":82667,"position":0},"title":"Venancio Alc\u00e1ntara insta personal de Migraci\u00f3n a trabajar con \u00e9tica y transparencia","author":"Nelson Feliz","date":"13 de diciembre de 2023","format":false,"excerpt":"Por Martin Restituyo El director general de Migraci\u00f3n, Venancio Alc\u00e1ntara, inst\u00f3 a todo el\u00a0 personal de la instituci\u00f3n a realizar sus labores en el marco del respeto a la \u00e9tica y la transparencia, como mandato de una gesti\u00f3n comprometida con la institucionalidad y anticorrupci\u00f3n. Durante una reuni\u00f3n, con personal de\u2026","rel":"","context":"En \u00abNACIONALES\u00bb","block_context":{"text":"NACIONALES","link":"https:\/\/lasprimeras.com.do\/index.php\/category\/nacionales\/"},"img":{"alt_text":"Venancio Alc\u00e1ntara","src":"https:\/\/i0.wp.com\/lasprimeras.com.do\/wp-content\/uploads\/2023\/12\/Venancio-Alcantara-1.jpg?resize=350%2C200&ssl=1","width":350,"height":200,"srcset":"https:\/\/i0.wp.com\/lasprimeras.com.do\/wp-content\/uploads\/2023\/12\/Venancio-Alcantara-1.jpg?resize=350%2C200&ssl=1 1x, https:\/\/i0.wp.com\/lasprimeras.com.do\/wp-content\/uploads\/2023\/12\/Venancio-Alcantara-1.jpg?resize=525%2C300&ssl=1 1.5x, https:\/\/i0.wp.com\/lasprimeras.com.do\/wp-content\/uploads\/2023\/12\/Venancio-Alcantara-1.jpg?resize=700%2C400&ssl=1 2x"},"classes":[]},{"id":129068,"url":"https:\/\/lasprimeras.com.do\/index.php\/2026\/04\/29\/dgm-obtiene-mayor-puntuacion-en-servicios-al-ciudadano-del-indice-iticgei-2025\/","url_meta":{"origin":82667,"position":1},"title":"DGM obtiene mayor puntuaci\u00f3n en servicios al ciudadano del \u00edndice iTICge+i 2025","author":"Nelson Feliz","date":"29 de abril de 2026","format":false,"excerpt":"La Direcci\u00f3n General de Migraci\u00f3n (DGM) avanza de forma sostenida en la modernizaci\u00f3n de sus servicios, mediante la incorporaci\u00f3n de tecnolog\u00eda y la optimizaci\u00f3n de procesos institucionales, con el prop\u00f3sito de responder con mayor eficiencia a las necesidades de los ciudadanos y garantizar una gesti\u00f3n migratoria m\u00e1s \u00e1gil y transparente.\u2026","rel":"","context":"En \u00abNACIONALES\u00bb","block_context":{"text":"NACIONALES","link":"https:\/\/lasprimeras.com.do\/index.php\/category\/nacionales\/"},"img":{"alt_text":"","src":"https:\/\/i0.wp.com\/lasprimeras.com.do\/wp-content\/uploads\/2024\/06\/Migracion.jpg?resize=350%2C200&ssl=1","width":350,"height":200,"srcset":"https:\/\/i0.wp.com\/lasprimeras.com.do\/wp-content\/uploads\/2024\/06\/Migracion.jpg?resize=350%2C200&ssl=1 1x, https:\/\/i0.wp.com\/lasprimeras.com.do\/wp-content\/uploads\/2024\/06\/Migracion.jpg?resize=525%2C300&ssl=1 1.5x"},"classes":[]},{"id":63437,"url":"https:\/\/lasprimeras.com.do\/index.php\/2023\/10\/12\/migracion-cancela-diez-agentes-y-despacha-dotacion-militar-al-encargado-en-higuey\/","url_meta":{"origin":82667,"position":2},"title":"Migraci\u00f3n cancela diez agentes y despacha dotaci\u00f3n militar al encargado en Higuey","author":"Nelson Feliz","date":"12 de octubre de 2023","format":false,"excerpt":"Por Mart\u00edn Restituyo Tras ser informado sobre denuncias de supuestos excesos de la autoridad y alegadas acciones que ri\u00f1en con la ley, el director general de Migraci\u00f3n, Venancio Alc\u00e1ntara, dispuso la cancelaci\u00f3n de 10 agentes de interdicci\u00f3n migratoria quienes prestaban sus servicios en Hig\u00fcey, B\u00e1varo, Boca Chica y San Pedro\u2026","rel":"","context":"En \u00abNACIONALES\u00bb","block_context":{"text":"NACIONALES","link":"https:\/\/lasprimeras.com.do\/index.php\/category\/nacionales\/"},"img":{"alt_text":"Venancio Alcantara","src":"https:\/\/i0.wp.com\/lasprimeras.com.do\/wp-content\/uploads\/2023\/10\/Venancio-Alcantara-2.jpg?resize=350%2C200&ssl=1","width":350,"height":200},"classes":[]},{"id":89637,"url":"https:\/\/lasprimeras.com.do\/index.php\/2024\/09\/29\/fenattransc-saluda-la-designacion-del-general-lee-ballester-en-migracion\/","url_meta":{"origin":82667,"position":3},"title":"FENATTRANSC saluda la designaci\u00f3n del General Lee Ballester en Migraci\u00f3n","author":"Nelson Feliz","date":"29 de septiembre de 2024","format":false,"excerpt":"El representante de la Federaci\u00f3n Nacional de Trabajadores del Transporte Social Cristianos (FENATTRANSC), Mario D\u00edaz expres\u00f3 su respaldo a la reciente designaci\u00f3n del General Luis Rafael Lee Ballester como nuevo Director General de Migraci\u00f3n. Extendi\u00f3 un llamado a realizar operativos conjuntos con el Instituto Nacional de Tr\u00e1nsito y Transporte Terrestre\u2026","rel":"","context":"En \u00abNACIONALES\u00bb","block_context":{"text":"NACIONALES","link":"https:\/\/lasprimeras.com.do\/index.php\/category\/nacionales\/"},"img":{"alt_text":"Mario Diaz","src":"https:\/\/i0.wp.com\/lasprimeras.com.do\/wp-content\/uploads\/2024\/09\/Mario-Diaz.jpg?resize=350%2C200&ssl=1","width":350,"height":200,"srcset":"https:\/\/i0.wp.com\/lasprimeras.com.do\/wp-content\/uploads\/2024\/09\/Mario-Diaz.jpg?resize=350%2C200&ssl=1 1x, https:\/\/i0.wp.com\/lasprimeras.com.do\/wp-content\/uploads\/2024\/09\/Mario-Diaz.jpg?resize=525%2C300&ssl=1 1.5x"},"classes":[]},{"id":74791,"url":"https:\/\/lasprimeras.com.do\/index.php\/2024\/01\/26\/reconocen-a-migracion-como-institucion-publica-que-ha-fomentado-la-capacitacion-y-formacion-de-servidores\/","url_meta":{"origin":82667,"position":4},"title":"Migraci\u00f3n es reconocido como la instituci\u00f3n p\u00fablica para la capacitaci\u00f3n","author":"BIMARY DE JES\u00daS Matos","date":"26 de enero de 2024","format":false,"excerpt":"Martin Restituyo Santo Domingo, RD.- La Direcci\u00f3n General de Migraci\u00f3n (DGM), fue exaltada mediante resoluci\u00f3n, por el Instituto Nacional de Administraci\u00f3n P\u00fablica (INAP), junto a otras instituciones gubernamentales que lograron implementar los programas de formaci\u00f3n y capacitaci\u00f3n al servicio p\u00fablico para lograr una trayectoria ejemplar, mediante la Resoluci\u00f3n n\u00famero 001-2024,\u2026","rel":"","context":"En \u00abPORTADA\u00bb","block_context":{"text":"PORTADA","link":"https:\/\/lasprimeras.com.do\/index.php\/category\/portada\/"},"img":{"alt_text":"","src":"https:\/\/i0.wp.com\/lasprimeras.com.do\/wp-content\/uploads\/2024\/01\/WhatsApp-Image-2024-01-26-at-2.54.22-PM-1.jpeg?resize=350%2C200&ssl=1","width":350,"height":200,"srcset":"https:\/\/i0.wp.com\/lasprimeras.com.do\/wp-content\/uploads\/2024\/01\/WhatsApp-Image-2024-01-26-at-2.54.22-PM-1.jpeg?resize=350%2C200&ssl=1 1x, https:\/\/i0.wp.com\/lasprimeras.com.do\/wp-content\/uploads\/2024\/01\/WhatsApp-Image-2024-01-26-at-2.54.22-PM-1.jpeg?resize=525%2C300&ssl=1 1.5x, https:\/\/i0.wp.com\/lasprimeras.com.do\/wp-content\/uploads\/2024\/01\/WhatsApp-Image-2024-01-26-at-2.54.22-PM-1.jpeg?resize=700%2C400&ssl=1 2x, https:\/\/i0.wp.com\/lasprimeras.com.do\/wp-content\/uploads\/2024\/01\/WhatsApp-Image-2024-01-26-at-2.54.22-PM-1.jpeg?resize=1050%2C600&ssl=1 3x"},"classes":[]},{"id":70100,"url":"https:\/\/lasprimeras.com.do\/index.php\/2023\/12\/08\/dgm-realiza-cambios-para-eficientizar-los-servicios-en-mes-de-diciembre\/","url_meta":{"origin":82667,"position":5},"title":"DGM realiza cambios para eficientizar los servicios en mes de diciembre","author":"Nelson Feliz","date":"8 de diciembre de 2023","format":false,"excerpt":"Por Mart\u00edn Restituyo La Direcci\u00f3n General de Migraci\u00f3n (DGM), anunci\u00f3 cambios internos en la instituci\u00f3n, con el prop\u00f3sito de seguir eficientizando los servicios que brinda la instituci\u00f3n a la ciudadan\u00eda. Los cambios introducidos, fueron dispuestos por el titular de Migraci\u00f3n, Venancio Alc\u00e1ntara, quien inform\u00f3 a trav\u00e9s de una nota de\u2026","rel":"","context":"En \u00abNACIONALES\u00bb","block_context":{"text":"NACIONALES","link":"https:\/\/lasprimeras.com.do\/index.php\/category\/nacionales\/"},"img":{"alt_text":"Venancio Alc\u00e1ntara","src":"https:\/\/i0.wp.com\/lasprimeras.com.do\/wp-content\/uploads\/2023\/12\/WhatsApp-Image-2023-12-07-at-3.22.06-PM.jpeg?resize=350%2C200&ssl=1","width":350,"height":200,"srcset":"https:\/\/i0.wp.com\/lasprimeras.com.do\/wp-content\/uploads\/2023\/12\/WhatsApp-Image-2023-12-07-at-3.22.06-PM.jpeg?resize=350%2C200&ssl=1 1x, https:\/\/i0.wp.com\/lasprimeras.com.do\/wp-content\/uploads\/2023\/12\/WhatsApp-Image-2023-12-07-at-3.22.06-PM.jpeg?resize=525%2C300&ssl=1 1.5x, https:\/\/i0.wp.com\/lasprimeras.com.do\/wp-content\/uploads\/2023\/12\/WhatsApp-Image-2023-12-07-at-3.22.06-PM.jpeg?resize=700%2C400&ssl=1 2x, https:\/\/i0.wp.com\/lasprimeras.com.do\/wp-content\/uploads\/2023\/12\/WhatsApp-Image-2023-12-07-at-3.22.06-PM.jpeg?resize=1050%2C600&ssl=1 3x"},"classes":[]}],"jetpack_sharing_enabled":true,"_links":{"self":[{"href":"https:\/\/lasprimeras.com.do\/index.php\/wp-json\/wp\/v2\/posts\/82667","targetHints":{"allow":["GET"]}}],"collection":[{"href":"https:\/\/lasprimeras.com.do\/index.php\/wp-json\/wp\/v2\/posts"}],"about":[{"href":"https:\/\/lasprimeras.com.do\/index.php\/wp-json\/wp\/v2\/types\/post"}],"author":[{"embeddable":true,"href":"https:\/\/lasprimeras.com.do\/index.php\/wp-json\/wp\/v2\/users\/3"}],"replies":[{"embeddable":true,"href":"https:\/\/lasprimeras.com.do\/index.php\/wp-json\/wp\/v2\/comments?post=82667"}],"version-history":[{"count":1,"href":"https:\/\/lasprimeras.com.do\/index.php\/wp-json\/wp\/v2\/posts\/82667\/revisions"}],"predecessor-version":[{"id":82669,"href":"https:\/\/lasprimeras.com.do\/index.php\/wp-json\/wp\/v2\/posts\/82667\/revisions\/82669"}],"wp:featuredmedia":[{"embeddable":true,"href":"https:\/\/lasprimeras.com.do\/index.php\/wp-json\/wp\/v2\/media\/82668"}],"wp:attachment":[{"href":"https:\/\/lasprimeras.com.do\/index.php\/wp-json\/wp\/v2\/media?parent=82667"}],"wp:term":[{"taxonomy":"category","embeddable":true,"href":"https:\/\/lasprimeras.com.do\/index.php\/wp-json\/wp\/v2\/categories?post=82667"},{"taxonomy":"post_tag","embeddable":true,"href":"https:\/\/lasprimeras.com.do\/index.php\/wp-json\/wp\/v2\/tags?post=82667"}],"curies":[{"name":"wp","href":"https:\/\/api.w.org\/{rel}","templated":true}]}}