{"id":82694,"date":"2024-05-06T22:18:37","date_gmt":"2024-05-07T02:18:37","guid":{"rendered":"https:\/\/lasprimeras.com.do\/?p=82694"},"modified":"2024-05-06T22:18:39","modified_gmt":"2024-05-07T02:18:39","slug":"presidente-abinader-sera-reconocido-este-miercoles-por-su-liderazgo-en-las-americas","status":"publish","type":"post","link":"https:\/\/lasprimeras.com.do\/index.php\/2024\/05\/06\/presidente-abinader-sera-reconocido-este-miercoles-por-su-liderazgo-en-las-americas\/","title":{"rendered":"Presidente Abinader ser\u00e1 reconocido este mi\u00e9rcoles por su liderazgo en las Am\u00e9ricas"},"content":{"rendered":"\n<p>Santo Domingo. \u2013 El presidente Luis Abinader viajar\u00e1 esta semana a la ciudad de Washington donde recibir\u00e1 el premio Chairman\u2019s Award for Leadership in the Americas y adem\u00e1s participar\u00e1 como orador en la 54 Conferencia Anual de Washington sobre las Am\u00e9ricas.<\/p>\n\n\n\n<p>El premio es otorgado por el Consejo de las Am\u00e9ricas, el cual afirm\u00f3 que el l\u00edder dominicano ha trabajado para promover la seguridad regional, apoyar la democracia y luchar contra la corrupci\u00f3n desde que asumi\u00f3 la presidencia en 2020.<\/p>\n\n\n\n<p>El acto tendr\u00e1 lugar este mi\u00e9rcoles 8 de mayo en la sede de la Organizaci\u00f3n de Estados Americanos, OEA.<\/p>\n\n\n\n<p>El mandatario viajar\u00e1 acompa\u00f1ado de la primera dama, Raquel Arbaje; los ministros, de Relaciones Exteriores, Roberto \u00c1lvarez; de Hacienda, Jos\u00e9 Manuel Vicente; de Econom\u00eda, Pavel Isa; sus asistentes, Eilyn Beltr\u00e1n y Lourdes Herrera, el jefe del Cuerpo de Seguridad Presidencial (CUSEP), Jimmy Arias; Julio Eduardo D\u00edaz Sosa.<\/p>\n\n\n\n<p>Tambi\u00e9n, se unir\u00e1 a la delegaci\u00f3n la embajadora dominicana en Washington, Sonia Guzm\u00e1n; y el director de prensa del Presidente, Daniel Garc\u00eda Archibald.<\/p>\n\n\n\n<p>Este reconocimiento se otorga a funcionarios elegidos democr\u00e1ticamente que hayan demostrado un compromiso excepcional con el Hemisferio Oeste.<\/p>\n\n\n\n<p>El Chairman\u2019s Award for Leadership in the Americas se ha entregado en el pasado a otros l\u00edderes de la regi\u00f3n, entre ellos Luis Almagro, Secretario General de la Organizaci\u00f3n de Estados Americanos en 2022; Bill Cassidy, Senador de Estados Unidos en 2021; y Marco Rubio, Senador de Estados Unidos en 2019.<\/p>\n\n\n\n<p>La Conferencia Anual de Washington sobre las Am\u00e9ricas es el principal evento sobre la regi\u00f3n, en la que cada a\u00f1o funcionarios del m\u00e1s alto nivel hablan sobre temas cr\u00edticos como el comercio, la democracia, la energ\u00eda y m\u00e1s. Tambi\u00e9n ofrece a los participantes la oportunidad de interactuar con l\u00edderes empresariales y pol\u00edticos, miembros de la comunidad diplom\u00e1tica e invitados especiales de todo el hemisferio.<\/p>\n","protected":false},"excerpt":{"rendered":"<p>Santo Domingo. \u2013 El presidente Luis Abinader viajar\u00e1 esta semana a la ciudad de Washington donde recibir\u00e1 el premio Chairman\u2019s Award for Leadership in the Americas y adem\u00e1s participar\u00e1 como&hellip;<\/p>\n","protected":false},"author":3,"featured_media":82696,"comment_status":"open","ping_status":"open","sticky":false,"template":"","format":"standard","meta":{"content-type":"","jetpack_post_was_ever_published":false,"_jetpack_newsletter_access":"","_jetpack_dont_email_post_to_subs":false,"_jetpack_newsletter_tier_id":0,"_jetpack_memberships_contains_paywalled_content":false,"_jetpack_memberships_contains_paid_content":false,"footnotes":""},"categories":[25],"tags":[67],"class_list":["post-82694","post","type-post","status-publish","format-standard","has-post-thumbnail","hentry","category-portada","tag-luis-abinader"],"jetpack_featured_media_url":"https:\/\/lasprimeras.com.do\/wp-content\/uploads\/2024\/05\/6a0c8a05-4f4b-48f5-a1d9-1ad180753c4a-6.jpg","jetpack-related-posts":[{"id":82793,"url":"https:\/\/lasprimeras.com.do\/index.php\/2024\/05\/07\/abinader-llega-a-washington-donde-recibira-reconocimiento-por-su-liderazgo-en-las-americas\/","url_meta":{"origin":82694,"position":0},"title":"Abinader llega a Washington donde recibir\u00e1 reconocimiento por su liderazgo en las Am\u00e9ricas","author":"Esteffany Vargas","date":"7 de mayo de 2024","format":false,"excerpt":"Mandatario hace pausa de 24 horas en su campa\u00f1a electoral. Regresar\u00e1 ma\u00f1ana. El presidente Luis Abinader lleg\u00f3 a la 7:45 de esta noche a la ciudad de Washington DC, donde recibir\u00e1 el premio Chairman\u2019s Award for Leadership in the Americas y adem\u00e1s participar\u00e1 como orador en la 54 Conferencia Anual\u2026","rel":"","context":"En \u00abNACIONALES\u00bb","block_context":{"text":"NACIONALES","link":"https:\/\/lasprimeras.com.do\/index.php\/category\/nacionales\/"},"img":{"alt_text":"Luis Abinader","src":"https:\/\/i0.wp.com\/lasprimeras.com.do\/wp-content\/uploads\/2024\/05\/Luis-Abinader-12.jpg?resize=350%2C200&ssl=1","width":350,"height":200,"srcset":"https:\/\/i0.wp.com\/lasprimeras.com.do\/wp-content\/uploads\/2024\/05\/Luis-Abinader-12.jpg?resize=350%2C200&ssl=1 1x, https:\/\/i0.wp.com\/lasprimeras.com.do\/wp-content\/uploads\/2024\/05\/Luis-Abinader-12.jpg?resize=525%2C300&ssl=1 1.5x, https:\/\/i0.wp.com\/lasprimeras.com.do\/wp-content\/uploads\/2024\/05\/Luis-Abinader-12.jpg?resize=700%2C400&ssl=1 2x"},"classes":[]},{"id":65695,"url":"https:\/\/lasprimeras.com.do\/index.php\/2023\/10\/30\/abinader-viajara-a-washington-este-miercoles-para-reunion-con-joe-biden\/","url_meta":{"origin":82694,"position":1},"title":"Abinader viajar\u00e1 a Washington este mi\u00e9rcoles para reuni\u00f3n con Joe Biden","author":"Nelson Feliz","date":"30 de octubre de 2023","format":false,"excerpt":"El mandatario regresar\u00e1 el pr\u00f3ximo viernes al pa\u00eds. El presidente Luis Abinader inform\u00f3 que viajar\u00e1 este mi\u00e9rcoles a Washington, capital de Estados Unidos, para cumplir con una invitaci\u00f3n del presidente de ese pa\u00eds, Joe Biden, en la cumbre Alianza para la Prosperidad Econ\u00f3mica en Las Am\u00e9ricas. En la agenda, el\u2026","rel":"","context":"En \u00abNACIONALES\u00bb","block_context":{"text":"NACIONALES","link":"https:\/\/lasprimeras.com.do\/index.php\/category\/nacionales\/"},"img":{"alt_text":"Luis Abinader","src":"https:\/\/i0.wp.com\/lasprimeras.com.do\/wp-content\/uploads\/2023\/07\/Luis-Abinader-viaja.jpg?resize=350%2C200&ssl=1","width":350,"height":200,"srcset":"https:\/\/i0.wp.com\/lasprimeras.com.do\/wp-content\/uploads\/2023\/07\/Luis-Abinader-viaja.jpg?resize=350%2C200&ssl=1 1x, https:\/\/i0.wp.com\/lasprimeras.com.do\/wp-content\/uploads\/2023\/07\/Luis-Abinader-viaja.jpg?resize=525%2C300&ssl=1 1.5x, https:\/\/i0.wp.com\/lasprimeras.com.do\/wp-content\/uploads\/2023\/07\/Luis-Abinader-viaja.jpg?resize=700%2C400&ssl=1 2x"},"classes":[]},{"id":98421,"url":"https:\/\/lasprimeras.com.do\/index.php\/2025\/05\/07\/abinader-sale-a-washington-para-reunion-con-el-secretario-de-estado-marco-rubio\/","url_meta":{"origin":82694,"position":2},"title":"Abinader sale a Washington para reuni\u00f3n con el Secretario de Estado Marco Rubio","author":"Nelson Feliz","date":"7 de mayo de 2025","format":false,"excerpt":"El mandatario tambi\u00e9n recibir\u00e1 el Premio Internacional al Liderazgo por parte del Instituto Congresual de Liderazgo Hispano (CHLI). El presidente Luis Abinader sali\u00f3 la ma\u00f1ana de este mi\u00e9rcoles a Washington, donde sostendr\u00e1 una reuni\u00f3n bilateral con el Secretario de Estado de los Estados Unidos de Am\u00e9rica, Marco Rubio. Asimismo, el\u2026","rel":"","context":"En \u00abNACIONALES\u00bb","block_context":{"text":"NACIONALES","link":"https:\/\/lasprimeras.com.do\/index.php\/category\/nacionales\/"},"img":{"alt_text":"","src":"https:\/\/i0.wp.com\/lasprimeras.com.do\/wp-content\/uploads\/2025\/05\/Luis-Abinader-1-1.jpg?resize=350%2C200&ssl=1","width":350,"height":200,"srcset":"https:\/\/i0.wp.com\/lasprimeras.com.do\/wp-content\/uploads\/2025\/05\/Luis-Abinader-1-1.jpg?resize=350%2C200&ssl=1 1x, https:\/\/i0.wp.com\/lasprimeras.com.do\/wp-content\/uploads\/2025\/05\/Luis-Abinader-1-1.jpg?resize=525%2C300&ssl=1 1.5x, https:\/\/i0.wp.com\/lasprimeras.com.do\/wp-content\/uploads\/2025\/05\/Luis-Abinader-1-1.jpg?resize=700%2C400&ssl=1 2x"},"classes":[]},{"id":65827,"url":"https:\/\/lasprimeras.com.do\/index.php\/2023\/11\/01\/abinader-viaja-hoy-a-washington-para-reunion-con-joe-biden-y-otros-presidentes-latinoamericanos\/","url_meta":{"origin":82694,"position":3},"title":"Abinader viaja hoy a Washington para reuni\u00f3n con Joe Biden y otros presidentes latinoamericanos","author":"Nelson Feliz","date":"1 de noviembre de 2023","format":false,"excerpt":"Mandatario participar\u00e1 en la primera sesi\u00f3n de trabajo de jefes de Estado y de Gobierno de APEP. El presidente Luis Abinader viajar\u00e1 hoy a Washington D.C., Estados Unidos, para participar en la Cumbre de L\u00edderes de la Alianza para la Prosperidad Econ\u00f3mica en las Am\u00e9ricas (APEP). La salida del mandatario\u2026","rel":"","context":"En \u00abNACIONALES\u00bb","block_context":{"text":"NACIONALES","link":"https:\/\/lasprimeras.com.do\/index.php\/category\/nacionales\/"},"img":{"alt_text":"","src":"https:\/\/i0.wp.com\/lasprimeras.com.do\/wp-content\/uploads\/2023\/11\/Luis-Abinader-viaja.jpg?resize=350%2C200&ssl=1","width":350,"height":200,"srcset":"https:\/\/i0.wp.com\/lasprimeras.com.do\/wp-content\/uploads\/2023\/11\/Luis-Abinader-viaja.jpg?resize=350%2C200&ssl=1 1x, https:\/\/i0.wp.com\/lasprimeras.com.do\/wp-content\/uploads\/2023\/11\/Luis-Abinader-viaja.jpg?resize=525%2C300&ssl=1 1.5x, https:\/\/i0.wp.com\/lasprimeras.com.do\/wp-content\/uploads\/2023\/11\/Luis-Abinader-viaja.jpg?resize=700%2C400&ssl=1 2x"},"classes":[]},{"id":65947,"url":"https:\/\/lasprimeras.com.do\/index.php\/2023\/11\/01\/abinader-llega-a-washington-para-reunion-con-joe-biden-y-otros-presidentes-latinoamericanos\/","url_meta":{"origin":82694,"position":4},"title":"Abinader llega a Washington para reuni\u00f3n con Joe Biden y otros presidentes latinoamericanos","author":"Nelson Feliz","date":"1 de noviembre de 2023","format":false,"excerpt":"El mandatario dominicano participar\u00e1 en la primera sesi\u00f3n de trabajo de jefes de Estado y de Gobierno de APEP Washington, EU.- El presidente Luis Abinader arrib\u00f3 esta tarde a la capital norteamericana, donde sostendr\u00e1 un encuentro con su hom\u00f3logo estadounidense Joe Biden y otros mandatarios latinoamericanos. El mandatario viaj\u00f3 la\u2026","rel":"","context":"En \u00abNACIONALES\u00bb","block_context":{"text":"NACIONALES","link":"https:\/\/lasprimeras.com.do\/index.php\/category\/nacionales\/"},"img":{"alt_text":"Luis Abinader","src":"https:\/\/i0.wp.com\/lasprimeras.com.do\/wp-content\/uploads\/2023\/11\/Luis-Abinader-2.jpg?resize=350%2C200&ssl=1","width":350,"height":200,"srcset":"https:\/\/i0.wp.com\/lasprimeras.com.do\/wp-content\/uploads\/2023\/11\/Luis-Abinader-2.jpg?resize=350%2C200&ssl=1 1x, https:\/\/i0.wp.com\/lasprimeras.com.do\/wp-content\/uploads\/2023\/11\/Luis-Abinader-2.jpg?resize=525%2C300&ssl=1 1.5x, https:\/\/i0.wp.com\/lasprimeras.com.do\/wp-content\/uploads\/2023\/11\/Luis-Abinader-2.jpg?resize=700%2C400&ssl=1 2x"},"classes":[]},{"id":88751,"url":"https:\/\/lasprimeras.com.do\/index.php\/2024\/09\/05\/abinader-regresa-de-estados-unidos\/","url_meta":{"origin":82694,"position":5},"title":"Abinader regresa de Estados Unidos","author":"Nelson Feliz","date":"5 de septiembre de 2024","format":false,"excerpt":"El presidente Luis Abinader regres\u00f3 este jueves de los Estados Unidos, luego de participar como orador en importantes conferencias en las ciudades de Nueva York y Washington, en donde destac\u00f3 la estabilidad econ\u00f3mica y oportunidades de inversi\u00f3n del pa\u00eds y reafirm\u00f3 su compromiso con la democracia y el desarrollo sostenible.\u2026","rel":"","context":"En \u00abNACIONALES\u00bb","block_context":{"text":"NACIONALES","link":"https:\/\/lasprimeras.com.do\/index.php\/category\/nacionales\/"},"img":{"alt_text":"","src":"https:\/\/i0.wp.com\/lasprimeras.com.do\/wp-content\/uploads\/2024\/09\/luis.jpg?resize=350%2C200&ssl=1","width":350,"height":200,"srcset":"https:\/\/i0.wp.com\/lasprimeras.com.do\/wp-content\/uploads\/2024\/09\/luis.jpg?resize=350%2C200&ssl=1 1x, https:\/\/i0.wp.com\/lasprimeras.com.do\/wp-content\/uploads\/2024\/09\/luis.jpg?resize=525%2C300&ssl=1 1.5x, https:\/\/i0.wp.com\/lasprimeras.com.do\/wp-content\/uploads\/2024\/09\/luis.jpg?resize=700%2C400&ssl=1 2x"},"classes":[]}],"jetpack_sharing_enabled":true,"_links":{"self":[{"href":"https:\/\/lasprimeras.com.do\/index.php\/wp-json\/wp\/v2\/posts\/82694","targetHints":{"allow":["GET"]}}],"collection":[{"href":"https:\/\/lasprimeras.com.do\/index.php\/wp-json\/wp\/v2\/posts"}],"about":[{"href":"https:\/\/lasprimeras.com.do\/index.php\/wp-json\/wp\/v2\/types\/post"}],"author":[{"embeddable":true,"href":"https:\/\/lasprimeras.com.do\/index.php\/wp-json\/wp\/v2\/users\/3"}],"replies":[{"embeddable":true,"href":"https:\/\/lasprimeras.com.do\/index.php\/wp-json\/wp\/v2\/comments?post=82694"}],"version-history":[{"count":1,"href":"https:\/\/lasprimeras.com.do\/index.php\/wp-json\/wp\/v2\/posts\/82694\/revisions"}],"predecessor-version":[{"id":82697,"href":"https:\/\/lasprimeras.com.do\/index.php\/wp-json\/wp\/v2\/posts\/82694\/revisions\/82697"}],"wp:featuredmedia":[{"embeddable":true,"href":"https:\/\/lasprimeras.com.do\/index.php\/wp-json\/wp\/v2\/media\/82696"}],"wp:attachment":[{"href":"https:\/\/lasprimeras.com.do\/index.php\/wp-json\/wp\/v2\/media?parent=82694"}],"wp:term":[{"taxonomy":"category","embeddable":true,"href":"https:\/\/lasprimeras.com.do\/index.php\/wp-json\/wp\/v2\/categories?post=82694"},{"taxonomy":"post_tag","embeddable":true,"href":"https:\/\/lasprimeras.com.do\/index.php\/wp-json\/wp\/v2\/tags?post=82694"}],"curies":[{"name":"wp","href":"https:\/\/api.w.org\/{rel}","templated":true}]}}