{"id":82698,"date":"2024-05-06T22:19:29","date_gmt":"2024-05-07T02:19:29","guid":{"rendered":"https:\/\/lasprimeras.com.do\/?p=82698"},"modified":"2024-05-06T22:19:31","modified_gmt":"2024-05-07T02:19:31","slug":"gobierno-y-expresidentes-de-la-adp-se-reunen-para-buscar-solucion-a-situacion","status":"publish","type":"post","link":"https:\/\/lasprimeras.com.do\/index.php\/2024\/05\/06\/gobierno-y-expresidentes-de-la-adp-se-reunen-para-buscar-solucion-a-situacion\/","title":{"rendered":"Gobierno y expresidentes de la ADP se re\u00fanen para buscar soluci\u00f3n a situaci\u00f3n"},"content":{"rendered":"\n<p>SANTO DOMINGO.- El ministro de Educaci\u00f3n, \u00c1ngel Hern\u00e1ndez, se reuni\u00f3 con una comisi\u00f3n conformada por varios expresidentes de la Asociaci\u00f3n Dominicana de Profesores (ADP) para tratar algunas alternativas sobre las diferencias que existen entre el gobierno y el gremio, respecto a las demandas del cumplimiento de las solicitudes de los maestros.<\/p>\n\n\n\n<p>La informaci\u00f3n la ofreci\u00f3 el presidente Luis Abinader al ser preguntado sobre el tema en el encuentro La Semanal, donde precis\u00f3 que las partes se reunir\u00e1n nuevamente el mi\u00e9rcoles.<\/p>\n\n\n\n<p>\u00abEl ministro de Educaci\u00f3n me inform\u00f3 que se reuni\u00f3 con los expresidentes de la ADP y que est\u00e1n discutiendo algunas alternativas de soluci\u00f3n a las diferencias que tenemos, como siempre hemos tenido las puertas abiertas. Esperamos que eso suceda y se van a reunir el mi\u00e9rcoles, nosotros le dimos el apoyo para que participara en esa negociaci\u00f3n\u00bb, precis\u00f3 el Mandatario.<\/p>\n\n\n\n<p>Se recuerda que el presidente de la ADP, Eduardo Hidalgo, inform\u00f3 que esa organizaci\u00f3n dio un plazo de 72 horas, iniciando el martes 7 del presente mes, al Ministerio de Educaci\u00f3n para retomar el di\u00e1logo, decisi\u00f3n que tom\u00f3 el Comit\u00e9 Ejecutivo de esa entidad tras recibir la solicitud de varios expresidentes de la ADP, de formar una comisi\u00f3n de mediaci\u00f3n y contactar con el Ministerio de Educaci\u00f3n para retomar las conversaciones en demanda del cumplimiento de las reclamos de los profesores.<\/p>\n\n\n\n<p>Entre las demandas de la ADP est\u00e1n aumento salarial para los jubilados y pensionados, directores de los centros educativos, equipamiento de las escuelas, liceos y polit\u00e9cnicos, nombramiento de profesores, personal de seguridad, limpieza; mejoras en el desayuno, merienda, almuerzo escolar, as\u00ed como otros pedidos.<\/p>\n\n\n\n<p>El pasado el jueves, el ministro de Educaci\u00f3n anunci\u00f3 un aumento salarial de un 8% a los docentes, el cual implica RD$5,174.5 millones adicionales en lo que resta del a\u00f1o y en 2025, lo que el Comit\u00e9 Ejecutivo del gremio consider\u00f3 de insuficiente y que la instituci\u00f3n lo hizo de manera unilateral.<\/p>\n","protected":false},"excerpt":{"rendered":"<p>SANTO DOMINGO.- El ministro de Educaci\u00f3n, \u00c1ngel Hern\u00e1ndez, se reuni\u00f3 con una comisi\u00f3n conformada por varios expresidentes de la Asociaci\u00f3n Dominicana de Profesores (ADP) para tratar algunas alternativas sobre las&hellip;<\/p>\n","protected":false},"author":3,"featured_media":82695,"comment_status":"open","ping_status":"open","sticky":false,"template":"","format":"standard","meta":{"content-type":"","jetpack_post_was_ever_published":false,"_jetpack_newsletter_access":"","_jetpack_dont_email_post_to_subs":false,"_jetpack_newsletter_tier_id":0,"_jetpack_memberships_contains_paywalled_content":false,"_jetpack_memberships_contains_paid_content":false,"footnotes":""},"categories":[25],"tags":[882],"class_list":["post-82698","post","type-post","status-publish","format-standard","has-post-thumbnail","hentry","category-portada","tag-adp"],"jetpack_featured_media_url":"https:\/\/lasprimeras.com.do\/wp-content\/uploads\/2024\/05\/Janet-Camilo-exige-a-Carolina-explicar-en-que-se-han-invertido-RD-155-millones-en-DN.jpg","jetpack-related-posts":[{"id":82900,"url":"https:\/\/lasprimeras.com.do\/index.php\/2024\/05\/08\/educacion-y-adp-llegan-acuerdo-que-incluye-aumento-de-salarios\/","url_meta":{"origin":82698,"position":0},"title":"Educaci\u00f3n y ADP llegan acuerdo que incluye aumento de salarios","author":"Nelson Feliz","date":"8 de mayo de 2024","format":false,"excerpt":"El Ministerio de Educaci\u00f3n y la Asociaci\u00f3n Dominicana de Profesores (ADP) alcanzaron este mi\u00e9rcoles un acuerdo de varios puntos, entre los que se incluye un aumento salarial para los docentes. As\u00ed lo inform\u00f3 Enrique de Le\u00f3n, quien form\u00f3 parte de una comisi\u00f3n de expresidentes del gremio que se reuni\u00f3 con\u2026","rel":"","context":"En \u00abECONOM\u00cdA\u00bb","block_context":{"text":"ECONOM\u00cdA","link":"https:\/\/lasprimeras.com.do\/index.php\/category\/economia\/"},"img":{"alt_text":"","src":"https:\/\/i0.wp.com\/lasprimeras.com.do\/wp-content\/uploads\/2024\/05\/ADP-Y-EDUCACION.jpeg?resize=350%2C200&ssl=1","width":350,"height":200,"srcset":"https:\/\/i0.wp.com\/lasprimeras.com.do\/wp-content\/uploads\/2024\/05\/ADP-Y-EDUCACION.jpeg?resize=350%2C200&ssl=1 1x, https:\/\/i0.wp.com\/lasprimeras.com.do\/wp-content\/uploads\/2024\/05\/ADP-Y-EDUCACION.jpeg?resize=525%2C300&ssl=1 1.5x, https:\/\/i0.wp.com\/lasprimeras.com.do\/wp-content\/uploads\/2024\/05\/ADP-Y-EDUCACION.jpeg?resize=700%2C400&ssl=1 2x, https:\/\/i0.wp.com\/lasprimeras.com.do\/wp-content\/uploads\/2024\/05\/ADP-Y-EDUCACION.jpeg?resize=1050%2C600&ssl=1 3x, https:\/\/i0.wp.com\/lasprimeras.com.do\/wp-content\/uploads\/2024\/05\/ADP-Y-EDUCACION.jpeg?resize=1400%2C800&ssl=1 4x"},"classes":[]},{"id":82246,"url":"https:\/\/lasprimeras.com.do\/index.php\/2024\/04\/30\/adp-ratifica-marcha-para-este-miercoles\/","url_meta":{"origin":82698,"position":1},"title":"ADP ratifica marcha para este mi\u00e9rcoles","author":"BIMARY DE JES\u00daS Matos","date":"30 de abril de 2024","format":false,"excerpt":"Santo Domingo.- Pese al llamado de varias organizaciones civiles y religiosas, la ADP no dobla el pulso y asegura todo est\u00e1 listo para la manifestaci\u00f3n de este mi\u00e9rcoles, en reclamo de un aumento salarial y otras reivindicaciones. Al indicar que el gobierno no les ha dejado otro camino, la ADP\u2026","rel":"","context":"En \u00abNACIONALES\u00bb","block_context":{"text":"NACIONALES","link":"https:\/\/lasprimeras.com.do\/index.php\/category\/nacionales\/"},"img":{"alt_text":"","src":"https:\/\/i0.wp.com\/lasprimeras.com.do\/wp-content\/uploads\/2024\/04\/DSC00247-1.webp?resize=350%2C200&ssl=1","width":350,"height":200,"srcset":"https:\/\/i0.wp.com\/lasprimeras.com.do\/wp-content\/uploads\/2024\/04\/DSC00247-1.webp?resize=350%2C200&ssl=1 1x, https:\/\/i0.wp.com\/lasprimeras.com.do\/wp-content\/uploads\/2024\/04\/DSC00247-1.webp?resize=525%2C300&ssl=1 1.5x, https:\/\/i0.wp.com\/lasprimeras.com.do\/wp-content\/uploads\/2024\/04\/DSC00247-1.webp?resize=700%2C400&ssl=1 2x"},"classes":[]},{"id":108099,"url":"https:\/\/lasprimeras.com.do\/index.php\/2025\/09\/03\/la-paralizacion-de-docencia-de-la-adp-contradice-acuerdos-firmados-con-el-ministerio-de-educacion\/","url_meta":{"origin":82698,"position":2},"title":"La paralizaci\u00f3n de docencia de la ADP contradice acuerdos firmados con el Ministerio de Educaci\u00f3n","author":"Nelson Feliz","date":"3 de septiembre de 2025","format":false,"excerpt":"El gremio dice que la huelga es un proceso natural de los sindicatos. Los paros de docencia por parte de la Asociaci\u00f3n Dominicana de Profesores (ADP) han sido una herramienta utilizada con frecuencia por el gremio en sus constantes protestas en busca de beneficios o en reclamos de situaciones que\u2026","rel":"","context":"En \u00abNACIONALES\u00bb","block_context":{"text":"NACIONALES","link":"https:\/\/lasprimeras.com.do\/index.php\/category\/nacionales\/"},"img":{"alt_text":"Estudiantes","src":"https:\/\/i0.wp.com\/lasprimeras.com.do\/wp-content\/uploads\/2023\/07\/Estudiantes.jpg?resize=350%2C200&ssl=1","width":350,"height":200,"srcset":"https:\/\/i0.wp.com\/lasprimeras.com.do\/wp-content\/uploads\/2023\/07\/Estudiantes.jpg?resize=350%2C200&ssl=1 1x, https:\/\/i0.wp.com\/lasprimeras.com.do\/wp-content\/uploads\/2023\/07\/Estudiantes.jpg?resize=525%2C300&ssl=1 1.5x, https:\/\/i0.wp.com\/lasprimeras.com.do\/wp-content\/uploads\/2023\/07\/Estudiantes.jpg?resize=700%2C400&ssl=1 2x"},"classes":[]},{"id":52826,"url":"https:\/\/lasprimeras.com.do\/index.php\/2023\/06\/21\/abinader-impulsa-acuerdo-nacional-entre-adp-y-educacion\/","url_meta":{"origin":82698,"position":3},"title":"Abinader impulsa acuerdo nacional entre ADP y Educaci\u00f3n","author":"Nelson Feliz","date":"21 de junio de 2023","format":false,"excerpt":"El presidente Luis Abinader se reuni\u00f3 con los directivos de la Asociaci\u00f3n Dominicana de Profesores (ADP) Eduardo Hidalgo y el ministro de Educaci\u00f3n \u00c1ngel Hern\u00e1ndez e insta a un gran acuerdo nacional. La informaci\u00f3n la ofreci\u00f3 el Defensor del Pueblo, Pablo Ulloa, al finalizar la reuni\u00f3n de dos horas realizada\u2026","rel":"","context":"En \u00abNACIONALES\u00bb","block_context":{"text":"NACIONALES","link":"https:\/\/lasprimeras.com.do\/index.php\/category\/nacionales\/"},"img":{"alt_text":"Luis Abinader","src":"https:\/\/i0.wp.com\/lasprimeras.com.do\/wp-content\/uploads\/2023\/06\/Luis-Abinader-5.jpg?resize=350%2C200&ssl=1","width":350,"height":200,"srcset":"https:\/\/i0.wp.com\/lasprimeras.com.do\/wp-content\/uploads\/2023\/06\/Luis-Abinader-5.jpg?resize=350%2C200&ssl=1 1x, https:\/\/i0.wp.com\/lasprimeras.com.do\/wp-content\/uploads\/2023\/06\/Luis-Abinader-5.jpg?resize=525%2C300&ssl=1 1.5x, https:\/\/i0.wp.com\/lasprimeras.com.do\/wp-content\/uploads\/2023\/06\/Luis-Abinader-5.jpg?resize=700%2C400&ssl=1 2x"},"classes":[]},{"id":109943,"url":"https:\/\/lasprimeras.com.do\/index.php\/2025\/09\/23\/adp-defiende-la-educacion-publica-y-el-derecho-de-los-estudiantes\/","url_meta":{"origin":82698,"position":4},"title":"ADP defiende la educaci\u00f3n p\u00fablica y el derecho de los estudiantes","author":"Nelson Feliz","date":"23 de septiembre de 2025","format":false,"excerpt":"La ADP alza su voz frente a: La corrupci\u00f3n. La privatizaci\u00f3n. El abandono del sistema educativo. Los graves problemas educativos. Y propone medidas para enfrentar la crisis educativa. \u201cEl 10% de los estudiantes inscritos en escuelas p\u00fablicas no pudieron iniciar clases el 25 de agosto por falta de condiciones m\u00ednimas,\u2026","rel":"","context":"En \u00abNACIONALES\u00bb","block_context":{"text":"NACIONALES","link":"https:\/\/lasprimeras.com.do\/index.php\/category\/nacionales\/"},"img":{"alt_text":"","src":"https:\/\/i0.wp.com\/lasprimeras.com.do\/wp-content\/uploads\/2025\/09\/ADP-1.jpg?resize=350%2C200&ssl=1","width":350,"height":200,"srcset":"https:\/\/i0.wp.com\/lasprimeras.com.do\/wp-content\/uploads\/2025\/09\/ADP-1.jpg?resize=350%2C200&ssl=1 1x, https:\/\/i0.wp.com\/lasprimeras.com.do\/wp-content\/uploads\/2025\/09\/ADP-1.jpg?resize=525%2C300&ssl=1 1.5x, https:\/\/i0.wp.com\/lasprimeras.com.do\/wp-content\/uploads\/2025\/09\/ADP-1.jpg?resize=700%2C400&ssl=1 2x"},"classes":[]},{"id":119036,"url":"https:\/\/lasprimeras.com.do\/index.php\/2026\/01\/06\/adp-asegura-que-el-reinicio-de-las-clases-por-feriado-de-navidad-debe-el-7-de-enero\/","url_meta":{"origin":82698,"position":5},"title":"ADP asegura que el reinicio de las clases por feriado de navidad debe el 7 de enero","author":"Nelson Feliz","date":"6 de enero de 2026","format":false,"excerpt":"La Asociaci\u00f3n Dominicana de Profesores (ADP) llam\u00f3 al Ministerio de Educaci\u00f3n (MINERD) a cumplir lo establecido en su propio comunicado a los medios y en el calendario escolar, en su p\u00e1gina 39, con respecto al reinicio de las clases por el feriado de Navidad que debe ser el mi\u00e9rcoles 7\u2026","rel":"","context":"En \u00abNACIONALES\u00bb","block_context":{"text":"NACIONALES","link":"https:\/\/lasprimeras.com.do\/index.php\/category\/nacionales\/"},"img":{"alt_text":"","src":"https:\/\/i0.wp.com\/lasprimeras.com.do\/wp-content\/uploads\/2025\/09\/ADP-1.jpg?resize=350%2C200&ssl=1","width":350,"height":200,"srcset":"https:\/\/i0.wp.com\/lasprimeras.com.do\/wp-content\/uploads\/2025\/09\/ADP-1.jpg?resize=350%2C200&ssl=1 1x, https:\/\/i0.wp.com\/lasprimeras.com.do\/wp-content\/uploads\/2025\/09\/ADP-1.jpg?resize=525%2C300&ssl=1 1.5x, https:\/\/i0.wp.com\/lasprimeras.com.do\/wp-content\/uploads\/2025\/09\/ADP-1.jpg?resize=700%2C400&ssl=1 2x"},"classes":[]}],"jetpack_sharing_enabled":true,"_links":{"self":[{"href":"https:\/\/lasprimeras.com.do\/index.php\/wp-json\/wp\/v2\/posts\/82698","targetHints":{"allow":["GET"]}}],"collection":[{"href":"https:\/\/lasprimeras.com.do\/index.php\/wp-json\/wp\/v2\/posts"}],"about":[{"href":"https:\/\/lasprimeras.com.do\/index.php\/wp-json\/wp\/v2\/types\/post"}],"author":[{"embeddable":true,"href":"https:\/\/lasprimeras.com.do\/index.php\/wp-json\/wp\/v2\/users\/3"}],"replies":[{"embeddable":true,"href":"https:\/\/lasprimeras.com.do\/index.php\/wp-json\/wp\/v2\/comments?post=82698"}],"version-history":[{"count":1,"href":"https:\/\/lasprimeras.com.do\/index.php\/wp-json\/wp\/v2\/posts\/82698\/revisions"}],"predecessor-version":[{"id":82699,"href":"https:\/\/lasprimeras.com.do\/index.php\/wp-json\/wp\/v2\/posts\/82698\/revisions\/82699"}],"wp:featuredmedia":[{"embeddable":true,"href":"https:\/\/lasprimeras.com.do\/index.php\/wp-json\/wp\/v2\/media\/82695"}],"wp:attachment":[{"href":"https:\/\/lasprimeras.com.do\/index.php\/wp-json\/wp\/v2\/media?parent=82698"}],"wp:term":[{"taxonomy":"category","embeddable":true,"href":"https:\/\/lasprimeras.com.do\/index.php\/wp-json\/wp\/v2\/categories?post=82698"},{"taxonomy":"post_tag","embeddable":true,"href":"https:\/\/lasprimeras.com.do\/index.php\/wp-json\/wp\/v2\/tags?post=82698"}],"curies":[{"name":"wp","href":"https:\/\/api.w.org\/{rel}","templated":true}]}}