{"id":82718,"date":"2024-05-06T23:57:27","date_gmt":"2024-05-07T03:57:27","guid":{"rendered":"https:\/\/lasprimeras.com.do\/?p=82718"},"modified":"2024-05-06T23:57:28","modified_gmt":"2024-05-07T03:57:28","slug":"sdp-capacita-sobre-mitigacion-y-abordaje-de-dengue-frente-a-pronostico-de-pico-epidemico","status":"publish","type":"post","link":"https:\/\/lasprimeras.com.do\/index.php\/2024\/05\/06\/sdp-capacita-sobre-mitigacion-y-abordaje-de-dengue-frente-a-pronostico-de-pico-epidemico\/","title":{"rendered":"SDP capacita sobre mitigaci\u00f3n y abordaje de dengue frente a pron\u00f3stico de pico epid\u00e9mico"},"content":{"rendered":"\n<p>De acuerdo con informes de la Organizaci\u00f3n Panamericana de la Salud, se estima este a\u00f1o podr\u00eda ser uno de los peores a\u00f1os de pico epid\u00e9mico por dengue, debido a la alta y sostenida de casos en la regi\u00f3n de las Am\u00e9ricas, una realidad que no escapa al pa\u00eds.<\/p>\n\n\n\n<p>La Sociedad Dominicana de Pediatr\u00eda motiva a entidades a capacitar a nivel nacional para su mitigaci\u00f3n y abordaje ante pico epid\u00e9mico por dengue.<\/p>\n\n\n\n<p>La presidenta de la Sociedad Dominicana de Pediatr\u00eda, doctora Rosa Acevedo Salad\u00edn, destac\u00f3 que en la Rep\u00fablica Dominicana, el dengue es una enfermedad end\u00e9mica con un comportamiento epid\u00e9mico cada 3 a 5 a\u00f1os.<\/p>\n\n\n\n<p>Este a\u00f1o se estima uno de esos picos, por lo que debemos recalcar y trabajar de manera conjunta en la prevenci\u00f3n y formaci\u00f3n para una atenci\u00f3n oportuna, evitando as\u00ed complicaciones y p\u00e9rdidas de pacientes\u201d, as\u00ed destac\u00f3 la dooctora Acevedo Salad\u00edn<\/p>\n\n\n\n<p>Con el objetivo de aunar esfuerzos con la Campa\u00f1a Nacional Contra el Dengue, la Sociedad Dominicana de Pediatr\u00eda imparti\u00f3 este fin de semana un \u201cPrograma de preparaci\u00f3n y respuesta ante la realidad actual del dengue\u201d, donde participaron m\u00e1s de 450 pediatras a nivel nacional, bajo una modalidad presencial y virtual, en el cual los galenos pudieron conocer sobre el tratamiento adecuado desde su fase de diagn\u00f3stico y abordaje cl\u00ednico hasta el seguimiento de casos complejos con pacientes en cuidados intensivos.<\/p>\n\n\n\n<p>\u201cTodos los grupos etarios pueden verse afectados, sin embargo, en la poblaci\u00f3n de 4 a 19 a\u00f1os es donde se report\u00f3 la mayor\u00eda de los casos en el 2023\u201d, puntualiz\u00f3 la doctora Rosa Acevedo.<\/p>\n\n\n\n<p>Responsabilidad compartida<\/p>\n\n\n\n<p>Para la presidenta del SDP, la responsabilidad del control de esta epidemia es compartida y que requiere de un enfoque que integre a gobiernos, organizaciones de salud, comunidades, as\u00ed como de cada uno de los individuos que las componen, conscientes de que para evadir su propagaci\u00f3n es tan importante la eliminaci\u00f3n de los criaderos de mosquitos c\u00f3mo evitar sus picaduras, as\u00ed como una difusi\u00f3n de informaci\u00f3n precisa que permita concientizar a toda la poblaci\u00f3n.<\/p>\n\n\n\n<p>Tambi\u00e9n consider\u00f3 necesario fomentar m\u00e1s espacios para la prevenci\u00f3n y medidas de atenci\u00f3n, as\u00ed como abordar diferentes enfoques y estrategias que expandan el alcance a cada familia en el territorio nacional.<\/p>\n\n\n\n<p>\u201cEs esencial tener presente sus signos de alarma para evitar muertes y complicaciones por dengue. Fiebre, dolor de cabeza, dolor muscular y erupciones cut\u00e1neas son principales s\u00edntomas y estos deben notificarse de manera oportuna para tratarse a tiempo\u201d, se\u00f1al\u00f3 la especialista.<\/p>\n\n\n\n<p>En cifras<\/p>\n\n\n\n<p>En la regi\u00f3n de Las Am\u00e9ricas, el 2023 comenz\u00f3 con una alta transmisi\u00f3n de dengue; para el mes de julio, ya hab\u00edan sido notificados casi 3 millones de afectados y el a\u00f1o termin\u00f3 con el mayor registro de casos de todos los tiempos.<\/p>\n\n\n\n<p>En el 2024 continua con una alta y sostenida transmisi\u00f3n de dengue tanto que si comparamos este per\u00edodo con el mismo del a\u00f1o pasado se observa un incremento de un 157%, ascendiendo hasta un 225% con relaci\u00f3n a los \u00faltimos cinco a\u00f1os.<\/p>\n\n\n\n<p>La Sociedad Dominicana de Pediatr\u00eda realiza durante todo el a\u00f1o formaciones de actualizaci\u00f3n para sus miembros, sin embargo, con este curso quisieron hacer transversal las capacitaciones a todo el cuerpo de salud interesado en el tratamiento de dengue, a fin de estar preparados ante cualquier pron\u00f3stico.<\/p>\n","protected":false},"excerpt":{"rendered":"<p>De acuerdo con informes de la Organizaci\u00f3n Panamericana de la Salud, se estima este a\u00f1o podr\u00eda ser uno de los peores a\u00f1os de pico epid\u00e9mico por dengue, debido a la&hellip;<\/p>\n","protected":false},"author":6,"featured_media":82719,"comment_status":"open","ping_status":"open","sticky":false,"template":"","format":"standard","meta":{"content-type":"","jetpack_post_was_ever_published":false,"_jetpack_newsletter_access":"","_jetpack_dont_email_post_to_subs":false,"_jetpack_newsletter_tier_id":0,"_jetpack_memberships_contains_paywalled_content":false,"_jetpack_memberships_contains_paid_content":false,"footnotes":""},"categories":[1],"tags":[12825,458,549,6538,3761,12826,12824,1693],"class_list":["post-82718","post","type-post","status-publish","format-standard","has-post-thumbnail","hentry","category-sin-categoria","tag-abordaje","tag-dengue","tag-dominicana","tag-mitigacion","tag-pediatria","tag-pico-epidemico","tag-pronostico","tag-sociedad"],"jetpack_featured_media_url":"https:\/\/lasprimeras.com.do\/wp-content\/uploads\/2024\/05\/Representantes-de-la-Sociedad-Dominicana-de-Pediatria-en-el-marco-del-curso-intensivo-sobre-dengue.jpg","jetpack-related-posts":[{"id":65419,"url":"https:\/\/lasprimeras.com.do\/index.php\/2023\/10\/27\/brote-epidemico-del-dengue\/","url_meta":{"origin":82718,"position":0},"title":"Brote epid\u00e9mico del dengue","author":"Nelson Feliz","date":"27 de octubre de 2023","format":false,"excerpt":"Dr. Jes\u00fas Feris Iglesias \u200bEl dengue es una enfermedad end\u00e9mica, es decir, que se presentan casos durante todos los meses del a\u00f1o, todos los a\u00f1os, con alzas epid\u00e9micas cada tres a cinco a\u00f1os, que no es m\u00e1s, que la elevaci\u00f3n de los casos por arriba de lo esperado, la mayor\u00eda\u2026","rel":"","context":"En \u00abOPINI\u00d3N\u00bb","block_context":{"text":"OPINI\u00d3N","link":"https:\/\/lasprimeras.com.do\/index.php\/category\/opinion\/"},"img":{"alt_text":"brote de dengue","src":"https:\/\/i0.wp.com\/lasprimeras.com.do\/wp-content\/uploads\/2023\/09\/Dengue.jpg?resize=350%2C200&ssl=1","width":350,"height":200,"srcset":"https:\/\/i0.wp.com\/lasprimeras.com.do\/wp-content\/uploads\/2023\/09\/Dengue.jpg?resize=350%2C200&ssl=1 1x, https:\/\/i0.wp.com\/lasprimeras.com.do\/wp-content\/uploads\/2023\/09\/Dengue.jpg?resize=525%2C300&ssl=1 1.5x, https:\/\/i0.wp.com\/lasprimeras.com.do\/wp-content\/uploads\/2023\/09\/Dengue.jpg?resize=700%2C400&ssl=1 2x"},"classes":[]},{"id":60688,"url":"https:\/\/lasprimeras.com.do\/index.php\/2023\/09\/17\/experto-espera-que-incidencia-del-dengue-en-republica-dominicana-baje-en-cuatro-semanas\/","url_meta":{"origin":82718,"position":1},"title":"Experto espera que incidencia del dengue en Rep\u00fablica Dominicana baje en cuatro semanas","author":"Nelson Feliz","date":"17 de septiembre de 2023","format":false,"excerpt":"El ministerio de Salud P\u00fablica mantiene la alerta epidemiol\u00f3gica emitida el 24 de mayo y exhorta a las familias a eliminar los posibles criaderos, mantener limpios los entornos y untar cloro a los tanques y envases donde se almacena agua, tap\u00e1ndolos bien. En las pr\u00f3ximas cuatro semanas se espera que\u2026","rel":"","context":"En \u00abSin categor\u00eda\u00bb","block_context":{"text":"Sin categor\u00eda","link":"https:\/\/lasprimeras.com.do\/index.php\/category\/sin-categoria\/"},"img":{"alt_text":"brote de dengue","src":"https:\/\/i0.wp.com\/lasprimeras.com.do\/wp-content\/uploads\/2023\/09\/Dengue.jpg?resize=350%2C200&ssl=1","width":350,"height":200,"srcset":"https:\/\/i0.wp.com\/lasprimeras.com.do\/wp-content\/uploads\/2023\/09\/Dengue.jpg?resize=350%2C200&ssl=1 1x, https:\/\/i0.wp.com\/lasprimeras.com.do\/wp-content\/uploads\/2023\/09\/Dengue.jpg?resize=525%2C300&ssl=1 1.5x, https:\/\/i0.wp.com\/lasprimeras.com.do\/wp-content\/uploads\/2023\/09\/Dengue.jpg?resize=700%2C400&ssl=1 2x"},"classes":[]},{"id":64298,"url":"https:\/\/lasprimeras.com.do\/index.php\/2023\/10\/19\/sociedad-de-pediatria-reclama-ampliacion-de-campana-de-orientacion-y-prevencion-de-dengue\/","url_meta":{"origin":82718,"position":2},"title":"Sociedad de Pediatr\u00eda reclama ampliaci\u00f3n de campa\u00f1a de orientaci\u00f3n y prevenci\u00f3n de dengue","author":"Nelson Feliz","date":"19 de octubre de 2023","format":false,"excerpt":"\u201cSi orientamos y recalcamos a la poblaci\u00f3n, todo el a\u00f1o, sobre las medidas preventivas y su incidencia, esta epidemia tendr\u00eda un menor impacto en un futuro cercano\u201d, destac\u00f3 la presidenta de esta sociedad especializada. La alta demanda hospitalaria y la vulnerabilidad que han tra\u00eddo los casos de dengue al sistema\u2026","rel":"","context":"En \u00abPORTADA\u00bb","block_context":{"text":"PORTADA","link":"https:\/\/lasprimeras.com.do\/index.php\/category\/portada\/"},"img":{"alt_text":"Directiva de la Sociedad Dominicana de Pediatria 2023","src":"https:\/\/i0.wp.com\/lasprimeras.com.do\/wp-content\/uploads\/2023\/10\/Directiva-de-la-Sociedad-Dominicana-de-Pediatria-2023.jpg?resize=350%2C200&ssl=1","width":350,"height":200,"srcset":"https:\/\/i0.wp.com\/lasprimeras.com.do\/wp-content\/uploads\/2023\/10\/Directiva-de-la-Sociedad-Dominicana-de-Pediatria-2023.jpg?resize=350%2C200&ssl=1 1x, https:\/\/i0.wp.com\/lasprimeras.com.do\/wp-content\/uploads\/2023\/10\/Directiva-de-la-Sociedad-Dominicana-de-Pediatria-2023.jpg?resize=525%2C300&ssl=1 1.5x, https:\/\/i0.wp.com\/lasprimeras.com.do\/wp-content\/uploads\/2023\/10\/Directiva-de-la-Sociedad-Dominicana-de-Pediatria-2023.jpg?resize=700%2C400&ssl=1 2x"},"classes":[]},{"id":80966,"url":"https:\/\/lasprimeras.com.do\/index.php\/2024\/04\/15\/las-muertes-por-dengue-ascienden-a-197-en-argentina\/","url_meta":{"origin":82718,"position":3},"title":"Las muertes por dengue ascienden a 197 en Argentina","author":"BIMARY DE JES\u00daS Matos","date":"15 de abril de 2024","format":false,"excerpt":"Buenos Aires.- El n\u00famero de muertes por dengue en Argentina ascendi\u00f3 a 197, tras confirmarse 36 nuevos decesos en la \u00faltima semana, seg\u00fan datos oficiales dados a conocer este domingo. De acuerdo al \u00faltimo bolet\u00edn epidemiol\u00f3gico del Ministerio de Salud argentino, los casos de dengue contabilizados en lo que va\u2026","rel":"","context":"En \u00abSin categor\u00eda\u00bb","block_context":{"text":"Sin categor\u00eda","link":"https:\/\/lasprimeras.com.do\/index.php\/category\/sin-categoria\/"},"img":{"alt_text":"","src":"https:\/\/i0.wp.com\/lasprimeras.com.do\/wp-content\/uploads\/2024\/04\/7745dfde-456a-4a7d-aae2-970a54c76356-1024x682-5.jpeg?resize=350%2C200&ssl=1","width":350,"height":200,"srcset":"https:\/\/i0.wp.com\/lasprimeras.com.do\/wp-content\/uploads\/2024\/04\/7745dfde-456a-4a7d-aae2-970a54c76356-1024x682-5.jpeg?resize=350%2C200&ssl=1 1x, https:\/\/i0.wp.com\/lasprimeras.com.do\/wp-content\/uploads\/2024\/04\/7745dfde-456a-4a7d-aae2-970a54c76356-1024x682-5.jpeg?resize=525%2C300&ssl=1 1.5x, https:\/\/i0.wp.com\/lasprimeras.com.do\/wp-content\/uploads\/2024\/04\/7745dfde-456a-4a7d-aae2-970a54c76356-1024x682-5.jpeg?resize=700%2C400&ssl=1 2x"},"classes":[]},{"id":64107,"url":"https:\/\/lasprimeras.com.do\/index.php\/2023\/10\/18\/sociedad-de-pediatria-asegura-la-situacion-del-dengue-esta-muy-dificil\/","url_meta":{"origin":82718,"position":4},"title":"Sociedad de Pediatr\u00eda asegura la situaci\u00f3n del dengue est\u00e1 &#8220;muy dif\u00edcil&#8221;","author":"BIMARY DE JES\u00daS Matos","date":"18 de octubre de 2023","format":false,"excerpt":"Santo Domingo.-La presidenta de la Sociedad Dominicana de Pediatr\u00eda, Rosa Acevedo, reconoci\u00f3 este martes que el pa\u00eds vive una \"situaci\u00f3n epidemiol\u00f3gica muy dif\u00edcil\" a causa del virus del dengue que mantiene abarrotadas las emergencias de cl\u00ednicas privadas y hospitales. La especialista asegur\u00f3 que \"para nadie es un secreto que tenemos\u2026","rel":"","context":"En \u00abNACIONALES\u00bb","block_context":{"text":"NACIONALES","link":"https:\/\/lasprimeras.com.do\/index.php\/category\/nacionales\/"},"img":{"alt_text":"","src":"https:\/\/i0.wp.com\/lasprimeras.com.do\/wp-content\/uploads\/2023\/10\/WhatsApp-Image-2023-09-16-at-4.14.02-PM-2-3.jpeg?resize=350%2C200&ssl=1","width":350,"height":200},"classes":[]},{"id":59718,"url":"https:\/\/lasprimeras.com.do\/index.php\/2023\/09\/06\/vocera-de-los-ddhh-pide-autoridades-fortalecer-prevencion-del-dengue\/","url_meta":{"origin":82718,"position":5},"title":"Vocera de los DDHH pide autoridades fortalecer prevenci\u00f3n del dengue","author":"Nelson Feliz","date":"6 de septiembre de 2023","format":false,"excerpt":"La vocera nacional del Consejo Dominicano de los Derechos Humanos, Rebeca Henriquez, declar\u00f3 hoy que en la Rep\u00fablica Dominicana se debe fortalecer la prevenci\u00f3n y control del brote de dengue. Henriquez, hizo un llamado a la sociedad civil y a las autoridades competentes para recordarles la importancia de posicionar, atender,\u2026","rel":"","context":"En \u00abNACIONALES\u00bb","block_context":{"text":"NACIONALES","link":"https:\/\/lasprimeras.com.do\/index.php\/category\/nacionales\/"},"img":{"alt_text":"brote de dengue","src":"https:\/\/i0.wp.com\/lasprimeras.com.do\/wp-content\/uploads\/2023\/09\/Dengue.jpg?resize=350%2C200&ssl=1","width":350,"height":200,"srcset":"https:\/\/i0.wp.com\/lasprimeras.com.do\/wp-content\/uploads\/2023\/09\/Dengue.jpg?resize=350%2C200&ssl=1 1x, https:\/\/i0.wp.com\/lasprimeras.com.do\/wp-content\/uploads\/2023\/09\/Dengue.jpg?resize=525%2C300&ssl=1 1.5x, https:\/\/i0.wp.com\/lasprimeras.com.do\/wp-content\/uploads\/2023\/09\/Dengue.jpg?resize=700%2C400&ssl=1 2x"},"classes":[]}],"jetpack_sharing_enabled":true,"_links":{"self":[{"href":"https:\/\/lasprimeras.com.do\/index.php\/wp-json\/wp\/v2\/posts\/82718","targetHints":{"allow":["GET"]}}],"collection":[{"href":"https:\/\/lasprimeras.com.do\/index.php\/wp-json\/wp\/v2\/posts"}],"about":[{"href":"https:\/\/lasprimeras.com.do\/index.php\/wp-json\/wp\/v2\/types\/post"}],"author":[{"embeddable":true,"href":"https:\/\/lasprimeras.com.do\/index.php\/wp-json\/wp\/v2\/users\/6"}],"replies":[{"embeddable":true,"href":"https:\/\/lasprimeras.com.do\/index.php\/wp-json\/wp\/v2\/comments?post=82718"}],"version-history":[{"count":1,"href":"https:\/\/lasprimeras.com.do\/index.php\/wp-json\/wp\/v2\/posts\/82718\/revisions"}],"predecessor-version":[{"id":82720,"href":"https:\/\/lasprimeras.com.do\/index.php\/wp-json\/wp\/v2\/posts\/82718\/revisions\/82720"}],"wp:featuredmedia":[{"embeddable":true,"href":"https:\/\/lasprimeras.com.do\/index.php\/wp-json\/wp\/v2\/media\/82719"}],"wp:attachment":[{"href":"https:\/\/lasprimeras.com.do\/index.php\/wp-json\/wp\/v2\/media?parent=82718"}],"wp:term":[{"taxonomy":"category","embeddable":true,"href":"https:\/\/lasprimeras.com.do\/index.php\/wp-json\/wp\/v2\/categories?post=82718"},{"taxonomy":"post_tag","embeddable":true,"href":"https:\/\/lasprimeras.com.do\/index.php\/wp-json\/wp\/v2\/tags?post=82718"}],"curies":[{"name":"wp","href":"https:\/\/api.w.org\/{rel}","templated":true}]}}