{"id":82721,"date":"2024-05-07T07:28:37","date_gmt":"2024-05-07T11:28:37","guid":{"rendered":"https:\/\/lasprimeras.com.do\/?p=82721"},"modified":"2024-05-07T07:28:37","modified_gmt":"2024-05-07T11:28:37","slug":"ednita-nazario-regresa-a-rd-como-la-reina","status":"publish","type":"post","link":"https:\/\/lasprimeras.com.do\/index.php\/2024\/05\/07\/ednita-nazario-regresa-a-rd-como-la-reina\/","title":{"rendered":"Ednita Nazario regresa a RD como \u201cLa Reina\u201d"},"content":{"rendered":"\n<p>La artista puertorrique\u00f1a Ednita Nazario presentar\u00e1 su concierto \u201cLa Reina\u201d el pr\u00f3ximo s\u00e1bado 3 de agosto, a las 8:30 de la noche, en la Sala Principal del Teatro Nacional Eduardo Brito.<\/p>\n\n\n\n<p>El evento es una producci\u00f3n de Skypro, que asegura que &#8220;con este espect\u00e1culo la cantautora tendr\u00e1 una conexi\u00f3n perfecta y \u00fanica con su p\u00fablico, a trav\u00e9s de su potente interpretaci\u00f3n y deslumbrante desempe\u00f1o vocal&#8221;.<\/p>\n\n\n\n<p>\u201cRealmente ser\u00e1 una noche de celebraci\u00f3n, en la que la reina de los g\u00e9neros de balada, pop y rock interpretar\u00e1 sus m\u00e1s legendarias canciones, acompa\u00f1ada de una majestuosa banda musical\u201d, se\u00f1ala Skypro.<\/p>\n\n\n\n<p>La cantautora promete una noche inolvidable, llena de m\u00fasica, energ\u00eda y pasi\u00f3n, con los temas m\u00e1s sonados de su repertorio \u2014 \u201cQuiero que me hagas el amor\u201d,\u201d A que no le cuentas\u201d, \u201cT\u00fa sin m\u00ed\u201d, \u201cComo antes\u201d, \u201cM\u00e1s mala que t\u00fa\u201d, \u201cT\u00fa sabes bien\u201d, \u201cTe sigo esperando\u201d, \u201cA que no te vas\u201d, \u201cAtada a tu volc\u00e1n\u201d, entre muchas otros m\u00e1s.<\/p>\n\n\n\n<p>La productora resalt\u00f3 que la velada ser\u00e1 muy especial, tanto para la inigualable Ednita Nazario, como para sus seguidores. \u201cEl show incluye canciones de amor y desamor que el p\u00fablico atesora, nuevos \u00e9xitos y varios medleys de melod\u00edas que han llevado su trayectoria a otra dimensi\u00f3n, porque han trascendido generaciones\u201d.<\/p>\n\n\n\n<p>La gira \u201cLa Reina\u201d se ha presentado con gran \u00e9xito en varias ciudades de Puerto Rico, Estados Unidos, Panam\u00e1 y Costa Rica, entre otros pa\u00edses.<\/p>\n\n\n\n<p>Las boletas est\u00e1n a la venta en Tuboleta.com.do, Boleter\u00eda del Teatro Nacional y Club de Lectores del List\u00edn Diario.<\/p>\n","protected":false},"excerpt":{"rendered":"<p>La artista puertorrique\u00f1a Ednita Nazario presentar\u00e1 su concierto \u201cLa Reina\u201d el pr\u00f3ximo s\u00e1bado 3 de agosto, a las 8:30 de la noche, en la Sala Principal del Teatro Nacional Eduardo&hellip;<\/p>\n","protected":false},"author":3,"featured_media":82722,"comment_status":"open","ping_status":"open","sticky":false,"template":"","format":"standard","meta":{"content-type":"","jetpack_post_was_ever_published":false,"_jetpack_newsletter_access":"","_jetpack_dont_email_post_to_subs":false,"_jetpack_newsletter_tier_id":0,"_jetpack_memberships_contains_paywalled_content":false,"_jetpack_memberships_contains_paid_content":false,"footnotes":""},"categories":[84],"tags":[1150],"class_list":["post-82721","post","type-post","status-publish","format-standard","has-post-thumbnail","hentry","category-entretenimiento","tag-artista"],"jetpack_featured_media_url":"https:\/\/lasprimeras.com.do\/wp-content\/uploads\/2024\/05\/6a0c8a05-4f4b-48f5-a1d9-1ad180753c4a-3.webp","jetpack-related-posts":[{"id":116023,"url":"https:\/\/lasprimeras.com.do\/index.php\/2025\/11\/26\/centro-cultural-banreservas-cierra-con-la-exposicion-marilin-de-los-hermanos-nazario\/","url_meta":{"origin":82721,"position":0},"title":"Centro Cultural Banreservas cierra con la exposici\u00f3n &#8220;Maril\u00edn&#8221; de los hermanos Nazario","author":"Nelson Feliz","date":"26 de noviembre de 2025","format":false,"excerpt":"El Centro Cultural Banreservas presentar\u00e1 desde este mi\u00e9rcoles 26 de noviembre la exposici\u00f3n de arte visual \"Maril\u00edn\", una destacada muestra con la cual la instituci\u00f3n pone fin a su agenda anual de exhibiciones. La obra fresca e inquieta de los hermanos Nazario repone en la emblem\u00e1tica Sala Ada Balc\u00e1cer un\u2026","rel":"","context":"En \u00abENTRETENIMIENTO\u00bb","block_context":{"text":"ENTRETENIMIENTO","link":"https:\/\/lasprimeras.com.do\/index.php\/category\/entretenimiento\/"},"img":{"alt_text":"","src":"https:\/\/i0.wp.com\/lasprimeras.com.do\/wp-content\/uploads\/2025\/11\/teatro.jpg?resize=350%2C200&ssl=1","width":350,"height":200,"srcset":"https:\/\/i0.wp.com\/lasprimeras.com.do\/wp-content\/uploads\/2025\/11\/teatro.jpg?resize=350%2C200&ssl=1 1x, https:\/\/i0.wp.com\/lasprimeras.com.do\/wp-content\/uploads\/2025\/11\/teatro.jpg?resize=525%2C300&ssl=1 1.5x, https:\/\/i0.wp.com\/lasprimeras.com.do\/wp-content\/uploads\/2025\/11\/teatro.jpg?resize=700%2C400&ssl=1 2x"},"classes":[]},{"id":57763,"url":"https:\/\/lasprimeras.com.do\/index.php\/2023\/08\/15\/victor-del-villar-se-presenta-este-18-de-agosto-en-el-restaurante-dia-noche-latin-cuisine\/","url_meta":{"origin":82721,"position":1},"title":"V\u00edctor del Villar se presenta este 18 de agosto en el restaurante D\u00eda &#038; Noche Latin Cuisine","author":"Nelson Feliz","date":"15 de agosto de 2023","format":false,"excerpt":"https:\/\/youtu.be\/-XWs5hN6Rd4 Por Emmanuel Solano New York.- El cantautor y compositor dominicano radicado en esta ciudad ,Victor del Villar, nos invita a su gran concierto ,este 18 de agosto , en el restaurante D\u00eda & Noche Latin Cuisine, a partir de las 10 de la noche. El artista dominicano autor de\u2026","rel":"","context":"En \u00abENTRETENIMIENTO\u00bb","block_context":{"text":"ENTRETENIMIENTO","link":"https:\/\/lasprimeras.com.do\/index.php\/category\/entretenimiento\/"},"img":{"alt_text":"VICTOR DEL VILLAR","src":"https:\/\/i0.wp.com\/lasprimeras.com.do\/wp-content\/uploads\/2023\/08\/VICTOR-DEL-VILLAR.jpg?resize=350%2C200&ssl=1","width":350,"height":200,"srcset":"https:\/\/i0.wp.com\/lasprimeras.com.do\/wp-content\/uploads\/2023\/08\/VICTOR-DEL-VILLAR.jpg?resize=350%2C200&ssl=1 1x, https:\/\/i0.wp.com\/lasprimeras.com.do\/wp-content\/uploads\/2023\/08\/VICTOR-DEL-VILLAR.jpg?resize=525%2C300&ssl=1 1.5x"},"classes":[]},{"id":67213,"url":"https:\/\/lasprimeras.com.do\/index.php\/2023\/11\/14\/wason-brazoban-celebrara-20-anos-de-carrera-artistica-con-una-emocionante-gira-por-el-pais\/","url_meta":{"origin":82721,"position":2},"title":"Wason Brazob\u00e1n celebrar\u00e1 20 a\u00f1os de carrera art\u00edstica con una emocionante gira por el pa\u00eds","author":"BIMARY DE JES\u00daS Matos","date":"14 de noviembre de 2023","format":false,"excerpt":"Santo Domingo.-El cantautor Wason Brazob\u00e1n celebrar\u00e1 el 20 aniversario de su carrera art\u00edstica con una gira que lo llevar\u00e1 por varias ciudades de Rep\u00fablica Dominicana, desde principio de diciembre. La empresa de conciertos Emporio Luis Medrano revel\u00f3 que el periplo musical, que se extender\u00e1 hasta el 2024, iniciar\u00e1 el domingo\u2026","rel":"","context":"En \u00abENTRETENIMIENTO\u00bb","block_context":{"text":"ENTRETENIMIENTO","link":"https:\/\/lasprimeras.com.do\/index.php\/category\/entretenimiento\/"},"img":{"alt_text":"","src":"","width":0,"height":0},"classes":[]},{"id":69983,"url":"https:\/\/lasprimeras.com.do\/index.php\/2023\/12\/07\/el-cantautor-junior-danel-a-cantarlas-todas-en-chao-teatro\/","url_meta":{"origin":82721,"position":3},"title":"El cantautor Junior Danel \u201cA cantarlas todas\u201d en Chao Teatro","author":"BIMARY DE JES\u00daS Matos","date":"7 de diciembre de 2023","format":false,"excerpt":"SANTO DOMINGO.- El cantautor Junior Danel presenta el lunes 18 de diciembre el concierto \u201cA cantarlas todas\u201d, en Chao Teatro de \u00c1gora Mall, a las 7:00 de la noche, en el que ofrecer\u00e1 un repertorio que abarca una amplia carpeta de g\u00e9neros. El int\u00e9rprete, un artista contempor\u00e1neo, con una propuesta\u2026","rel":"","context":"En \u00abENTRETENIMIENTO\u00bb","block_context":{"text":"ENTRETENIMIENTO","link":"https:\/\/lasprimeras.com.do\/index.php\/category\/entretenimiento\/"},"img":{"alt_text":"","src":"https:\/\/i0.wp.com\/lasprimeras.com.do\/wp-content\/uploads\/2023\/12\/393167618_841220321343819_1805512503651010400_n-4.jpg?resize=350%2C200&ssl=1","width":350,"height":200},"classes":[]},{"id":61610,"url":"https:\/\/lasprimeras.com.do\/index.php\/2023\/09\/28\/edwin-encarnacion-y-karen-yaport-con-expectativas-ante-primer-concierto-en-su-hotel\/","url_meta":{"origin":82721,"position":4},"title":"Edwin Encarnaci\u00f3n y Karen Yaport con expectativas ante primer concierto en su hotel","author":"Nelson Feliz","date":"28 de septiembre de 2023","format":false,"excerpt":"Es el primer gran concierto que se celebra en el hotel Hilton Garden Inn de La Romana, adquirido por Edwin Encarnaci\u00f3n. Karen Yaport y Edwin encarnaci\u00f3n tienen grandes expectativas con el concierto que dar\u00e1 Wason Brazob\u00e1n en el hotel Hilton Garden Inn de La Romana, el s\u00e1bado 21 de octubre.\u2026","rel":"","context":"En \u00abENTRETENIMIENTO\u00bb","block_context":{"text":"ENTRETENIMIENTO","link":"https:\/\/lasprimeras.com.do\/index.php\/category\/entretenimiento\/"},"img":{"alt_text":"Wason Brazoban","src":"https:\/\/i0.wp.com\/lasprimeras.com.do\/wp-content\/uploads\/2023\/09\/Wason-Brazoban.jpg?resize=350%2C200&ssl=1","width":350,"height":200},"classes":[]},{"id":57334,"url":"https:\/\/lasprimeras.com.do\/index.php\/2023\/08\/11\/la-oreja-media-group-con-4-de-sus-artistas-en-the-best-of-dr-2023\/","url_meta":{"origin":82721,"position":5},"title":"La Oreja Media Group con 4 de sus artistas en The Best of DR 2023\u00a0","author":"Nelson Feliz","date":"11 de agosto de 2023","format":false,"excerpt":"De cara a su edici\u00f3n del 2023, Mercado celebr\u00f3 \"The Best of DR\",\u00a0una iniciativa que reconoce lo mejor en gastronom\u00eda, entretenimiento, arte y cultura,y en la cualincluy\u00f3 4 artistas de La Oreja Media Group.\u00a0 \"Estamos muy orgullosos por este reconocimiento al talento y trayectoria de nuestros artistas que representan lo\u2026","rel":"","context":"En \u00abENTRETENIMIENTO\u00bb","block_context":{"text":"ENTRETENIMIENTO","link":"https:\/\/lasprimeras.com.do\/index.php\/category\/entretenimiento\/"},"img":{"alt_text":"","src":"https:\/\/i0.wp.com\/lasprimeras.com.do\/wp-content\/uploads\/2023\/08\/TF.jpg?resize=350%2C200&ssl=1","width":350,"height":200,"srcset":"https:\/\/i0.wp.com\/lasprimeras.com.do\/wp-content\/uploads\/2023\/08\/TF.jpg?resize=350%2C200&ssl=1 1x, https:\/\/i0.wp.com\/lasprimeras.com.do\/wp-content\/uploads\/2023\/08\/TF.jpg?resize=525%2C300&ssl=1 1.5x, https:\/\/i0.wp.com\/lasprimeras.com.do\/wp-content\/uploads\/2023\/08\/TF.jpg?resize=700%2C400&ssl=1 2x"},"classes":[]}],"jetpack_sharing_enabled":true,"_links":{"self":[{"href":"https:\/\/lasprimeras.com.do\/index.php\/wp-json\/wp\/v2\/posts\/82721","targetHints":{"allow":["GET"]}}],"collection":[{"href":"https:\/\/lasprimeras.com.do\/index.php\/wp-json\/wp\/v2\/posts"}],"about":[{"href":"https:\/\/lasprimeras.com.do\/index.php\/wp-json\/wp\/v2\/types\/post"}],"author":[{"embeddable":true,"href":"https:\/\/lasprimeras.com.do\/index.php\/wp-json\/wp\/v2\/users\/3"}],"replies":[{"embeddable":true,"href":"https:\/\/lasprimeras.com.do\/index.php\/wp-json\/wp\/v2\/comments?post=82721"}],"version-history":[{"count":1,"href":"https:\/\/lasprimeras.com.do\/index.php\/wp-json\/wp\/v2\/posts\/82721\/revisions"}],"predecessor-version":[{"id":82723,"href":"https:\/\/lasprimeras.com.do\/index.php\/wp-json\/wp\/v2\/posts\/82721\/revisions\/82723"}],"wp:featuredmedia":[{"embeddable":true,"href":"https:\/\/lasprimeras.com.do\/index.php\/wp-json\/wp\/v2\/media\/82722"}],"wp:attachment":[{"href":"https:\/\/lasprimeras.com.do\/index.php\/wp-json\/wp\/v2\/media?parent=82721"}],"wp:term":[{"taxonomy":"category","embeddable":true,"href":"https:\/\/lasprimeras.com.do\/index.php\/wp-json\/wp\/v2\/categories?post=82721"},{"taxonomy":"post_tag","embeddable":true,"href":"https:\/\/lasprimeras.com.do\/index.php\/wp-json\/wp\/v2\/tags?post=82721"}],"curies":[{"name":"wp","href":"https:\/\/api.w.org\/{rel}","templated":true}]}}