{"id":82724,"date":"2024-05-07T07:30:13","date_gmt":"2024-05-07T11:30:13","guid":{"rendered":"https:\/\/lasprimeras.com.do\/?p=82724"},"modified":"2024-05-07T07:30:14","modified_gmt":"2024-05-07T11:30:14","slug":"gobierno-ha-entregado-46-polideportivos-nuevos-y-reconstruidos","status":"publish","type":"post","link":"https:\/\/lasprimeras.com.do\/index.php\/2024\/05\/07\/gobierno-ha-entregado-46-polideportivos-nuevos-y-reconstruidos\/","title":{"rendered":"Gobierno ha entregado 46 polideportivos nuevos y reconstruidos"},"content":{"rendered":"\n<p>Santo Domingo.- El Gobierno del presidente Luis Abinader, a trav\u00e9s del Ministerio de Deportes y Recreaci\u00f3n (Miderec), ha entregado en menos de cuatro a\u00f1os 46 polideportivos, nuevos y reconstruidos, con una inversi\u00f3n de 461 millones, 716 mil 350 pesos.<\/p>\n\n\n\n<p>En la actualidad, por instrucciones del presidente Abinader, el Miderec trabaja en la terminaci\u00f3n de otros 42 proyectos nuevos y de remozamiento de polideportivos, en los cuales ha invertido hasta el pasado viernes 411 millones 400 mil 852 pesos, presentando 21 de estos proyectos un avance superior al 50 % de ejecuci\u00f3n.<\/p>\n\n\n\n<p>Dentro de las obras entregadas durante la administraci\u00f3n del ministro de Deportes, el ingeniero Francisco Camacho, est\u00e1n en la regi\u00f3n norte los polideportivos de Puerto Plata, Tamboril, Bonao, Cotu\u00ed, Pimentel, Arenoso, Castillo y Villa Riva, as\u00ed como el nuevo techado construido en el Club Deportivo Fant\u00e1stico del barrio Gregorio Luper\u00f3n de Puerto Plata, espacio en el que Chris Duarte dio sus primeros pasos en el baloncesto, antes de alcanzar la NBA.<\/p>\n\n\n\n<p>Asimismo, en la regi\u00f3n sur, el Gobierno a trav\u00e9s del Miderec, entreg\u00f3 los multiusos de Yaguate y Haina, en San Crist\u00f3bal; los de Azua, San Juan de la Maguana, Las Matas de Farf\u00e1n, San Jos\u00e9 de Ocoa, Enriquillo, Pedernales, Pedro Santana, Galv\u00e1n, Tamayo, Neiba, Villa Jaragua y Mella en la provincia de Independencia, entre otros.<\/p>\n\n\n\n<p>Adem\u00e1s, en la regi\u00f3n este el polideportivo Luciola Pi\u00f3n, en el que se invirti\u00f3 5 millones 525 mil 200 pesos, y otro multiuso de Hig\u00fcey, en la provincia de La Altagracia, en el que se cambi\u00f3 todo el sistema de iluminaci\u00f3n, en el a\u00f1o 2022.<\/p>\n\n\n\n<p>De igual manera, en la provincia de Santo Domingo fue remozado el Club Calero, los multiusos de Villa Duarte, Los Alcarrizos, Los Mina e Invivienda.<\/p>\n\n\n\n<p>En tanto que, en el Distrito Nacional, los emblem\u00e1ticos clubes San L\u00e1zaro y San Carlos, los multiusos de El Caliche de Cristo Rey, se construyeron los techados de los sectores Capotillo y Honduras del Oeste, as\u00ed como fue reparado el Pabell\u00f3n de R\u00e1cquetbol del Centro Ol\u00edmpico Juan Pablo Duarte.<\/p>\n\n\n\n<p>Mientras que entre los proyectos en ejecuci\u00f3n est\u00e1n casi a punto de entregar La Barranquita, los emblem\u00e1ticos clubes de Sameji, Gregorio Urbano Gilbert y Fernando -Plaza- Valerio en Santiago, donde tambi\u00e9n se avanza en la terminaci\u00f3n del Club Hermano Alfredo Morales, Cienfuegos y el techado de Baitoa.<\/p>\n\n\n\n<p>Cabe destacar que, en la provincia Espaillat, est\u00e1 en un 95 % de ejecuci\u00f3n la reparaci\u00f3n del Club Juan L\u00f3pez (Mama Lola); en un 92 % el multiuso Los Pony de Los Llanos de San Pedro de Macor\u00eds; en 86 % el de Loma de Cabrera y en 85 % est\u00e1n el polideportivo Ram\u00f3n -Montante Castillo-, al igual que los multiusos Las Matas de Santa Cruz y de Villa V\u00e1squez, de la provincia de Montecristi.<\/p>\n\n\n\n<p>Otras obras que est\u00e1n bien avanzadas son los multiusos de Rancho Arriba y de Sabana Larga, de San Jos\u00e9 de Ocoa, y el Centro Deportivo Comunitario (CDC) de Andr\u00e9s, Boca Chica, (todas en un 79 %); asimismo, el CDC de Sabana Yegua (78 %) y el techado de Guanuma II, en Santo Domingo Norte (76 %).<\/p>\n\n\n\n<p>Un comunicado de prensa del Ministerio de Deportes indica que en los pr\u00f3ximos meses la cartera oficial, con el apoyo del presidente Abinader, estar\u00e1 desembolsando 433 millones 948 mil 126 pesos a las distintas empresas contratistas para la terminaci\u00f3n de los proyectos en ejecuci\u00f3n por el Miderec.<\/p>\n","protected":false},"excerpt":{"rendered":"<p>Santo Domingo.- El Gobierno del presidente Luis Abinader, a trav\u00e9s del Ministerio de Deportes y Recreaci\u00f3n (Miderec), ha entregado en menos de cuatro a\u00f1os 46 polideportivos, nuevos y reconstruidos, con&hellip;<\/p>\n","protected":false},"author":3,"featured_media":82725,"comment_status":"open","ping_status":"open","sticky":false,"template":"","format":"standard","meta":{"content-type":"","jetpack_post_was_ever_published":false,"_jetpack_newsletter_access":"","_jetpack_dont_email_post_to_subs":false,"_jetpack_newsletter_tier_id":0,"_jetpack_memberships_contains_paywalled_content":false,"_jetpack_memberships_contains_paid_content":false,"footnotes":""},"categories":[1],"tags":[171],"class_list":["post-82724","post","type-post","status-publish","format-standard","has-post-thumbnail","hentry","category-sin-categoria","tag-gobierno"],"jetpack_featured_media_url":"https:\/\/lasprimeras.com.do\/wp-content\/uploads\/2024\/05\/6a0c8a05-4f4b-48f5-a1d9-1ad180753c4a-4.webp","jetpack-related-posts":[{"id":121695,"url":"https:\/\/lasprimeras.com.do\/index.php\/2026\/02\/08\/abinader-entrega-dos-modernos-polideportivos-techados-en-puerto-plata\/","url_meta":{"origin":82724,"position":0},"title":"Abinader entrega dos modernos polideportivos techados en Puerto Plata","author":"Nelson Feliz","date":"8 de febrero de 2026","format":false,"excerpt":"Ministro de Deportes afirma que la inversi\u00f3n del mandatario representa una revoluci\u00f3n deportiva en la Novia del Atl\u00e1ntico y refleja su compromiso con la juventud. El presidente Luis Abinader inaugur\u00f3 este domingo dos polideportivos techados en Puerto Plata, con una inversi\u00f3n superior a RD$76 millones, como parte de las acciones\u2026","rel":"","context":"En \u00abDEPORTES\u00bb","block_context":{"text":"DEPORTES","link":"https:\/\/lasprimeras.com.do\/index.php\/category\/deportes\/"},"img":{"alt_text":"","src":"https:\/\/i0.wp.com\/lasprimeras.com.do\/wp-content\/uploads\/2026\/02\/poli-1.jpg?resize=350%2C200&ssl=1","width":350,"height":200,"srcset":"https:\/\/i0.wp.com\/lasprimeras.com.do\/wp-content\/uploads\/2026\/02\/poli-1.jpg?resize=350%2C200&ssl=1 1x, https:\/\/i0.wp.com\/lasprimeras.com.do\/wp-content\/uploads\/2026\/02\/poli-1.jpg?resize=525%2C300&ssl=1 1.5x, https:\/\/i0.wp.com\/lasprimeras.com.do\/wp-content\/uploads\/2026\/02\/poli-1.jpg?resize=700%2C400&ssl=1 2x"},"classes":[]},{"id":83221,"url":"https:\/\/lasprimeras.com.do\/index.php\/2024\/05\/13\/abinader-en-esta-gestion-de-gobierno-se-entregaron-mas-de-mil-instalaciones-deportivas\/","url_meta":{"origin":82724,"position":1},"title":"Abinader: en esta gesti\u00f3n de gobierno se entregaron m\u00e1s de mil instalaciones deportivas","author":"Nelson Feliz","date":"13 de mayo de 2024","format":false,"excerpt":"Indic\u00f3 tambi\u00e9n que se entregaron RD$ 235 millones al Comit\u00e9 Ol\u00edmpico Dominicano para los Juegos Ol\u00edmpicos de Par\u00eds 2024, incluyendo fondos para la reparaci\u00f3n, clasificaci\u00f3n y participaci\u00f3n de los atletas y se ha retornado la autonom\u00eda financiera a las Federaciones Deportivas Nacionales. El presidente Luis Abinader inform\u00f3 este lunes que\u2026","rel":"","context":"En \u00abPORTADA\u00bb","block_context":{"text":"PORTADA","link":"https:\/\/lasprimeras.com.do\/index.php\/category\/portada\/"},"img":{"alt_text":"Luis Abinader","src":"https:\/\/i0.wp.com\/lasprimeras.com.do\/wp-content\/uploads\/2024\/05\/Luis-Abinader-LS-1.jpg?resize=350%2C200&ssl=1","width":350,"height":200,"srcset":"https:\/\/i0.wp.com\/lasprimeras.com.do\/wp-content\/uploads\/2024\/05\/Luis-Abinader-LS-1.jpg?resize=350%2C200&ssl=1 1x, https:\/\/i0.wp.com\/lasprimeras.com.do\/wp-content\/uploads\/2024\/05\/Luis-Abinader-LS-1.jpg?resize=525%2C300&ssl=1 1.5x, https:\/\/i0.wp.com\/lasprimeras.com.do\/wp-content\/uploads\/2024\/05\/Luis-Abinader-LS-1.jpg?resize=700%2C400&ssl=1 2x"},"classes":[]},{"id":112165,"url":"https:\/\/lasprimeras.com.do\/index.php\/2025\/10\/19\/abinader-inaugura-el-polideportivo-club-rafael-osvaldo-mercedes-crom-en-villa-mella\/","url_meta":{"origin":82724,"position":2},"title":"Abinader inaugura el Polideportivo Club Rafael Osvaldo Mercedes \u201cCROM\u201d en Villa Mella","author":"Nelson Feliz","date":"19 de octubre de 2025","format":false,"excerpt":"Indica que, adem\u00e1s de este polideportivo, se han construido techados en Sabana Perdida Norte y Los Guaricanos, como parte de un plan de 30 instalaciones deportivas en el Gran Santo Domingo. El presidente Luis Abinader inaugur\u00f3 el Polideportivo Club Rafael Osvaldo Mercedes \u201cCROM\u201d en Villa Mella, una obra largamente esperada\u2026","rel":"","context":"En \u00abDEPORTES\u00bb","block_context":{"text":"DEPORTES","link":"https:\/\/lasprimeras.com.do\/index.php\/category\/deportes\/"},"img":{"alt_text":"","src":"https:\/\/i0.wp.com\/lasprimeras.com.do\/wp-content\/uploads\/2025\/10\/crom.jpg?resize=350%2C200&ssl=1","width":350,"height":200,"srcset":"https:\/\/i0.wp.com\/lasprimeras.com.do\/wp-content\/uploads\/2025\/10\/crom.jpg?resize=350%2C200&ssl=1 1x, https:\/\/i0.wp.com\/lasprimeras.com.do\/wp-content\/uploads\/2025\/10\/crom.jpg?resize=525%2C300&ssl=1 1.5x, https:\/\/i0.wp.com\/lasprimeras.com.do\/wp-content\/uploads\/2025\/10\/crom.jpg?resize=700%2C400&ssl=1 2x"},"classes":[]},{"id":114545,"url":"https:\/\/lasprimeras.com.do\/index.php\/2025\/11\/15\/abinader-entrega-nuevo-polideportivo-isabelita-prof-virgilio-frias\/","url_meta":{"origin":82724,"position":3},"title":"Abinader entrega nuevo Polideportivo Isabelita, Prof. Virgilio Fr\u00edas","author":"Nelson Feliz","date":"15 de noviembre de 2025","format":false,"excerpt":"Tambi\u00e9n inaugura Estaci\u00f3n Policial Los Mina Viejo, donde el director de la Polic\u00eda, dice que esta obra es una muestra del compromiso del presidente Abinader con la sociedad Dominicana de transformar la uniformada y dignificar la carrera policial. El presidente Luis Abinader entreg\u00f3 este s\u00e1bado el nuevo Polideportivo Isabelita, Prof.\u2026","rel":"","context":"En \u00abECONOM\u00cdA\u00bb","block_context":{"text":"ECONOM\u00cdA","link":"https:\/\/lasprimeras.com.do\/index.php\/category\/economia\/"},"img":{"alt_text":"","src":"https:\/\/i0.wp.com\/lasprimeras.com.do\/wp-content\/uploads\/2025\/11\/abinader-poli.jpg?resize=350%2C200&ssl=1","width":350,"height":200,"srcset":"https:\/\/i0.wp.com\/lasprimeras.com.do\/wp-content\/uploads\/2025\/11\/abinader-poli.jpg?resize=350%2C200&ssl=1 1x, https:\/\/i0.wp.com\/lasprimeras.com.do\/wp-content\/uploads\/2025\/11\/abinader-poli.jpg?resize=525%2C300&ssl=1 1.5x, https:\/\/i0.wp.com\/lasprimeras.com.do\/wp-content\/uploads\/2025\/11\/abinader-poli.jpg?resize=700%2C400&ssl=1 2x"},"classes":[]},{"id":108878,"url":"https:\/\/lasprimeras.com.do\/index.php\/2025\/09\/11\/abinader-entregara-viviendas-escuelas-polideportivos-y-carretera-en-el-gran-santo-domingo-y-constanza-este-fin-de-semana\/","url_meta":{"origin":82724,"position":4},"title":"Abinader entregar\u00e1 viviendas, escuelas, polideportivos y carretera en el Gran Santo Domingo y Constanza este fin de semana","author":"Nelson Feliz","date":"11 de septiembre de 2025","format":false,"excerpt":"Tambi\u00e9n sostendr\u00e1 almuerzo con el Batall\u00f3n de Cazadores del Ej\u00e9rcito de la Rep\u00fablica Dominicana en la Fortaleza de Constanza. El presidente Luis Abinader encabezar\u00e1 este fin de semana una amplia jornada de inauguraciones en el Gran Santo Domingo y en el municipio de Constanza, provincia La Vega, como parte de\u2026","rel":"","context":"En \u00abNACIONALES\u00bb","block_context":{"text":"NACIONALES","link":"https:\/\/lasprimeras.com.do\/index.php\/category\/nacionales\/"},"img":{"alt_text":"","src":"https:\/\/i0.wp.com\/lasprimeras.com.do\/wp-content\/uploads\/2025\/09\/Luis-Abinader-1-2.jpg?resize=350%2C200&ssl=1","width":350,"height":200,"srcset":"https:\/\/i0.wp.com\/lasprimeras.com.do\/wp-content\/uploads\/2025\/09\/Luis-Abinader-1-2.jpg?resize=350%2C200&ssl=1 1x, https:\/\/i0.wp.com\/lasprimeras.com.do\/wp-content\/uploads\/2025\/09\/Luis-Abinader-1-2.jpg?resize=525%2C300&ssl=1 1.5x, https:\/\/i0.wp.com\/lasprimeras.com.do\/wp-content\/uploads\/2025\/09\/Luis-Abinader-1-2.jpg?resize=700%2C400&ssl=1 2x"},"classes":[]},{"id":93440,"url":"https:\/\/lasprimeras.com.do\/index.php\/2025\/02\/09\/con-apoyo-de-banreservas-se-reinaugura-el-polideportivo-de-la-uasd\/","url_meta":{"origin":82724,"position":5},"title":"Con apoyo de BANRESERVAS, se reinaugura el polideportivo de la UASD","author":"Nelson Feliz","date":"9 de febrero de 2025","format":false,"excerpt":"La obra, que demand\u00f3 una inversi\u00f3n de 28 millones de pesos, impactar\u00e1 a cerca de 88 mil estudiantes. El presidente de la Rep\u00fablica, Luis Abinader Corona; el rector de la Universidad Aut\u00f3noma de Santo Domingo (UASD), maestro Editrudis Beltr\u00e1n Cris\u00f3stomo; y Samuel Pereyra, administrador del Banco de Reservas, encabezaron el\u2026","rel":"","context":"En \u00abNACIONALES\u00bb","block_context":{"text":"NACIONALES","link":"https:\/\/lasprimeras.com.do\/index.php\/category\/nacionales\/"},"img":{"alt_text":"","src":"https:\/\/i0.wp.com\/lasprimeras.com.do\/wp-content\/uploads\/2025\/02\/banreservas.jpg?resize=350%2C200&ssl=1","width":350,"height":200,"srcset":"https:\/\/i0.wp.com\/lasprimeras.com.do\/wp-content\/uploads\/2025\/02\/banreservas.jpg?resize=350%2C200&ssl=1 1x, https:\/\/i0.wp.com\/lasprimeras.com.do\/wp-content\/uploads\/2025\/02\/banreservas.jpg?resize=525%2C300&ssl=1 1.5x, https:\/\/i0.wp.com\/lasprimeras.com.do\/wp-content\/uploads\/2025\/02\/banreservas.jpg?resize=700%2C400&ssl=1 2x"},"classes":[]}],"jetpack_sharing_enabled":true,"_links":{"self":[{"href":"https:\/\/lasprimeras.com.do\/index.php\/wp-json\/wp\/v2\/posts\/82724","targetHints":{"allow":["GET"]}}],"collection":[{"href":"https:\/\/lasprimeras.com.do\/index.php\/wp-json\/wp\/v2\/posts"}],"about":[{"href":"https:\/\/lasprimeras.com.do\/index.php\/wp-json\/wp\/v2\/types\/post"}],"author":[{"embeddable":true,"href":"https:\/\/lasprimeras.com.do\/index.php\/wp-json\/wp\/v2\/users\/3"}],"replies":[{"embeddable":true,"href":"https:\/\/lasprimeras.com.do\/index.php\/wp-json\/wp\/v2\/comments?post=82724"}],"version-history":[{"count":1,"href":"https:\/\/lasprimeras.com.do\/index.php\/wp-json\/wp\/v2\/posts\/82724\/revisions"}],"predecessor-version":[{"id":82726,"href":"https:\/\/lasprimeras.com.do\/index.php\/wp-json\/wp\/v2\/posts\/82724\/revisions\/82726"}],"wp:featuredmedia":[{"embeddable":true,"href":"https:\/\/lasprimeras.com.do\/index.php\/wp-json\/wp\/v2\/media\/82725"}],"wp:attachment":[{"href":"https:\/\/lasprimeras.com.do\/index.php\/wp-json\/wp\/v2\/media?parent=82724"}],"wp:term":[{"taxonomy":"category","embeddable":true,"href":"https:\/\/lasprimeras.com.do\/index.php\/wp-json\/wp\/v2\/categories?post=82724"},{"taxonomy":"post_tag","embeddable":true,"href":"https:\/\/lasprimeras.com.do\/index.php\/wp-json\/wp\/v2\/tags?post=82724"}],"curies":[{"name":"wp","href":"https:\/\/api.w.org\/{rel}","templated":true}]}}