{"id":82740,"date":"2024-05-07T09:29:23","date_gmt":"2024-05-07T13:29:23","guid":{"rendered":"https:\/\/lasprimeras.com.do\/?p=82740"},"modified":"2024-05-07T09:29:24","modified_gmt":"2024-05-07T13:29:24","slug":"crecida-del-rio-masacre-desborda-canal-en-juana-mendez-haiti","status":"publish","type":"post","link":"https:\/\/lasprimeras.com.do\/index.php\/2024\/05\/07\/crecida-del-rio-masacre-desborda-canal-en-juana-mendez-haiti\/","title":{"rendered":"Crecida del r\u00edo Masacre desborda canal en Juana M\u00e9ndez, Hait\u00ed"},"content":{"rendered":"\n<p>Haiti.-La crecida este lunes del\u00a0r\u00edo\u00a0Masacre, a causa de las\u00a0lluvias\u00a0registradas en la\u00a0cuenca\u00a0alta de ese afluente en Loma de Cabrera, provincia Dajab\u00f3n, desbord\u00f3 el\u00a0canal\u00a0construido por los haitianos en el poblado de\u00a0Juana M\u00e9ndez, ubicado en la franja norte de la frontera con Rep\u00fablica Dominicana.\u00a0<\/p>\n\n\n\n<p>Las aguas del&nbsp;Masacre&nbsp;han impactado la obra de capital privado en Hait\u00ed, cuyos peligros han sido advertidos por el Gobierno dominicano, opuesto a esta construcci\u00f3n h\u00eddrica desde su inicio debido a que viola un tratado com\u00fan.<\/p>\n\n\n\n<p>Los lugare\u00f1os que viven en la parte baja del canal comenzaron a ser desalojados por la Defensa Civil de Hait\u00ed ante la gran cantidad de agua que est\u00e1 bajando. La crecida del&nbsp;r\u00edo&nbsp;aneg\u00f3 toda la estructura.&nbsp;<\/p>\n","protected":false},"excerpt":{"rendered":"<p>Haiti.-La crecida este lunes del\u00a0r\u00edo\u00a0Masacre, a causa de las\u00a0lluvias\u00a0registradas en la\u00a0cuenca\u00a0alta de ese afluente en Loma de Cabrera, provincia Dajab\u00f3n, desbord\u00f3 el\u00a0canal\u00a0construido por los haitianos en el poblado de\u00a0Juana M\u00e9ndez,&hellip;<\/p>\n","protected":false},"author":3,"featured_media":82741,"comment_status":"open","ping_status":"open","sticky":false,"template":"","format":"standard","meta":{"content-type":"","jetpack_post_was_ever_published":false,"_jetpack_newsletter_access":"","_jetpack_dont_email_post_to_subs":false,"_jetpack_newsletter_tier_id":0,"_jetpack_memberships_contains_paywalled_content":false,"_jetpack_memberships_contains_paid_content":false,"footnotes":""},"categories":[35],"tags":[7448],"class_list":["post-82740","post","type-post","status-publish","format-standard","has-post-thumbnail","hentry","category-nacionales","tag-haiti-2"],"jetpack_featured_media_url":"https:\/\/lasprimeras.com.do\/wp-content\/uploads\/2024\/05\/crecida-del-rio-masacre-afecta-canal-construido-por-haitianos_1.jpg","jetpack-related-posts":[{"id":66136,"url":"https:\/\/lasprimeras.com.do\/index.php\/2023\/11\/03\/crecida-de-rio-masacre-destruye-canal-haitiano\/","url_meta":{"origin":82740,"position":0},"title":"Crecida de r\u00edo Masacre destruye canal haitiano","author":"Nelson Feliz","date":"3 de noviembre de 2023","format":false,"excerpt":"A pesar del rechazo y de los intentos del Gobierno dominicano para detener la estructura que pretende desviar las aguas del r\u00edo Masacre, los haitianos han continuado con la obra. Las fuertes lluvias registradas en la parte alta de la provincia de Dajab\u00f3n ocasionaron la crecida del r\u00edo Masacre, afectando\u2026","rel":"","context":"En \u00abNACIONALES\u00bb","block_context":{"text":"NACIONALES","link":"https:\/\/lasprimeras.com.do\/index.php\/category\/nacionales\/"},"img":{"alt_text":"Canal haitiano fue afectado por crecida del r\u00edo Masacre","src":"https:\/\/i0.wp.com\/lasprimeras.com.do\/wp-content\/uploads\/2023\/11\/Canal-haitiano-fue-afectado-por-crecida-del-rio-Masacre.jpeg?resize=350%2C200&ssl=1","width":350,"height":200,"srcset":"https:\/\/i0.wp.com\/lasprimeras.com.do\/wp-content\/uploads\/2023\/11\/Canal-haitiano-fue-afectado-por-crecida-del-rio-Masacre.jpeg?resize=350%2C200&ssl=1 1x, https:\/\/i0.wp.com\/lasprimeras.com.do\/wp-content\/uploads\/2023\/11\/Canal-haitiano-fue-afectado-por-crecida-del-rio-Masacre.jpeg?resize=525%2C300&ssl=1 1.5x, https:\/\/i0.wp.com\/lasprimeras.com.do\/wp-content\/uploads\/2023\/11\/Canal-haitiano-fue-afectado-por-crecida-del-rio-Masacre.jpeg?resize=700%2C400&ssl=1 2x"},"classes":[]},{"id":71463,"url":"https:\/\/lasprimeras.com.do\/index.php\/2023\/12\/20\/haiti-extraera-grandes-volumenes-de-agua-del-rio-masacre\/","url_meta":{"origin":82740,"position":1},"title":"Hait\u00ed extraer\u00e1 grandes vol\u00famenes de agua del r\u00edo Masacre","author":"BIMARY DE JES\u00daS Matos","date":"20 de diciembre de 2023","format":false,"excerpt":"Hait\u00ed.-Tras grandes donaciones de dinero, cemento, varillas y otros materiales para continuar con la edificaci\u00f3n de un canal de riego que se alimentar\u00e1 del r\u00edo Masacre, el comit\u00e9 a cargo de la construcci\u00f3n ampli\u00f3 la obra para extraer mayor cantidad de agua del afluente. Los haitianos han levantado dos muros\u2026","rel":"","context":"En \u00abPORTADA\u00bb","block_context":{"text":"PORTADA","link":"https:\/\/lasprimeras.com.do\/index.php\/category\/portada\/"},"img":{"alt_text":"","src":"https:\/\/i0.wp.com\/lasprimeras.com.do\/wp-content\/uploads\/2023\/12\/Noticias-14-1.jpg?resize=350%2C200&ssl=1","width":350,"height":200,"srcset":"https:\/\/i0.wp.com\/lasprimeras.com.do\/wp-content\/uploads\/2023\/12\/Noticias-14-1.jpg?resize=350%2C200&ssl=1 1x, https:\/\/i0.wp.com\/lasprimeras.com.do\/wp-content\/uploads\/2023\/12\/Noticias-14-1.jpg?resize=525%2C300&ssl=1 1.5x"},"classes":[]},{"id":60485,"url":"https:\/\/lasprimeras.com.do\/index.php\/2023\/09\/14\/estos-son-los-haitianos-que-financian-el-canal-en-el-rio-masacre-segun-el-gobierno\/","url_meta":{"origin":82740,"position":2},"title":"Estos son los haitianos que &#8220;financian&#8221; el canal en el r\u00edo Masacre, seg\u00fan el Gobierno","author":"Nelson Feliz","date":"14 de septiembre de 2023","format":false,"excerpt":"El Gobierno dominicano dio a conocer los perfiles de las personalidades haitianas que, afirma, est\u00e1n financiando y respaldando la construcci\u00f3n informal del canal en Juana M\u00e9ndez para desviar el r\u00edo Masacre. El presidente Luis Abinader prohibi\u00f3 la entrada al pa\u00eds de estos nueve ciudadanos haitianos, al entender que pueden implicar\u2026","rel":"","context":"En \u00abNACIONALES\u00bb","block_context":{"text":"NACIONALES","link":"https:\/\/lasprimeras.com.do\/index.php\/category\/nacionales\/"},"img":{"alt_text":"","src":"https:\/\/i0.wp.com\/lasprimeras.com.do\/wp-content\/uploads\/2023\/09\/Haitanos.jpg?resize=350%2C200&ssl=1","width":350,"height":200,"srcset":"https:\/\/i0.wp.com\/lasprimeras.com.do\/wp-content\/uploads\/2023\/09\/Haitanos.jpg?resize=350%2C200&ssl=1 1x, https:\/\/i0.wp.com\/lasprimeras.com.do\/wp-content\/uploads\/2023\/09\/Haitanos.jpg?resize=525%2C300&ssl=1 1.5x, https:\/\/i0.wp.com\/lasprimeras.com.do\/wp-content\/uploads\/2023\/09\/Haitanos.jpg?resize=700%2C400&ssl=1 2x"},"classes":[]},{"id":60990,"url":"https:\/\/lasprimeras.com.do\/index.php\/2023\/09\/21\/extraccion-de-arena-en-rio-masacre-por-haitianos-pone-en-peligro-el-afluente\/","url_meta":{"origin":82740,"position":3},"title":"Extracci\u00f3n de arena en r\u00edo Masacre por haitianos pone en peligro el afluente","author":"Nelson Feliz","date":"21 de septiembre de 2023","format":false,"excerpt":"En la construcci\u00f3n de un canal para desviar las aguas del r\u00edo Masacre, nacionales haitianos tambi\u00e9n se encuentran extrayendo importantes cantidades de arena del afluente provocando da\u00f1os ambientales. Desde los sectores La Sal y Los Cartones en Dajab\u00f3n, se puede observar como los haitianos bajan al r\u00edo masacre con cubetas\u2026","rel":"","context":"En \u00abNACIONALES\u00bb","block_context":{"text":"NACIONALES","link":"https:\/\/lasprimeras.com.do\/index.php\/category\/nacionales\/"},"img":{"alt_text":"Nacionales haitianos extraen arena del r\u00edo MasacreFUENTE EXTERNA","src":"https:\/\/i0.wp.com\/lasprimeras.com.do\/wp-content\/uploads\/2023\/09\/Extraccion-de-arena-1.jpeg?resize=350%2C200&ssl=1","width":350,"height":200,"srcset":"https:\/\/i0.wp.com\/lasprimeras.com.do\/wp-content\/uploads\/2023\/09\/Extraccion-de-arena-1.jpeg?resize=350%2C200&ssl=1 1x, https:\/\/i0.wp.com\/lasprimeras.com.do\/wp-content\/uploads\/2023\/09\/Extraccion-de-arena-1.jpeg?resize=525%2C300&ssl=1 1.5x, https:\/\/i0.wp.com\/lasprimeras.com.do\/wp-content\/uploads\/2023\/09\/Extraccion-de-arena-1.jpeg?resize=700%2C400&ssl=1 2x"},"classes":[]},{"id":61247,"url":"https:\/\/lasprimeras.com.do\/index.php\/2023\/09\/24\/osiris-de-leon-condena-decision-de-desviar-aguas-del-masacre-a-territorio-haitiano\/","url_meta":{"origin":82740,"position":4},"title":"Osiris de Le\u00f3n condena decisi\u00f3n de desviar aguas del Masacre a territorio haitiano\u00a0\u00a0 \u00a0\u00a0","author":"Nelson Feliz","date":"24 de septiembre de 2023","format":false,"excerpt":"El ge\u00f3logo y ambientalista Osiris de Le\u00f3n conden\u00f3 hoy la decisi\u00f3n unilateral de un grupo de personas que comenzaron a construir una canal en Hait\u00ed para desviar las aguas del R\u00edo Masacre desde la zona de Dajab\u00f3n hasta la zona norte de Juana M\u00e9ndez, est\u00e1 circunstancias ha empeorado las relaciones\u2026","rel":"","context":"En \u00abNACIONALES\u00bb","block_context":{"text":"NACIONALES","link":"https:\/\/lasprimeras.com.do\/index.php\/category\/nacionales\/"},"img":{"alt_text":"Osiris de Leon","src":"https:\/\/i0.wp.com\/lasprimeras.com.do\/wp-content\/uploads\/2023\/07\/Osiris-de-Leon.jpg?resize=350%2C200&ssl=1","width":350,"height":200,"srcset":"https:\/\/i0.wp.com\/lasprimeras.com.do\/wp-content\/uploads\/2023\/07\/Osiris-de-Leon.jpg?resize=350%2C200&ssl=1 1x, https:\/\/i0.wp.com\/lasprimeras.com.do\/wp-content\/uploads\/2023\/07\/Osiris-de-Leon.jpg?resize=525%2C300&ssl=1 1.5x, https:\/\/i0.wp.com\/lasprimeras.com.do\/wp-content\/uploads\/2023\/07\/Osiris-de-Leon.jpg?resize=700%2C400&ssl=1 2x"},"classes":[]},{"id":79526,"url":"https:\/\/lasprimeras.com.do\/index.php\/2024\/03\/28\/indrhi-realimenta-canal-la-vigia-tras-haiti-abrir-canal\/","url_meta":{"origin":82740,"position":5},"title":"Indrhi realimenta canal La Vig\u00eda, tras Hait\u00ed abrir canal","author":"BIMARY DE JES\u00daS Matos","date":"28 de marzo de 2024","format":false,"excerpt":"Santo Domingo.-Luego de que el caudal del r\u00edo Masacre experimentara una reducci\u00f3n por la baja pluviometr\u00eda y varias horas despu\u00e9s de la apertura del canal en el lado haitiano, el Instituto Nacional de Recursos Hidr\u00e1ulicos (Indrhi) comenz\u00f3 a operar el sistema de bombeo en La Aduana Vieja para alimentar el\u2026","rel":"","context":"En \u00abNACIONALES\u00bb","block_context":{"text":"NACIONALES","link":"https:\/\/lasprimeras.com.do\/index.php\/category\/nacionales\/"},"img":{"alt_text":"","src":"https:\/\/i0.wp.com\/lasprimeras.com.do\/wp-content\/uploads\/2024\/03\/6_Nacionales_28_1p01.jpg?resize=350%2C200&ssl=1","width":350,"height":200,"srcset":"https:\/\/i0.wp.com\/lasprimeras.com.do\/wp-content\/uploads\/2024\/03\/6_Nacionales_28_1p01.jpg?resize=350%2C200&ssl=1 1x, https:\/\/i0.wp.com\/lasprimeras.com.do\/wp-content\/uploads\/2024\/03\/6_Nacionales_28_1p01.jpg?resize=525%2C300&ssl=1 1.5x, https:\/\/i0.wp.com\/lasprimeras.com.do\/wp-content\/uploads\/2024\/03\/6_Nacionales_28_1p01.jpg?resize=700%2C400&ssl=1 2x, https:\/\/i0.wp.com\/lasprimeras.com.do\/wp-content\/uploads\/2024\/03\/6_Nacionales_28_1p01.jpg?resize=1050%2C600&ssl=1 3x, https:\/\/i0.wp.com\/lasprimeras.com.do\/wp-content\/uploads\/2024\/03\/6_Nacionales_28_1p01.jpg?resize=1400%2C800&ssl=1 4x"},"classes":[]}],"jetpack_sharing_enabled":true,"_links":{"self":[{"href":"https:\/\/lasprimeras.com.do\/index.php\/wp-json\/wp\/v2\/posts\/82740","targetHints":{"allow":["GET"]}}],"collection":[{"href":"https:\/\/lasprimeras.com.do\/index.php\/wp-json\/wp\/v2\/posts"}],"about":[{"href":"https:\/\/lasprimeras.com.do\/index.php\/wp-json\/wp\/v2\/types\/post"}],"author":[{"embeddable":true,"href":"https:\/\/lasprimeras.com.do\/index.php\/wp-json\/wp\/v2\/users\/3"}],"replies":[{"embeddable":true,"href":"https:\/\/lasprimeras.com.do\/index.php\/wp-json\/wp\/v2\/comments?post=82740"}],"version-history":[{"count":1,"href":"https:\/\/lasprimeras.com.do\/index.php\/wp-json\/wp\/v2\/posts\/82740\/revisions"}],"predecessor-version":[{"id":82742,"href":"https:\/\/lasprimeras.com.do\/index.php\/wp-json\/wp\/v2\/posts\/82740\/revisions\/82742"}],"wp:featuredmedia":[{"embeddable":true,"href":"https:\/\/lasprimeras.com.do\/index.php\/wp-json\/wp\/v2\/media\/82741"}],"wp:attachment":[{"href":"https:\/\/lasprimeras.com.do\/index.php\/wp-json\/wp\/v2\/media?parent=82740"}],"wp:term":[{"taxonomy":"category","embeddable":true,"href":"https:\/\/lasprimeras.com.do\/index.php\/wp-json\/wp\/v2\/categories?post=82740"},{"taxonomy":"post_tag","embeddable":true,"href":"https:\/\/lasprimeras.com.do\/index.php\/wp-json\/wp\/v2\/tags?post=82740"}],"curies":[{"name":"wp","href":"https:\/\/api.w.org\/{rel}","templated":true}]}}