{"id":82743,"date":"2024-05-07T09:31:31","date_gmt":"2024-05-07T13:31:31","guid":{"rendered":"https:\/\/lasprimeras.com.do\/?p=82743"},"modified":"2024-05-07T09:31:42","modified_gmt":"2024-05-07T13:31:42","slug":"aumentan-a-17-provincias-en-alerta-amarilla-y-8-se-mantiene-en-verde-por-lluvias","status":"publish","type":"post","link":"https:\/\/lasprimeras.com.do\/index.php\/2024\/05\/07\/aumentan-a-17-provincias-en-alerta-amarilla-y-8-se-mantiene-en-verde-por-lluvias\/","title":{"rendered":"Aumentan a 17 provincias en alerta amarilla y 8 se mantiene en verde por lluvias"},"content":{"rendered":"\n<p>RD.-El Centro de Operaciones de Emergencia (COE) aument\u00f3 a 17 las provincias en alerta amarilla, entre tanto, 8 se mantienen en verde, debido a las\u00a0lluvias\u00a0provocadas por una vaguada que est\u00e1 incidiendo en el territorio nacional.<\/p>\n\n\n\n<p>Las provincias en alerta amarilla son Mar\u00eda Trinidad S\u00e1nchez, La Altagracia, Monse\u00f1or Nouel, Montecristi, San Pedro de Macor\u00eds, Santiago Rodr\u00edguez, Duarte, S\u00e1nchez Ram\u00edrez, Monte Plata, Puerto Plata, Valverde, Hato Mayor, Espaillat, La Vega, Santiago, Saman\u00e1 y El Seibo.<\/p>\n\n\n\n<p>En tanto que en verde se encuentran El\u00edas Pi\u00f1a, Hermanas Mirabal, San Crist\u00f3bal, La Romana, Azua, San Jos\u00e9 de Ocoa y el Gran Santo Domingo.<\/p>\n","protected":false},"excerpt":{"rendered":"<p>RD.-El Centro de Operaciones de Emergencia (COE) aument\u00f3 a 17 las provincias en alerta amarilla, entre tanto, 8 se mantienen en verde, debido a las\u00a0lluvias\u00a0provocadas por una vaguada que est\u00e1&hellip;<\/p>\n","protected":false},"author":3,"featured_media":82744,"comment_status":"open","ping_status":"open","sticky":false,"template":"","format":"standard","meta":{"content-type":"","jetpack_post_was_ever_published":false,"_jetpack_newsletter_access":"","_jetpack_dont_email_post_to_subs":false,"_jetpack_newsletter_tier_id":0,"_jetpack_memberships_contains_paywalled_content":false,"_jetpack_memberships_contains_paid_content":false,"footnotes":""},"categories":[25],"tags":[2266],"class_list":["post-82743","post","type-post","status-publish","format-standard","has-post-thumbnail","hentry","category-portada","tag-coe"],"jetpack_featured_media_url":"https:\/\/lasprimeras.com.do\/wp-content\/uploads\/2024\/05\/whatsapp-image-2023-10-19-at-7.36.55-pm-focus-0-0-375-240.jpg","jetpack-related-posts":[{"id":112629,"url":"https:\/\/lasprimeras.com.do\/index.php\/2025\/10\/25\/coe-mantiene-8-provincias-y-el-dn-en-alerta-roja-16-en-amarilla-y-aumenta-5-en-verde-debido-al-huracan-melissa\/","url_meta":{"origin":82743,"position":0},"title":"COE mantiene 8 provincias y el DN en alerta roja, 16 en amarilla y aumenta 5 en verde debido al Hurac\u00e1n Melissa","author":"Nelson Feliz","date":"25 de octubre de 2025","format":false,"excerpt":"El COE mantiene 08 provincias y al Distrito Nacional en alerta roja, 16 en amarilla y aumenta 05 en verde, debido a que el Hurac\u00e1n Melissa, categor\u00eda 1, en la tarde de hoy s\u00e1bado, fue localizado, cerca de latitud 16.6 Norte, longitud 75.5 Oeste, pr\u00f3ximo a unos 405 kil\u00f3metros al\u2026","rel":"","context":"En \u00abCLIMA\u00bb","block_context":{"text":"CLIMA","link":"https:\/\/lasprimeras.com.do\/index.php\/category\/clima\/"},"img":{"alt_text":"","src":"https:\/\/i0.wp.com\/lasprimeras.com.do\/wp-content\/uploads\/2025\/10\/melissa-1.jpg?resize=350%2C200&ssl=1","width":350,"height":200,"srcset":"https:\/\/i0.wp.com\/lasprimeras.com.do\/wp-content\/uploads\/2025\/10\/melissa-1.jpg?resize=350%2C200&ssl=1 1x, https:\/\/i0.wp.com\/lasprimeras.com.do\/wp-content\/uploads\/2025\/10\/melissa-1.jpg?resize=525%2C300&ssl=1 1.5x, https:\/\/i0.wp.com\/lasprimeras.com.do\/wp-content\/uploads\/2025\/10\/melissa-1.jpg?resize=700%2C400&ssl=1 2x"},"classes":[]},{"id":127855,"url":"https:\/\/lasprimeras.com.do\/index.php\/2026\/04\/16\/coe-aumenta-alertas-21-provincias-en-amarilla-y-7-en-verde-por-vaguada\/","url_meta":{"origin":82743,"position":1},"title":"COE aumenta alertas: 21 provincias en amarilla y 7 en verde por vaguada","author":"Nelson Feliz","date":"16 de abril de 2026","format":false,"excerpt":"El organismo de socorro exhort\u00f3 a la poblaci\u00f3n, especialmente a padres y tutores, a vigilar a los menores y evitar el uso de r\u00edos, arroyos y ca\u00f1adas con alto caudal El Centro de Operaciones de Emergencias (COE) elev\u00f3 la tarde de este jueves a 20 las provincias en alerta amarilla\u2026","rel":"","context":"En \u00abCLIMA\u00bb","block_context":{"text":"CLIMA","link":"https:\/\/lasprimeras.com.do\/index.php\/category\/clima\/"},"img":{"alt_text":"","src":"https:\/\/i0.wp.com\/lasprimeras.com.do\/wp-content\/uploads\/2025\/06\/Lluvias.jpg?resize=350%2C200&ssl=1","width":350,"height":200},"classes":[]},{"id":98284,"url":"https:\/\/lasprimeras.com.do\/index.php\/2025\/05\/06\/coe-eleva-a-nueve-las-provincias-en-alerta-amarilla-por-las-lluvias\/","url_meta":{"origin":82743,"position":2},"title":"COE eleva a nueve las provincias en alerta amarilla por las lluvias","author":"Nelson Feliz","date":"6 de mayo de 2025","format":false,"excerpt":"Estas son: Santo Domingo, Monse\u00f1or Nouel, Santiago, Puerto Plata, Dajab\u00f3n, La Vega, Monte Plata, San Juan y Espaillat. El Centro de Operaciones de Emergencias (COE) aument\u00f3 la noche de este lunes a nueve las provincias en alerta amarilla y mantiene al Distrito Nacional y a 11 en verde, debido la\u2026","rel":"","context":"En \u00abNACIONALES\u00bb","block_context":{"text":"NACIONALES","link":"https:\/\/lasprimeras.com.do\/index.php\/category\/nacionales\/"},"img":{"alt_text":"","src":"https:\/\/i0.wp.com\/lasprimeras.com.do\/wp-content\/uploads\/2025\/05\/GqO5baTXIAE0l_Z.jpg?resize=350%2C200&ssl=1","width":350,"height":200,"srcset":"https:\/\/i0.wp.com\/lasprimeras.com.do\/wp-content\/uploads\/2025\/05\/GqO5baTXIAE0l_Z.jpg?resize=350%2C200&ssl=1 1x, https:\/\/i0.wp.com\/lasprimeras.com.do\/wp-content\/uploads\/2025\/05\/GqO5baTXIAE0l_Z.jpg?resize=525%2C300&ssl=1 1.5x"},"classes":[]},{"id":126684,"url":"https:\/\/lasprimeras.com.do\/index.php\/2026\/04\/04\/el-coe-mantiene-11-provincias-bajo-alerta-por-las-lluvias\/","url_meta":{"origin":82743,"position":3},"title":"El COE mantiene 11 provincias bajo alerta por las lluvias","author":"Nelson Feliz","date":"4 de abril de 2026","format":false,"excerpt":"Una vaguada afecta al territorio nacional desde hace d\u00edas. El Centro de Operaciones de Emergencias (COE) inform\u00f3 este s\u00e1bado que 10 provincias y el Distrito Nacional contin\u00faan bajo alerta verde y amarilla, por la persistente actividad de lluvias que afecta al territorio nacional. Estas precipitaciones, producto de los efectos de\u2026","rel":"","context":"En \u00abNACIONALES\u00bb","block_context":{"text":"NACIONALES","link":"https:\/\/lasprimeras.com.do\/index.php\/category\/nacionales\/"},"img":{"alt_text":"","src":"https:\/\/i0.wp.com\/lasprimeras.com.do\/wp-content\/uploads\/2025\/12\/lluvias.jpeg?resize=350%2C200&ssl=1","width":350,"height":200,"srcset":"https:\/\/i0.wp.com\/lasprimeras.com.do\/wp-content\/uploads\/2025\/12\/lluvias.jpeg?resize=350%2C200&ssl=1 1x, https:\/\/i0.wp.com\/lasprimeras.com.do\/wp-content\/uploads\/2025\/12\/lluvias.jpeg?resize=525%2C300&ssl=1 1.5x, https:\/\/i0.wp.com\/lasprimeras.com.do\/wp-content\/uploads\/2025\/12\/lluvias.jpeg?resize=700%2C400&ssl=1 2x"},"classes":[]},{"id":99033,"url":"https:\/\/lasprimeras.com.do\/index.php\/2025\/05\/16\/coe-aumenta-a-21-las-provincias-en-alerta-por-aguaceros\/","url_meta":{"origin":82743,"position":4},"title":"COE aumenta a 21 las provincias en alerta por aguaceros","author":"Nelson Feliz","date":"16 de mayo de 2025","format":false,"excerpt":"Indomet prev\u00e9 m\u00e1s lluvias. El Centro de Operaciones de Emergencias (COE) mantiene en alerta roja a tres provincias y al Distrito Nacional, eleva a 10 las demarcaciones en alerta amarilla y mantiene 7 en verde, debido a las condiciones meteorol\u00f3gicas generadas por una vaguada y un ambiente h\u00famedo que inciden\u2026","rel":"","context":"En \u00abNACIONALES\u00bb","block_context":{"text":"NACIONALES","link":"https:\/\/lasprimeras.com.do\/index.php\/category\/nacionales\/"},"img":{"alt_text":"","src":"https:\/\/i0.wp.com\/lasprimeras.com.do\/wp-content\/uploads\/2025\/05\/lluvias-1.jpg?resize=350%2C200&ssl=1","width":350,"height":200,"srcset":"https:\/\/i0.wp.com\/lasprimeras.com.do\/wp-content\/uploads\/2025\/05\/lluvias-1.jpg?resize=350%2C200&ssl=1 1x, https:\/\/i0.wp.com\/lasprimeras.com.do\/wp-content\/uploads\/2025\/05\/lluvias-1.jpg?resize=525%2C300&ssl=1 1.5x, https:\/\/i0.wp.com\/lasprimeras.com.do\/wp-content\/uploads\/2025\/05\/lluvias-1.jpg?resize=700%2C400&ssl=1 2x"},"classes":[]},{"id":112044,"url":"https:\/\/lasprimeras.com.do\/index.php\/2025\/10\/16\/coe-coloca-al-distrito-nacional-y-23-provincias-en-alerta-por-efectos-de-vaguada\/","url_meta":{"origin":82743,"position":5},"title":"COE coloca al Distrito Nacional y 23 provincias en alerta por efectos de vaguada","author":"Nelson Feliz","date":"16 de octubre de 2025","format":false,"excerpt":"El Centro de Operaciones de Emergencias (COE) mantiene seis provincias en alerta amarilla y coloca 17 provincias y el Distrito Nacional en alerta verde, debido a una vaguada frontal que est\u00e1 generando nublados con aguaceros de moderados a fuertes, tormentas el\u00e9ctricas y r\u00e1fagas de viento, seg\u00fan muestran las im\u00e1genes satelitales\u2026","rel":"","context":"En \u00abCLIMA\u00bb","block_context":{"text":"CLIMA","link":"https:\/\/lasprimeras.com.do\/index.php\/category\/clima\/"},"img":{"alt_text":"","src":"https:\/\/i0.wp.com\/lasprimeras.com.do\/wp-content\/uploads\/2025\/10\/coe-2.jpg?resize=350%2C200&ssl=1","width":350,"height":200,"srcset":"https:\/\/i0.wp.com\/lasprimeras.com.do\/wp-content\/uploads\/2025\/10\/coe-2.jpg?resize=350%2C200&ssl=1 1x, https:\/\/i0.wp.com\/lasprimeras.com.do\/wp-content\/uploads\/2025\/10\/coe-2.jpg?resize=525%2C300&ssl=1 1.5x"},"classes":[]}],"jetpack_sharing_enabled":true,"_links":{"self":[{"href":"https:\/\/lasprimeras.com.do\/index.php\/wp-json\/wp\/v2\/posts\/82743","targetHints":{"allow":["GET"]}}],"collection":[{"href":"https:\/\/lasprimeras.com.do\/index.php\/wp-json\/wp\/v2\/posts"}],"about":[{"href":"https:\/\/lasprimeras.com.do\/index.php\/wp-json\/wp\/v2\/types\/post"}],"author":[{"embeddable":true,"href":"https:\/\/lasprimeras.com.do\/index.php\/wp-json\/wp\/v2\/users\/3"}],"replies":[{"embeddable":true,"href":"https:\/\/lasprimeras.com.do\/index.php\/wp-json\/wp\/v2\/comments?post=82743"}],"version-history":[{"count":1,"href":"https:\/\/lasprimeras.com.do\/index.php\/wp-json\/wp\/v2\/posts\/82743\/revisions"}],"predecessor-version":[{"id":82745,"href":"https:\/\/lasprimeras.com.do\/index.php\/wp-json\/wp\/v2\/posts\/82743\/revisions\/82745"}],"wp:featuredmedia":[{"embeddable":true,"href":"https:\/\/lasprimeras.com.do\/index.php\/wp-json\/wp\/v2\/media\/82744"}],"wp:attachment":[{"href":"https:\/\/lasprimeras.com.do\/index.php\/wp-json\/wp\/v2\/media?parent=82743"}],"wp:term":[{"taxonomy":"category","embeddable":true,"href":"https:\/\/lasprimeras.com.do\/index.php\/wp-json\/wp\/v2\/categories?post=82743"},{"taxonomy":"post_tag","embeddable":true,"href":"https:\/\/lasprimeras.com.do\/index.php\/wp-json\/wp\/v2\/tags?post=82743"}],"curies":[{"name":"wp","href":"https:\/\/api.w.org\/{rel}","templated":true}]}}