{"id":82748,"date":"2024-05-07T09:34:15","date_gmt":"2024-05-07T13:34:15","guid":{"rendered":"https:\/\/lasprimeras.com.do\/?p=82748"},"modified":"2024-05-07T09:34:17","modified_gmt":"2024-05-07T13:34:17","slug":"abinader-revela-gobierno-construira-dos-parqueos-uno-en-el-palacio-nacional","status":"publish","type":"post","link":"https:\/\/lasprimeras.com.do\/index.php\/2024\/05\/07\/abinader-revela-gobierno-construira-dos-parqueos-uno-en-el-palacio-nacional\/","title":{"rendered":"Abinader revela Gobierno construir\u00e1 dos parqueos, uno en el Palacio Nacional"},"content":{"rendered":"\n<p>La dificultad para obtener un parqueo en los alrededores del&nbsp;Palacio Nacional&nbsp;es algo de lo cual el&nbsp;presidente&nbsp;de la Rep\u00fablica, Luis&nbsp;Abinader, dijo estar consciente y por ello revel\u00f3 este lunes que el&nbsp;Gobierno&nbsp;trabaja en la&nbsp;construcci\u00f3n&nbsp;de dos&nbsp;edificios&nbsp;de&nbsp;estacionamientos&nbsp;en la zona para ayudar en la soluci\u00f3n a esta problem\u00e1tica, que aclar\u00f3 tiene sus a\u00f1os.<\/p>\n\n\n\n<p>Una de estas edificaciones estar\u00eda en la casa presidencial, seg\u00fan dijo, para, al mismo tiempo, ubicar a&nbsp;empleados&nbsp;que desempe\u00f1an sus labores en espacios muy reducidos en el Palacio.<\/p>\n\n\n\n<p>&#8220;Hay dos planes, dos dise\u00f1os de&nbsp;parqueos. Uno con un&nbsp;edificio&nbsp;que vamos a hacer aqu\u00ed, hay gente que debemos ponerlos a trabajar en mejor espacio aqu\u00ed en el&nbsp;Palacio Nacional, las&nbsp;oficinas&nbsp;son muy peque\u00f1as y se va a hacer un parqueo, conjuntamente con un nuevo&nbsp;edificio&nbsp;de&nbsp;oficinas&#8221;, explic\u00f3 el mandatario.<\/p>\n","protected":false},"excerpt":{"rendered":"<p>La dificultad para obtener un parqueo en los alrededores del&nbsp;Palacio Nacional&nbsp;es algo de lo cual el&nbsp;presidente&nbsp;de la Rep\u00fablica, Luis&nbsp;Abinader, dijo estar consciente y por ello revel\u00f3 este lunes que el&nbsp;Gobierno&nbsp;trabaja&hellip;<\/p>\n","protected":false},"author":3,"featured_media":82749,"comment_status":"open","ping_status":"open","sticky":false,"template":"","format":"standard","meta":{"content-type":"","jetpack_post_was_ever_published":false,"_jetpack_newsletter_access":"","_jetpack_dont_email_post_to_subs":false,"_jetpack_newsletter_tier_id":0,"_jetpack_memberships_contains_paywalled_content":false,"_jetpack_memberships_contains_paid_content":false,"footnotes":""},"categories":[35],"tags":[67],"class_list":["post-82748","post","type-post","status-publish","format-standard","has-post-thumbnail","hentry","category-nacionales","tag-luis-abinader"],"jetpack_featured_media_url":"https:\/\/lasprimeras.com.do\/wp-content\/uploads\/2024\/05\/edv22886-focus-0-0-375-240.jpg","jetpack-related-posts":[{"id":102991,"url":"https:\/\/lasprimeras.com.do\/index.php\/2025\/07\/10\/abinader-inaugura-parqueo-plaza-zona-colonial\/","url_meta":{"origin":82748,"position":0},"title":"Abinader inaugura parqueo Plaza Zona Colonial","author":"Nelson Feliz","date":"10 de julio de 2025","format":false,"excerpt":"Una infraestructura moderna que mejora la movilidad, dinamiza la econom\u00eda y proyecta un nuevo modelo de desarrollo urbano. Con una inversi\u00f3n de US$ 16 millones de d\u00f3lares, el presidente Luis Abinader inaugur\u00f3 este jueves el edificio mixto de parqueo Plaza Zona Colonial, como parte del programa nacional Parqu\u00e9ate RD, una\u2026","rel":"","context":"En \u00abECONOM\u00cdA\u00bb","block_context":{"text":"ECONOM\u00cdA","link":"https:\/\/lasprimeras.com.do\/index.php\/category\/economia\/"},"img":{"alt_text":"","src":"https:\/\/i0.wp.com\/lasprimeras.com.do\/wp-content\/uploads\/2025\/07\/Luis-Abinader-c-1.jpg?resize=350%2C200&ssl=1","width":350,"height":200,"srcset":"https:\/\/i0.wp.com\/lasprimeras.com.do\/wp-content\/uploads\/2025\/07\/Luis-Abinader-c-1.jpg?resize=350%2C200&ssl=1 1x, https:\/\/i0.wp.com\/lasprimeras.com.do\/wp-content\/uploads\/2025\/07\/Luis-Abinader-c-1.jpg?resize=525%2C300&ssl=1 1.5x, https:\/\/i0.wp.com\/lasprimeras.com.do\/wp-content\/uploads\/2025\/07\/Luis-Abinader-c-1.jpg?resize=700%2C400&ssl=1 2x"},"classes":[]},{"id":125472,"url":"https:\/\/lasprimeras.com.do\/index.php\/2026\/03\/23\/abinader-inaugurara-la-central-termoelectrica-manzanillo-power-land-en-montecristi\/","url_meta":{"origin":82748,"position":1},"title":"Abinader inaugurar\u00e1 la Central Termoel\u00e9ctrica Manzanillo Power Land en Montecristi","author":"Nelson Feliz","date":"23 de marzo de 2026","format":false,"excerpt":"La Direcci\u00f3n de Estrategia y Comunicaci\u00f3n Gubernamental informa que el presidente de la Rep\u00fablica, Luis Abinader, encabezar\u00e1 el pr\u00f3ximo viernes 27 de marzo de 2026 el acto de inauguraci\u00f3n de la Central de Generaci\u00f3n Termoel\u00e9ctrica Manzanillo Power Land. Este importante proyecto energ\u00e9tico, ubicado en el municipio de Pepillo Salcedo, provincia\u2026","rel":"","context":"En \u00abNACIONALES\u00bb","block_context":{"text":"NACIONALES","link":"https:\/\/lasprimeras.com.do\/index.php\/category\/nacionales\/"},"img":{"alt_text":"","src":"https:\/\/i0.wp.com\/lasprimeras.com.do\/wp-content\/uploads\/2026\/03\/pawer-land.jpg?resize=350%2C200&ssl=1","width":350,"height":200,"srcset":"https:\/\/i0.wp.com\/lasprimeras.com.do\/wp-content\/uploads\/2026\/03\/pawer-land.jpg?resize=350%2C200&ssl=1 1x, https:\/\/i0.wp.com\/lasprimeras.com.do\/wp-content\/uploads\/2026\/03\/pawer-land.jpg?resize=525%2C300&ssl=1 1.5x"},"classes":[]},{"id":48849,"url":"https:\/\/lasprimeras.com.do\/index.php\/2023\/05\/04\/gobierno-prometio-20-parqueos-y-hasta-ahora-solo-hay-1-construido\/","url_meta":{"origin":82748,"position":2},"title":"Gobierno prometi\u00f3 20 parqueos y hasta ahora solo hay 1 construido","author":"prenxa100","date":"4 de mayo de 2023","format":false,"excerpt":"Santo Domingo. \u2013 El 12 de enero de 2021 -hace m\u00e1s de dos a\u00f1os-,\u00a0el Gobierno anunci\u00f3 20 parqueos p\u00fablicos para el pa\u00eds. Diecis\u00e9is para el Gran Santo Domingo y cuatro para la provincia Santiago. Esto como parte del Plan Nacional de Parqueo\u00a0\u201cParqu\u00e9aTRD\u201d, que la Direcci\u00f3n General de Alianzas P\u00fablico Privadas\u2026","rel":"","context":"En \u00abSin categor\u00eda\u00bb","block_context":{"text":"Sin categor\u00eda","link":"https:\/\/lasprimeras.com.do\/index.php\/category\/sin-categoria\/"},"img":{"alt_text":"","src":"","width":0,"height":0},"classes":[]},{"id":126226,"url":"https:\/\/lasprimeras.com.do\/index.php\/2026\/03\/31\/abinader-redobla-actividades-en-semana-santa\/","url_meta":{"origin":82748,"position":3},"title":"Abinader redobla actividades en Semana Santa","author":"Nelson Feliz","date":"31 de marzo de 2026","format":false,"excerpt":"Encabezar\u00e1 ma\u00f1ana martes cuatro actos oficiales en Distrito Nacional y Saman\u00e1 El presidente Luis Abinader intensificar\u00e1 su agenda de trabajo durante el periodo de Semana Santa, con la programaci\u00f3n de cuatro actos oficiales que se llevar\u00e1n a cabo este martes entre el Distrito Nacional y la provincia de Saman\u00e1. La\u2026","rel":"","context":"En \u00abNACIONALES\u00bb","block_context":{"text":"NACIONALES","link":"https:\/\/lasprimeras.com.do\/index.php\/category\/nacionales\/"},"img":{"alt_text":"","src":"https:\/\/i0.wp.com\/lasprimeras.com.do\/wp-content\/uploads\/2026\/03\/Luis-Abinader-15.jpg?resize=350%2C200&ssl=1","width":350,"height":200,"srcset":"https:\/\/i0.wp.com\/lasprimeras.com.do\/wp-content\/uploads\/2026\/03\/Luis-Abinader-15.jpg?resize=350%2C200&ssl=1 1x, https:\/\/i0.wp.com\/lasprimeras.com.do\/wp-content\/uploads\/2026\/03\/Luis-Abinader-15.jpg?resize=525%2C300&ssl=1 1.5x, https:\/\/i0.wp.com\/lasprimeras.com.do\/wp-content\/uploads\/2026\/03\/Luis-Abinader-15.jpg?resize=700%2C400&ssl=1 2x"},"classes":[]},{"id":126838,"url":"https:\/\/lasprimeras.com.do\/index.php\/2026\/04\/06\/video-muestra-patrulla-de-la-pn-llevandose-dos-motores-de-un-parqueo-en-moca\/","url_meta":{"origin":82748,"position":4},"title":"Video muestra patrulla de la PN llev\u00e1ndose dos motores de un parqueo en Moca","author":"Nelson Feliz","date":"6 de abril de 2026","format":false,"excerpt":"Moca, Espaillat.\u00a0\u2014 Una situaci\u00f3n que genera preocupaci\u00f3n ocurri\u00f3 en\u00a0Cayetano Germos\u00e9n, cuando una patrulla de la\u00a0Polic\u00eda Nacional\u00a0retir\u00f3 una motocicleta que se encontraba estacionada en el parqueo de su propietario. El due\u00f1o del veh\u00edculo denunci\u00f3 el hecho y asegur\u00f3 que el incidente qued\u00f3 registrado por una c\u00e1mara de seguridad instalada en el\u2026","rel":"","context":"En \u00abNACIONALES\u00bb","block_context":{"text":"NACIONALES","link":"https:\/\/lasprimeras.com.do\/index.php\/category\/nacionales\/"},"img":{"alt_text":"Patrulla PN","src":"https:\/\/i0.wp.com\/lasprimeras.com.do\/wp-content\/uploads\/2024\/04\/Patrulla-PN.jpg?resize=350%2C200&ssl=1","width":350,"height":200,"srcset":"https:\/\/i0.wp.com\/lasprimeras.com.do\/wp-content\/uploads\/2024\/04\/Patrulla-PN.jpg?resize=350%2C200&ssl=1 1x, https:\/\/i0.wp.com\/lasprimeras.com.do\/wp-content\/uploads\/2024\/04\/Patrulla-PN.jpg?resize=525%2C300&ssl=1 1.5x, https:\/\/i0.wp.com\/lasprimeras.com.do\/wp-content\/uploads\/2024\/04\/Patrulla-PN.jpg?resize=700%2C400&ssl=1 2x"},"classes":[]},{"id":115738,"url":"https:\/\/lasprimeras.com.do\/index.php\/2025\/11\/25\/abinader-entregara-maquinarias-agricolas-al-ministerio-de-agricultura\/","url_meta":{"origin":82748,"position":5},"title":"Abinader entregar\u00e1 maquinarias agr\u00edcolas al Ministerio de Agricultura","author":"Nelson Feliz","date":"25 de noviembre de 2025","format":false,"excerpt":"El presidente Luis Abinader encabezar\u00e1 a las 10 de la ma\u00f1ana un acto de entrega de maquinarias agr\u00edcolas de \u00faltima generaci\u00f3n en el \u00e1rea de parqueo del Ministerio de Agricultura. Esta actividad forma parte de los esfuerzos del gobierno por modernizar y tecnificar el campo dominicano, un anuncio que hab\u00eda\u2026","rel":"","context":"En \u00abNACIONALES\u00bb","block_context":{"text":"NACIONALES","link":"https:\/\/lasprimeras.com.do\/index.php\/category\/nacionales\/"},"img":{"alt_text":"Luis Abinader","src":"https:\/\/i0.wp.com\/lasprimeras.com.do\/wp-content\/uploads\/2025\/11\/Luis-Abinader-7.jpg?resize=350%2C200&ssl=1","width":350,"height":200,"srcset":"https:\/\/i0.wp.com\/lasprimeras.com.do\/wp-content\/uploads\/2025\/11\/Luis-Abinader-7.jpg?resize=350%2C200&ssl=1 1x, https:\/\/i0.wp.com\/lasprimeras.com.do\/wp-content\/uploads\/2025\/11\/Luis-Abinader-7.jpg?resize=525%2C300&ssl=1 1.5x, https:\/\/i0.wp.com\/lasprimeras.com.do\/wp-content\/uploads\/2025\/11\/Luis-Abinader-7.jpg?resize=700%2C400&ssl=1 2x"},"classes":[]}],"jetpack_sharing_enabled":true,"_links":{"self":[{"href":"https:\/\/lasprimeras.com.do\/index.php\/wp-json\/wp\/v2\/posts\/82748","targetHints":{"allow":["GET"]}}],"collection":[{"href":"https:\/\/lasprimeras.com.do\/index.php\/wp-json\/wp\/v2\/posts"}],"about":[{"href":"https:\/\/lasprimeras.com.do\/index.php\/wp-json\/wp\/v2\/types\/post"}],"author":[{"embeddable":true,"href":"https:\/\/lasprimeras.com.do\/index.php\/wp-json\/wp\/v2\/users\/3"}],"replies":[{"embeddable":true,"href":"https:\/\/lasprimeras.com.do\/index.php\/wp-json\/wp\/v2\/comments?post=82748"}],"version-history":[{"count":1,"href":"https:\/\/lasprimeras.com.do\/index.php\/wp-json\/wp\/v2\/posts\/82748\/revisions"}],"predecessor-version":[{"id":82750,"href":"https:\/\/lasprimeras.com.do\/index.php\/wp-json\/wp\/v2\/posts\/82748\/revisions\/82750"}],"wp:featuredmedia":[{"embeddable":true,"href":"https:\/\/lasprimeras.com.do\/index.php\/wp-json\/wp\/v2\/media\/82749"}],"wp:attachment":[{"href":"https:\/\/lasprimeras.com.do\/index.php\/wp-json\/wp\/v2\/media?parent=82748"}],"wp:term":[{"taxonomy":"category","embeddable":true,"href":"https:\/\/lasprimeras.com.do\/index.php\/wp-json\/wp\/v2\/categories?post=82748"},{"taxonomy":"post_tag","embeddable":true,"href":"https:\/\/lasprimeras.com.do\/index.php\/wp-json\/wp\/v2\/tags?post=82748"}],"curies":[{"name":"wp","href":"https:\/\/api.w.org\/{rel}","templated":true}]}}