{"id":82751,"date":"2024-05-07T09:37:07","date_gmt":"2024-05-07T13:37:07","guid":{"rendered":"https:\/\/lasprimeras.com.do\/?p=82751"},"modified":"2024-05-07T09:37:08","modified_gmt":"2024-05-07T13:37:08","slug":"suspenden-corridas-de-toros-en-la-plaza-mexico-de-nuevo","status":"publish","type":"post","link":"https:\/\/lasprimeras.com.do\/index.php\/2024\/05\/07\/suspenden-corridas-de-toros-en-la-plaza-mexico-de-nuevo\/","title":{"rendered":"Suspenden corridas de Toros en la Plaza M\u00e9xico de nuevo"},"content":{"rendered":"\n<p>Una jueza federal otorg\u00f3 una suspensi\u00f3n provisional a la asociaci\u00f3n civil Va por sus Derechos, la cual frena de nueva cuenta las corridas de toros en la Plaza M\u00e9xico.<\/p>\n\n\n\n<p>Minerva Herlinda Mendoza Cruz, jueza Primero de Distrito en Materia Administrativa en la Ciudad de M\u00e9xico, concedi\u00f3 la medida cautelar.<br><\/p>\n","protected":false},"excerpt":{"rendered":"<p>Una jueza federal otorg\u00f3 una suspensi\u00f3n provisional a la asociaci\u00f3n civil Va por sus Derechos, la cual frena de nueva cuenta las corridas de toros en la Plaza M\u00e9xico. Minerva&hellip;<\/p>\n","protected":false},"author":3,"featured_media":82752,"comment_status":"open","ping_status":"open","sticky":false,"template":"","format":"standard","meta":{"content-type":"","jetpack_post_was_ever_published":false,"_jetpack_newsletter_access":"","_jetpack_dont_email_post_to_subs":false,"_jetpack_newsletter_tier_id":0,"_jetpack_memberships_contains_paywalled_content":false,"_jetpack_memberships_contains_paid_content":false,"footnotes":""},"categories":[1],"tags":[11780],"class_list":["post-82751","post","type-post","status-publish","format-standard","has-post-thumbnail","hentry","category-sin-categoria","tag-corridas-de-toros"],"jetpack_featured_media_url":"https:\/\/lasprimeras.com.do\/wp-content\/uploads\/2024\/05\/jose-mauricio-durante-una-corrida_0_21_1200_758.jpg","jetpack-related-posts":[{"id":76752,"url":"https:\/\/lasprimeras.com.do\/index.php\/2024\/02\/14\/jueza-autoriza-que-sigan-celebrandose-corridas-de-toros-en-la-plaza-mexico\/","url_meta":{"origin":82751,"position":0},"title":"Jueza autoriza que sigan celebr\u00e1ndose corridas de toros en la Plaza M\u00e9xico","author":"Nelson Feliz","date":"14 de febrero de 2024","format":false,"excerpt":"De esta forma, la plaza de toros de la capital mexicana no tendr\u00e1 obst\u00e1culos para realizar las corridas programadas para la temporada 2024. La jueza federal de Ciudad de M\u00e9xico, Sandra de Jes\u00fas Z\u00fa\u00f1iga, ha autorizado que sigan celebr\u00e1ndose corridas de toros en la Plaza M\u00e9xico de la capital mexicana\u2026","rel":"","context":"En \u00abSin categor\u00eda\u00bb","block_context":{"text":"Sin categor\u00eda","link":"https:\/\/lasprimeras.com.do\/index.php\/category\/sin-categoria\/"},"img":{"alt_text":"Evento taurino en la Plaza de Toros Centro Expositor de San Juan del R\u00edo, M\u00e9xico, el 2 de julio de 2022. Hector Vivas \/ Gettyimages.ru","src":"https:\/\/i0.wp.com\/lasprimeras.com.do\/wp-content\/uploads\/2024\/02\/Plaza-de-Toros-Centro-Expositor-de-San-Juan-del-Rio.jpg?resize=350%2C200&ssl=1","width":350,"height":200,"srcset":"https:\/\/i0.wp.com\/lasprimeras.com.do\/wp-content\/uploads\/2024\/02\/Plaza-de-Toros-Centro-Expositor-de-San-Juan-del-Rio.jpg?resize=350%2C200&ssl=1 1x, https:\/\/i0.wp.com\/lasprimeras.com.do\/wp-content\/uploads\/2024\/02\/Plaza-de-Toros-Centro-Expositor-de-San-Juan-del-Rio.jpg?resize=525%2C300&ssl=1 1.5x, https:\/\/i0.wp.com\/lasprimeras.com.do\/wp-content\/uploads\/2024\/02\/Plaza-de-Toros-Centro-Expositor-de-San-Juan-del-Rio.jpg?resize=700%2C400&ssl=1 2x"},"classes":[]},{"id":115455,"url":"https:\/\/lasprimeras.com.do\/index.php\/2025\/11\/23\/hit-decisivo-de-sandber-pimentel-lleva-a-los-toros-a-superar-5-4-al-escogido\/","url_meta":{"origin":82751,"position":1},"title":"Hit decisivo de Sandber Pimentel lleva a los Toros a superar 5-4 al Escogido","author":"Nelson Feliz","date":"23 de noviembre de 2025","format":false,"excerpt":"Con el juego 4-4, dispar\u00f3 el batazo que dio a su equipo el tercer triunfo corrido. Sandber Pimentel conect\u00f3 un doble impulsador en el cierre del octavo para remolcar la carrera que result\u00f3 la de la victoria en un triunfo cinco carreras por cuatro de los Toros del Este sobre\u2026","rel":"","context":"En \u00abDEPORTES\u00bb","block_context":{"text":"DEPORTES","link":"https:\/\/lasprimeras.com.do\/index.php\/category\/deportes\/"},"img":{"alt_text":"","src":"https:\/\/i0.wp.com\/lasprimeras.com.do\/wp-content\/uploads\/2025\/11\/los-toros.jpg?resize=350%2C200&ssl=1","width":350,"height":200,"srcset":"https:\/\/i0.wp.com\/lasprimeras.com.do\/wp-content\/uploads\/2025\/11\/los-toros.jpg?resize=350%2C200&ssl=1 1x, https:\/\/i0.wp.com\/lasprimeras.com.do\/wp-content\/uploads\/2025\/11\/los-toros.jpg?resize=525%2C300&ssl=1 1.5x, https:\/\/i0.wp.com\/lasprimeras.com.do\/wp-content\/uploads\/2025\/11\/los-toros.jpg?resize=700%2C400&ssl=1 2x"},"classes":[]},{"id":68847,"url":"https:\/\/lasprimeras.com.do\/index.php\/2023\/11\/28\/noel-dos-jonrones-y-arauz-decide-por-segundo-juego-corrido-en-triunfo-de-estrellas-sobre-toros\/","url_meta":{"origin":82751,"position":2},"title":"Noel, dos jonrones y Arauz decide por segundo juego corrido en triunfo de Estrellas sobre Toros","author":"Nelson Feliz","date":"28 de noviembre de 2023","format":false,"excerpt":"Lewin D\u00edaz conect\u00f3 un jonr\u00f3n clave en la parte baja del noveno para empatar el encuentro. Jhonkensy Noel dispar\u00f3 dos cuadranglares, Lewin D\u00edaz conect\u00f3 otro de tres carreras para el empate y Jonathan Arauz decidi\u00f3 por segunda jornada consecutiva para que las Estrellas Orientales sacaran un partido de la nevera\u2026","rel":"","context":"En \u00abSin categor\u00eda\u00bb","block_context":{"text":"Sin categor\u00eda","link":"https:\/\/lasprimeras.com.do\/index.php\/category\/sin-categoria\/"},"img":{"alt_text":"Jhonkensy Noel","src":"https:\/\/i0.wp.com\/lasprimeras.com.do\/wp-content\/uploads\/2023\/11\/Jhonkensy-Noel.jpg?resize=350%2C200&ssl=1","width":350,"height":200,"srcset":"https:\/\/i0.wp.com\/lasprimeras.com.do\/wp-content\/uploads\/2023\/11\/Jhonkensy-Noel.jpg?resize=350%2C200&ssl=1 1x, https:\/\/i0.wp.com\/lasprimeras.com.do\/wp-content\/uploads\/2023\/11\/Jhonkensy-Noel.jpg?resize=525%2C300&ssl=1 1.5x, https:\/\/i0.wp.com\/lasprimeras.com.do\/wp-content\/uploads\/2023\/11\/Jhonkensy-Noel.jpg?resize=700%2C400&ssl=1 2x"},"classes":[]},{"id":64173,"url":"https:\/\/lasprimeras.com.do\/index.php\/2023\/10\/18\/los-toros-del-este-se-reforzaran-con-estadounidense-schuemann\/","url_meta":{"origin":82751,"position":3},"title":"Los Toros del Este se reforzar\u00e1n con estadounidense Schuemann","author":"BIMARY DE JES\u00daS Matos","date":"18 de octubre de 2023","format":false,"excerpt":"LA ROMANA.- Los Toros del Este anunciaron la contrataci\u00f3n del estadounidense Max Schuemann como refuerzo para la temporada de b\u00e9isbol oto\u00f1o invernal que comenzar\u00e1 el jueves pr\u00f3ximo. El anuncio de la firma de Schuemann fue realizado por el gerente general del conjunto taurino Jes\u00fas Mej\u00eda, quien destac\u00f3 la versatilidad que\u2026","rel":"","context":"En \u00abSin categor\u00eda\u00bb","block_context":{"text":"Sin categor\u00eda","link":"https:\/\/lasprimeras.com.do\/index.php\/category\/sin-categoria\/"},"img":{"alt_text":"","src":"https:\/\/i0.wp.com\/lasprimeras.com.do\/wp-content\/uploads\/2023\/10\/Captura-de-pantalla-2023-10-18-140654-1.jpg?resize=350%2C200&ssl=1","width":350,"height":200,"srcset":"https:\/\/i0.wp.com\/lasprimeras.com.do\/wp-content\/uploads\/2023\/10\/Captura-de-pantalla-2023-10-18-140654-1.jpg?resize=350%2C200&ssl=1 1x, https:\/\/i0.wp.com\/lasprimeras.com.do\/wp-content\/uploads\/2023\/10\/Captura-de-pantalla-2023-10-18-140654-1.jpg?resize=525%2C300&ssl=1 1.5x, https:\/\/i0.wp.com\/lasprimeras.com.do\/wp-content\/uploads\/2023\/10\/Captura-de-pantalla-2023-10-18-140654-1.jpg?resize=700%2C400&ssl=1 2x"},"classes":[]},{"id":67491,"url":"https:\/\/lasprimeras.com.do\/index.php\/2023\/11\/16\/navarro-diaparo-jonron-y-toros-derrotan-a-leones\/","url_meta":{"origin":82751,"position":4},"title":"Navarro diapar\u00f3 jonr\u00f3n y Toros derrotan a Leones","author":"Nelson Feliz","date":"16 de noviembre de 2023","format":false,"excerpt":"El conjunto romanense se impuso por blanqueada en su propio hogar. Yamaico Navarro dispar\u00f3 un jonr\u00f3n de dos carreras y Esmil Rogers comando a cuatro compa\u00f1eros suyos para una blanqueada 3-1 de los Toros del Este sobre los Leones del Escogido la noche de este mi\u00e9rcoles en el Estadio Francisco\u2026","rel":"","context":"En \u00abSin categor\u00eda\u00bb","block_context":{"text":"Sin categor\u00eda","link":"https:\/\/lasprimeras.com.do\/index.php\/category\/sin-categoria\/"},"img":{"alt_text":"","src":"https:\/\/i0.wp.com\/lasprimeras.com.do\/wp-content\/uploads\/2023\/11\/Yamaico-Navarro.jpg?resize=350%2C200&ssl=1","width":350,"height":200,"srcset":"https:\/\/i0.wp.com\/lasprimeras.com.do\/wp-content\/uploads\/2023\/11\/Yamaico-Navarro.jpg?resize=350%2C200&ssl=1 1x, https:\/\/i0.wp.com\/lasprimeras.com.do\/wp-content\/uploads\/2023\/11\/Yamaico-Navarro.jpg?resize=525%2C300&ssl=1 1.5x, https:\/\/i0.wp.com\/lasprimeras.com.do\/wp-content\/uploads\/2023\/11\/Yamaico-Navarro.jpg?resize=700%2C400&ssl=1 2x"},"classes":[]},{"id":70360,"url":"https:\/\/lasprimeras.com.do\/index.php\/2023\/12\/11\/recojan-que-ganaron-las-aguilas-y-van-al-5to-lugar-leones-en-racha\/","url_meta":{"origin":82751,"position":5},"title":"Recojan que ganaron Las Aguilas y van al 5to. lugar; Leones en racha","author":"BIMARY DE JES\u00daS Matos","date":"11 de diciembre de 2023","format":false,"excerpt":"SANTIAGO DE LOS CABALLEROS. Jerar Encarnaci\u00f3n empuj\u00f3 dos carreras y las \u00c1guilas Cibae\u00f1as derrotaron 3-2 a los Tigres del Licey en el Estadio Cibao para continuar el mejor momento de su temporada regular con un triunfo que les llev\u00f3 a desplazar del quinto lugar a los Toros del Este. Las\u2026","rel":"","context":"En \u00abSin categor\u00eda\u00bb","block_context":{"text":"Sin categor\u00eda","link":"https:\/\/lasprimeras.com.do\/index.php\/category\/sin-categoria\/"},"img":{"alt_text":"","src":"https:\/\/i0.wp.com\/lasprimeras.com.do\/wp-content\/uploads\/2023\/12\/WhatsApp-Image-2023-12-10-at-11.56.33-AM.jpeg-6.jpg?resize=350%2C200&ssl=1","width":350,"height":200,"srcset":"https:\/\/i0.wp.com\/lasprimeras.com.do\/wp-content\/uploads\/2023\/12\/WhatsApp-Image-2023-12-10-at-11.56.33-AM.jpeg-6.jpg?resize=350%2C200&ssl=1 1x, https:\/\/i0.wp.com\/lasprimeras.com.do\/wp-content\/uploads\/2023\/12\/WhatsApp-Image-2023-12-10-at-11.56.33-AM.jpeg-6.jpg?resize=525%2C300&ssl=1 1.5x"},"classes":[]}],"jetpack_sharing_enabled":true,"_links":{"self":[{"href":"https:\/\/lasprimeras.com.do\/index.php\/wp-json\/wp\/v2\/posts\/82751","targetHints":{"allow":["GET"]}}],"collection":[{"href":"https:\/\/lasprimeras.com.do\/index.php\/wp-json\/wp\/v2\/posts"}],"about":[{"href":"https:\/\/lasprimeras.com.do\/index.php\/wp-json\/wp\/v2\/types\/post"}],"author":[{"embeddable":true,"href":"https:\/\/lasprimeras.com.do\/index.php\/wp-json\/wp\/v2\/users\/3"}],"replies":[{"embeddable":true,"href":"https:\/\/lasprimeras.com.do\/index.php\/wp-json\/wp\/v2\/comments?post=82751"}],"version-history":[{"count":1,"href":"https:\/\/lasprimeras.com.do\/index.php\/wp-json\/wp\/v2\/posts\/82751\/revisions"}],"predecessor-version":[{"id":82753,"href":"https:\/\/lasprimeras.com.do\/index.php\/wp-json\/wp\/v2\/posts\/82751\/revisions\/82753"}],"wp:featuredmedia":[{"embeddable":true,"href":"https:\/\/lasprimeras.com.do\/index.php\/wp-json\/wp\/v2\/media\/82752"}],"wp:attachment":[{"href":"https:\/\/lasprimeras.com.do\/index.php\/wp-json\/wp\/v2\/media?parent=82751"}],"wp:term":[{"taxonomy":"category","embeddable":true,"href":"https:\/\/lasprimeras.com.do\/index.php\/wp-json\/wp\/v2\/categories?post=82751"},{"taxonomy":"post_tag","embeddable":true,"href":"https:\/\/lasprimeras.com.do\/index.php\/wp-json\/wp\/v2\/tags?post=82751"}],"curies":[{"name":"wp","href":"https:\/\/api.w.org\/{rel}","templated":true}]}}