{"id":82754,"date":"2024-05-07T09:39:57","date_gmt":"2024-05-07T13:39:57","guid":{"rendered":"https:\/\/lasprimeras.com.do\/?p=82754"},"modified":"2024-05-07T09:39:59","modified_gmt":"2024-05-07T13:39:59","slug":"liberan-mujer-que-llevo-a-su-tio-muerto-a-un-banco-para-retirar-dinero","status":"publish","type":"post","link":"https:\/\/lasprimeras.com.do\/index.php\/2024\/05\/07\/liberan-mujer-que-llevo-a-su-tio-muerto-a-un-banco-para-retirar-dinero\/","title":{"rendered":"Liberan mujer que llev\u00f3 a su t\u00edo muerto a un banco para retirar dinero"},"content":{"rendered":"\n<p>R\u00edo de Janeiro.&nbsp;La Justicia brasile\u00f1a decret\u00f3 este jueves la libertad provisional para la mujer que llev\u00f3 a su t\u00edo muerto en una silla de ruedas a un banco de R\u00edo de Janeiro y que ser\u00e1 juzgada por los delitos de \u201ctentativa de&nbsp;estafa\u201d y \u201cprofanaci\u00f3n de cad\u00e1ver\u201d.<\/p>\n\n\n\n<p>La jueza Luciana Mocco acept\u00f3 la denuncia presentada por la Fiscal\u00eda al apreciar \u201cindicios m\u00ednimos de autor\u00eda y materialidad\u201d por parte de \u00c9rika de Souza, dentro del caso conocido como&nbsp;\u2018T\u00edo Paulo\u2019,&nbsp;de gran repercusi\u00f3n internacional.<\/p>\n\n\n\n<p>La magistrada, sin embargo, rechaz\u00f3 la manutenci\u00f3n de la prisi\u00f3n preventiva, como solicitaba el&nbsp;Ministerio P\u00fablico, y puso a la mujer en libertad provisional al tener \u201cresidencia fija\u201d, \u201cno representar un peligro para la instrucci\u00f3n\u201d ni tampoco suponer un \u201criesgo para el orden p\u00fablico\u201d.<\/p>\n\n\n\n<p>\u201cA pesar de la gran repercusi\u00f3n del caso en las redes nacionales e internacionales, ya que el video tomado en el interior de la&nbsp;sucursal bancaria&nbsp;fue ampliamente difundido en las redes sociales\u201d, no se justifica \u201cla medida excepcional de privaci\u00f3n de libertad\u201d, valor\u00f3 en su decisi\u00f3n.<\/p>\n\n\n\n<p>Sin embargo, la jueza le impuso medidas cautelares, entre ellas comparecer todos los meses en el juzgado y no ausentarse de R\u00edo por un plazo superior a siete d\u00edas, salvo autorizaci\u00f3n expresa del tribunal.<\/p>\n\n\n\n<p>Los hechos sucedieron el pasado 16 de abril en una&nbsp;agencia bancaria&nbsp;de Bang\u00fa, un barrio en la zona oeste de R\u00edo.<\/p>\n\n\n\n<p>Seg\u00fan la Fiscal\u00eda, \u00c9rika de Souza, de forma \u201cconsciente y voluntaria\u201d, profan\u00f3 el cad\u00e1ver de su t\u00edo Paulo Roberto Braga, al que cuidaba, tras trasladarlo a una agencia bancaria y haber permanecido en el lugar, \u201cincluso tras su muerte\u201d.<\/p>\n\n\n\n<p>Su objetivo era sacar un pr\u00e9stamo de 17.975 reales (unos 3.500 d\u00f3lares) a nombre de su t\u00edo, lo que para la acusaci\u00f3n demuestra un \u201ctotal desprecio y una falta de respeto\u201d hacia su&nbsp;pariente, que al parecer llevaba muerto algunas horas.<\/p>\n\n\n\n<p>Una&nbsp;empleada&nbsp;de la sucursal grab\u00f3 con su celular como la acusada intentaba sostener erguida la cabeza de su t\u00edo, al que tambi\u00e9n hablaba como si estuviera vivo- \u201cT\u00edo, \u00bfest\u00e1 escuchando? Necesita firmar. Si no firma, no hay manera. Yo no puedo firmar por usted\u201d. En paralelo, tambi\u00e9n fue abierta una investigaci\u00f3n contra ella por \u201chomicidio imprudente\u201d.<\/p>\n\n\n\n<p>Para la&nbsp;Polic\u00eda&nbsp;\u201cno hay dudas de que sab\u00eda que su t\u00edo estaba muerto\u201d y sostiene adem\u00e1s que incurri\u00f3 en una \u201comisi\u00f3n flagrante de socorro\u201d al ir con \u00e9l a un centro comercial en vez de a un hospital, poco antes de acudir al banco.<\/p>\n","protected":false},"excerpt":{"rendered":"<p>R\u00edo de Janeiro.&nbsp;La Justicia brasile\u00f1a decret\u00f3 este jueves la libertad provisional para la mujer que llev\u00f3 a su t\u00edo muerto en una silla de ruedas a un banco de R\u00edo&hellip;<\/p>\n","protected":false},"author":3,"featured_media":82756,"comment_status":"open","ping_status":"open","sticky":false,"template":"","format":"standard","meta":{"content-type":"","jetpack_post_was_ever_published":false,"_jetpack_newsletter_access":"","_jetpack_dont_email_post_to_subs":false,"_jetpack_newsletter_tier_id":0,"_jetpack_memberships_contains_paywalled_content":false,"_jetpack_memberships_contains_paid_content":false,"footnotes":""},"categories":[1],"tags":[5277],"class_list":["post-82754","post","type-post","status-publish","format-standard","has-post-thumbnail","hentry","category-sin-categoria","tag-rio-de-janeiro"],"jetpack_featured_media_url":"https:\/\/lasprimeras.com.do\/wp-content\/uploads\/2024\/05\/Mujerllevacadverdesutoalbanco-43de9506dc9a4180920d75f0a60a5474.webp","jetpack-related-posts":[{"id":48770,"url":"https:\/\/lasprimeras.com.do\/index.php\/2023\/05\/03\/fallece-medallista-olimpica-estadounidense-tori-bowie-a-los-32-anos\/","url_meta":{"origin":82754,"position":0},"title":"Fallece medallista ol\u00edmpica estadounidense Tori Bowie a los 32 a\u00f1os","author":"prenxa100","date":"3 de mayo de 2023","format":false,"excerpt":"Florida, EE.UU., RT.-.La corredora estadounidense que fue tres veces medallista ol\u00edmpica y dos veces campeona del mundo Tori Bowie falleci\u00f3 a los 32 a\u00f1os, seg\u00fan anunci\u00f3 este mi\u00e9rcoles su empresa de gesti\u00f3n USA Track & Field (USATF). \"La USATF lamenta profundamente el fallecimiento de Tori Bowie, tres veces medallista ol\u00edmpica\u2026","rel":"","context":"En \u00abSin categor\u00eda\u00bb","block_context":{"text":"Sin categor\u00eda","link":"https:\/\/lasprimeras.com.do\/index.php\/category\/sin-categoria\/"},"img":{"alt_text":"","src":"","width":0,"height":0},"classes":[]},{"id":113220,"url":"https:\/\/lasprimeras.com.do\/index.php\/2025\/10\/30\/asciende-a-121-numero-de-muertos-por-la-redada-policial-en-rio-de-janeiro\/","url_meta":{"origin":82754,"position":1},"title":"Asciende a 121 n\u00famero de muertos por la redada policial en R\u00edo de Janeiro","author":"Nelson Feliz","date":"30 de octubre de 2025","format":false,"excerpt":"Por EL\u00c9ONORE HUGHES y GABRIELA S\u00c1 PESSOA R\u00cdO DE JANEIRO (AP) \u2014 El n\u00famero de muertos en una redada policial masiva contra una banda de narcotraficantes en R\u00edo de Janeiro ascendi\u00f3 a al menos 121 personas, dijeron las autoridades el jueves. Una operaci\u00f3n lanzada el martes en dos de las\u2026","rel":"","context":"En \u00abINTERNACIONALES\u00bb","block_context":{"text":"INTERNACIONALES","link":"https:\/\/lasprimeras.com.do\/index.php\/category\/sin-categoria\/internacionales\/"},"img":{"alt_text":"","src":"https:\/\/i0.wp.com\/lasprimeras.com.do\/wp-content\/uploads\/2025\/10\/familiares.jpg?resize=350%2C200&ssl=1","width":350,"height":200,"srcset":"https:\/\/i0.wp.com\/lasprimeras.com.do\/wp-content\/uploads\/2025\/10\/familiares.jpg?resize=350%2C200&ssl=1 1x, https:\/\/i0.wp.com\/lasprimeras.com.do\/wp-content\/uploads\/2025\/10\/familiares.jpg?resize=525%2C300&ssl=1 1.5x, https:\/\/i0.wp.com\/lasprimeras.com.do\/wp-content\/uploads\/2025\/10\/familiares.jpg?resize=700%2C400&ssl=1 2x"},"classes":[]},{"id":113060,"url":"https:\/\/lasprimeras.com.do\/index.php\/2025\/10\/29\/degollaron-a-mi-hijo-dice-madre-de-joven-muerto-en-operacion-policial-en-rio-de-janeiro\/","url_meta":{"origin":82754,"position":2},"title":"&#8220;Degollaron a mi hijo&#8221;, dice madre de joven muerto en operaci\u00f3n policial en Rio de Janeiro","author":"Nelson Feliz","date":"29 de octubre de 2025","format":false,"excerpt":"\"Degollaron a mi hijo, le cortaron el cuello, colgaron (la cabeza) en un \u00e1rbol como un trofeo\", cuenta a la AFP Raquel Tomas, madre de Iago Ravel, de 19 a\u00f1os, acusando de su muerte a las fuerzas de seguridad. Rio de Janeiro, Brasil, AFP - La cabeza con el cabello\u2026","rel":"","context":"En \u00abINTERNACIONALES\u00bb","block_context":{"text":"INTERNACIONALES","link":"https:\/\/lasprimeras.com.do\/index.php\/category\/sin-categoria\/internacionales\/"},"img":{"alt_text":"","src":"https:\/\/i0.wp.com\/lasprimeras.com.do\/wp-content\/uploads\/2025\/10\/BR.png?resize=350%2C200&ssl=1","width":350,"height":200,"srcset":"https:\/\/i0.wp.com\/lasprimeras.com.do\/wp-content\/uploads\/2025\/10\/BR.png?resize=350%2C200&ssl=1 1x, https:\/\/i0.wp.com\/lasprimeras.com.do\/wp-content\/uploads\/2025\/10\/BR.png?resize=525%2C300&ssl=1 1.5x, https:\/\/i0.wp.com\/lasprimeras.com.do\/wp-content\/uploads\/2025\/10\/BR.png?resize=700%2C400&ssl=1 2x"},"classes":[]},{"id":118616,"url":"https:\/\/lasprimeras.com.do\/index.php\/2026\/01\/01\/rio-de-janeiro-se-mantiene-como-duena-de-la-mayor-fiesta-de-fin-de-ano-del-mundo\/","url_meta":{"origin":82754,"position":3},"title":"R\u00edo de Janeiro se mantiene como due\u00f1a de la mayor fiesta de fin de a\u00f1o del mundo","author":"Nelson Feliz","date":"1 de enero de 2026","format":false,"excerpt":"El t\u00edtulo recibido se refiere al r\u00e9cord establecido en la fiesta de despedida de 2024, cuando Copacabana, la playa m\u00e1s famosa de Brasil, recibi\u00f3 2,5 millones de personas. R\u00edo de Janeiro,EFE.-.Al menos 5,1 millones de personas participaron en las festividades de fin de a\u00f1o organizadas por R\u00edo de Janeiro, de\u2026","rel":"","context":"En \u00abENTRETENIMIENTO\u00bb","block_context":{"text":"ENTRETENIMIENTO","link":"https:\/\/lasprimeras.com.do\/index.php\/category\/entretenimiento\/"},"img":{"alt_text":"","src":"https:\/\/i0.wp.com\/lasprimeras.com.do\/wp-content\/uploads\/2026\/01\/Rio-de-Janeiro.jpeg?resize=350%2C200&ssl=1","width":350,"height":200,"srcset":"https:\/\/i0.wp.com\/lasprimeras.com.do\/wp-content\/uploads\/2026\/01\/Rio-de-Janeiro.jpeg?resize=350%2C200&ssl=1 1x, https:\/\/i0.wp.com\/lasprimeras.com.do\/wp-content\/uploads\/2026\/01\/Rio-de-Janeiro.jpeg?resize=525%2C300&ssl=1 1.5x, https:\/\/i0.wp.com\/lasprimeras.com.do\/wp-content\/uploads\/2026\/01\/Rio-de-Janeiro.jpeg?resize=700%2C400&ssl=1 2x"},"classes":[]},{"id":113039,"url":"https:\/\/lasprimeras.com.do\/index.php\/2025\/10\/29\/brasilenos-alinean-cuerpos-tras-la-redada-policial-mas-sangrienta-en-rio-de-janeiro\/","url_meta":{"origin":82754,"position":4},"title":"Brasile\u00f1os alinean cuerpos tras la redada policial m\u00e1s sangrienta en R\u00edo de Janeiro","author":"Nelson Feliz","date":"29 de octubre de 2025","format":false,"excerpt":"Por DIARLEI RODRIGUESy EL\u00c9ONORE HUGHES R\u00cdO DE JANEIRO (AP) \u2014 Despu\u00e9s de una redada policial masiva contra una notoria banda de narcotraficantes, los residentes de una favela de R\u00edo de Janeiro pasaron toda la noche recogiendo cad\u00e1veres en camiones desde dentro y alrededor de su comunidad urbana y luego los\u2026","rel":"","context":"En \u00abINTERNACIONALES\u00bb","block_context":{"text":"INTERNACIONALES","link":"https:\/\/lasprimeras.com.do\/index.php\/category\/sin-categoria\/internacionales\/"},"img":{"alt_text":"","src":"https:\/\/i0.wp.com\/lasprimeras.com.do\/wp-content\/uploads\/2025\/10\/cuerpos.jpg?resize=350%2C200&ssl=1","width":350,"height":200,"srcset":"https:\/\/i0.wp.com\/lasprimeras.com.do\/wp-content\/uploads\/2025\/10\/cuerpos.jpg?resize=350%2C200&ssl=1 1x, https:\/\/i0.wp.com\/lasprimeras.com.do\/wp-content\/uploads\/2025\/10\/cuerpos.jpg?resize=525%2C300&ssl=1 1.5x, https:\/\/i0.wp.com\/lasprimeras.com.do\/wp-content\/uploads\/2025\/10\/cuerpos.jpg?resize=700%2C400&ssl=1 2x"},"classes":[]},{"id":75459,"url":"https:\/\/lasprimeras.com.do\/index.php\/2024\/02\/01\/director-dicrim-encabeza-investigacion-muerte-tio-exdirector-bautista-almonte\/","url_meta":{"origin":82754,"position":5},"title":"Director Dicrim encabeza investigaci\u00f3n muerte t\u00edo exdirector Bautista Almonte","author":"BIMARY DE JES\u00daS Matos","date":"1 de febrero de 2024","format":false,"excerpt":"Santo Domingo.- El director de la Polic\u00eda, mayor general Ram\u00f3n Antonio Guzm\u00e1n Peralta, inform\u00f3 que esa instituci\u00f3n trabaja para dar respuesta a la menor brevedad sobre la muerte a tiros del coronel retirado Antonio Hern\u00e1ndez Bautista (Tony), t\u00edo del exdirector de esa instituci\u00f3n Ney Aldrin Bautista Almonte. El titular de\u2026","rel":"","context":"En \u00abPORTADA\u00bb","block_context":{"text":"PORTADA","link":"https:\/\/lasprimeras.com.do\/index.php\/category\/portada\/"},"img":{"alt_text":"","src":"https:\/\/i0.wp.com\/lasprimeras.com.do\/wp-content\/uploads\/2024\/02\/CANDIDATO-A-REGIDOR-Justicia-Social-JOSUE-MENDEZ-APOYARA-A-DIO-ASTACIO-DEL-PRM-1.webp?resize=350%2C200&ssl=1","width":350,"height":200,"srcset":"https:\/\/i0.wp.com\/lasprimeras.com.do\/wp-content\/uploads\/2024\/02\/CANDIDATO-A-REGIDOR-Justicia-Social-JOSUE-MENDEZ-APOYARA-A-DIO-ASTACIO-DEL-PRM-1.webp?resize=350%2C200&ssl=1 1x, https:\/\/i0.wp.com\/lasprimeras.com.do\/wp-content\/uploads\/2024\/02\/CANDIDATO-A-REGIDOR-Justicia-Social-JOSUE-MENDEZ-APOYARA-A-DIO-ASTACIO-DEL-PRM-1.webp?resize=525%2C300&ssl=1 1.5x, https:\/\/i0.wp.com\/lasprimeras.com.do\/wp-content\/uploads\/2024\/02\/CANDIDATO-A-REGIDOR-Justicia-Social-JOSUE-MENDEZ-APOYARA-A-DIO-ASTACIO-DEL-PRM-1.webp?resize=700%2C400&ssl=1 2x"},"classes":[]}],"jetpack_sharing_enabled":true,"_links":{"self":[{"href":"https:\/\/lasprimeras.com.do\/index.php\/wp-json\/wp\/v2\/posts\/82754","targetHints":{"allow":["GET"]}}],"collection":[{"href":"https:\/\/lasprimeras.com.do\/index.php\/wp-json\/wp\/v2\/posts"}],"about":[{"href":"https:\/\/lasprimeras.com.do\/index.php\/wp-json\/wp\/v2\/types\/post"}],"author":[{"embeddable":true,"href":"https:\/\/lasprimeras.com.do\/index.php\/wp-json\/wp\/v2\/users\/3"}],"replies":[{"embeddable":true,"href":"https:\/\/lasprimeras.com.do\/index.php\/wp-json\/wp\/v2\/comments?post=82754"}],"version-history":[{"count":1,"href":"https:\/\/lasprimeras.com.do\/index.php\/wp-json\/wp\/v2\/posts\/82754\/revisions"}],"predecessor-version":[{"id":82757,"href":"https:\/\/lasprimeras.com.do\/index.php\/wp-json\/wp\/v2\/posts\/82754\/revisions\/82757"}],"wp:featuredmedia":[{"embeddable":true,"href":"https:\/\/lasprimeras.com.do\/index.php\/wp-json\/wp\/v2\/media\/82756"}],"wp:attachment":[{"href":"https:\/\/lasprimeras.com.do\/index.php\/wp-json\/wp\/v2\/media?parent=82754"}],"wp:term":[{"taxonomy":"category","embeddable":true,"href":"https:\/\/lasprimeras.com.do\/index.php\/wp-json\/wp\/v2\/categories?post=82754"},{"taxonomy":"post_tag","embeddable":true,"href":"https:\/\/lasprimeras.com.do\/index.php\/wp-json\/wp\/v2\/tags?post=82754"}],"curies":[{"name":"wp","href":"https:\/\/api.w.org\/{rel}","templated":true}]}}