{"id":82758,"date":"2024-05-07T09:59:18","date_gmt":"2024-05-07T13:59:18","guid":{"rendered":"https:\/\/lasprimeras.com.do\/?p=82758"},"modified":"2024-05-07T09:59:19","modified_gmt":"2024-05-07T13:59:19","slug":"motin-en-fortaleza-santa-barbara-de-samana-deja-al-menos-tres-reos-fallecidos","status":"publish","type":"post","link":"https:\/\/lasprimeras.com.do\/index.php\/2024\/05\/07\/motin-en-fortaleza-santa-barbara-de-samana-deja-al-menos-tres-reos-fallecidos\/","title":{"rendered":"Mot\u00edn en fortaleza Santa B\u00e1rbara de Saman\u00e1 deja al menos tres reos fallecidos"},"content":{"rendered":"\n<p>SAMAN\u00c1.-&nbsp; Un mot\u00edn en la Fortaleza de Santa B\u00e1rbara de Saman\u00e1 dej\u00f3&nbsp; al menos tres privados de libertad fallecidos y varios heridos, durante un incidente registrado anoche.<\/p>\n\n\n\n<p>Lea el art\u00edculo<\/p>\n\n\n\n<p>El hecho ocurri\u00f3 en una celda de aislamiento denominada La Solitaria.<\/p>\n\n\n\n<p>Seg\u00fan informaci\u00f3n de lugar se presume que este conflicto se origin\u00f3 entre reos que llegaron v\u00eda traslado desde la c\u00e1rcel de La Victoria luego de esta haberse incendiado hace varias semanas.<\/p>\n\n\n\n<p>Estos datos se manejan de forma preliminar por lo que podr\u00eda la misma variar seg\u00fan los informes de las autoridades.<\/p>\n","protected":false},"excerpt":{"rendered":"<p>SAMAN\u00c1.-&nbsp; Un mot\u00edn en la Fortaleza de Santa B\u00e1rbara de Saman\u00e1 dej\u00f3&nbsp; al menos tres privados de libertad fallecidos y varios heridos, durante un incidente registrado anoche. Lea el art\u00edculo&hellip;<\/p>\n","protected":false},"author":3,"featured_media":82759,"comment_status":"open","ping_status":"open","sticky":false,"template":"","format":"standard","meta":{"content-type":"","jetpack_post_was_ever_published":false,"_jetpack_newsletter_access":"","_jetpack_dont_email_post_to_subs":false,"_jetpack_newsletter_tier_id":0,"_jetpack_memberships_contains_paywalled_content":false,"_jetpack_memberships_contains_paid_content":false,"footnotes":""},"categories":[35],"tags":[9032],"class_list":["post-82758","post","type-post","status-publish","format-standard","has-post-thumbnail","hentry","category-nacionales","tag-motin"],"jetpack_featured_media_url":"https:\/\/lasprimeras.com.do\/wp-content\/uploads\/2024\/05\/WhatsApp-Image-2024-05-07-at-7.09.50-AM-1.jpeg.jpg","jetpack-related-posts":[{"id":87720,"url":"https:\/\/lasprimeras.com.do\/index.php\/2024\/08\/16\/motin-en-una-carcel-de-haiti-termina-con-un-muerto-y-varios-se-fugan\/","url_meta":{"origin":82758,"position":0},"title":"Mot\u00edn en una c\u00e1rcel de Hait\u00ed termina con un muerto y varios se fugan","author":"Nelson Feliz","date":"16 de agosto de 2024","format":false,"excerpt":"Puerto Pr\u00edncipe,PRENSA LATINA.- Un mot\u00edn ocurrido hoy en una c\u00e1rcel termin\u00f3 con la muerte de un recluso y varios fugados en Hait\u00ed, hecho que seg\u00fan medios locales podr\u00eda aumentar la violencia, debido al n\u00famero de pr\u00f3fugos en la naci\u00f3n caribe\u00f1a. Amanec\u00eda cuando estallaron los enfrentamientos en la penitenciar\u00eda de Saint-Marcoise,\u2026","rel":"","context":"En \u00abSin categor\u00eda\u00bb","block_context":{"text":"Sin categor\u00eda","link":"https:\/\/lasprimeras.com.do\/index.php\/category\/sin-categoria\/"},"img":{"alt_text":"","src":"https:\/\/i0.wp.com\/lasprimeras.com.do\/wp-content\/uploads\/2024\/08\/carceles-Haiti.jpg?resize=350%2C200&ssl=1","width":350,"height":200,"srcset":"https:\/\/i0.wp.com\/lasprimeras.com.do\/wp-content\/uploads\/2024\/08\/carceles-Haiti.jpg?resize=350%2C200&ssl=1 1x, https:\/\/i0.wp.com\/lasprimeras.com.do\/wp-content\/uploads\/2024\/08\/carceles-Haiti.jpg?resize=525%2C300&ssl=1 1.5x, https:\/\/i0.wp.com\/lasprimeras.com.do\/wp-content\/uploads\/2024\/08\/carceles-Haiti.jpg?resize=700%2C400&ssl=1 2x"},"classes":[]},{"id":100118,"url":"https:\/\/lasprimeras.com.do\/index.php\/2025\/06\/01\/abinader-inaugura-remozado-malecon-de-santa-barbara-de-samana\/","url_meta":{"origin":82758,"position":1},"title":"Abinader inaugura remozado Malec\u00f3n de Santa B\u00e1rbara de Saman\u00e1","author":"Nelson Feliz","date":"1 de junio de 2025","format":false,"excerpt":"El presidente Luis Abinader exhort\u00f3 a los habitantes de la provincia de Saman\u00e1 a unirse y trabajar juntos por el desarrollo integral de la zona, impulsado por las m\u00faltiples obras que ejecuta el gobierno central y que elevan su competitividad como destino tur\u00edstico y econ\u00f3mico. \u201cTrabajemos juntos, solucionemos los problemas\u2026","rel":"","context":"En \u00abECONOM\u00cdA\u00bb","block_context":{"text":"ECONOM\u00cdA","link":"https:\/\/lasprimeras.com.do\/index.php\/category\/economia\/"},"img":{"alt_text":"","src":"https:\/\/i0.wp.com\/lasprimeras.com.do\/wp-content\/uploads\/2025\/06\/Luis-Abinader.jpg?resize=350%2C200&ssl=1","width":350,"height":200,"srcset":"https:\/\/i0.wp.com\/lasprimeras.com.do\/wp-content\/uploads\/2025\/06\/Luis-Abinader.jpg?resize=350%2C200&ssl=1 1x, https:\/\/i0.wp.com\/lasprimeras.com.do\/wp-content\/uploads\/2025\/06\/Luis-Abinader.jpg?resize=525%2C300&ssl=1 1.5x, https:\/\/i0.wp.com\/lasprimeras.com.do\/wp-content\/uploads\/2025\/06\/Luis-Abinader.jpg?resize=700%2C400&ssl=1 2x"},"classes":[]},{"id":95675,"url":"https:\/\/lasprimeras.com.do\/index.php\/2025\/03\/17\/recluso-asesina-pareja-y-se-quita-la-vida-en-la-carcel-de-samana\/","url_meta":{"origin":82758,"position":2},"title":"Recluso asesina pareja y se quita la vida en la c\u00e1rcel de Saman\u00e1","author":"Nelson Feliz","date":"17 de marzo de 2025","format":false,"excerpt":"Un recluso que cumpl\u00eda medida de coerci\u00f3n desde el a\u00f1o pasado por homicidio, asesin\u00f3 a pu\u00f1aladas este domingo a su pareja, Noeliz King, en la Fortaleza Santa B\u00e1rbara, Saman\u00e1, durante una visita conyugal. El hombre, de acuerdo con las informaciones preliminares, posteriormente se quit\u00f3 la vida dentro de la misma\u2026","rel":"","context":"En \u00abNACIONALES\u00bb","block_context":{"text":"NACIONALES","link":"https:\/\/lasprimeras.com.do\/index.php\/category\/nacionales\/"},"img":{"alt_text":"","src":"https:\/\/i0.wp.com\/lasprimeras.com.do\/wp-content\/uploads\/2025\/03\/carcel.jpg?resize=350%2C200&ssl=1","width":350,"height":200,"srcset":"https:\/\/i0.wp.com\/lasprimeras.com.do\/wp-content\/uploads\/2025\/03\/carcel.jpg?resize=350%2C200&ssl=1 1x, https:\/\/i0.wp.com\/lasprimeras.com.do\/wp-content\/uploads\/2025\/03\/carcel.jpg?resize=525%2C300&ssl=1 1.5x, https:\/\/i0.wp.com\/lasprimeras.com.do\/wp-content\/uploads\/2025\/03\/carcel.jpg?resize=700%2C400&ssl=1 2x"},"classes":[]},{"id":90293,"url":"https:\/\/lasprimeras.com.do\/index.php\/2024\/10\/17\/se-registra-motin-en-el-centro-de-acogida-vacacional-haina\/","url_meta":{"origin":82758,"position":3},"title":"Se registra mot\u00edn en el Centro de Acogida Vacacional Haina","author":"Nelson Feliz","date":"17 de octubre de 2024","format":false,"excerpt":"Este jueves, se registr\u00f3 un violento mot\u00edn en el Centro de Acogida Vacacional Haina, donde se encuentran retenidos haitianos indocumentados bajo la custodia de agentes del Control Migratorio. Seg\u00fan informes del encargado provincial de derechos humanos, la situaci\u00f3n escal\u00f3 a tal punto que se escucharon varios disparos en el interior\u2026","rel":"","context":"En \u00abNACIONALES\u00bb","block_context":{"text":"NACIONALES","link":"https:\/\/lasprimeras.com.do\/index.php\/category\/nacionales\/"},"img":{"alt_text":"","src":"","width":0,"height":0},"classes":[]},{"id":100383,"url":"https:\/\/lasprimeras.com.do\/index.php\/2025\/06\/06\/presidente-de-asonahores-vaticina-la-llegada-de-300-a-400-mil-turistas-anuales-a-samana\/","url_meta":{"origin":82758,"position":4},"title":"Presidente de ASONAHORES vaticina la llegada de 300 a 400 mil turistas anuales a Saman\u00e1","author":"Nelson Feliz","date":"6 de junio de 2025","format":false,"excerpt":"Dice, presidente ha cumplido con las obras prometidas. Empresarios e inversionistas de la provincia de Saman\u00e1 agradecieron este domingo al presidente Luis Abinader y al ministro de Turismo, David Collado, por el conjunto de obras entregadas, las cuales dijeron representan un impulso para el desarrollo tur\u00edstico y econ\u00f3mico de la\u2026","rel":"","context":"En \u00abTURISMO\u00bb","block_context":{"text":"TURISMO","link":"https:\/\/lasprimeras.com.do\/index.php\/category\/turismo\/"},"img":{"alt_text":"Juan Bancalari (Papo)","src":"https:\/\/i0.wp.com\/lasprimeras.com.do\/wp-content\/uploads\/2025\/06\/Juan-Bancalari-Papo.jpg?resize=350%2C200&ssl=1","width":350,"height":200,"srcset":"https:\/\/i0.wp.com\/lasprimeras.com.do\/wp-content\/uploads\/2025\/06\/Juan-Bancalari-Papo.jpg?resize=350%2C200&ssl=1 1x, https:\/\/i0.wp.com\/lasprimeras.com.do\/wp-content\/uploads\/2025\/06\/Juan-Bancalari-Papo.jpg?resize=525%2C300&ssl=1 1.5x, https:\/\/i0.wp.com\/lasprimeras.com.do\/wp-content\/uploads\/2025\/06\/Juan-Bancalari-Papo.jpg?resize=700%2C400&ssl=1 2x"},"classes":[]},{"id":100037,"url":"https:\/\/lasprimeras.com.do\/index.php\/2025\/05\/30\/abinader-inaugurara-este-domingo-malecon-de-samana\/","url_meta":{"origin":82758,"position":5},"title":"Abinader inaugurar\u00e1 este domingo malec\u00f3n de Saman\u00e1","author":"Nelson Feliz","date":"30 de mayo de 2025","format":false,"excerpt":"En recorrido que har\u00e1 el fin de semana, el mandatario estar\u00e1 el s\u00e1bado en San Crist\u00f3bal, en el marco del programa El Gobierno Contigo. El presidente Luis Abinader continuar\u00e1 este fin de semana su agenda de impulso al desarrollo nacional con visitas a las provincias de San Crist\u00f3bal y Saman\u00e1.\u2026","rel":"","context":"En \u00abECONOM\u00cdA\u00bb","block_context":{"text":"ECONOM\u00cdA","link":"https:\/\/lasprimeras.com.do\/index.php\/category\/economia\/"},"img":{"alt_text":"","src":"https:\/\/i0.wp.com\/lasprimeras.com.do\/wp-content\/uploads\/2025\/05\/Luis-Abinader-8.jpg?resize=350%2C200&ssl=1","width":350,"height":200,"srcset":"https:\/\/i0.wp.com\/lasprimeras.com.do\/wp-content\/uploads\/2025\/05\/Luis-Abinader-8.jpg?resize=350%2C200&ssl=1 1x, https:\/\/i0.wp.com\/lasprimeras.com.do\/wp-content\/uploads\/2025\/05\/Luis-Abinader-8.jpg?resize=525%2C300&ssl=1 1.5x, https:\/\/i0.wp.com\/lasprimeras.com.do\/wp-content\/uploads\/2025\/05\/Luis-Abinader-8.jpg?resize=700%2C400&ssl=1 2x"},"classes":[]}],"jetpack_sharing_enabled":true,"_links":{"self":[{"href":"https:\/\/lasprimeras.com.do\/index.php\/wp-json\/wp\/v2\/posts\/82758","targetHints":{"allow":["GET"]}}],"collection":[{"href":"https:\/\/lasprimeras.com.do\/index.php\/wp-json\/wp\/v2\/posts"}],"about":[{"href":"https:\/\/lasprimeras.com.do\/index.php\/wp-json\/wp\/v2\/types\/post"}],"author":[{"embeddable":true,"href":"https:\/\/lasprimeras.com.do\/index.php\/wp-json\/wp\/v2\/users\/3"}],"replies":[{"embeddable":true,"href":"https:\/\/lasprimeras.com.do\/index.php\/wp-json\/wp\/v2\/comments?post=82758"}],"version-history":[{"count":1,"href":"https:\/\/lasprimeras.com.do\/index.php\/wp-json\/wp\/v2\/posts\/82758\/revisions"}],"predecessor-version":[{"id":82760,"href":"https:\/\/lasprimeras.com.do\/index.php\/wp-json\/wp\/v2\/posts\/82758\/revisions\/82760"}],"wp:featuredmedia":[{"embeddable":true,"href":"https:\/\/lasprimeras.com.do\/index.php\/wp-json\/wp\/v2\/media\/82759"}],"wp:attachment":[{"href":"https:\/\/lasprimeras.com.do\/index.php\/wp-json\/wp\/v2\/media?parent=82758"}],"wp:term":[{"taxonomy":"category","embeddable":true,"href":"https:\/\/lasprimeras.com.do\/index.php\/wp-json\/wp\/v2\/categories?post=82758"},{"taxonomy":"post_tag","embeddable":true,"href":"https:\/\/lasprimeras.com.do\/index.php\/wp-json\/wp\/v2\/tags?post=82758"}],"curies":[{"name":"wp","href":"https:\/\/api.w.org\/{rel}","templated":true}]}}