{"id":82761,"date":"2024-05-07T10:41:59","date_gmt":"2024-05-07T14:41:59","guid":{"rendered":"https:\/\/lasprimeras.com.do\/?p=82761"},"modified":"2024-05-07T10:42:01","modified_gmt":"2024-05-07T14:42:01","slug":"luis-el-gallo-visita-la-circunscripcion-3-del-distrito-nacional-en-apoyo-al-presidente-luis-abinader","status":"publish","type":"post","link":"https:\/\/lasprimeras.com.do\/index.php\/2024\/05\/07\/luis-el-gallo-visita-la-circunscripcion-3-del-distrito-nacional-en-apoyo-al-presidente-luis-abinader\/","title":{"rendered":"Luis &#8220;El Gallo&#8221; visita la Circunscripci\u00f3n 3 del Distrito Nacional en apoyo al presidente Luis Abinader"},"content":{"rendered":"\n<p>RD.-El presidente del Partido Uni\u00f3n Dem\u00f3crata Cristiana (UDC), Luis &#8220;El Gallo&#8221;, realiz\u00f3 una visita a diversos barrios de la Circunscripci\u00f3n 3 del Distrito Nacional con el prop\u00f3sito de respaldar al presidente Luis Abinader, Guillermo Moreno y a los candidatos a diputados de la zona.<\/p>\n\n\n\n<p>Durante su recorrido, &#8220;El Gallo&#8221; hizo un llamado a Guillermo Moreno para que visite los barrios marginados, con el objetivo de que los residentes conozcan qui\u00e9n ser\u00e1 su representante en el congreso. Asimismo, inst\u00f3 al presidente Luis Abinader a promover pol\u00edticas p\u00fablicas que beneficien a estos sectores marginados y mejoren su calidad de vida.<\/p>\n\n\n\n<p>En su recorrido, Luis &#8220;El Gallo&#8221; visit\u00f3 comunidades como La Ci\u00e9naga, Guachupita, Gualey, Los Guandules, El T\u00fanel de Capotillo, El 27 de Febrero y Villa Francisca, reafirmando su compromiso con el bienestar y desarrollo de estos lugares.<\/p>\n\n\n\n<p>Destac\u00f3 que la UDC est\u00e1 trabajando desde hace a\u00f1os para mejorar las condiciones de vida de los barrios marginados, en una lucha tit\u00e1nica, donde obligatoriamente se tiene que integrar al empresario y a todos los sectores del gobierno.<\/p>\n\n\n\n<p>Manifest\u00f3 que el presidente Luis Abinader est\u00e1 consciente del problema, y siempre en sus encuentros con la prensa destaca que est\u00e1 mejorando los niveles de vida de las barriadas populares.<\/p>\n\n\n\n<p>Con su pol\u00edtica social el presidente Abinader ha impactado en todos los niveles de la poblaci\u00f3n,, en especial los m\u00e1s j\u00f3venes y necesitados, los que por siempre han sido olvidados, y ahora comienzan a ser atendidas sus peticiones.<\/p>\n\n\n\n<p>Asimismo, la UDC dio su respaldo, en la boleta electoral n\u00famero 20, a los candidatos a senadores y diputados del Distrito Nacional, y las 31 provincias en la coalici\u00f3n Rd Avanza con el Partido Revolucionario Moderno \u2013PRM-.<\/p>\n\n\n\n<p>El l\u00edder pol\u00edtico expres\u00f3 les pido su apoyo en las pr\u00f3ximas elecciones del domingo 19 de mayo votando en la casilla n\u00famero de la UDC por Luis Abinader y los candidatos a senadores y diputados. \u00a1Ay\u00fadenme a fortalecer este importante instrumento social que es la UDC para seguir trabajando por ustedes y por el bien com\u00fan del pa\u00eds.<\/p>\n","protected":false},"excerpt":{"rendered":"<p>RD.-El presidente del Partido Uni\u00f3n Dem\u00f3crata Cristiana (UDC), Luis &#8220;El Gallo&#8221;, realiz\u00f3 una visita a diversos barrios de la Circunscripci\u00f3n 3 del Distrito Nacional con el prop\u00f3sito de respaldar al&hellip;<\/p>\n","protected":false},"author":3,"featured_media":82762,"comment_status":"open","ping_status":"open","sticky":false,"template":"","format":"standard","meta":{"content-type":"","jetpack_post_was_ever_published":false,"_jetpack_newsletter_access":"","_jetpack_dont_email_post_to_subs":false,"_jetpack_newsletter_tier_id":0,"_jetpack_memberships_contains_paywalled_content":false,"_jetpack_memberships_contains_paid_content":false,"footnotes":""},"categories":[35],"tags":[1208],"class_list":["post-82761","post","type-post","status-publish","format-standard","has-post-thumbnail","hentry","category-nacionales","tag-luis-el-gallo"],"jetpack_featured_media_url":"https:\/\/lasprimeras.com.do\/wp-content\/uploads\/2024\/05\/IMG-20240507-WA0029.jpg","jetpack-related-posts":[{"id":83105,"url":"https:\/\/lasprimeras.com.do\/index.php\/2024\/05\/11\/luis-el-gallo-respalda-candidaturas-de-abinader-guillermo-moreno-y-candidatos-a-diputados-del-dn\/","url_meta":{"origin":82761,"position":0},"title":"Luis &#8220;El Gallo&#8221; respalda candidaturas de Abinader, Guillermo Moreno y candidatos a diputados del DN","author":"Nelson Feliz","date":"11 de mayo de 2024","format":false,"excerpt":"El Presidente del Partido Uni\u00f3n Dem\u00f3crata Cristiana (UDC), Luis\u00a0 Acosta Moreta, Luis \"El Gallo\" encabez\u00f3 una importante reuni\u00f3n en Villas Agr\u00edcolas para expresar su apoyo contundente al gobernante Luis Abinader, al candidato a\u00a0 senador de la Alianza RD Avanza Guillermo Moreno, y a los candidatos a diputados de la Circunscripci\u00f3n\u2026","rel":"","context":"En \u00abPORTADA\u00bb","block_context":{"text":"PORTADA","link":"https:\/\/lasprimeras.com.do\/index.php\/category\/portada\/"},"img":{"alt_text":"Luis Acosta Moreta","src":"https:\/\/i0.wp.com\/lasprimeras.com.do\/wp-content\/uploads\/2024\/05\/Luis-Acosta-Moreta-1.jpg?resize=350%2C200&ssl=1","width":350,"height":200,"srcset":"https:\/\/i0.wp.com\/lasprimeras.com.do\/wp-content\/uploads\/2024\/05\/Luis-Acosta-Moreta-1.jpg?resize=350%2C200&ssl=1 1x, https:\/\/i0.wp.com\/lasprimeras.com.do\/wp-content\/uploads\/2024\/05\/Luis-Acosta-Moreta-1.jpg?resize=525%2C300&ssl=1 1.5x, https:\/\/i0.wp.com\/lasprimeras.com.do\/wp-content\/uploads\/2024\/05\/Luis-Acosta-Moreta-1.jpg?resize=700%2C400&ssl=1 2x"},"classes":[]},{"id":71873,"url":"https:\/\/lasprimeras.com.do\/index.php\/2023\/12\/24\/luis-el-gallo-dice-mision-cumplida-senor-presidente-nadie-se-acuesta-sin-su-cena-de-navidad\/","url_meta":{"origin":82761,"position":1},"title":"Luis \u201cEl Gallo\u201d dice misi\u00f3n cumplida Se\u00f1or Presidente, nadie se acuesta sin su cena de Navidad","author":"Nelson Feliz","date":"24 de diciembre de 2023","format":false,"excerpt":"Convirtiendo en realidad la disposici\u00f3n del presidente Luis Abinader de que nadie se acueste sin la Cena Navide\u00f1a, Luis Acosta Moreta, Luis \u201cEl Gallo\u201d, recorri\u00f3 hoy decenas de barrios marginados de Santo Domingo, San Crist\u00f3bal y Azua, llevando alimentos y los Bonos Navide\u00f1os. El presidente de la Uni\u00f3n Dem\u00f3crata Cristiana\u2026","rel":"","context":"En \u00abPORTADA\u00bb","block_context":{"text":"PORTADA","link":"https:\/\/lasprimeras.com.do\/index.php\/category\/portada\/"},"img":{"alt_text":"Cena Navide\u00f1a","src":"https:\/\/i0.wp.com\/lasprimeras.com.do\/wp-content\/uploads\/2023\/12\/Cena-Navidena.jpg?resize=350%2C200&ssl=1","width":350,"height":200,"srcset":"https:\/\/i0.wp.com\/lasprimeras.com.do\/wp-content\/uploads\/2023\/12\/Cena-Navidena.jpg?resize=350%2C200&ssl=1 1x, https:\/\/i0.wp.com\/lasprimeras.com.do\/wp-content\/uploads\/2023\/12\/Cena-Navidena.jpg?resize=525%2C300&ssl=1 1.5x, https:\/\/i0.wp.com\/lasprimeras.com.do\/wp-content\/uploads\/2023\/12\/Cena-Navidena.jpg?resize=700%2C400&ssl=1 2x"},"classes":[]},{"id":76542,"url":"https:\/\/lasprimeras.com.do\/index.php\/2024\/02\/12\/luis-el-gallo-advierte-desarrollo-se-logra-eliminando-cordones-de-miseria\/","url_meta":{"origin":82761,"position":2},"title":"Luis \u201cEl Gallo\u201d advierte desarrollo se logra eliminando cordones de miseria","author":"Nelson Feliz","date":"12 de febrero de 2024","format":false,"excerpt":"Acosta Moreta participa en caravanas con presidente Luis Abinader. El presidente de la Uni\u00f3n Dem\u00f3crata Cristiana -UDC-, Luis Acosta Moreta, Luis \u201cEl Gallo\u201d, dijo hoy que para lograr el desarrollo dominicano, se necesita trabajar para eliminar los cordones de miseria, y la exclusi\u00f3n que impide que miles de j\u00f3venes estudien\u2026","rel":"","context":"En \u00abPORTADA\u00bb","block_context":{"text":"PORTADA","link":"https:\/\/lasprimeras.com.do\/index.php\/category\/portada\/"},"img":{"alt_text":"Luis Acosta Moreta","src":"https:\/\/i0.wp.com\/lasprimeras.com.do\/wp-content\/uploads\/2024\/02\/Luis-Acosta-Moreta.jpg?resize=350%2C200&ssl=1","width":350,"height":200,"srcset":"https:\/\/i0.wp.com\/lasprimeras.com.do\/wp-content\/uploads\/2024\/02\/Luis-Acosta-Moreta.jpg?resize=350%2C200&ssl=1 1x, https:\/\/i0.wp.com\/lasprimeras.com.do\/wp-content\/uploads\/2024\/02\/Luis-Acosta-Moreta.jpg?resize=525%2C300&ssl=1 1.5x, https:\/\/i0.wp.com\/lasprimeras.com.do\/wp-content\/uploads\/2024\/02\/Luis-Acosta-Moreta.jpg?resize=700%2C400&ssl=1 2x"},"classes":[]},{"id":70060,"url":"https:\/\/lasprimeras.com.do\/index.php\/2023\/12\/08\/udc-llega-a-barrios-marginados-con-aguinaldo-y-encendido-arbolito-navideno\/","url_meta":{"origin":82761,"position":3},"title":"UDC llega a barrios marginados, con Aguinaldo y encendido \u00e1rbolito Navide\u00f1o","author":"Nelson Feliz","date":"8 de diciembre de 2023","format":false,"excerpt":"En un verdadero ba\u00f1o de pueblo, Luis \u201cEl Gallo\u201d lleg\u00f3 a los barrios marginados de Santo Domingo, llevando alegr\u00eda con su Aguinaldo y encendido de \u00e1rbolitos Navide\u00f1os. Luis Acosta Moreta, Luis \u201cEl Gallo\u201d, puso a bailar ritmos navide\u00f1os a ni\u00f1os, adultos y personas de la tercera edad, en el primer\u2026","rel":"","context":"En \u00abENTRETENIMIENTO\u00bb","block_context":{"text":"ENTRETENIMIENTO","link":"https:\/\/lasprimeras.com.do\/index.php\/category\/entretenimiento\/"},"img":{"alt_text":"encendido \u00e1rbolito Navide\u00f1o","src":"https:\/\/i0.wp.com\/lasprimeras.com.do\/wp-content\/uploads\/2023\/12\/encendido-arbolito-Navideno.jpg?resize=350%2C200&ssl=1","width":350,"height":200,"srcset":"https:\/\/i0.wp.com\/lasprimeras.com.do\/wp-content\/uploads\/2023\/12\/encendido-arbolito-Navideno.jpg?resize=350%2C200&ssl=1 1x, https:\/\/i0.wp.com\/lasprimeras.com.do\/wp-content\/uploads\/2023\/12\/encendido-arbolito-Navideno.jpg?resize=525%2C300&ssl=1 1.5x, https:\/\/i0.wp.com\/lasprimeras.com.do\/wp-content\/uploads\/2023\/12\/encendido-arbolito-Navideno.jpg?resize=700%2C400&ssl=1 2x"},"classes":[]},{"id":128108,"url":"https:\/\/lasprimeras.com.do\/index.php\/2026\/04\/19\/luis-el-gallo-pide-unidad-para-controlar-precios-de-alimentos\/","url_meta":{"origin":82761,"position":4},"title":"Luis \u201cEl Gallo\u201d pide unidad para controlar precios de alimentos","author":"Nelson Feliz","date":"19 de abril de 2026","format":false,"excerpt":"El presidente de la Uni\u00f3n Dem\u00f3crata Cristiana -UDC-, Luis Acosta Moreta, Luis \u201cEl Gallo\u201d, pidi\u00f3 hoy al sector empresarial que una sus esfuerzos con el gobierno, para establecer precios asequibles a los comestibles de la canasta familiar. A\u00f1adi\u00f3 que los precios de los art\u00edculos se mantienen por las nubes, alejando\u2026","rel":"","context":"En \u00abPOLITICA\u00bb","block_context":{"text":"POLITICA","link":"https:\/\/lasprimeras.com.do\/index.php\/category\/politica\/"},"img":{"alt_text":"Luis Acosta Moreta","src":"https:\/\/i0.wp.com\/lasprimeras.com.do\/wp-content\/uploads\/2026\/04\/Luis-Acosta-Moreta.jpg?resize=350%2C200&ssl=1","width":350,"height":200,"srcset":"https:\/\/i0.wp.com\/lasprimeras.com.do\/wp-content\/uploads\/2026\/04\/Luis-Acosta-Moreta.jpg?resize=350%2C200&ssl=1 1x, https:\/\/i0.wp.com\/lasprimeras.com.do\/wp-content\/uploads\/2026\/04\/Luis-Acosta-Moreta.jpg?resize=525%2C300&ssl=1 1.5x, https:\/\/i0.wp.com\/lasprimeras.com.do\/wp-content\/uploads\/2026\/04\/Luis-Acosta-Moreta.jpg?resize=700%2C400&ssl=1 2x"},"classes":[]},{"id":128481,"url":"https:\/\/lasprimeras.com.do\/index.php\/2026\/04\/23\/luis-el-gallo-entrega-alimentos-a-familias-afectadas-en-nizao\/","url_meta":{"origin":82761,"position":5},"title":"Luis \u201cEl Gallo\u201d entrega alimentos a familias afectadas en Nizao","author":"Nelson Feliz","date":"23 de abril de 2026","format":false,"excerpt":"El presidente de la Uni\u00f3n Dem\u00f3crata Cristiana \u2013UDC-, Luis Acosta Moreta, Luis \u201cEl Gallo\u201d, encabez\u00f3 un operativo de asistencia social en favor de familias afectadas por el desbordamiento de la ca\u00f1ada La Pava, tras las intensas lluvias registradas la madrugada del jueves en Don Gregorio, Nizao. Durante la jornada fueron\u2026","rel":"","context":"En \u00abPOLITICA\u00bb","block_context":{"text":"POLITICA","link":"https:\/\/lasprimeras.com.do\/index.php\/category\/politica\/"},"img":{"alt_text":"","src":"https:\/\/i0.wp.com\/lasprimeras.com.do\/wp-content\/uploads\/2026\/04\/el-gallo.jpg?resize=350%2C200&ssl=1","width":350,"height":200,"srcset":"https:\/\/i0.wp.com\/lasprimeras.com.do\/wp-content\/uploads\/2026\/04\/el-gallo.jpg?resize=350%2C200&ssl=1 1x, https:\/\/i0.wp.com\/lasprimeras.com.do\/wp-content\/uploads\/2026\/04\/el-gallo.jpg?resize=525%2C300&ssl=1 1.5x, https:\/\/i0.wp.com\/lasprimeras.com.do\/wp-content\/uploads\/2026\/04\/el-gallo.jpg?resize=700%2C400&ssl=1 2x"},"classes":[]}],"jetpack_sharing_enabled":true,"_links":{"self":[{"href":"https:\/\/lasprimeras.com.do\/index.php\/wp-json\/wp\/v2\/posts\/82761","targetHints":{"allow":["GET"]}}],"collection":[{"href":"https:\/\/lasprimeras.com.do\/index.php\/wp-json\/wp\/v2\/posts"}],"about":[{"href":"https:\/\/lasprimeras.com.do\/index.php\/wp-json\/wp\/v2\/types\/post"}],"author":[{"embeddable":true,"href":"https:\/\/lasprimeras.com.do\/index.php\/wp-json\/wp\/v2\/users\/3"}],"replies":[{"embeddable":true,"href":"https:\/\/lasprimeras.com.do\/index.php\/wp-json\/wp\/v2\/comments?post=82761"}],"version-history":[{"count":1,"href":"https:\/\/lasprimeras.com.do\/index.php\/wp-json\/wp\/v2\/posts\/82761\/revisions"}],"predecessor-version":[{"id":82763,"href":"https:\/\/lasprimeras.com.do\/index.php\/wp-json\/wp\/v2\/posts\/82761\/revisions\/82763"}],"wp:featuredmedia":[{"embeddable":true,"href":"https:\/\/lasprimeras.com.do\/index.php\/wp-json\/wp\/v2\/media\/82762"}],"wp:attachment":[{"href":"https:\/\/lasprimeras.com.do\/index.php\/wp-json\/wp\/v2\/media?parent=82761"}],"wp:term":[{"taxonomy":"category","embeddable":true,"href":"https:\/\/lasprimeras.com.do\/index.php\/wp-json\/wp\/v2\/categories?post=82761"},{"taxonomy":"post_tag","embeddable":true,"href":"https:\/\/lasprimeras.com.do\/index.php\/wp-json\/wp\/v2\/tags?post=82761"}],"curies":[{"name":"wp","href":"https:\/\/api.w.org\/{rel}","templated":true}]}}