{"id":82764,"date":"2024-05-07T10:43:52","date_gmt":"2024-05-07T14:43:52","guid":{"rendered":"https:\/\/lasprimeras.com.do\/?p=82764"},"modified":"2024-05-07T10:43:54","modified_gmt":"2024-05-07T14:43:54","slug":"iglesia-catolica-recomienda-votar-por-la-diputada-dulce-rojas-en-sdn-por-defender-el-derecho-a-la-vida","status":"publish","type":"post","link":"https:\/\/lasprimeras.com.do\/index.php\/2024\/05\/07\/iglesia-catolica-recomienda-votar-por-la-diputada-dulce-rojas-en-sdn-por-defender-el-derecho-a-la-vida\/","title":{"rendered":"Iglesia Cat\u00f3lica recomienda votar por la diputada Dulce Rojas en SDN por defender el derecho a la vida"},"content":{"rendered":"\n<p>Santo Domingo, RD. &#8211; La Iglesia Cat\u00f3lica dominicana recomend\u00f3 a sus feligreses en Santo Domingo Norte (SDN) a votar por la diputada y candidata a la misma posici\u00f3n, Dulce Rojas, en las elecciones presidenciales y congresuales del pr\u00f3ximo 19 de mayo.<\/p>\n\n\n\n<p>En un documento de 66 p\u00e1ginas, la Arquidi\u00f3cesis de Santo Domingo seleccion\u00f3 a la diputada Dulce Rojas, por el Partido Fuerza del Pueblo (FP) en SDN, por su postura en defensa al derecho a la vida y representar las uniones familiares, valores que promueve la organizaci\u00f3n religiosa en territorio dominicano.<\/p>\n\n\n\n<p>La congresista por Santo Domingo Norte que se ha destacado por promover los buenos valores cristianos, familiares y defender el derecho a la vida desde el Congreso Nacional, ha legislado y fiscalizado pegado a la \u00e9tica y responsabilidad, concitando apoyo junto a las parroquias Esp\u00edritu Santo, Nuestra Se\u00f1ora del Carmen, Resurrecci\u00f3n del Se\u00f1or, San Felipe Ap\u00f3stol, Santa Virginia Centurione, Divina Misericordia, Nuestra Se\u00f1ora de Amparo, Nuestra Se\u00f1ora de la Altagracia, San Juan de la Cruz, San Pablo de la Cruz, Santa Cruz.<\/p>\n\n\n\n<p>Tambi\u00e9n junto a las parroquias Sagrado Coraz\u00f3n de Jes\u00fas, San Antonio de Padua, San Francisco Solano, San Roque y otras 15 parroquias m\u00e1s, ubicadas en distintos sectores de Santo Domingo Norte.<\/p>\n\n\n\n<p>La diputada Dulce Rojas ha recibido un fuerte apoyo de parte de las iglesias en Santo Domingo Norte, producto de su visi\u00f3n, convicci\u00f3n, ideales y principios cristianos, y que ha empu\u00f1ado, una postura inquebrantable en defensa de la vida y la familia.<\/p>\n\n\n\n<p><\/p>\n","protected":false},"excerpt":{"rendered":"<p>Santo Domingo, RD. &#8211; La Iglesia Cat\u00f3lica dominicana recomend\u00f3 a sus feligreses en Santo Domingo Norte (SDN) a votar por la diputada y candidata a la misma posici\u00f3n, Dulce Rojas,&hellip;<\/p>\n","protected":false},"author":3,"featured_media":82765,"comment_status":"open","ping_status":"open","sticky":false,"template":"","format":"standard","meta":{"content-type":"","jetpack_post_was_ever_published":false,"_jetpack_newsletter_access":"","_jetpack_dont_email_post_to_subs":false,"_jetpack_newsletter_tier_id":0,"_jetpack_memberships_contains_paywalled_content":false,"_jetpack_memberships_contains_paid_content":false,"footnotes":""},"categories":[1],"tags":[995],"class_list":["post-82764","post","type-post","status-publish","format-standard","has-post-thumbnail","hentry","category-sin-categoria","tag-diputada"],"jetpack_featured_media_url":"https:\/\/lasprimeras.com.do\/wp-content\/uploads\/2024\/05\/IMG-20240507-WA0030.jpg","jetpack-related-posts":[{"id":83289,"url":"https:\/\/lasprimeras.com.do\/index.php\/2024\/05\/14\/diputada-de-sdn-dulce-rojas-asegura-leonel-esta-preparado-para-ganar-el-domingo\/","url_meta":{"origin":82764,"position":0},"title":"Diputada de SDN, Dulce Rojas asegura Leonel est\u00e1 preparado para ganar el domingo","author":"Nelson Feliz","date":"14 de mayo de 2024","format":false,"excerpt":"Rojas vaticina que ser\u00e1 la diputada m\u00e1s votada en Santo Domingo Norte. La diputada y candidata a la misma posici\u00f3n por Santo Domingo Norte (SDN), Dulce Rojas, vaticin\u00f3 que el candidato presidencial por el partido Fuerza del Pueblo (FP), Leonel Fern\u00e1ndez, ganar\u00eda con el respaldo popular las elecciones presidenciales del\u2026","rel":"","context":"En \u00abPORTADA\u00bb","block_context":{"text":"PORTADA","link":"https:\/\/lasprimeras.com.do\/index.php\/category\/portada\/"},"img":{"alt_text":"Dulce Rojas y Leonel Fern\u00e1ndez","src":"https:\/\/i0.wp.com\/lasprimeras.com.do\/wp-content\/uploads\/2024\/05\/Dulce-Rojas-y-Leonel-Fernandez-1.jpg?resize=350%2C200&ssl=1","width":350,"height":200,"srcset":"https:\/\/i0.wp.com\/lasprimeras.com.do\/wp-content\/uploads\/2024\/05\/Dulce-Rojas-y-Leonel-Fernandez-1.jpg?resize=350%2C200&ssl=1 1x, https:\/\/i0.wp.com\/lasprimeras.com.do\/wp-content\/uploads\/2024\/05\/Dulce-Rojas-y-Leonel-Fernandez-1.jpg?resize=525%2C300&ssl=1 1.5x, https:\/\/i0.wp.com\/lasprimeras.com.do\/wp-content\/uploads\/2024\/05\/Dulce-Rojas-y-Leonel-Fernandez-1.jpg?resize=700%2C400&ssl=1 2x"},"classes":[]},{"id":86833,"url":"https:\/\/lasprimeras.com.do\/index.php\/2024\/08\/02\/dulce-rojas-critica-alcaldesa-betty-geronimo-por-cumulo-de-basura-y-gusano-en-sdn\/","url_meta":{"origin":82764,"position":1},"title":"Dulce Rojas cr\u00edtica alcaldesa Betty Ger\u00f3nimo por c\u00famulo de basura y gusano en SDN","author":"Nelson Feliz","date":"2 de agosto de 2024","format":false,"excerpt":"Denunci\u00f3 arrabalizaci\u00f3n y retroceso municipal desde la llegada de Ger\u00f3nimo. La diputada por el partido Fuerza del Pueblo (FP), Dulce Rojas, conden\u00f3 el retroceso que est\u00e1 experimentando el municipio Santo Domingo Norte (SDN) en materia de desarrollo municipal, luego que la alcaldesa Betty Ger\u00f3nimo asumiera la Alcald\u00eda de esta jurisdicci\u00f3n.\u2026","rel":"","context":"En \u00abPORTADA\u00bb","block_context":{"text":"PORTADA","link":"https:\/\/lasprimeras.com.do\/index.php\/category\/portada\/"},"img":{"alt_text":"Dulce Rojas","src":"https:\/\/i0.wp.com\/lasprimeras.com.do\/wp-content\/uploads\/2023\/06\/Dulce-Rojas.jpg?resize=350%2C200&ssl=1","width":350,"height":200,"srcset":"https:\/\/i0.wp.com\/lasprimeras.com.do\/wp-content\/uploads\/2023\/06\/Dulce-Rojas.jpg?resize=350%2C200&ssl=1 1x, https:\/\/i0.wp.com\/lasprimeras.com.do\/wp-content\/uploads\/2023\/06\/Dulce-Rojas.jpg?resize=525%2C300&ssl=1 1.5x, https:\/\/i0.wp.com\/lasprimeras.com.do\/wp-content\/uploads\/2023\/06\/Dulce-Rojas.jpg?resize=700%2C400&ssl=1 2x"},"classes":[]},{"id":82208,"url":"https:\/\/lasprimeras.com.do\/index.php\/2024\/04\/29\/diputada-dulce-rojas-concita-apoyo-en-sectores-de-sdn-y-la-victoria\/","url_meta":{"origin":82764,"position":2},"title":"Diputada Dulce Rojas concita apoyo en sectores de SDN y La Victoria","author":"Nelson Feliz","date":"29 de abril de 2024","format":false,"excerpt":"La miembro de la Direcci\u00f3n Pol\u00edtica de la FP se posiciona como la diputada a vencer en SDN. La diputada por Santo Domingo Norte (SDN) y candidata a la misma posici\u00f3n por el Partido Fuerza del Pueblo (FP), Dulce Rojas, fortaleci\u00f3 este fin de semana su aspiraci\u00f3n congresual de cara\u2026","rel":"","context":"En \u00abSin categor\u00eda\u00bb","block_context":{"text":"Sin categor\u00eda","link":"https:\/\/lasprimeras.com.do\/index.php\/category\/sin-categoria\/"},"img":{"alt_text":"Dulce Rojas","src":"https:\/\/i0.wp.com\/lasprimeras.com.do\/wp-content\/uploads\/2024\/04\/Dulce-Rojas-1.jpg?resize=350%2C200&ssl=1","width":350,"height":200,"srcset":"https:\/\/i0.wp.com\/lasprimeras.com.do\/wp-content\/uploads\/2024\/04\/Dulce-Rojas-1.jpg?resize=350%2C200&ssl=1 1x, https:\/\/i0.wp.com\/lasprimeras.com.do\/wp-content\/uploads\/2024\/04\/Dulce-Rojas-1.jpg?resize=525%2C300&ssl=1 1.5x, https:\/\/i0.wp.com\/lasprimeras.com.do\/wp-content\/uploads\/2024\/04\/Dulce-Rojas-1.jpg?resize=700%2C400&ssl=1 2x"},"classes":[]},{"id":119397,"url":"https:\/\/lasprimeras.com.do\/index.php\/2026\/01\/12\/diputada-dulce-rojas-anuncia-aspiraciones-a-la-alcaldia-de-sdn\/","url_meta":{"origin":82764,"position":3},"title":"Diputada Dulce Rojas anuncia aspiraciones a la Alcald\u00eda de SDN","author":"Nelson Feliz","date":"12 de enero de 2026","format":false,"excerpt":"Dulce Rojas","rel":"","context":"En \u00abPOLITICA\u00bb","block_context":{"text":"POLITICA","link":"https:\/\/lasprimeras.com.do\/index.php\/category\/politica\/"},"img":{"alt_text":"","src":"https:\/\/i0.wp.com\/lasprimeras.com.do\/wp-content\/uploads\/2026\/01\/IMG-20260111-WA0259.jpg?resize=350%2C200&ssl=1","width":350,"height":200,"srcset":"https:\/\/i0.wp.com\/lasprimeras.com.do\/wp-content\/uploads\/2026\/01\/IMG-20260111-WA0259.jpg?resize=350%2C200&ssl=1 1x, https:\/\/i0.wp.com\/lasprimeras.com.do\/wp-content\/uploads\/2026\/01\/IMG-20260111-WA0259.jpg?resize=525%2C300&ssl=1 1.5x, https:\/\/i0.wp.com\/lasprimeras.com.do\/wp-content\/uploads\/2026\/01\/IMG-20260111-WA0259.jpg?resize=700%2C400&ssl=1 2x, https:\/\/i0.wp.com\/lasprimeras.com.do\/wp-content\/uploads\/2026\/01\/IMG-20260111-WA0259.jpg?resize=1050%2C600&ssl=1 3x, https:\/\/i0.wp.com\/lasprimeras.com.do\/wp-content\/uploads\/2026\/01\/IMG-20260111-WA0259.jpg?resize=1400%2C800&ssl=1 4x"},"classes":[]},{"id":122950,"url":"https:\/\/lasprimeras.com.do\/index.php\/2026\/02\/24\/diputada-dulce-rojas-calles-quedan-en-penumbra-tras-apagon\/","url_meta":{"origin":82764,"position":4},"title":"Diputada Dulce Rojas: &#8220;Calles quedan en penumbra tras apag\u00f3n&#8221;","author":"Nelson Feliz","date":"24 de febrero de 2026","format":false,"excerpt":"Diputada Dulce Rojas tras apag\u00f3n general: \u201cCalles ya viven en penumbra por falta de l\u00e1mparas, quedan totalmente a oscuras\u201d La diputada por la Fuerza del Pueblo (FP) en Santo Domingo Norte (SDN), Dulce Rojas, arremeti\u00f3 la noche de este lunes contra el Gobierno dominicano tras el apag\u00f3n general que afecta\u2026","rel":"","context":"En \u00abPOLITICA\u00bb","block_context":{"text":"POLITICA","link":"https:\/\/lasprimeras.com.do\/index.php\/category\/politica\/"},"img":{"alt_text":"Dulce Rojas","src":"https:\/\/i0.wp.com\/lasprimeras.com.do\/wp-content\/uploads\/2023\/06\/Dulce-Rojas.jpg?resize=350%2C200&ssl=1","width":350,"height":200,"srcset":"https:\/\/i0.wp.com\/lasprimeras.com.do\/wp-content\/uploads\/2023\/06\/Dulce-Rojas.jpg?resize=350%2C200&ssl=1 1x, https:\/\/i0.wp.com\/lasprimeras.com.do\/wp-content\/uploads\/2023\/06\/Dulce-Rojas.jpg?resize=525%2C300&ssl=1 1.5x, https:\/\/i0.wp.com\/lasprimeras.com.do\/wp-content\/uploads\/2023\/06\/Dulce-Rojas.jpg?resize=700%2C400&ssl=1 2x"},"classes":[]},{"id":83218,"url":"https:\/\/lasprimeras.com.do\/index.php\/2024\/05\/10\/iglesia-catolica-manda-a-votar-por-sugey-garcia\/","url_meta":{"origin":82764,"position":5},"title":"Iglesia cat\u00f3lica manda a votar por Sugey Garc\u00eda","author":"Nelson Feliz","date":"10 de mayo de 2024","format":false,"excerpt":"La Iglesia cat\u00f3lica dominicana invit\u00f3 a votar por la candidata\u00a0 a Diputada por el Municipio Santo Domingo Norte, Sugey Garc\u00eda, por entenderla id\u00f3nea al escenario actual, seg\u00fan expresa un documento de la Arquidi\u00f3cesis de Santo Domingo. La depuraci\u00f3n de candidatos hecha por el cuerpo eclesi\u00e1stico induce al voto sobre su\u2026","rel":"","context":"En \u00abSin categor\u00eda\u00bb","block_context":{"text":"Sin categor\u00eda","link":"https:\/\/lasprimeras.com.do\/index.php\/category\/sin-categoria\/"},"img":{"alt_text":"Sugey Garc\u00eda","src":"https:\/\/i0.wp.com\/lasprimeras.com.do\/wp-content\/uploads\/2024\/05\/Sugey-Garcia.jpg?resize=350%2C200&ssl=1","width":350,"height":200,"srcset":"https:\/\/i0.wp.com\/lasprimeras.com.do\/wp-content\/uploads\/2024\/05\/Sugey-Garcia.jpg?resize=350%2C200&ssl=1 1x, https:\/\/i0.wp.com\/lasprimeras.com.do\/wp-content\/uploads\/2024\/05\/Sugey-Garcia.jpg?resize=525%2C300&ssl=1 1.5x, https:\/\/i0.wp.com\/lasprimeras.com.do\/wp-content\/uploads\/2024\/05\/Sugey-Garcia.jpg?resize=700%2C400&ssl=1 2x"},"classes":[]}],"jetpack_sharing_enabled":true,"_links":{"self":[{"href":"https:\/\/lasprimeras.com.do\/index.php\/wp-json\/wp\/v2\/posts\/82764","targetHints":{"allow":["GET"]}}],"collection":[{"href":"https:\/\/lasprimeras.com.do\/index.php\/wp-json\/wp\/v2\/posts"}],"about":[{"href":"https:\/\/lasprimeras.com.do\/index.php\/wp-json\/wp\/v2\/types\/post"}],"author":[{"embeddable":true,"href":"https:\/\/lasprimeras.com.do\/index.php\/wp-json\/wp\/v2\/users\/3"}],"replies":[{"embeddable":true,"href":"https:\/\/lasprimeras.com.do\/index.php\/wp-json\/wp\/v2\/comments?post=82764"}],"version-history":[{"count":1,"href":"https:\/\/lasprimeras.com.do\/index.php\/wp-json\/wp\/v2\/posts\/82764\/revisions"}],"predecessor-version":[{"id":82766,"href":"https:\/\/lasprimeras.com.do\/index.php\/wp-json\/wp\/v2\/posts\/82764\/revisions\/82766"}],"wp:featuredmedia":[{"embeddable":true,"href":"https:\/\/lasprimeras.com.do\/index.php\/wp-json\/wp\/v2\/media\/82765"}],"wp:attachment":[{"href":"https:\/\/lasprimeras.com.do\/index.php\/wp-json\/wp\/v2\/media?parent=82764"}],"wp:term":[{"taxonomy":"category","embeddable":true,"href":"https:\/\/lasprimeras.com.do\/index.php\/wp-json\/wp\/v2\/categories?post=82764"},{"taxonomy":"post_tag","embeddable":true,"href":"https:\/\/lasprimeras.com.do\/index.php\/wp-json\/wp\/v2\/tags?post=82764"}],"curies":[{"name":"wp","href":"https:\/\/api.w.org\/{rel}","templated":true}]}}