{"id":82770,"date":"2024-05-07T12:31:50","date_gmt":"2024-05-07T16:31:50","guid":{"rendered":"https:\/\/lasprimeras.com.do\/?p=82770"},"modified":"2024-05-07T12:31:52","modified_gmt":"2024-05-07T16:31:52","slug":"eclof-dominicana-realiza-congreso-impacto-de-las-microfinanzas-en-la-movilidad-social","status":"publish","type":"post","link":"https:\/\/lasprimeras.com.do\/index.php\/2024\/05\/07\/eclof-dominicana-realiza-congreso-impacto-de-las-microfinanzas-en-la-movilidad-social\/","title":{"rendered":"Eclof Dominicana realiza congreso \u201cImpacto de las Microfinanzas en la movilidad social\u201d"},"content":{"rendered":"\n<p>SANTO DOMINGO, RD. -La Fundaci\u00f3n Eclof Dominicana realiz\u00f3 el congreso internacional \u201cImpacto de las Microfinanzas en la movilidad social\u201d, en el marco de su 40 aniversario, en la cual participaron expertos de renombre, quienes compartieron sus visiones y estrategias para promover un desarrollo inclusivo y sostenible a trav\u00e9s del acceso a servicios financieros.<\/p>\n\n\n\n<p>Durante el congreso de dos d\u00edas, trascendi\u00f3 la importancia de la inclusi\u00f3n financiera, definida como \u201cla herramienta m\u00e1s poderosa para la reducci\u00f3n de la pobreza\u201d, as\u00ed como tambi\u00e9n se analizaron las perspectivas econ\u00f3micas nacionales e internacionales y la transformaci\u00f3n digital en las entidades de Microfinanzas.<\/p>\n\n\n\n<p>Willian Mart\u00ednez, director ejecutivo de Eclof Dominicana, entrevistado al concluir el evento, destac\u00f3 el compromiso y la dedicaci\u00f3n de la instituci\u00f3n en promover la inclusi\u00f3n financiera y su aporte al desarrollo sostenible de Republica Dominicana durante 40 a\u00f1os de existencia en el pa\u00eds.<\/p>\n\n\n\n<p>\u201cNosotros entendemos y as\u00ed qued\u00f3 demostrado por los conferencistas que impulsar la inclusi\u00f3n financiera es transcendental para combatir la pobreza, reducir la desigualdad econ\u00f3mica y promover el progreso econ\u00f3mico, partiendo de la convicci\u00f3n de que la inclusi\u00f3n financiera es el acceso y uso efectivo de los servicios financieros por parte de todos los individuos de manera asequibles\u201d, dijo Mart\u00ednez.<\/p>\n\n\n\n<p>En el evento se produjo un intercambio de conocimientos sobre temas cruciales que tambi\u00e9n incluyeron la gobernanza, riesgos e impacto de las Microfinanzas en la movilidad social, tambi\u00e9n se comparti\u00f3 la experiencia de Eclof Internacional y sus filiales en Kenia, Filipinas y Ecuador.<\/p>\n\n\n\n<p>La conferencia cont\u00f3 con la participaci\u00f3n de Tor G. Gull y Nicolas Karambadzakis presidente y director ejecutivo de Eclof Internacional, respectivamente.<\/p>\n\n\n\n<p>Tor G. Gull, brind\u00f3 su visi\u00f3n sobre el impacto transformador de las microfinanzas en la movilidad social, enfatizando el compromiso continuo de Eclof con el desarrollo sostenible y la reducci\u00f3n de la pobreza a nivel mundial y Nicolas Karambadzakis, comparti\u00f3 perspectivas sobre la importancia de la gobernanza efectiva en las instituciones de microfinanzas.<\/p>\n\n\n\n<p>El congreso \u201cImpacto de las Microfinanzas en la movilidad social\u201d, cont\u00f3 con la participaci\u00f3n de Mois\u00e9s Parra, presidente del consejo directivo, Santiago Sosa, presidente del consejo de administraci\u00f3n de CoopEclof; as\u00ed como tambi\u00e9n de los expositores, Isidoro Santana, Emilio Illanes, Yunior de la Rosa, Juan Orozco, Germ\u00e1n Miranda y Jos\u00e9 Rodr\u00edguez.<\/p>\n\n\n\n<p>As\u00ed mismo los miembros del consejo directivo Reynoso Mer\u00e1n, Tesorero, Marta Pe\u00f1a, secretaria y los vocales: Mar\u00eda Luz Viloria, Ada Wiscobitch, Mayra Brown y Leonel Roland.<\/p>\n\n\n\n<p>SOBRE ECLOF DOMINICANA<\/p>\n\n\n\n<p>La Ecumenical Church Loan Fund (ECLOF) es una organizaci\u00f3n ecum\u00e9nica sin fines de lucro, registrada en 1946 en Ginebra, Suiza. En sus comienzos, ECLOF otorgaba pr\u00e9stamos para la reconstrucci\u00f3n de templos en Europa central y occidental despu\u00e9s de la guerra de 1939\/45, la segunda guerra mundial.<\/p>\n\n\n\n<p>A finales del a\u00f1o 1982, ECLOF INTERNACIONAL, a trav\u00e9s del Centro de Planificaci\u00f3n y Acci\u00f3n Ecum\u00e9nica, (CEPAE), inici\u00f3 el proceso de apertura de una oficina de microcr\u00e9ditos en Rep\u00fablica Dominicana.<\/p>\n\n\n\n<p>En el a\u00f1o 2018 Eclof Dominicana evolucion\u00f3 a una prestadora de servicios cooperativos con la creaci\u00f3n de CoopEclof y ha permanecido como Eclof Dominicana ONG.<\/p>\n\n\n\n<p>ECLOF Dominicana ha estado dedicada a empoderar personas y comunidades mediante el acceso a educaci\u00f3n financiera y cooperativista. Adem\u00e1s, a trav\u00e9s de CoopEclof, ha catalizado oportunidades para aquellos que hist\u00f3ricamente han estado marginados del sistema financiero tradicional.<\/p>\n","protected":false},"excerpt":{"rendered":"<p>SANTO DOMINGO, RD. -La Fundaci\u00f3n Eclof Dominicana realiz\u00f3 el congreso internacional \u201cImpacto de las Microfinanzas en la movilidad social\u201d, en el marco de su 40 aniversario, en la cual participaron&hellip;<\/p>\n","protected":false},"author":3,"featured_media":82772,"comment_status":"open","ping_status":"open","sticky":false,"template":"","format":"standard","meta":{"content-type":"","jetpack_post_was_ever_published":false,"_jetpack_newsletter_access":"","_jetpack_dont_email_post_to_subs":false,"_jetpack_newsletter_tier_id":0,"_jetpack_memberships_contains_paywalled_content":false,"_jetpack_memberships_contains_paid_content":false,"footnotes":""},"categories":[35],"tags":[3461],"class_list":["post-82770","post","type-post","status-publish","format-standard","has-post-thumbnail","hentry","category-nacionales","tag-fundacion"],"jetpack_featured_media_url":"https:\/\/lasprimeras.com.do\/wp-content\/uploads\/2024\/05\/IMG-20240507-WA0039.jpg","jetpack-related-posts":[{"id":109303,"url":"https:\/\/lasprimeras.com.do\/index.php\/2025\/09\/16\/banfondesa-lanza-el-primer-bono-sostenible-en-microfinanzas-de-republica-dominicana\/","url_meta":{"origin":82770,"position":0},"title":"Banfondesa lanza el primer bono sostenible en microfinanzas de Rep\u00fablica Dominicana","author":"Nelson Feliz","date":"16 de septiembre de 2025","format":false,"excerpt":"El Banco de Ahorro y Cr\u00e9dito FONDESA, S.A. (Banfondesa) dio a conocer el \u00e9xito de la colocaci\u00f3n del Primer Tramo de su \"Programa de Emisiones de Bonos Sostenibles\", debidamente inscrito en el Registro del Mercado de Valores bajo el N\u00fam. SIVEM-167. Esta primera emisi\u00f3n alcanz\u00f3 un monto de RD$250 millones,\u2026","rel":"","context":"En \u00abECONOM\u00cdA\u00bb","block_context":{"text":"ECONOM\u00cdA","link":"https:\/\/lasprimeras.com.do\/index.php\/category\/economia\/"},"img":{"alt_text":"","src":"https:\/\/i0.wp.com\/lasprimeras.com.do\/wp-content\/uploads\/2025\/09\/Banfondesa.jpg?resize=350%2C200&ssl=1","width":350,"height":200,"srcset":"https:\/\/i0.wp.com\/lasprimeras.com.do\/wp-content\/uploads\/2025\/09\/Banfondesa.jpg?resize=350%2C200&ssl=1 1x, https:\/\/i0.wp.com\/lasprimeras.com.do\/wp-content\/uploads\/2025\/09\/Banfondesa.jpg?resize=525%2C300&ssl=1 1.5x, https:\/\/i0.wp.com\/lasprimeras.com.do\/wp-content\/uploads\/2025\/09\/Banfondesa.jpg?resize=700%2C400&ssl=1 2x"},"classes":[]},{"id":127550,"url":"https:\/\/lasprimeras.com.do\/index.php\/2026\/04\/13\/fundacion-reservas-del-pais-realiza-cooperativas-y-asociaciones-aliadas-de-la-zona-sur\/","url_meta":{"origin":82770,"position":1},"title":"Fundaci\u00f3n Reservas del Pa\u00eds realiza cooperativas y asociaciones aliadas de la Zona Sur","author":"Nelson Feliz","date":"13 de abril de 2026","format":false,"excerpt":"La Fundaci\u00f3n Reservas del Pa\u00eds celebr\u00f3 un encuentro con cooperativas y asociaciones aliadas de la zona Sur, con el objetivo de conocer sus pr\u00f3ximos proyectos, promover los servicios disponibles y afianzar la relaci\u00f3n de colaboraci\u00f3n que impulsa el desarrollo del sector. Yamily Alina L\u00f3pez, vicepresidenta ejecutiva de la Fundaci\u00f3n Reservas\u2026","rel":"","context":"En \u00abECONOM\u00cdA\u00bb","block_context":{"text":"ECONOM\u00cdA","link":"https:\/\/lasprimeras.com.do\/index.php\/category\/economia\/"},"img":{"alt_text":"","src":"https:\/\/i0.wp.com\/lasprimeras.com.do\/wp-content\/uploads\/2026\/04\/IMG-20260413-WA0853.jpg?resize=350%2C200&ssl=1","width":350,"height":200,"srcset":"https:\/\/i0.wp.com\/lasprimeras.com.do\/wp-content\/uploads\/2026\/04\/IMG-20260413-WA0853.jpg?resize=350%2C200&ssl=1 1x, https:\/\/i0.wp.com\/lasprimeras.com.do\/wp-content\/uploads\/2026\/04\/IMG-20260413-WA0853.jpg?resize=525%2C300&ssl=1 1.5x, https:\/\/i0.wp.com\/lasprimeras.com.do\/wp-content\/uploads\/2026\/04\/IMG-20260413-WA0853.jpg?resize=700%2C400&ssl=1 2x, https:\/\/i0.wp.com\/lasprimeras.com.do\/wp-content\/uploads\/2026\/04\/IMG-20260413-WA0853.jpg?resize=1050%2C600&ssl=1 3x"},"classes":[]},{"id":68754,"url":"https:\/\/lasprimeras.com.do\/index.php\/2023\/11\/27\/caesco-capacitara-a-periodistas-y-comunicadores-en-economia-y-microfinanzas\/","url_meta":{"origin":82770,"position":2},"title":"CAESCO capacitar\u00e1 a periodistas y comunicadores en econom\u00eda y microfinanzas","author":"Nelson Feliz","date":"27 de noviembre de 2023","format":false,"excerpt":"El Centro de An\u00e1lisis y Estudio de la Comunicaci\u00f3n en Rep\u00fablica Dominicana (CAESCO) anunci\u00f3 que impartir\u00e1 una Masterclass de econom\u00eda y microfinanzas para periodistas y comunicadores el pr\u00f3ximo s\u00e1bado 09 de diciembre del 2023.\u00a0 La informaci\u00f3n la dio a conocer el presidente de CAESCO, Miguel Ot\u00e1\u00f1ez, quien explic\u00f3 que el\u2026","rel":"","context":"En \u00abECONOM\u00cdA\u00bb","block_context":{"text":"ECONOM\u00cdA","link":"https:\/\/lasprimeras.com.do\/index.php\/category\/economia\/"},"img":{"alt_text":"Miguel Ota\u00f1ez","src":"https:\/\/i0.wp.com\/lasprimeras.com.do\/wp-content\/uploads\/2023\/11\/Miguel-Otanez.jpg?resize=350%2C200&ssl=1","width":350,"height":200,"srcset":"https:\/\/i0.wp.com\/lasprimeras.com.do\/wp-content\/uploads\/2023\/11\/Miguel-Otanez.jpg?resize=350%2C200&ssl=1 1x, https:\/\/i0.wp.com\/lasprimeras.com.do\/wp-content\/uploads\/2023\/11\/Miguel-Otanez.jpg?resize=525%2C300&ssl=1 1.5x, https:\/\/i0.wp.com\/lasprimeras.com.do\/wp-content\/uploads\/2023\/11\/Miguel-Otanez.jpg?resize=700%2C400&ssl=1 2x"},"classes":[]},{"id":71495,"url":"https:\/\/lasprimeras.com.do\/index.php\/2023\/12\/20\/bra-invierte-rd141-mm-en-proyectos-microfinanzas-que-impactan-3-mil-en-monte-plata\/","url_meta":{"origin":82770,"position":3},"title":"BRA invierte RD$141 MM en proyectos microfinanzas que impactan 3 mil en Monte Plata","author":"Nelson Feliz","date":"20 de diciembre de 2023","format":false,"excerpt":"En una feria, resaltan que los programas de esta ONG contribuyeron con el empoderamiento femenino, la igualdad de g\u00e9nero y a crear peque\u00f1os negocios que generaron ingresos para las familias de los beneficiados y dinamizan la econom\u00eda en zonas rurales de esta provincia. El presidente de Batey Relief Alliance (BRA),\u2026","rel":"","context":"En \u00abECONOM\u00cdA\u00bb","block_context":{"text":"ECONOM\u00cdA","link":"https:\/\/lasprimeras.com.do\/index.php\/category\/economia\/"},"img":{"alt_text":"Anyarilos Minjeris, Adalia Hern\u00e1ndez, Alicia Novien y expositoras de la feria.","src":"https:\/\/i0.wp.com\/lasprimeras.com.do\/wp-content\/uploads\/2023\/12\/Anyarilos-Minjeris-Adalia-Hernandez-Alicia-Novien-y-expositoras-de-la-feria.jpg?resize=350%2C200&ssl=1","width":350,"height":200,"srcset":"https:\/\/i0.wp.com\/lasprimeras.com.do\/wp-content\/uploads\/2023\/12\/Anyarilos-Minjeris-Adalia-Hernandez-Alicia-Novien-y-expositoras-de-la-feria.jpg?resize=350%2C200&ssl=1 1x, https:\/\/i0.wp.com\/lasprimeras.com.do\/wp-content\/uploads\/2023\/12\/Anyarilos-Minjeris-Adalia-Hernandez-Alicia-Novien-y-expositoras-de-la-feria.jpg?resize=525%2C300&ssl=1 1.5x, https:\/\/i0.wp.com\/lasprimeras.com.do\/wp-content\/uploads\/2023\/12\/Anyarilos-Minjeris-Adalia-Hernandez-Alicia-Novien-y-expositoras-de-la-feria.jpg?resize=700%2C400&ssl=1 2x"},"classes":[]},{"id":64161,"url":"https:\/\/lasprimeras.com.do\/index.php\/2023\/10\/18\/fundacion-francina-celebra-tercera-edicion-de-su-congreso-internacional-de-accesibilidad-urbana\/","url_meta":{"origin":82770,"position":4},"title":"Fundaci\u00f3n Francina celebra tercera edici\u00f3n de su congreso internacional de Accesibilidad Urbana","author":"Nelson Feliz","date":"18 de octubre de 2023","format":false,"excerpt":"El congreso de accesibilidad Urbana 2024 girar\u00e1 en torno a los retos de los choques clim\u00e1ticos y la resiliencia de las ciudades. La Fundaci\u00f3n Francina celebr\u00f3 la tercera edici\u00f3n de su congreso internacional de Accesibilidad Urbana, en el que se abordaron retos y oportunidades en torno a la transici\u00f3n energ\u00e9tica\u2026","rel":"","context":"En \u00abNACIONALES\u00bb","block_context":{"text":"NACIONALES","link":"https:\/\/lasprimeras.com.do\/index.php\/category\/nacionales\/"},"img":{"alt_text":"\u00c1ngel Rafael Salazar, Michela Izzo, Francina Hungria, Pierre Candelon","src":"https:\/\/i0.wp.com\/lasprimeras.com.do\/wp-content\/uploads\/2023\/10\/Angel-Rafael-Salazar-Michela-Izzo-Francina-Hungria-Pierre-Candelon.jpg?resize=350%2C200&ssl=1","width":350,"height":200,"srcset":"https:\/\/i0.wp.com\/lasprimeras.com.do\/wp-content\/uploads\/2023\/10\/Angel-Rafael-Salazar-Michela-Izzo-Francina-Hungria-Pierre-Candelon.jpg?resize=350%2C200&ssl=1 1x, https:\/\/i0.wp.com\/lasprimeras.com.do\/wp-content\/uploads\/2023\/10\/Angel-Rafael-Salazar-Michela-Izzo-Francina-Hungria-Pierre-Candelon.jpg?resize=525%2C300&ssl=1 1.5x, https:\/\/i0.wp.com\/lasprimeras.com.do\/wp-content\/uploads\/2023\/10\/Angel-Rafael-Salazar-Michela-Izzo-Francina-Hungria-Pierre-Candelon.jpg?resize=700%2C400&ssl=1 2x"},"classes":[]},{"id":101187,"url":"https:\/\/lasprimeras.com.do\/index.php\/2025\/06\/16\/comisionado-transporte-nyc-dictara-conferencia-en-congreso-seguridad-vial-y-movilidad-sostenible-en-rd\/","url_meta":{"origin":82770,"position":5},"title":"Comisionado Transporte NYC dictar\u00e1 conferencia en congreso \u00abSeguridad Vial y Movilidad Sostenible\u00bb en RD","author":"Nelson Feliz","date":"16 de junio de 2025","format":false,"excerpt":"Por Ram\u00f3n Mercedes NUEVA YORK.- El comisionado del Departamento de Transporte en esta ciudad (DOT), Ydanis Rodr\u00edguez, ser\u00e1 uno de los oradores invitados al congreso internacional \u00abSeguridad Vial y Movilidad Sostenible para el Bienestar de la Gente\u00bb que con la participaci\u00f3n de varios l\u00edderes mundiales del transporte inicia este lunes\u2026","rel":"","context":"En \u00abINTERNACIONALES\u00bb","block_context":{"text":"INTERNACIONALES","link":"https:\/\/lasprimeras.com.do\/index.php\/category\/sin-categoria\/internacionales\/"},"img":{"alt_text":"","src":"https:\/\/i0.wp.com\/lasprimeras.com.do\/wp-content\/uploads\/2025\/06\/WhatsApp-Image-2025-06-16-at-5.37.37-AM-2.jpeg?resize=350%2C200&ssl=1","width":350,"height":200},"classes":[]}],"jetpack_sharing_enabled":true,"_links":{"self":[{"href":"https:\/\/lasprimeras.com.do\/index.php\/wp-json\/wp\/v2\/posts\/82770","targetHints":{"allow":["GET"]}}],"collection":[{"href":"https:\/\/lasprimeras.com.do\/index.php\/wp-json\/wp\/v2\/posts"}],"about":[{"href":"https:\/\/lasprimeras.com.do\/index.php\/wp-json\/wp\/v2\/types\/post"}],"author":[{"embeddable":true,"href":"https:\/\/lasprimeras.com.do\/index.php\/wp-json\/wp\/v2\/users\/3"}],"replies":[{"embeddable":true,"href":"https:\/\/lasprimeras.com.do\/index.php\/wp-json\/wp\/v2\/comments?post=82770"}],"version-history":[{"count":1,"href":"https:\/\/lasprimeras.com.do\/index.php\/wp-json\/wp\/v2\/posts\/82770\/revisions"}],"predecessor-version":[{"id":82773,"href":"https:\/\/lasprimeras.com.do\/index.php\/wp-json\/wp\/v2\/posts\/82770\/revisions\/82773"}],"wp:featuredmedia":[{"embeddable":true,"href":"https:\/\/lasprimeras.com.do\/index.php\/wp-json\/wp\/v2\/media\/82772"}],"wp:attachment":[{"href":"https:\/\/lasprimeras.com.do\/index.php\/wp-json\/wp\/v2\/media?parent=82770"}],"wp:term":[{"taxonomy":"category","embeddable":true,"href":"https:\/\/lasprimeras.com.do\/index.php\/wp-json\/wp\/v2\/categories?post=82770"},{"taxonomy":"post_tag","embeddable":true,"href":"https:\/\/lasprimeras.com.do\/index.php\/wp-json\/wp\/v2\/tags?post=82770"}],"curies":[{"name":"wp","href":"https:\/\/api.w.org\/{rel}","templated":true}]}}