{"id":82778,"date":"2024-05-07T19:54:07","date_gmt":"2024-05-07T23:54:07","guid":{"rendered":"https:\/\/lasprimeras.com.do\/?p=82778"},"modified":"2024-05-07T19:54:09","modified_gmt":"2024-05-07T23:54:09","slug":"juez-en-el-caso-de-documentos-clasificados-de-trump-cancela-la-fecha-del-juicio-en-mayo","status":"publish","type":"post","link":"https:\/\/lasprimeras.com.do\/index.php\/2024\/05\/07\/juez-en-el-caso-de-documentos-clasificados-de-trump-cancela-la-fecha-del-juicio-en-mayo\/","title":{"rendered":"Juez en el caso de documentos clasificados de Trump cancela la fecha del juicio en mayo"},"content":{"rendered":"\n<p><strong>No hay nueva fecha establecida<\/strong><\/p>\n\n\n\n<p>POR ERIC TUCKER<\/p>\n\n\n\n<p>WASHINGTON (AP) \u2014 El juez federal de Florida que preside el procesamiento de documentos clasificados del expresidente Donald Trump cancel\u00f3 la fecha del juicio del 20 de mayo, posponi\u00e9ndolo indefinidamente.<\/p>\n\n\n\n<p>La orden de la jueza de distrito estadounidense Aileen Cannon se esperaba a la luz de cuestiones a\u00fan sin resolver en el caso y porque Trump est\u00e1 actualmente siendo juzgado en un caso separado en Manhattan, acus\u00e1ndolo en relaci\u00f3n con pagos de dinero para mantener su silencio durante las elecciones presidenciales de 2016.<\/p>\n\n\n\n<p>El caso de Nueva York involucra a varios de los mismos abogados que lo representan en el caso federal en Florida.<\/p>\n\n\n\n<p>Cannon dijo el martes en una orden de cinco p\u00e1ginas que ser\u00eda \u201cimprudente\u201d fijar una nueva fecha para el juicio ahora, lo que arroja m\u00e1s dudas sobre la capacidad de los fiscales federales para llevar a Trump a juicio antes de las elecciones presidenciales de noviembre.<\/p>\n\n\n\n<p>Trump enfrenta docenas de cargos por delitos graves que lo acusan de acaparar ilegalmente en su propiedad de Mar-a-Lago en Palm Beach, Florida, documentos clasificados que se llev\u00f3 consigo despu\u00e9s de dejar la Casa Blanca en 2021, y luego obstruir los esfuerzos del FBI para recuperarlos. Se declar\u00f3 inocente y neg\u00f3 haber actuado mal.<\/p>\n\n\n\n<p>Trump enfrenta cuatro casos penales mientras busca recuperar la Casa Blanca, pero fuera de la fiscal\u00eda de Nueva York, no est\u00e1 claro si alguno de los otros tres llegar\u00e1 a juicio antes de las elecciones.<\/p>\n\n\n\n<p>La Corte Suprema est\u00e1 sopesando los argumentos de Trump de que es inmune al procesamiento federal en un caso separado en el que el fiscal especial Jack Smith lo acusa de conspirar para anular las elecciones presidenciales de 2020.<\/p>\n\n\n\n<p>Los fiscales del condado de Fulton, Georgia, tambi\u00e9n han presentado un caso separado relacionado con la subversi\u00f3n electoral, aunque no est\u00e1 claro cu\u00e1ndo podr\u00eda llegar a juicio.<\/p>\n","protected":false},"excerpt":{"rendered":"<p>No hay nueva fecha establecida POR ERIC TUCKER WASHINGTON (AP) \u2014 El juez federal de Florida que preside el procesamiento de documentos clasificados del expresidente Donald Trump cancel\u00f3 la fecha&hellip;<\/p>\n","protected":false},"author":6,"featured_media":82779,"comment_status":"open","ping_status":"open","sticky":false,"template":"","format":"standard","meta":{"content-type":"","jetpack_post_was_ever_published":false,"_jetpack_newsletter_access":"","_jetpack_dont_email_post_to_subs":false,"_jetpack_newsletter_tier_id":0,"_jetpack_memberships_contains_paywalled_content":false,"_jetpack_memberships_contains_paid_content":false,"footnotes":""},"categories":[1],"tags":[2917,1807,12830,4004,978,1355,879,3244],"class_list":["post-82778","post","type-post","status-publish","format-standard","has-post-thumbnail","hentry","category-sin-categoria","tag-cancela","tag-caso","tag-clasificados","tag-documentos","tag-donald-trump","tag-juez","tag-juicio","tag-mayo"],"jetpack_featured_media_url":"https:\/\/lasprimeras.com.do\/wp-content\/uploads\/2024\/05\/Donald-Trump-2.jpg","jetpack-related-posts":[{"id":84133,"url":"https:\/\/lasprimeras.com.do\/index.php\/2024\/05\/31\/la-primera-condena-penal-a-trump-podria-ser-la-ultima\/","url_meta":{"origin":82778,"position":0},"title":"La primera condena penal a Trump podr\u00eda ser la \u00faltima","author":"Nelson Feliz","date":"31 de mayo de 2024","format":false,"excerpt":"El juez Juan Merch\u00e1n fij\u00f3 sentencia para el 11 de julio. Washington, Estados Unidos, AFP.-. La historia recordar\u00e1 que el fiscal de Nueva York logr\u00f3 algo en lo que todos sus colegas fracasaron: condenar penalmente a Donald Trump. Sin embargo, este expediente corre el riesgo de ser el \u00fanico contra\u2026","rel":"","context":"En \u00abSin categor\u00eda\u00bb","block_context":{"text":"Sin categor\u00eda","link":"https:\/\/lasprimeras.com.do\/index.php\/category\/sin-categoria\/"},"img":{"alt_text":"El expresidente de los Estados Unidos, Donald Trump","src":"https:\/\/i0.wp.com\/lasprimeras.com.do\/wp-content\/uploads\/2024\/05\/Donald-Trump.jpeg?resize=350%2C200&ssl=1","width":350,"height":200,"srcset":"https:\/\/i0.wp.com\/lasprimeras.com.do\/wp-content\/uploads\/2024\/05\/Donald-Trump.jpeg?resize=350%2C200&ssl=1 1x, https:\/\/i0.wp.com\/lasprimeras.com.do\/wp-content\/uploads\/2024\/05\/Donald-Trump.jpeg?resize=525%2C300&ssl=1 1.5x, https:\/\/i0.wp.com\/lasprimeras.com.do\/wp-content\/uploads\/2024\/05\/Donald-Trump.jpeg?resize=700%2C400&ssl=1 2x"},"classes":[]},{"id":67902,"url":"https:\/\/lasprimeras.com.do\/index.php\/2023\/11\/20\/tribunal-de-apelaciones-escuchara-argumentos-que-piden-se-restablezca-orden-de-silencio-de-trump\/","url_meta":{"origin":82778,"position":1},"title":"Tribunal de apelaciones escuchar\u00e1 argumentos que piden se restablezca orden de silencio de Trump","author":"Nelson Feliz","date":"20 de noviembre de 2023","format":false,"excerpt":"POR ERIC TUCKER, ALANNA DURKIN RICHER Y LINDSAY WHITEHURST WASHINGTON (AP) \u2014 Un tribunal federal de apelaciones escuchar\u00e1 el lunes argumentos sobre si se debe restablecer una orden de silencio contra Donald Trump en el caso federal que lo acusa de conspirar para revocar los resultados de las elecciones presidenciales\u2026","rel":"","context":"En \u00abSin categor\u00eda\u00bb","block_context":{"text":"Sin categor\u00eda","link":"https:\/\/lasprimeras.com.do\/index.php\/category\/sin-categoria\/"},"img":{"alt_text":"Donald Trump","src":"https:\/\/i0.wp.com\/lasprimeras.com.do\/wp-content\/uploads\/2023\/11\/Donald-Trump-1.jpg?resize=350%2C200&ssl=1","width":350,"height":200,"srcset":"https:\/\/i0.wp.com\/lasprimeras.com.do\/wp-content\/uploads\/2023\/11\/Donald-Trump-1.jpg?resize=350%2C200&ssl=1 1x, https:\/\/i0.wp.com\/lasprimeras.com.do\/wp-content\/uploads\/2023\/11\/Donald-Trump-1.jpg?resize=525%2C300&ssl=1 1.5x, https:\/\/i0.wp.com\/lasprimeras.com.do\/wp-content\/uploads\/2023\/11\/Donald-Trump-1.jpg?resize=700%2C400&ssl=1 2x"},"classes":[]},{"id":72914,"url":"https:\/\/lasprimeras.com.do\/index.php\/2024\/01\/04\/tribunal-rechaza-que-se-aplace-el-juicio-por-difamacion-contra-donald-trump\/","url_meta":{"origin":82778,"position":2},"title":"Tribunal rechaza que se aplace el juicio por difamaci\u00f3n contra Donald Trump","author":"Nelson Feliz","date":"4 de enero de 2024","format":false,"excerpt":"El juicio est\u00e1 previsto para el 16 de enero a menos que el Tribunal Supremo acepte la apelaci\u00f3n del exmandatario, que alega que estaba protegido por la inmunidad presidencial cuando hizo los comentarios contra la escritora E. Jean Carroll Nueva York, EFE - El expresidente Donald Trump sufri\u00f3 hoy un\u2026","rel":"","context":"En \u00abSin categor\u00eda\u00bb","block_context":{"text":"Sin categor\u00eda","link":"https:\/\/lasprimeras.com.do\/index.php\/category\/sin-categoria\/"},"img":{"alt_text":"Donald Trump","src":"https:\/\/i0.wp.com\/lasprimeras.com.do\/wp-content\/uploads\/2024\/01\/Donald-Trump.jpg?resize=350%2C200&ssl=1","width":350,"height":200,"srcset":"https:\/\/i0.wp.com\/lasprimeras.com.do\/wp-content\/uploads\/2024\/01\/Donald-Trump.jpg?resize=350%2C200&ssl=1 1x, https:\/\/i0.wp.com\/lasprimeras.com.do\/wp-content\/uploads\/2024\/01\/Donald-Trump.jpg?resize=525%2C300&ssl=1 1.5x, https:\/\/i0.wp.com\/lasprimeras.com.do\/wp-content\/uploads\/2024\/01\/Donald-Trump.jpg?resize=700%2C400&ssl=1 2x"},"classes":[]},{"id":66459,"url":"https:\/\/lasprimeras.com.do\/index.php\/2023\/11\/07\/trump-arremete-contra-el-juez-y-el-fiscal-general-de-ny-mientras-testifica-en-un-juicio-por-fraude\/","url_meta":{"origin":82778,"position":3},"title":"Trump arremete contra el juez y el fiscal general de NY mientras testifica en un juicio por fraude","author":"Nelson Feliz","date":"7 de noviembre de 2023","format":false,"excerpt":"POR JILL COLVIN , MICHAEL R. SISAK,JENNIFER PELTZ Y ERIC TUCKER https:\/\/youtu.be\/sYBvxMm8r6k NUEVA YORK (AP) \u2014 Un desafiante Donald Trump se enfrent\u00f3 a un juez de Nueva York y critic\u00f3 duramente al fiscal general del estado que lo demand\u00f3 el lunes, utilizando el estrado de los testigos en su juicio\u2026","rel":"","context":"En \u00abSin categor\u00eda\u00bb","block_context":{"text":"Sin categor\u00eda","link":"https:\/\/lasprimeras.com.do\/index.php\/category\/sin-categoria\/"},"img":{"alt_text":"Donald Trump","src":"https:\/\/i0.wp.com\/lasprimeras.com.do\/wp-content\/uploads\/2023\/11\/Donald-Trump.jpg?resize=350%2C200&ssl=1","width":350,"height":200,"srcset":"https:\/\/i0.wp.com\/lasprimeras.com.do\/wp-content\/uploads\/2023\/11\/Donald-Trump.jpg?resize=350%2C200&ssl=1 1x, https:\/\/i0.wp.com\/lasprimeras.com.do\/wp-content\/uploads\/2023\/11\/Donald-Trump.jpg?resize=525%2C300&ssl=1 1.5x, https:\/\/i0.wp.com\/lasprimeras.com.do\/wp-content\/uploads\/2023\/11\/Donald-Trump.jpg?resize=700%2C400&ssl=1 2x"},"classes":[]},{"id":50685,"url":"https:\/\/lasprimeras.com.do\/index.php\/2023\/05\/23\/donald-trump-aparecera-en-video-mientras-juez-refuerza-prohibicion-de-atacar-a-testigos\/","url_meta":{"origin":82778,"position":4},"title":"Donald Trump aparecer\u00e1 en video mientras juez refuerza prohibici\u00f3n de atacar a testigos","author":"prenxa100","date":"23 de mayo de 2023","format":false,"excerpt":"Por MICHAEL R. SISAK NUEVA YORK (AP) \u2014 El juez del caso penal de Donald Trump llevar\u00e1 a cabo una audiencia h\u00edbrida el martes para asegurarse doblemente de que el expresidente est\u00e9 al tanto de las nuevas reglas que le proh\u00edben usar pruebas para atacar a los testigos. Trump no\u2026","rel":"","context":"En \u00abSin categor\u00eda\u00bb","block_context":{"text":"Sin categor\u00eda","link":"https:\/\/lasprimeras.com.do\/index.php\/category\/sin-categoria\/"},"img":{"alt_text":"","src":"","width":0,"height":0},"classes":[]},{"id":74817,"url":"https:\/\/lasprimeras.com.do\/index.php\/2024\/01\/26\/donald-trump-dice-que-juez-le-niega-sus-derechos-constitucionales-en-juicio-por-difamacion\/","url_meta":{"origin":82778,"position":5},"title":"Donald Trump dice que juez le niega sus derechos constitucionales en juicio por difamaci\u00f3n","author":"Nelson Feliz","date":"26 de enero de 2024","format":false,"excerpt":"El proceso se cerrar\u00e1 previsiblemente en la tarde de este viernes. Nueva York, EE.UU, EFE.-. El expresidente Donald Trump, que se enfrenta este viernes a la conclusi\u00f3n del juicio por difamaci\u00f3n a la escritora E. Jean Carroll, acus\u00f3 hoy al juez que preside el caso de \"negar(le) sus derechos constitucionales\u2026","rel":"","context":"En \u00abSin categor\u00eda\u00bb","block_context":{"text":"Sin categor\u00eda","link":"https:\/\/lasprimeras.com.do\/index.php\/category\/sin-categoria\/"},"img":{"alt_text":"Donald Trump","src":"https:\/\/i0.wp.com\/lasprimeras.com.do\/wp-content\/uploads\/2024\/01\/Donald-Trump.jpg?resize=350%2C200&ssl=1","width":350,"height":200,"srcset":"https:\/\/i0.wp.com\/lasprimeras.com.do\/wp-content\/uploads\/2024\/01\/Donald-Trump.jpg?resize=350%2C200&ssl=1 1x, https:\/\/i0.wp.com\/lasprimeras.com.do\/wp-content\/uploads\/2024\/01\/Donald-Trump.jpg?resize=525%2C300&ssl=1 1.5x, https:\/\/i0.wp.com\/lasprimeras.com.do\/wp-content\/uploads\/2024\/01\/Donald-Trump.jpg?resize=700%2C400&ssl=1 2x"},"classes":[]}],"jetpack_sharing_enabled":true,"_links":{"self":[{"href":"https:\/\/lasprimeras.com.do\/index.php\/wp-json\/wp\/v2\/posts\/82778","targetHints":{"allow":["GET"]}}],"collection":[{"href":"https:\/\/lasprimeras.com.do\/index.php\/wp-json\/wp\/v2\/posts"}],"about":[{"href":"https:\/\/lasprimeras.com.do\/index.php\/wp-json\/wp\/v2\/types\/post"}],"author":[{"embeddable":true,"href":"https:\/\/lasprimeras.com.do\/index.php\/wp-json\/wp\/v2\/users\/6"}],"replies":[{"embeddable":true,"href":"https:\/\/lasprimeras.com.do\/index.php\/wp-json\/wp\/v2\/comments?post=82778"}],"version-history":[{"count":1,"href":"https:\/\/lasprimeras.com.do\/index.php\/wp-json\/wp\/v2\/posts\/82778\/revisions"}],"predecessor-version":[{"id":82780,"href":"https:\/\/lasprimeras.com.do\/index.php\/wp-json\/wp\/v2\/posts\/82778\/revisions\/82780"}],"wp:featuredmedia":[{"embeddable":true,"href":"https:\/\/lasprimeras.com.do\/index.php\/wp-json\/wp\/v2\/media\/82779"}],"wp:attachment":[{"href":"https:\/\/lasprimeras.com.do\/index.php\/wp-json\/wp\/v2\/media?parent=82778"}],"wp:term":[{"taxonomy":"category","embeddable":true,"href":"https:\/\/lasprimeras.com.do\/index.php\/wp-json\/wp\/v2\/categories?post=82778"},{"taxonomy":"post_tag","embeddable":true,"href":"https:\/\/lasprimeras.com.do\/index.php\/wp-json\/wp\/v2\/tags?post=82778"}],"curies":[{"name":"wp","href":"https:\/\/api.w.org\/{rel}","templated":true}]}}