{"id":82781,"date":"2024-05-07T19:59:26","date_gmt":"2024-05-07T23:59:26","guid":{"rendered":"https:\/\/lasprimeras.com.do\/?p=82781"},"modified":"2024-05-07T19:59:27","modified_gmt":"2024-05-07T23:59:27","slug":"boy-scouts-of-america-cambia-de-nombre-a-scouting-america-mas-inclusivo-despues-de-anos-de-problemas","status":"publish","type":"post","link":"https:\/\/lasprimeras.com.do\/index.php\/2024\/05\/07\/boy-scouts-of-america-cambia-de-nombre-a-scouting-america-mas-inclusivo-despues-de-anos-de-problemas\/","title":{"rendered":"Boy Scouts of America cambia de nombre a Scouting America m\u00e1s inclusivo despu\u00e9s de a\u00f1os de problemas"},"content":{"rendered":"\n<p>POR JAMIE STENGLE<\/p>\n\n\n\n<p>IRVING, Texas (AP) \u2014 Los Boy Scouts of America anunciaron despu\u00e9s de 114 a\u00f1os que cambiar\u00e1n su nombre y se convertir\u00e1n en Scouting America en un esfuerzo por enfatizar la inclusi\u00f3n mientras trabajan para superar la agitaci\u00f3n de la bancarrota y una avalancha de denuncias de abuso sexual.<\/p>\n\n\n\n<p>El cambio de marca es otro cambio s\u00edsmico para una organizaci\u00f3n llena de tradici\u00f3n que no permiti\u00f3 que j\u00f3venes o ni\u00f1as homosexuales comenzaran a unirse a sus filas hasta hace relativamente poco tiempo.<\/p>\n\n\n\n<p>Con el objetivo de aumentar el n\u00famero de miembros, la organizaci\u00f3n con sede en Irving, Texas, anunci\u00f3 el cambio de nombre el martes en su reuni\u00f3n anual en Florida.<\/p>\n\n\n\n<p>&#8220;En los pr\u00f3ximos 100 a\u00f1os queremos que cualquier joven en Estados Unidos se sienta muy, muy bienvenido a participar en nuestros programas&#8221;, dijo a The Associated Press Roger Krone, quien asumi\u00f3 el oto\u00f1o pasado como presidente y director ejecutivo, en una entrevista antes del anuncio. .<\/p>\n\n\n\n<p>El cambio entrar\u00e1 en vigor oficialmente el 8 de febrero de 2025, coincidiendo con el cumplea\u00f1os n\u00famero 115 de la organizaci\u00f3n.<\/p>\n\n\n\n<p>La organizaci\u00f3n comenz\u00f3 a permitir a los j\u00f3venes homosexuales en 2013 y puso fin a una prohibici\u00f3n general para los l\u00edderes adultos homosexuales en 2015.<br>En 2017, hizo el anuncio hist\u00f3rico de que las ni\u00f1as ser\u00edan aceptadas como Cub Scouts a partir de 2018 y en el programa insignia de Boy Scouts, rebautizado como Scouts BSA. \u2013 en 2019. M\u00e1s de 6.000 ni\u00f1as han alcanzado ya el tan cacareado rango Eagle Scout.<\/p>\n\n\n\n<p>Las Girl Scouts de Estados Unidos, una organizaci\u00f3n independiente, se han enfrentado a los Boy Scouts en los \u00faltimos a\u00f1os por el reclutamiento de ni\u00f1as. Las Girl Scouts no respondieron el martes a solicitudes de comentarios.<\/p>\n\n\n\n<p>Una ola de reacciones al cambio en las redes sociales incluy\u00f3 cr\u00edticas de que la palabra \u201cni\u00f1o\u201d ya no aparecer\u00e1 en el nombre, incluso por parte del senador republicano Ted Cruz de Texas.<\/p>\n\n\n\n<p>Al igual que otras organizaciones, los Boy Scouts of America perdieron miembros durante la pandemia, cuando la participaci\u00f3n era dif\u00edcil.<\/p>\n\n\n\n<p>Despu\u00e9s de un punto culminante en la \u00faltima d\u00e9cada de m\u00e1s de 2 millones de miembros en 2018, la organizaci\u00f3n actualmente atiende a poco m\u00e1s de 1 mill\u00f3n de j\u00f3venes, incluidas m\u00e1s de 176.000 ni\u00f1as y mujeres j\u00f3venes.<\/p>\n\n\n\n<p>La membres\u00eda alcanz\u00f3 su punto m\u00e1ximo en 1972 con casi 5 millones.<\/p>\n\n\n\n<p>Generaciones de exploradores han incluido a eventuales presidentes (entre ellos Bill Clinton y Gerald Ford), astronautas (Buzz Aldrin) y celebridades (el actor Harrison Ford, el cineasta Steven Spielberg). Krone afirm\u00f3 que la organizaci\u00f3n debe seguir atrayendo a los reci\u00e9n llegados.<\/p>\n\n\n\n<p>\u201cParte de mi trabajo es reducir todas las barreras que pueda para que la gente nos acepte como organizaci\u00f3n y se una\u201d, dijo.<\/p>\n\n\n\n<p>Hab\u00eda casi 1000 mujeres j\u00f3venes en la clase inaugural de mujeres Eagle Scouts en 2021, incluida Selby Chipman.<\/p>\n\n\n\n<p>La tropa de ni\u00f1as de la que fue miembro fundadora en su ciudad natal de Oak Ridge, Carolina del Norte, ha pasado de cinco ni\u00f1as a casi 50, y cree que el cambio de nombre alentar\u00e1 a m\u00e1s ni\u00f1as a unirse.<\/p>\n\n\n\n<p>\u201cLas ni\u00f1as dec\u00edan: &#8216;\u00bfPuedes unirte a los Boy Scouts of America?&#8217;\u201d, dijo Chipman, ahora estudiante universitaria de 20 a\u00f1os y asistente del jefe de exploraci\u00f3n de su tropa.<\/p>\n\n\n\n<p>El cambio de marca puede correr el riesgo de alienar a los partidarios que piensan que el cambio es innecesario, dijo David Aaker, vicepresidente de la firma nacional de marca y marketing Prophet.<\/p>\n\n\n\n<p>Pero describi\u00f3 el cambio de marca de los Boy Scouts como inteligente, diciendo que inicia una nueva conversaci\u00f3n sobre la organizaci\u00f3n sin ser tan dr\u00e1stico como para desviarse demasiado de su misi\u00f3n de exploraci\u00f3n original.<\/p>\n","protected":false},"excerpt":{"rendered":"<p>POR JAMIE STENGLE IRVING, Texas (AP) \u2014 Los Boy Scouts of America anunciaron despu\u00e9s de 114 a\u00f1os que cambiar\u00e1n su nombre y se convertir\u00e1n en Scouting America en un esfuerzo&hellip;<\/p>\n","protected":false},"author":6,"featured_media":82782,"comment_status":"open","ping_status":"open","sticky":false,"template":"","format":"standard","meta":{"content-type":"","jetpack_post_was_ever_published":false,"_jetpack_newsletter_access":"","_jetpack_dont_email_post_to_subs":false,"_jetpack_newsletter_tier_id":0,"_jetpack_memberships_contains_paywalled_content":false,"_jetpack_memberships_contains_paid_content":false,"footnotes":""},"categories":[1],"tags":[12832,1121,12831],"class_list":["post-82781","post","type-post","status-publish","format-standard","has-post-thumbnail","hentry","category-sin-categoria","tag-boy-scouts-of-america","tag-problemas","tag-scouting-america"],"jetpack_featured_media_url":"https:\/\/lasprimeras.com.do\/wp-content\/uploads\/2024\/05\/Boy-Scouts-of-America-cambia-de-nombre-a-Scouting-America.jpg","jetpack-related-posts":[{"id":110502,"url":"https:\/\/lasprimeras.com.do\/index.php\/2025\/09\/29\/fallece-russell-m-nelson-el-presidente-de-mayor-edad-de-la-iglesia-de-jesucristo-de-los-santos-de-los-ultimos-dias\/","url_meta":{"origin":82781,"position":0},"title":"Fallece Russell M. Nelson, el presidente de mayor edad de La Iglesia de Jesucristo de los Santos de los \u00daltimos D\u00edas","author":"Nelson Feliz","date":"29 de septiembre de 2025","format":false,"excerpt":"SALT LAKE CITY (AP) \u2014 Russell M. Nelson, el presidente de mayor edad de La Iglesia de Jesucristo de los Santos de los \u00daltimos D\u00edas, muri\u00f3 el s\u00e1bado por la noche a la edad de 101 a\u00f1os, anunciaron funcionarios de la iglesia. Nelson muri\u00f3 en su casa en Salt Lake\u2026","rel":"","context":"En \u00abINTERNACIONALES\u00bb","block_context":{"text":"INTERNACIONALES","link":"https:\/\/lasprimeras.com.do\/index.php\/category\/sin-categoria\/internacionales\/"},"img":{"alt_text":"","src":"https:\/\/i0.wp.com\/lasprimeras.com.do\/wp-content\/uploads\/2025\/09\/Russell-M.-Nelson.jpg?resize=350%2C200&ssl=1","width":350,"height":200,"srcset":"https:\/\/i0.wp.com\/lasprimeras.com.do\/wp-content\/uploads\/2025\/09\/Russell-M.-Nelson.jpg?resize=350%2C200&ssl=1 1x, https:\/\/i0.wp.com\/lasprimeras.com.do\/wp-content\/uploads\/2025\/09\/Russell-M.-Nelson.jpg?resize=525%2C300&ssl=1 1.5x, https:\/\/i0.wp.com\/lasprimeras.com.do\/wp-content\/uploads\/2025\/09\/Russell-M.-Nelson.jpg?resize=700%2C400&ssl=1 2x"},"classes":[]},{"id":85157,"url":"https:\/\/lasprimeras.com.do\/index.php\/2024\/06\/23\/bpl-beisbol-y-carabobo-prospect-league-de-venezuela-realizan-showcase-a-scouts-de-mlb\/","url_meta":{"origin":82781,"position":1},"title":"BPL-BEISBOL y Carabobo Prospect League de Venezuela realizan Showcase a scouts de MLB","author":"Nelson Feliz","date":"23 de junio de 2024","format":false,"excerpt":"Prospectos de la Big Prospect League (BPL B\u00e9isbol) y de la Carabobo Prospect League de Venezuela exhibieron su talento durante un \u201cshowcase\u201d que se\u00a0 realiz\u00f3 del 17 al 20 de junio, en el play de Cacon de Boca Chica, ubicado en Santo Domingo Este. El \u201cshowcase\u201d inici\u00f3 con la prueba\u2026","rel":"","context":"En \u00abSin categor\u00eda\u00bb","block_context":{"text":"Sin categor\u00eda","link":"https:\/\/lasprimeras.com.do\/index.php\/category\/sin-categoria\/"},"img":{"alt_text":"Andr\u00e9s marchena presidente Carabobo PL junto a los directivos Ibrahin Pirela y Brahiam Salom y los jugadores de BPLBEISBOL","src":"https:\/\/i0.wp.com\/lasprimeras.com.do\/wp-content\/uploads\/2024\/06\/Andres-marchena-presidente-Carabobo-PL-junto-a-los-directivos-Ibrahin-Pirela-y-Brahiam-Salom-y-los-jugadores-de-BPLBEISBOL.jpeg?resize=350%2C200&ssl=1","width":350,"height":200,"srcset":"https:\/\/i0.wp.com\/lasprimeras.com.do\/wp-content\/uploads\/2024\/06\/Andres-marchena-presidente-Carabobo-PL-junto-a-los-directivos-Ibrahin-Pirela-y-Brahiam-Salom-y-los-jugadores-de-BPLBEISBOL.jpeg?resize=350%2C200&ssl=1 1x, https:\/\/i0.wp.com\/lasprimeras.com.do\/wp-content\/uploads\/2024\/06\/Andres-marchena-presidente-Carabobo-PL-junto-a-los-directivos-Ibrahin-Pirela-y-Brahiam-Salom-y-los-jugadores-de-BPLBEISBOL.jpeg?resize=525%2C300&ssl=1 1.5x, https:\/\/i0.wp.com\/lasprimeras.com.do\/wp-content\/uploads\/2024\/06\/Andres-marchena-presidente-Carabobo-PL-junto-a-los-directivos-Ibrahin-Pirela-y-Brahiam-Salom-y-los-jugadores-de-BPLBEISBOL.jpeg?resize=700%2C400&ssl=1 2x, https:\/\/i0.wp.com\/lasprimeras.com.do\/wp-content\/uploads\/2024\/06\/Andres-marchena-presidente-Carabobo-PL-junto-a-los-directivos-Ibrahin-Pirela-y-Brahiam-Salom-y-los-jugadores-de-BPLBEISBOL.jpeg?resize=1050%2C600&ssl=1 3x, https:\/\/i0.wp.com\/lasprimeras.com.do\/wp-content\/uploads\/2024\/06\/Andres-marchena-presidente-Carabobo-PL-junto-a-los-directivos-Ibrahin-Pirela-y-Brahiam-Salom-y-los-jugadores-de-BPLBEISBOL.jpeg?resize=1400%2C800&ssl=1 4x"},"classes":[]},{"id":57087,"url":"https:\/\/lasprimeras.com.do\/index.php\/2023\/08\/09\/gobernador-de-texas-descarta-que-dos-muertes-fueran-por-sus-boyas-en-el-rio-bravo\/","url_meta":{"origin":82781,"position":2},"title":"Gobernador de Texas descarta que dos muertes fueran por sus boyas en el R\u00edo Bravo","author":"Nelson Feliz","date":"9 de agosto de 2023","format":false,"excerpt":"Tambi\u00e9n se han instalado barreras de alambres de p\u00faas en la frontera para bloquear el paso de migrantes. El gobernador de Texas, Greg Abbott, descart\u00f3 el martes que las boyas que mand\u00f3 instalar en el R\u00edo Bravo para contener el cruce de migrantes desde M\u00e9xico a Estados Unidos causaran la\u2026","rel":"","context":"En \u00abSin categor\u00eda\u00bb","block_context":{"text":"Sin categor\u00eda","link":"https:\/\/lasprimeras.com.do\/index.php\/category\/sin-categoria\/"},"img":{"alt_text":"","src":"https:\/\/i0.wp.com\/lasprimeras.com.do\/wp-content\/uploads\/2023\/08\/boyas.jpeg?resize=350%2C200&ssl=1","width":350,"height":200,"srcset":"https:\/\/i0.wp.com\/lasprimeras.com.do\/wp-content\/uploads\/2023\/08\/boyas.jpeg?resize=350%2C200&ssl=1 1x, https:\/\/i0.wp.com\/lasprimeras.com.do\/wp-content\/uploads\/2023\/08\/boyas.jpeg?resize=525%2C300&ssl=1 1.5x, https:\/\/i0.wp.com\/lasprimeras.com.do\/wp-content\/uploads\/2023\/08\/boyas.jpeg?resize=700%2C400&ssl=1 2x"},"classes":[]},{"id":95698,"url":"https:\/\/lasprimeras.com.do\/index.php\/2025\/03\/18\/trump-abandona-a-voice-of-america-al-acusarla-de-ser-antiamericana\/","url_meta":{"origin":82781,"position":3},"title":"Trump abandona a Voice of America al acusarla de ser \u201cantiamericana\u201d","author":"Nelson Feliz","date":"18 de marzo de 2025","format":false,"excerpt":"El Gobierno de Donald Trump puso en baja administrativa a miles de trabajadores de Voice of America (VOA) y de la Radio y Televisi\u00f3n Mart\u00ed. Despu\u00e9s de desmantelar agencias y varios departamentos federales, el presidente de Estados Unidos, Donald Trump, anunci\u00f3 este fin de semana que deja sin fondos a\u2026","rel":"","context":"En \u00abINTERNACIONALES\u00bb","block_context":{"text":"INTERNACIONALES","link":"https:\/\/lasprimeras.com.do\/index.php\/category\/sin-categoria\/internacionales\/"},"img":{"alt_text":"","src":"https:\/\/i0.wp.com\/lasprimeras.com.do\/wp-content\/uploads\/2025\/03\/voa.png?resize=350%2C200&ssl=1","width":350,"height":200,"srcset":"https:\/\/i0.wp.com\/lasprimeras.com.do\/wp-content\/uploads\/2025\/03\/voa.png?resize=350%2C200&ssl=1 1x, https:\/\/i0.wp.com\/lasprimeras.com.do\/wp-content\/uploads\/2025\/03\/voa.png?resize=525%2C300&ssl=1 1.5x, https:\/\/i0.wp.com\/lasprimeras.com.do\/wp-content\/uploads\/2025\/03\/voa.png?resize=700%2C400&ssl=1 2x"},"classes":[]},{"id":121132,"url":"https:\/\/lasprimeras.com.do\/index.php\/2026\/02\/01\/saint-maximin-deja-el-america-de-mexico-tras-ataques-racistas-contra-sus-hijos\/","url_meta":{"origin":82781,"position":4},"title":"Saint-Maximin deja el Am\u00e9rica de M\u00e9xico tras \u2018ataques\u2019 racistas contra sus hijos","author":"Nelson Feliz","date":"1 de febrero de 2026","format":false,"excerpt":"POR CARLOS RODR\u00cdGUEZ CIUDAD DE M\u00c9XICO (AP) \u2014 El paso de Allan Saint-Maximin por el Am\u00e9rica de la primera divisi\u00f3n de M\u00e9xico se cort\u00f3 abruptamente el s\u00e1bado, un d\u00eda despu\u00e9s de que el otrora extremo del Newcastle denunci\u00f3 \u201cataques\u201d racistas contra sus hijos. La escuadra de la capital mexicana anunci\u00f3\u2026","rel":"","context":"En \u00abDEPORTES\u00bb","block_context":{"text":"DEPORTES","link":"https:\/\/lasprimeras.com.do\/index.php\/category\/deportes\/"},"img":{"alt_text":"Allan Saint-Maximin, del Fenerbahce, conduce un bal\u00f3n junto a Alexandre Penetra, del AZ Alkmaar, en un partido de la Liga Europa, el 7 de noviembre de 2024 (AP Foto\/Maurice van Steen, archivo)","src":"https:\/\/i0.wp.com\/lasprimeras.com.do\/wp-content\/uploads\/2026\/02\/Allan-Saint-Maximin.jpg?resize=350%2C200&ssl=1","width":350,"height":200,"srcset":"https:\/\/i0.wp.com\/lasprimeras.com.do\/wp-content\/uploads\/2026\/02\/Allan-Saint-Maximin.jpg?resize=350%2C200&ssl=1 1x, https:\/\/i0.wp.com\/lasprimeras.com.do\/wp-content\/uploads\/2026\/02\/Allan-Saint-Maximin.jpg?resize=525%2C300&ssl=1 1.5x, https:\/\/i0.wp.com\/lasprimeras.com.do\/wp-content\/uploads\/2026\/02\/Allan-Saint-Maximin.jpg?resize=700%2C400&ssl=1 2x"},"classes":[]},{"id":55309,"url":"https:\/\/lasprimeras.com.do\/index.php\/2023\/07\/19\/en-texas-soldados-empujar-a-inmigrantes-al-rio-grande-una-madre-y-su-hijo-mueren\/","url_meta":{"origin":82781,"position":5},"title":"En Texas soldados empujar a inmigrantes al R\u00edo Grande: una madre y su hijo mueren","author":"Nelson Feliz","date":"19 de julio de 2023","format":false,"excerpt":"Varias personas han muerto y algunas han resultado heridas tras la orden a soldados en Texas de empujar a inmigrantes de regreso al R\u00edo Grande, a fin de evitar que pisen suelo estadounidense; una mujer y su hijo fallecieron ahogados. Los soldados y polic\u00edas desplegados en la frontera de Texas\u2026","rel":"","context":"En \u00abSin categor\u00eda\u00bb","block_context":{"text":"Sin categor\u00eda","link":"https:\/\/lasprimeras.com.do\/index.php\/category\/sin-categoria\/"},"img":{"alt_text":"","src":"https:\/\/i0.wp.com\/lasprimeras.com.do\/wp-content\/uploads\/2023\/07\/rio-grande.jpg?resize=350%2C200&ssl=1","width":350,"height":200,"srcset":"https:\/\/i0.wp.com\/lasprimeras.com.do\/wp-content\/uploads\/2023\/07\/rio-grande.jpg?resize=350%2C200&ssl=1 1x, https:\/\/i0.wp.com\/lasprimeras.com.do\/wp-content\/uploads\/2023\/07\/rio-grande.jpg?resize=525%2C300&ssl=1 1.5x, https:\/\/i0.wp.com\/lasprimeras.com.do\/wp-content\/uploads\/2023\/07\/rio-grande.jpg?resize=700%2C400&ssl=1 2x"},"classes":[]}],"jetpack_sharing_enabled":true,"_links":{"self":[{"href":"https:\/\/lasprimeras.com.do\/index.php\/wp-json\/wp\/v2\/posts\/82781","targetHints":{"allow":["GET"]}}],"collection":[{"href":"https:\/\/lasprimeras.com.do\/index.php\/wp-json\/wp\/v2\/posts"}],"about":[{"href":"https:\/\/lasprimeras.com.do\/index.php\/wp-json\/wp\/v2\/types\/post"}],"author":[{"embeddable":true,"href":"https:\/\/lasprimeras.com.do\/index.php\/wp-json\/wp\/v2\/users\/6"}],"replies":[{"embeddable":true,"href":"https:\/\/lasprimeras.com.do\/index.php\/wp-json\/wp\/v2\/comments?post=82781"}],"version-history":[{"count":1,"href":"https:\/\/lasprimeras.com.do\/index.php\/wp-json\/wp\/v2\/posts\/82781\/revisions"}],"predecessor-version":[{"id":82783,"href":"https:\/\/lasprimeras.com.do\/index.php\/wp-json\/wp\/v2\/posts\/82781\/revisions\/82783"}],"wp:featuredmedia":[{"embeddable":true,"href":"https:\/\/lasprimeras.com.do\/index.php\/wp-json\/wp\/v2\/media\/82782"}],"wp:attachment":[{"href":"https:\/\/lasprimeras.com.do\/index.php\/wp-json\/wp\/v2\/media?parent=82781"}],"wp:term":[{"taxonomy":"category","embeddable":true,"href":"https:\/\/lasprimeras.com.do\/index.php\/wp-json\/wp\/v2\/categories?post=82781"},{"taxonomy":"post_tag","embeddable":true,"href":"https:\/\/lasprimeras.com.do\/index.php\/wp-json\/wp\/v2\/tags?post=82781"}],"curies":[{"name":"wp","href":"https:\/\/api.w.org\/{rel}","templated":true}]}}