{"id":82784,"date":"2024-05-07T20:14:05","date_gmt":"2024-05-08T00:14:05","guid":{"rendered":"https:\/\/lasprimeras.com.do\/?p=82784"},"modified":"2024-05-07T20:14:06","modified_gmt":"2024-05-08T00:14:06","slug":"tiktok-ha-demandado-a-estados-unidos-por-una-ley-que-podria-prohibir-su-aplicacion-cual-es-el-panorama-juridico","status":"publish","type":"post","link":"https:\/\/lasprimeras.com.do\/index.php\/2024\/05\/07\/tiktok-ha-demandado-a-estados-unidos-por-una-ley-que-podria-prohibir-su-aplicacion-cual-es-el-panorama-juridico\/","title":{"rendered":"TikTok ha demandado a Estados Unidos por una ley que podr\u00eda prohibir su aplicaci\u00f3n. \u00bfCu\u00e1l es el panorama jur\u00eddico?"},"content":{"rendered":"\n<p>POR WYATTE GRANTHAM-PHILIPS<\/p>\n\n\n\n<p>NUEVA YORK (AP) \u2014 Una ley reci\u00e9n promulgada que obliga a la empresa matriz de TikTok a vender la plataforma para compartir videos o enfrentar una prohibici\u00f3n en Estados Unidos podr\u00eda enfrentar una batalla cuesta arriba en los tribunales.<\/p>\n\n\n\n<p>El propietario de la aplicaci\u00f3n, ByteDance, con sede en China, present\u00f3 una demanda el martes calificando la medida como inconstitucional.<\/p>\n\n\n\n<p>Los cr\u00edticos del ultim\u00e1tum de vender o ser prohibido argumentan que viola los derechos de la Primera Enmienda de los usuarios de TikTok.<\/p>\n\n\n\n<p>Pero el \u00e9xito de una impugnaci\u00f3n judicial no est\u00e1 garantizado. Los opositores a la ley, que incluyen organizaciones de defensa como la Uni\u00f3n Estadounidense por las Libertades Civiles, sostienen que el gobierno no ha estado ni cerca de justificar la prohibici\u00f3n de TikTok, mientras que otros dicen que las afirmaciones de seguridad nacional a\u00fan podr\u00edan prevalecer.<\/p>\n\n\n\n<p>Durante a\u00f1os, los legisladores de ambos partidos han expresado su preocupaci\u00f3n de que las autoridades chinas puedan obligar a ByteDance a entregar datos de usuarios estadounidenses o influir en los estadounidenses suprimiendo o promocionando cierto contenido en TikTok.<\/p>\n\n\n\n<p>Estados Unidos a\u00fan tiene que proporcionar pruebas p\u00fablicas que respalden esas afirmaciones, pero de todos modos las presiones pol\u00edticas se han acumulado.<\/p>\n\n\n\n<p>Si se confirma, los expertos legales tambi\u00e9n enfatizan que la ley podr\u00eda sentar un precedente con ramificaciones m\u00e1s amplias para los medios digitales en los EE. UU.<\/p>\n\n\n\n<p>Esto es lo que necesita saber.<\/p>\n\n\n\n<p>\u00bfES INCONSTITUCIONAL LA PROHIBICI\u00d3N DE TIKTOK?<\/p>\n\n\n\n<p>\u00c9sa es la cuesti\u00f3n central. TikTok y quienes se oponen a la ley han argumentado que una prohibici\u00f3n violar\u00eda los derechos de la Primera Enmienda de los 170 millones de usuarios estadounidenses de la plataforma de redes sociales.<\/p>\n\n\n\n<p>Patrick Toomey, subdirector del Proyecto de Seguridad Nacional de la ACLU, dijo anteriormente a The Associated Press que una prohibici\u00f3n de TikTok \u201csofocar\u00eda la libre expresi\u00f3n y restringir\u00eda el acceso p\u00fablico\u201d a una plataforma que se ha convertido en una fuente central para compartir informaci\u00f3n.<\/p>\n\n\n\n<p>Entre las preguntas clave estar\u00e1 si la legislaci\u00f3n interfiere con el contenido general del discurso en TikTok, se\u00f1al\u00f3 Elettra Bietti, profesora asistente de derecho e inform\u00e1tica en la Universidad Northeastern, despu\u00e9s de la aprobaci\u00f3n de la ley el mes pasado, ya que las restricciones basadas en el contenido alcanzan un nivel m\u00e1s alto. de escrutinio.<\/p>\n\n\n\n<p>\u201cEl Congreso ha tomado la medida sin precedentes de se\u00f1alar y prohibir expresamente a TikTok: un vibrante foro en l\u00ednea para el discurso y la expresi\u00f3n protegidos utilizado por 170 millones de estadounidenses para crear, compartir y ver videos a trav\u00e9s de Internet\u201d, dijo ByteDance en su demanda el martes.<\/p>\n\n\n\n<p>\u201cPor primera vez en la historia, el Congreso ha promulgado una ley que somete una \u00fanica plataforma de expresi\u00f3n con nombre a una prohibici\u00f3n permanente a nivel nacional y proh\u00edbe a todos los estadounidenses participar en una comunidad en l\u00ednea \u00fanica con m\u00e1s de mil millones de personas en todo el mundo\u201d.<\/p>\n\n\n\n<p>\u00bfPODR\u00cdA TIKTOK PREVENIR CON \u00c9XITO LA PROHIBICI\u00d3N EN LOS TRIBUNALES?<br>TikTok ha expresado confianza en las perspectivas de su impugnaci\u00f3n legal.<\/p>\n\n\n\n<p>\u201cTengan la seguridad de que no iremos a ninguna parte\u201d, dijo el director ejecutivo de TikTok, Shou Chew, en una respuesta en video publicada en X poco despu\u00e9s de que la legislaci\u00f3n se convirtiera en ley el 24 de abril. \u201cLos hechos y la Constituci\u00f3n est\u00e1n de nuestro lado, y esperamos prevalecer de nuevo\u201d.<\/p>\n\n\n\n<p>Toomey tambi\u00e9n dijo que era optimista sobre la posibilidad de que TikTok pudiera bloquear la medida en los tribunales, se\u00f1alando que tanto los usuarios como la empresa \u201ctienen reclamos extremadamente s\u00f3lidos\u201d sobre la Primera Enmienda.<\/p>\n\n\n\n<p>\u201cMuchos de los llamamientos para prohibir completamente TikTok en Estados Unidos tienen como objetivo ganar puntos pol\u00edticos y est\u00e1n arraigados en el sentimiento anti-China\u201d, a\u00f1adi\u00f3 Toomey. \u201cY hasta la fecha, estas medidas para prohibir TikTok no han sido respaldadas ni remotamente por evidencia p\u00fablica concreta\u201d.<\/p>\n\n\n\n<p>Aun as\u00ed, el futuro de cualquier litigio es dif\u00edcil de predecir, especialmente en este tipo de casos. Y desde una perspectiva jur\u00eddica, puede resultar dif\u00edcil citar motivaciones pol\u00edticas, incluso si est\u00e1n bien documentadas, como motivo para invalidar una ley.<\/p>\n\n\n\n<p>La batalla tambi\u00e9n podr\u00eda prolongarse durante alg\u00fan tiempo, con la posibilidad de apelaciones que podr\u00edan llegar hasta la Corte Suprema, que probablemente ratificar\u00eda la ley debido a su composici\u00f3n actual, dijo Gus Hurwitz, investigador principal de la Universidad de Pensilvania. Facultad de Derecho Carey.<\/p>\n\n\n\n<p>\u00bfC\u00d3MO PODR\u00cdA RESPONDER EL GOBIERNO AL DESAF\u00cdO?<\/p>\n\n\n\n<p>El desaf\u00edo legal de TikTok no continuar\u00e1 sin lucha. El gobierno probablemente responder\u00e1 con afirmaciones de seguridad nacional, que ya fueron citadas de manera prominente cuando la legislaci\u00f3n fue aprobada en el Congreso.<\/p>\n\n\n\n<p>Toomey sostiene que el gobierno no ha cumplido con el alto est\u00e1ndar requerido para demostrar riesgos inminentes para la seguridad nacional, pero algunos otros expertos legales se\u00f1alan que todav\u00eda es una carta fuerte que jugar.<\/p>\n\n\n\n<p>&#8220;Una de las cosas desafortunadas y realmente frustrantes de la legislaci\u00f3n de seguridad nacional (es que) tiende a ser una carta de triunfo&#8221;, dijo Hurwitz. &#8220;Una vez que surjan los problemas de seguridad nacional, triunfar\u00e1n con \u00e9xito o no&#8221;.<\/p>\n\n\n\n<p>Hurwitz a\u00f1adi\u00f3 que cree que hay argumentos leg\u00edtimos de seguridad nacional que podr\u00edan plantearse aqu\u00ed. Se puede argumentar sobre la seguridad nacional porque es una medida federal, se\u00f1al\u00f3.<\/p>\n\n\n\n<p>Esto distingue este escenario de la legislaci\u00f3n a nivel estatal que anteriormente no tuvo \u00e9xito y que busca prohibir TikTok, como en Montana .<\/p>\n\n\n\n<p>Pero los argumentos de seguridad nacional tambi\u00e9n son vulnerables al cuestionamiento de por qu\u00e9 TikTok est\u00e1 siendo objeto de un escrutinio espec\u00edfico.<\/p>\n\n\n\n<p>&#8220;Personalmente, creo que lo que hace TikTok no es tan diferente de otras empresas con sede en Estados Unidos&#8221;, dijo Bietti, se\u00f1alando a gigantes tecnol\u00f3gicos que van desde Google hasta Amazon.<\/p>\n\n\n\n<p>\u201cLa pregunta es: &#8216;\u00bfPor qu\u00e9 prohibir TikTok y no las actividades y la vigilancia llevadas a cabo por otras empresas en Estados Unidos?&#8217;\u201d<\/p>\n","protected":false},"excerpt":{"rendered":"<p>POR WYATTE GRANTHAM-PHILIPS NUEVA YORK (AP) \u2014 Una ley reci\u00e9n promulgada que obliga a la empresa matriz de TikTok a vender la plataforma para compartir videos o enfrentar una prohibici\u00f3n&hellip;<\/p>\n","protected":false},"author":6,"featured_media":82785,"comment_status":"open","ping_status":"open","sticky":false,"template":"","format":"standard","meta":{"content-type":"","jetpack_post_was_ever_published":false,"_jetpack_newsletter_access":"","_jetpack_dont_email_post_to_subs":false,"_jetpack_newsletter_tier_id":0,"_jetpack_memberships_contains_paywalled_content":false,"_jetpack_memberships_contains_paid_content":false,"footnotes":""},"categories":[1],"tags":[12833,1085,98,411,1919,1921],"class_list":["post-82784","post","type-post","status-publish","format-standard","has-post-thumbnail","hentry","category-sin-categoria","tag-aplicacion","tag-demanda","tag-estados-unidos","tag-ley","tag-prohibir","tag-tiktok"],"jetpack_featured_media_url":"https:\/\/lasprimeras.com.do\/wp-content\/uploads\/2024\/05\/TikTok.jpg","jetpack-related-posts":[{"id":92911,"url":"https:\/\/lasprimeras.com.do\/index.php\/2025\/01\/19\/tiktok-deja-de-funcionar-en-estados-unidos\/","url_meta":{"origin":82784,"position":0},"title":"TikTok deja de funcionar en Estados Unidos","author":"Nelson Feliz","date":"19 de enero de 2025","format":false,"excerpt":"\"Lo sentimos, TikTok no est\u00e1 disponible en este momento\", el mensaje de aviso para los usuarios en Estados Unidos. Nueva York,EFE - La red social TikTok dej\u00f3 de funcionar este s\u00e1bado en Estados Unidos despu\u00e9s de que el Tribunal Supremo avalara el viernes una ley aprobada el a\u00f1o pasado por\u2026","rel":"","context":"En \u00abINTERNACIONALES\u00bb","block_context":{"text":"INTERNACIONALES","link":"https:\/\/lasprimeras.com.do\/index.php\/category\/sin-categoria\/internacionales\/"},"img":{"alt_text":"TikTok","src":"https:\/\/i0.wp.com\/lasprimeras.com.do\/wp-content\/uploads\/2025\/01\/TikTok.jpg?resize=350%2C200&ssl=1","width":350,"height":200,"srcset":"https:\/\/i0.wp.com\/lasprimeras.com.do\/wp-content\/uploads\/2025\/01\/TikTok.jpg?resize=350%2C200&ssl=1 1x, https:\/\/i0.wp.com\/lasprimeras.com.do\/wp-content\/uploads\/2025\/01\/TikTok.jpg?resize=525%2C300&ssl=1 1.5x, https:\/\/i0.wp.com\/lasprimeras.com.do\/wp-content\/uploads\/2025\/01\/TikTok.jpg?resize=700%2C400&ssl=1 2x"},"classes":[]},{"id":50334,"url":"https:\/\/lasprimeras.com.do\/index.php\/2023\/05\/19\/usuarios-de-tiktok-en-ee-uu-demandan-al-estado-de-montana-por-prohibir-la-red-social\/","url_meta":{"origin":82784,"position":1},"title":"Usuarios de TikTok en EE.UU. demandan al estado de Montana por prohibir la red social","author":"prenxa100","date":"19 de mayo de 2023","format":false,"excerpt":"Los demandantes aseguran que la medida atenta contra su libertad de expresi\u00f3n y la primera enmienda constitucional. Cinco residentes de Montana (EE.UU.) impugnaron ante un tribunal federal la ley firmada este mi\u00e9rcoles por el gobernador del estado, el republicano Greg Gianforte, que convierte a la entidad en la primera en\u2026","rel":"","context":"En \u00abSin categor\u00eda\u00bb","block_context":{"text":"Sin categor\u00eda","link":"https:\/\/lasprimeras.com.do\/index.php\/category\/sin-categoria\/"},"img":{"alt_text":"","src":"","width":0,"height":0},"classes":[]},{"id":81654,"url":"https:\/\/lasprimeras.com.do\/index.php\/2024\/04\/23\/el-programa-de-recompensas-de-tiktok-lite-podria-suspenderse-en-europa-segun-los-reguladores-de-la-ue\/","url_meta":{"origin":82784,"position":2},"title":"El programa de recompensas de TikTok Lite podr\u00eda suspenderse en Europa, seg\u00fan los reguladores de la UE","author":"Nelson Feliz","date":"23 de abril de 2024","format":false,"excerpt":"BRUSELAS, (Reuters) - Una caracter\u00edstica clave de la nueva aplicaci\u00f3n de TikTok, TikTok Lite, podr\u00eda ser suspendida en la Uni\u00f3n Europea el jueves si la empresa no ofrece una respuesta satisfactoria a las preocupaciones de los reguladores sobre su impacto en la salud mental de los usuarios, dijo la Comisi\u00f3n\u2026","rel":"","context":"En \u00abSin categor\u00eda\u00bb","block_context":{"text":"Sin categor\u00eda","link":"https:\/\/lasprimeras.com.do\/index.php\/category\/sin-categoria\/"},"img":{"alt_text":"TikTok Lite","src":"https:\/\/i0.wp.com\/lasprimeras.com.do\/wp-content\/uploads\/2024\/04\/TikTok-Lite.jpg?resize=350%2C200&ssl=1","width":350,"height":200,"srcset":"https:\/\/i0.wp.com\/lasprimeras.com.do\/wp-content\/uploads\/2024\/04\/TikTok-Lite.jpg?resize=350%2C200&ssl=1 1x, https:\/\/i0.wp.com\/lasprimeras.com.do\/wp-content\/uploads\/2024\/04\/TikTok-Lite.jpg?resize=525%2C300&ssl=1 1.5x, https:\/\/i0.wp.com\/lasprimeras.com.do\/wp-content\/uploads\/2024\/04\/TikTok-Lite.jpg?resize=700%2C400&ssl=1 2x"},"classes":[]},{"id":92917,"url":"https:\/\/lasprimeras.com.do\/index.php\/2025\/01\/19\/tiktok-esta-restableciendo-su-servicio-en-eeuu-por-la-garantia-recibida-de-trump\/","url_meta":{"origin":82784,"position":3},"title":"TikTok est\u00e1 restableciendo su servicio en EEUU por la garant\u00eda recibida de Trump","author":"Nelson Feliz","date":"19 de enero de 2025","format":false,"excerpt":"Seg\u00fan a\u00f1adi\u00f3, trabajar\u00e1n con el futuro mandatario en una soluci\u00f3n a largo plazo que permita su funcionamiento en Estados Unidos. Washington, EEUU.-.TikTok afirm\u00f3 este domingo que se encuentra en proceso de restaurar su servicio en Estados Unidos por las garant\u00edas ofrecidas a sus proveedores por el mandatario electo estadounidense, Donald\u2026","rel":"","context":"En \u00abINTERNACIONALES\u00bb","block_context":{"text":"INTERNACIONALES","link":"https:\/\/lasprimeras.com.do\/index.php\/category\/sin-categoria\/internacionales\/"},"img":{"alt_text":"","src":"https:\/\/i0.wp.com\/lasprimeras.com.do\/wp-content\/uploads\/2025\/01\/TikTok-1.jpeg?resize=350%2C200&ssl=1","width":350,"height":200,"srcset":"https:\/\/i0.wp.com\/lasprimeras.com.do\/wp-content\/uploads\/2025\/01\/TikTok-1.jpeg?resize=350%2C200&ssl=1 1x, https:\/\/i0.wp.com\/lasprimeras.com.do\/wp-content\/uploads\/2025\/01\/TikTok-1.jpeg?resize=525%2C300&ssl=1 1.5x, https:\/\/i0.wp.com\/lasprimeras.com.do\/wp-content\/uploads\/2025\/01\/TikTok-1.jpeg?resize=700%2C400&ssl=1 2x"},"classes":[]},{"id":109208,"url":"https:\/\/lasprimeras.com.do\/index.php\/2025\/09\/15\/estados-unidos-y-china-alcanzan-un-acuerdo-marco-sobre-tiktok\/","url_meta":{"origin":82784,"position":4},"title":"Estados Unidos y China alcanzan un acuerdo marco sobre TikTok","author":"Nelson Feliz","date":"15 de septiembre de 2025","format":false,"excerpt":"Por JOSH BOAK y SUMAN NAISHADHAM MADRID (AP) \u2014 China y Estados Unidos alcanzaron un acuerdo marco para la propiedad de la popular plataforma de videos sociales TikTok , dijo el secretario del Tesoro estadounidense, Scott Bessent, despu\u00e9s de las conversaciones comerciales del fin de semana en Espa\u00f1a . Bessent\u2026","rel":"","context":"En \u00abTECNOL\u00d3GIA\u00bb","block_context":{"text":"TECNOL\u00d3GIA","link":"https:\/\/lasprimeras.com.do\/index.php\/category\/tecnologia\/"},"img":{"alt_text":"","src":"https:\/\/i0.wp.com\/lasprimeras.com.do\/wp-content\/uploads\/2025\/09\/tik-tok.jpg?resize=350%2C200&ssl=1","width":350,"height":200,"srcset":"https:\/\/i0.wp.com\/lasprimeras.com.do\/wp-content\/uploads\/2025\/09\/tik-tok.jpg?resize=350%2C200&ssl=1 1x, https:\/\/i0.wp.com\/lasprimeras.com.do\/wp-content\/uploads\/2025\/09\/tik-tok.jpg?resize=525%2C300&ssl=1 1.5x, https:\/\/i0.wp.com\/lasprimeras.com.do\/wp-content\/uploads\/2025\/09\/tik-tok.jpg?resize=700%2C400&ssl=1 2x"},"classes":[]},{"id":106212,"url":"https:\/\/lasprimeras.com.do\/index.php\/2025\/08\/12\/musk-planea-demandar-a-apple-por-no-incluir-x-o-grok-entre-sus-aplicaciones-destacadas\/","url_meta":{"origin":82784,"position":5},"title":"Musk planea demandar a Apple por no incluir X o Grok entre sus aplicaciones destacadas","author":"Nelson Feliz","date":"12 de agosto de 2025","format":false,"excerpt":"POR THE ASSOCIATED PRESS El multimillonario propietario de SpaceX, Tesla y X, Elon Musk, dice que piensa demandar a Apple por no incluir a X y su chatbot de inteligencia artificial Grok entre sus aplicaciones m\u00e1s recomendadas en la App Store. En un mensaje en X el lunes por la\u2026","rel":"","context":"En \u00abINTERNACIONALES\u00bb","block_context":{"text":"INTERNACIONALES","link":"https:\/\/lasprimeras.com.do\/index.php\/category\/sin-categoria\/internacionales\/"},"img":{"alt_text":"","src":"https:\/\/i0.wp.com\/lasprimeras.com.do\/wp-content\/uploads\/2025\/08\/X-o-Grok.jpg?resize=350%2C200&ssl=1","width":350,"height":200,"srcset":"https:\/\/i0.wp.com\/lasprimeras.com.do\/wp-content\/uploads\/2025\/08\/X-o-Grok.jpg?resize=350%2C200&ssl=1 1x, https:\/\/i0.wp.com\/lasprimeras.com.do\/wp-content\/uploads\/2025\/08\/X-o-Grok.jpg?resize=525%2C300&ssl=1 1.5x, https:\/\/i0.wp.com\/lasprimeras.com.do\/wp-content\/uploads\/2025\/08\/X-o-Grok.jpg?resize=700%2C400&ssl=1 2x"},"classes":[]}],"jetpack_sharing_enabled":true,"_links":{"self":[{"href":"https:\/\/lasprimeras.com.do\/index.php\/wp-json\/wp\/v2\/posts\/82784","targetHints":{"allow":["GET"]}}],"collection":[{"href":"https:\/\/lasprimeras.com.do\/index.php\/wp-json\/wp\/v2\/posts"}],"about":[{"href":"https:\/\/lasprimeras.com.do\/index.php\/wp-json\/wp\/v2\/types\/post"}],"author":[{"embeddable":true,"href":"https:\/\/lasprimeras.com.do\/index.php\/wp-json\/wp\/v2\/users\/6"}],"replies":[{"embeddable":true,"href":"https:\/\/lasprimeras.com.do\/index.php\/wp-json\/wp\/v2\/comments?post=82784"}],"version-history":[{"count":1,"href":"https:\/\/lasprimeras.com.do\/index.php\/wp-json\/wp\/v2\/posts\/82784\/revisions"}],"predecessor-version":[{"id":82786,"href":"https:\/\/lasprimeras.com.do\/index.php\/wp-json\/wp\/v2\/posts\/82784\/revisions\/82786"}],"wp:featuredmedia":[{"embeddable":true,"href":"https:\/\/lasprimeras.com.do\/index.php\/wp-json\/wp\/v2\/media\/82785"}],"wp:attachment":[{"href":"https:\/\/lasprimeras.com.do\/index.php\/wp-json\/wp\/v2\/media?parent=82784"}],"wp:term":[{"taxonomy":"category","embeddable":true,"href":"https:\/\/lasprimeras.com.do\/index.php\/wp-json\/wp\/v2\/categories?post=82784"},{"taxonomy":"post_tag","embeddable":true,"href":"https:\/\/lasprimeras.com.do\/index.php\/wp-json\/wp\/v2\/tags?post=82784"}],"curies":[{"name":"wp","href":"https:\/\/api.w.org\/{rel}","templated":true}]}}